{"id":161857,"date":"2025-09-25T15:44:45","date_gmt":"2025-09-25T15:44:45","guid":{"rendered":"https:\/\/www.nettali.com\/?p=161857"},"modified":"2025-10-02T09:42:33","modified_gmt":"2025-10-02T09:42:33","slug":"justice-liberte-provisoire-pour-mansour-faye","status":"publish","type":"post","link":"https:\/\/www.nettali.com\/2025\/09\/25\/justice-liberte-provisoire-pour-mansour-faye\/","title":{"rendered":"JUSTICE  - Libert\u00e9 provisoire pour Mansour Faye"},"content":{"rendered":"<p><strong>NETTALI.COM - Mansour Faye est libre. L\u2019ancien ministre et gendre du pr\u00e9sident Macky Sall vient de b\u00e9n\u00e9ficier d'une libert\u00e9 provisoire et peut donc rentrer chez lui. Il reste toutefois sous contr\u00f4le judiciaire.<\/strong><\/p>\n<p>Quatre mois, jour pour jour. En d\u00e9tention pr\u00e9ventive depuis le 26 mai 2025, Mansour Faye vient de sortir de prison. Au moment o\u00f9 ces lignes sont \u00e9crites, il devrait d'ailleurs \u00eatre en route pour son domicile. L'ancien ministre du D\u00e9veloppement communautaire, de l'Equit\u00e9 sociale et territoriale a b\u00e9n\u00e9fici\u00e9 d'une libert\u00e9 provisoire apr\u00e8s son face-\u00e0-face de ce jeudi avec la commission d'instruction de la Haute cour de justice.<\/p>\n<p>Convoqu\u00e9s \u00e0 13 heures, Mansour Faye et ses avocats sont arriv\u00e9s dans le bureau du juge \u00e0 13h 10 pour une audience qui n'aura dur\u00e9 qu'une vingtaine de minutes. Et c'est au terme de ladite audience que la commission d'instruction a d\u00e9cid\u00e9 de lui accorder une libert\u00e9 provisoire. Cependant, contrairement \u00e0 ceux qui a \u00e9t\u00e9 rapport\u00e9 par la presse, l'ancien ministre ne portera pas de bracelet \u00e9lectronique.<\/p>\n<p>Pour tirer leur client, les avocats de Mansour Faye ont attaqu\u00e9 le c\u0153ur m\u00eame de l'accusation, c'est-\u00e0-dire la surfacturation du prix du riz destin\u00e9 \u00e0 assister les populations touch\u00e9es par la crise sanitaire de l'\u00e9poque. Surfacturation que la Cour des comptes a estim\u00e9e \u00e0 2,75 milliards de francs et qui serait, selon l'accusation, la source du d\u00e9tournement de deniers publics. La Cour des comptes s'\u00e9tait notamment appuy\u00e9e sur un d\u00e9cret de 2013 fixant le prix de la tonne de riz \u00e0 275000 francs. Or, les avocats de Mansour Faye ont pu d\u00e9montrer qu'au moment de l'achat du riz en question, la tonne \u00e9tait vendue sur le march\u00e9 entre 320 et 338000 francs Cfa.<\/p>\n<p>Pour rappel, plac\u00e9 en d\u00e9tention le 26 mai dernier, Mansour Faye aura pass\u00e9 quatre mois en prison. \u00c9pingl\u00e9 par la rapport de la Cour des comptes sur la gestion des fonds destin\u00e9s \u00e0 la lutte contre la Covid-19, l'ancien ministre du D\u00e9veloppement communautaire, de l'Equit\u00e9 sociale et territoriale est poursuivi pour d\u00e9tournement, concussion, corruption, escroquerie portant sur des deniers publics...<\/p>\n<div class='share-to-whatsapp-wrapper'><div class='share-on-whsp'>PARTAGER SUR : <\/div><a data-text='JUSTICE  - Libert\u00e9 provisoire pour Mansour Faye' data-link='https:\/\/www.nettali.com\/2025\/09\/25\/justice-liberte-provisoire-pour-mansour-faye\/' class='whatsapp-button whatsapp-share'>WhatsApp<\/a><div class='clear '><\/div><\/div>","protected":false},"excerpt":{"rendered":"<p>NETTALI.COM - Mansour Faye est libre. L\u2019ancien ministre et gendre du pr\u00e9sident Macky Sall vient de b\u00e9n\u00e9ficier d'une libert\u00e9 provisoire et peut donc rentrer chez lui. Il reste toutefois sous contr\u00f4le judiciaire. Quatre mois, jour pour jour. En d\u00e9tention pr\u00e9ventive depuis le 26 mai 2025, Mansour Faye vient de sortir de prison. Au moment o\u00f9 [&hellip;]<\/p>\n","protected":false},"author":3,"featured_media":6133,"comment_status":"open","ping_status":"open","sticky":false,"template":"","format":"standard","meta":{"_et_pb_use_builder":"","_et_pb_old_content":""},"categories":[3],"tags":[],"yoast_head":"<!-- This site is optimized with the Yoast SEO Premium plugin v17.8 (Yoast SEO v17.8) - https:\/\/yoast.com\/wordpress\/plugins\/seo\/ -->\n<title>JUSTICE - Libert\u00e9 provisoire pour Mansour Faye | Nettali.com<\/title>\n<meta name=\"robots\" content=\"index, follow, max-snippet:-1, max-image-preview:large, max-video-preview:-1\" \/>\n<link rel=\"canonical\" href=\"https:\/\/www.nettali.com\/2025\/09\/25\/justice-liberte-provisoire-pour-mansour-faye\/\" \/>\n<meta property=\"og:locale\" content=\"fr_FR\" \/>\n<meta property=\"og:type\" content=\"article\" \/>\n<meta property=\"og:title\" content=\"JUSTICE - Libert\u00e9 provisoire pour Mansour Faye\" \/>\n<meta property=\"og:description\" content=\"NETTALI.COM - Mansour Faye est libre. L\u2019ancien ministre et gendre du pr\u00e9sident Macky Sall vient de b\u00e9n\u00e9ficier d&#039;une libert\u00e9 provisoire et peut donc rentrer chez lui. Il reste toutefois sous contr\u00f4le judiciaire. Quatre mois, jour pour jour. En d\u00e9tention pr\u00e9ventive depuis le 26 mai 2025, Mansour Faye vient de sortir de prison. Au moment o\u00f9 [&hellip;]\" \/>\n<meta property=\"og:url\" content=\"https:\/\/www.nettali.com\/2025\/09\/25\/justice-liberte-provisoire-pour-mansour-faye\/\" \/>\n<meta property=\"og:site_name\" content=\"Nettali.com\" \/>\n<meta property=\"article:publisher\" content=\"https:\/\/www.facebook.com\/nettalicom\" \/>\n<meta property=\"article:published_time\" content=\"2025-09-25T15:44:45+00:00\" \/>\n<meta property=\"article:modified_time\" content=\"2025-10-02T09:42:33+00:00\" \/>\n<meta property=\"og:image\" content=\"https:\/\/www.nettali.com\/wp-content\/uploads\/2019\/04\/mansour-faye.png\" \/>\n\t<meta property=\"og:image:width\" content=\"752\" \/>\n\t<meta property=\"og:image:height\" content=\"425\" \/>\n<meta name=\"twitter:card\" content=\"summary_large_image\" \/>\n<meta name=\"twitter:label1\" content=\"\u00c9crit par\" \/>\n\t<meta name=\"twitter:data1\" content=\"Moustapha\" \/>\n\t<meta name=\"twitter:label2\" content=\"Dur\u00e9e de lecture estim\u00e9e\" \/>\n\t<meta name=\"twitter:data2\" content=\"2 minutes\" \/>\n<script type=\"application\/ld+json\" class=\"yoast-schema-graph\">{\"@context\":\"https:\/\/schema.org\",\"@graph\":[{\"@type\":\"WebSite\",\"@id\":\"https:\/\/www.nettali.com\/#website\",\"url\":\"https:\/\/www.nettali.com\/\",\"name\":\"Nettali.com\",\"description\":\"Le rendez-vous critique du Net\",\"potentialAction\":[{\"@type\":\"SearchAction\",\"target\":{\"@type\":\"EntryPoint\",\"urlTemplate\":\"https:\/\/www.nettali.com\/?s={search_term_string}\"},\"query-input\":\"required name=search_term_string\"}],\"inLanguage\":\"fr-FR\"},{\"@type\":\"ImageObject\",\"@id\":\"https:\/\/www.nettali.com\/2025\/09\/25\/justice-liberte-provisoire-pour-mansour-faye\/#primaryimage\",\"inLanguage\":\"fr-FR\",\"url\":\"https:\/\/www.nettali.com\/wp-content\/uploads\/2019\/04\/mansour-faye.png\",\"contentUrl\":\"https:\/\/www.nettali.com\/wp-content\/uploads\/2019\/04\/mansour-faye.png\",\"width\":752,\"height\":425},{\"@type\":\"WebPage\",\"@id\":\"https:\/\/www.nettali.com\/2025\/09\/25\/justice-liberte-provisoire-pour-mansour-faye\/#webpage\",\"url\":\"https:\/\/www.nettali.com\/2025\/09\/25\/justice-liberte-provisoire-pour-mansour-faye\/\",\"name\":\"JUSTICE - Libert\\u00e9 provisoire pour Mansour Faye | Nettali.com\",\"isPartOf\":{\"@id\":\"https:\/\/www.nettali.com\/#website\"},\"primaryImageOfPage\":{\"@id\":\"https:\/\/www.nettali.com\/2025\/09\/25\/justice-liberte-provisoire-pour-mansour-faye\/#primaryimage\"},\"datePublished\":\"2025-09-25T15:44:45+00:00\",\"dateModified\":\"2025-10-02T09:42:33+00:00\",\"author\":{\"@id\":\"https:\/\/www.nettali.com\/#\/schema\/person\/7962a12a6e0267f88f0ffa544c36469a\"},\"breadcrumb\":{\"@id\":\"https:\/\/www.nettali.com\/2025\/09\/25\/justice-liberte-provisoire-pour-mansour-faye\/#breadcrumb\"},\"inLanguage\":\"fr-FR\",\"potentialAction\":[{\"@type\":\"ReadAction\",\"target\":[\"https:\/\/www.nettali.com\/2025\/09\/25\/justice-liberte-provisoire-pour-mansour-faye\/\"]}]},{\"@type\":\"BreadcrumbList\",\"@id\":\"https:\/\/www.nettali.com\/2025\/09\/25\/justice-liberte-provisoire-pour-mansour-faye\/#breadcrumb\",\"itemListElement\":[{\"@type\":\"ListItem\",\"position\":1,\"name\":\"Accueil\",\"item\":\"https:\/\/www.nettali.com\/\"},{\"@type\":\"ListItem\",\"position\":2,\"name\":\"JUSTICE - Libert\\u00e9 provisoire pour Mansour Faye\"}]},{\"@type\":\"Person\",\"@id\":\"https:\/\/www.nettali.com\/#\/schema\/person\/7962a12a6e0267f88f0ffa544c36469a\",\"name\":\"Moustapha\",\"image\":{\"@type\":\"ImageObject\",\"@id\":\"https:\/\/www.nettali.com\/#personlogo\",\"inLanguage\":\"fr-FR\",\"url\":\"https:\/\/secure.gravatar.com\/avatar\/10fdf6a071cccdcf374e3dbe45159590?s=96&d=mm&r=g\",\"contentUrl\":\"https:\/\/secure.gravatar.com\/avatar\/10fdf6a071cccdcf374e3dbe45159590?s=96&d=mm&r=g\",\"caption\":\"Moustapha\"},\"sameAs\":[\"https:\/\/www.nettali.com\"]}]}<\/script>\n<!-- \/ Yoast SEO Premium plugin. -->","yoast_head_json":{"title":"JUSTICE - Libert\u00e9 provisoire pour Mansour Faye | Nettali.com","robots":{"index":"index","follow":"follow","max-snippet":"max-snippet:-1","max-image-preview":"max-image-preview:large","max-video-preview":"max-video-preview:-1"},"canonical":"https:\/\/www.nettali.com\/2025\/09\/25\/justice-liberte-provisoire-pour-mansour-faye\/","og_locale":"fr_FR","og_type":"article","og_title":"JUSTICE - Libert\u00e9 provisoire pour Mansour Faye","og_description":"NETTALI.COM - Mansour Faye est libre. L\u2019ancien ministre et gendre du pr\u00e9sident Macky Sall vient de b\u00e9n\u00e9ficier d'une libert\u00e9 provisoire et peut donc rentrer chez lui. Il reste toutefois sous contr\u00f4le judiciaire. Quatre mois, jour pour jour. En d\u00e9tention pr\u00e9ventive depuis le 26 mai 2025, Mansour Faye vient de sortir de prison. Au moment o\u00f9 [&hellip;]","og_url":"https:\/\/www.nettali.com\/2025\/09\/25\/justice-liberte-provisoire-pour-mansour-faye\/","og_site_name":"Nettali.com","article_publisher":"https:\/\/www.facebook.com\/nettalicom","article_published_time":"2025-09-25T15:44:45+00:00","article_modified_time":"2025-10-02T09:42:33+00:00","og_image":[{"width":752,"height":425,"url":"https:\/\/www.nettali.com\/wp-content\/uploads\/2019\/04\/mansour-faye.png","type":"image\/png"}],"twitter_card":"summary_large_image","twitter_misc":{"\u00c9crit par":"Moustapha","Dur\u00e9e de lecture estim\u00e9e":"2 minutes"},"schema":{"@context":"https:\/\/schema.org","@graph":[{"@type":"WebSite","@id":"https:\/\/www.nettali.com\/#website","url":"https:\/\/www.nettali.com\/","name":"Nettali.com","description":"Le rendez-vous critique du Net","potentialAction":[{"@type":"SearchAction","target":{"@type":"EntryPoint","urlTemplate":"https:\/\/www.nettali.com\/?s={search_term_string}"},"query-input":"required name=search_term_string"}],"inLanguage":"fr-FR"},{"@type":"ImageObject","@id":"https:\/\/www.nettali.com\/2025\/09\/25\/justice-liberte-provisoire-pour-mansour-faye\/#primaryimage","inLanguage":"fr-FR","url":"https:\/\/www.nettali.com\/wp-content\/uploads\/2019\/04\/mansour-faye.png","contentUrl":"https:\/\/www.nettali.com\/wp-content\/uploads\/2019\/04\/mansour-faye.png","width":752,"height":425},{"@type":"WebPage","@id":"https:\/\/www.nettali.com\/2025\/09\/25\/justice-liberte-provisoire-pour-mansour-faye\/#webpage","url":"https:\/\/www.nettali.com\/2025\/09\/25\/justice-liberte-provisoire-pour-mansour-faye\/","name":"JUSTICE - Libert\u00e9 provisoire pour Mansour Faye | Nettali.com","isPartOf":{"@id":"https:\/\/www.nettali.com\/#website"},"primaryImageOfPage":{"@id":"https:\/\/www.nettali.com\/2025\/09\/25\/justice-liberte-provisoire-pour-mansour-faye\/#primaryimage"},"datePublished":"2025-09-25T15:44:45+00:00","dateModified":"2025-10-02T09:42:33+00:00","author":{"@id":"https:\/\/www.nettali.com\/#\/schema\/person\/7962a12a6e0267f88f0ffa544c36469a"},"breadcrumb":{"@id":"https:\/\/www.nettali.com\/2025\/09\/25\/justice-liberte-provisoire-pour-mansour-faye\/#breadcrumb"},"inLanguage":"fr-FR","potentialAction":[{"@type":"ReadAction","target":["https:\/\/www.nettali.com\/2025\/09\/25\/justice-liberte-provisoire-pour-mansour-faye\/"]}]},{"@type":"BreadcrumbList","@id":"https:\/\/www.nettali.com\/2025\/09\/25\/justice-liberte-provisoire-pour-mansour-faye\/#breadcrumb","itemListElement":[{"@type":"ListItem","position":1,"name":"Accueil","item":"https:\/\/www.nettali.com\/"},{"@type":"ListItem","position":2,"name":"JUSTICE - Libert\u00e9 provisoire pour Mansour Faye"}]},{"@type":"Person","@id":"https:\/\/www.nettali.com\/#\/schema\/person\/7962a12a6e0267f88f0ffa544c36469a","name":"Moustapha","image":{"@type":"ImageObject","@id":"https:\/\/www.nettali.com\/#personlogo","inLanguage":"fr-FR","url":"https:\/\/secure.gravatar.com\/avatar\/10fdf6a071cccdcf374e3dbe45159590?s=96&d=mm&r=g","contentUrl":"https:\/\/secure.gravatar.com\/avatar\/10fdf6a071cccdcf374e3dbe45159590?s=96&d=mm&r=g","caption":"Moustapha"},"sameAs":["https:\/\/www.nettali.com"]}]}},"_links":{"self":[{"href":"https:\/\/www.nettali.com\/rest\/wp\/v2\/posts\/161857"}],"collection":[{"href":"https:\/\/www.nettali.com\/rest\/wp\/v2\/posts"}],"about":[{"href":"https:\/\/www.nettali.com\/rest\/wp\/v2\/types\/post"}],"author":[{"embeddable":true,"href":"https:\/\/www.nettali.com\/rest\/wp\/v2\/users\/3"}],"replies":[{"embeddable":true,"href":"https:\/\/www.nettali.com\/rest\/wp\/v2\/comments?post=161857"}],"version-history":[{"count":4,"href":"https:\/\/www.nettali.com\/rest\/wp\/v2\/posts\/161857\/revisions"}],"predecessor-version":[{"id":162237,"href":"https:\/\/www.nettali.com\/rest\/wp\/v2\/posts\/161857\/revisions\/162237"}],"wp:featuredmedia":[{"embeddable":true,"href":"https:\/\/www.nettali.com\/rest\/wp\/v2\/media\/6133"}],"wp:attachment":[{"href":"https:\/\/www.nettali.com\/rest\/wp\/v2\/media?parent=161857"}],"wp:term":[{"taxonomy":"category","embeddable":true,"href":"https:\/\/www.nettali.com\/rest\/wp\/v2\/categories?post=161857"},{"taxonomy":"post_tag","embeddable":true,"href":"https:\/\/www.nettali.com\/rest\/wp\/v2\/tags?post=161857"}],"curies":[{"name":"wp","href":"https:\/\/api.w.org\/{rel}","templated":true}]}}