{"id":161845,"date":"2025-09-25T11:18:02","date_gmt":"2025-09-25T11:18:02","guid":{"rendered":"https:\/\/www.nettali.com\/?p=161845"},"modified":"2025-09-25T08:18:55","modified_gmt":"2025-09-25T08:18:55","slug":"hakimi-6e-la-presse-marocaine-brule-le-ballon-dor","status":"publish","type":"post","link":"https:\/\/www.nettali.com\/2025\/09\/25\/hakimi-6e-la-presse-marocaine-brule-le-ballon-dor\/","title":{"rendered":"HAKIMI 6\u00c8 - La presse marocaine \"br\u00fble\" le Ballon d'or"},"content":{"rendered":"<p><strong>NETTALI.COM - Auteur d'une saison exceptionnelle, Achraf Hakimi a publiquement fait acte de candidature pour le Ballon d'Or, pour une surprenante 6e place au final. Si son entourage a tenu \u00e0 relativiser, les m\u00e9dias marocains n'ont quant \u00e0 eux pas cach\u00e9 leur m\u00e9contentement.<\/strong><\/p>\n<p>\"<em>Que fallait-il de plus \u00e0 Hakimi pour esp\u00e9rer ? Des buts d\u00e9cisifs ? Il en a marqu\u00e9s. Des passes d\u00e9cisives ? Il en a distribu\u00e9es. De l'endurance et de la r\u00e9gularit\u00e9 ? Il en a fait sa marque de fabrique. Dans un poste de lat\u00e9ral droit trop rarement valoris\u00e9, il a red\u00e9fini les standards modernes du football, m\u00ealant rigueur d\u00e9fensive, puissance athl\u00e9tique et projection offensive<\/em>\", peut-on lire dans un \u00e9dito de l'Opinion titr\u00e9 \"<em>Hakimi ignor\u00e9, l'injustice dor\u00e9e du football mondial<\/em>\".<\/p>\n<p>\"<em>Hakimi a subi une grande injustice, \u00e9crit de son c\u00f4t\u00e9 le journal Al Mountakhab. Une injustice plus grande qu'il ne le m\u00e9rite. Il n'a certainement pas \u00e9t\u00e9, et ne sera pas, le premier ni le dernier joueur \u00e0 \u00eatre victime du double standard de classement des joueurs. Le Ballon d'Or a manqu\u00e9 l'occasion d'\u00e9crire l'histoire et d'obtenir une justice qui se perd dans de telles r\u00e9compenses individuelles.<\/em>\"<\/p>\n<div class='share-to-whatsapp-wrapper'><div class='share-on-whsp'>PARTAGER SUR : <\/div><a data-text='HAKIMI 6\u00c8 - La presse marocaine \"br\u00fble\" le Ballon d'or' data-link='https:\/\/www.nettali.com\/2025\/09\/25\/hakimi-6e-la-presse-marocaine-brule-le-ballon-dor\/' class='whatsapp-button whatsapp-share'>WhatsApp<\/a><div class='clear '><\/div><\/div>","protected":false},"excerpt":{"rendered":"<p>NETTALI.COM - Auteur d'une saison exceptionnelle, Achraf Hakimi a publiquement fait acte de candidature pour le Ballon d'Or, pour une surprenante 6e place au final. Si son entourage a tenu \u00e0 relativiser, les m\u00e9dias marocains n'ont quant \u00e0 eux pas cach\u00e9 leur m\u00e9contentement. \"Que fallait-il de plus \u00e0 Hakimi pour esp\u00e9rer ? Des buts d\u00e9cisifs [&hellip;]<\/p>\n","protected":false},"author":5,"featured_media":161848,"comment_status":"open","ping_status":"open","sticky":false,"template":"","format":"standard","meta":{"_et_pb_use_builder":"","_et_pb_old_content":""},"categories":[6],"tags":[],"yoast_head":"<!-- This site is optimized with the Yoast SEO Premium plugin v17.8 (Yoast SEO v17.8) - https:\/\/yoast.com\/wordpress\/plugins\/seo\/ -->\n<title>HAKIMI 6\u00c8 - La presse marocaine &quot;br\u00fble&quot; le Ballon d&#039;or | Nettali.com<\/title>\n<meta name=\"robots\" content=\"index, follow, max-snippet:-1, max-image-preview:large, max-video-preview:-1\" \/>\n<link rel=\"canonical\" href=\"https:\/\/www.nettali.com\/2025\/09\/25\/hakimi-6e-la-presse-marocaine-brule-le-ballon-dor\/\" \/>\n<meta property=\"og:locale\" content=\"fr_FR\" \/>\n<meta property=\"og:type\" content=\"article\" \/>\n<meta property=\"og:title\" content=\"HAKIMI 6\u00c8 - La presse marocaine &quot;br\u00fble&quot; le Ballon d&#039;or\" \/>\n<meta property=\"og:description\" content=\"NETTALI.COM - Auteur d&#039;une saison exceptionnelle, Achraf Hakimi a publiquement fait acte de candidature pour le Ballon d&#039;Or, pour une surprenante 6e place au final. Si son entourage a tenu \u00e0 relativiser, les m\u00e9dias marocains n&#039;ont quant \u00e0 eux pas cach\u00e9 leur m\u00e9contentement. &quot;Que fallait-il de plus \u00e0 Hakimi pour esp\u00e9rer ? Des buts d\u00e9cisifs [&hellip;]\" \/>\n<meta property=\"og:url\" content=\"https:\/\/www.nettali.com\/2025\/09\/25\/hakimi-6e-la-presse-marocaine-brule-le-ballon-dor\/\" \/>\n<meta property=\"og:site_name\" content=\"Nettali.com\" \/>\n<meta property=\"article:publisher\" content=\"https:\/\/www.facebook.com\/nettalicom\" \/>\n<meta property=\"article:published_time\" content=\"2025-09-25T11:18:02+00:00\" \/>\n<meta property=\"article:modified_time\" content=\"2025-09-25T08:18:55+00:00\" \/>\n<meta property=\"og:image\" content=\"https:\/\/www.nettali.com\/wp-content\/uploads\/2025\/09\/ICONSPORT_236223_0030-768x512-1.jpg\" \/>\n\t<meta property=\"og:image:width\" content=\"768\" \/>\n\t<meta property=\"og:image:height\" content=\"512\" \/>\n<meta name=\"twitter:card\" content=\"summary_large_image\" \/>\n<meta name=\"twitter:label1\" content=\"\u00c9crit par\" \/>\n\t<meta name=\"twitter:data1\" content=\"Ibrahima\" \/>\n\t<meta name=\"twitter:label2\" content=\"Dur\u00e9e de lecture estim\u00e9e\" \/>\n\t<meta name=\"twitter:data2\" content=\"1 minute\" \/>\n<script type=\"application\/ld+json\" class=\"yoast-schema-graph\">{\"@context\":\"https:\/\/schema.org\",\"@graph\":[{\"@type\":\"WebSite\",\"@id\":\"https:\/\/www.nettali.com\/#website\",\"url\":\"https:\/\/www.nettali.com\/\",\"name\":\"Nettali.com\",\"description\":\"Le rendez-vous critique du Net\",\"potentialAction\":[{\"@type\":\"SearchAction\",\"target\":{\"@type\":\"EntryPoint\",\"urlTemplate\":\"https:\/\/www.nettali.com\/?s={search_term_string}\"},\"query-input\":\"required name=search_term_string\"}],\"inLanguage\":\"fr-FR\"},{\"@type\":\"ImageObject\",\"@id\":\"https:\/\/www.nettali.com\/2025\/09\/25\/hakimi-6e-la-presse-marocaine-brule-le-ballon-dor\/#primaryimage\",\"inLanguage\":\"fr-FR\",\"url\":\"https:\/\/www.nettali.com\/wp-content\/uploads\/2025\/09\/ICONSPORT_236223_0030-768x512-1.jpg\",\"contentUrl\":\"https:\/\/www.nettali.com\/wp-content\/uploads\/2025\/09\/ICONSPORT_236223_0030-768x512-1.jpg\",\"width\":768,\"height\":512},{\"@type\":\"WebPage\",\"@id\":\"https:\/\/www.nettali.com\/2025\/09\/25\/hakimi-6e-la-presse-marocaine-brule-le-ballon-dor\/#webpage\",\"url\":\"https:\/\/www.nettali.com\/2025\/09\/25\/hakimi-6e-la-presse-marocaine-brule-le-ballon-dor\/\",\"name\":\"HAKIMI 6\\u00c8 - La presse marocaine \\\"br\\u00fble\\\" le Ballon d'or | Nettali.com\",\"isPartOf\":{\"@id\":\"https:\/\/www.nettali.com\/#website\"},\"primaryImageOfPage\":{\"@id\":\"https:\/\/www.nettali.com\/2025\/09\/25\/hakimi-6e-la-presse-marocaine-brule-le-ballon-dor\/#primaryimage\"},\"datePublished\":\"2025-09-25T11:18:02+00:00\",\"dateModified\":\"2025-09-25T08:18:55+00:00\",\"author\":{\"@id\":\"https:\/\/www.nettali.com\/#\/schema\/person\/bb147657c2986240405a608162b9bb23\"},\"breadcrumb\":{\"@id\":\"https:\/\/www.nettali.com\/2025\/09\/25\/hakimi-6e-la-presse-marocaine-brule-le-ballon-dor\/#breadcrumb\"},\"inLanguage\":\"fr-FR\",\"potentialAction\":[{\"@type\":\"ReadAction\",\"target\":[\"https:\/\/www.nettali.com\/2025\/09\/25\/hakimi-6e-la-presse-marocaine-brule-le-ballon-dor\/\"]}]},{\"@type\":\"BreadcrumbList\",\"@id\":\"https:\/\/www.nettali.com\/2025\/09\/25\/hakimi-6e-la-presse-marocaine-brule-le-ballon-dor\/#breadcrumb\",\"itemListElement\":[{\"@type\":\"ListItem\",\"position\":1,\"name\":\"Accueil\",\"item\":\"https:\/\/www.nettali.com\/\"},{\"@type\":\"ListItem\",\"position\":2,\"name\":\"HAKIMI 6\\u00c8 - La presse marocaine \\\"br\\u00fble\\\" le Ballon d'or\"}]},{\"@type\":\"Person\",\"@id\":\"https:\/\/www.nettali.com\/#\/schema\/person\/bb147657c2986240405a608162b9bb23\",\"name\":\"Ibrahima\",\"image\":{\"@type\":\"ImageObject\",\"@id\":\"https:\/\/www.nettali.com\/#personlogo\",\"inLanguage\":\"fr-FR\",\"url\":\"https:\/\/secure.gravatar.com\/avatar\/26a8a81f09f0dd7624c9d5c36c9ba3a2?s=96&d=mm&r=g\",\"contentUrl\":\"https:\/\/secure.gravatar.com\/avatar\/26a8a81f09f0dd7624c9d5c36c9ba3a2?s=96&d=mm&r=g\",\"caption\":\"Ibrahima\"},\"sameAs\":[\"https:\/\/www.nettali.com\"]}]}<\/script>\n<!-- \/ Yoast SEO Premium plugin. -->","yoast_head_json":{"title":"HAKIMI 6\u00c8 - La presse marocaine \"br\u00fble\" le Ballon d'or | Nettali.com","robots":{"index":"index","follow":"follow","max-snippet":"max-snippet:-1","max-image-preview":"max-image-preview:large","max-video-preview":"max-video-preview:-1"},"canonical":"https:\/\/www.nettali.com\/2025\/09\/25\/hakimi-6e-la-presse-marocaine-brule-le-ballon-dor\/","og_locale":"fr_FR","og_type":"article","og_title":"HAKIMI 6\u00c8 - La presse marocaine \"br\u00fble\" le Ballon d'or","og_description":"NETTALI.COM - Auteur d'une saison exceptionnelle, Achraf Hakimi a publiquement fait acte de candidature pour le Ballon d'Or, pour une surprenante 6e place au final. Si son entourage a tenu \u00e0 relativiser, les m\u00e9dias marocains n'ont quant \u00e0 eux pas cach\u00e9 leur m\u00e9contentement. \"Que fallait-il de plus \u00e0 Hakimi pour esp\u00e9rer ? Des buts d\u00e9cisifs [&hellip;]","og_url":"https:\/\/www.nettali.com\/2025\/09\/25\/hakimi-6e-la-presse-marocaine-brule-le-ballon-dor\/","og_site_name":"Nettali.com","article_publisher":"https:\/\/www.facebook.com\/nettalicom","article_published_time":"2025-09-25T11:18:02+00:00","article_modified_time":"2025-09-25T08:18:55+00:00","og_image":[{"width":768,"height":512,"url":"https:\/\/www.nettali.com\/wp-content\/uploads\/2025\/09\/ICONSPORT_236223_0030-768x512-1.jpg","type":"image\/jpeg"}],"twitter_card":"summary_large_image","twitter_misc":{"\u00c9crit par":"Ibrahima","Dur\u00e9e de lecture estim\u00e9e":"1 minute"},"schema":{"@context":"https:\/\/schema.org","@graph":[{"@type":"WebSite","@id":"https:\/\/www.nettali.com\/#website","url":"https:\/\/www.nettali.com\/","name":"Nettali.com","description":"Le rendez-vous critique du Net","potentialAction":[{"@type":"SearchAction","target":{"@type":"EntryPoint","urlTemplate":"https:\/\/www.nettali.com\/?s={search_term_string}"},"query-input":"required name=search_term_string"}],"inLanguage":"fr-FR"},{"@type":"ImageObject","@id":"https:\/\/www.nettali.com\/2025\/09\/25\/hakimi-6e-la-presse-marocaine-brule-le-ballon-dor\/#primaryimage","inLanguage":"fr-FR","url":"https:\/\/www.nettali.com\/wp-content\/uploads\/2025\/09\/ICONSPORT_236223_0030-768x512-1.jpg","contentUrl":"https:\/\/www.nettali.com\/wp-content\/uploads\/2025\/09\/ICONSPORT_236223_0030-768x512-1.jpg","width":768,"height":512},{"@type":"WebPage","@id":"https:\/\/www.nettali.com\/2025\/09\/25\/hakimi-6e-la-presse-marocaine-brule-le-ballon-dor\/#webpage","url":"https:\/\/www.nettali.com\/2025\/09\/25\/hakimi-6e-la-presse-marocaine-brule-le-ballon-dor\/","name":"HAKIMI 6\u00c8 - La presse marocaine \"br\u00fble\" le Ballon d'or | Nettali.com","isPartOf":{"@id":"https:\/\/www.nettali.com\/#website"},"primaryImageOfPage":{"@id":"https:\/\/www.nettali.com\/2025\/09\/25\/hakimi-6e-la-presse-marocaine-brule-le-ballon-dor\/#primaryimage"},"datePublished":"2025-09-25T11:18:02+00:00","dateModified":"2025-09-25T08:18:55+00:00","author":{"@id":"https:\/\/www.nettali.com\/#\/schema\/person\/bb147657c2986240405a608162b9bb23"},"breadcrumb":{"@id":"https:\/\/www.nettali.com\/2025\/09\/25\/hakimi-6e-la-presse-marocaine-brule-le-ballon-dor\/#breadcrumb"},"inLanguage":"fr-FR","potentialAction":[{"@type":"ReadAction","target":["https:\/\/www.nettali.com\/2025\/09\/25\/hakimi-6e-la-presse-marocaine-brule-le-ballon-dor\/"]}]},{"@type":"BreadcrumbList","@id":"https:\/\/www.nettali.com\/2025\/09\/25\/hakimi-6e-la-presse-marocaine-brule-le-ballon-dor\/#breadcrumb","itemListElement":[{"@type":"ListItem","position":1,"name":"Accueil","item":"https:\/\/www.nettali.com\/"},{"@type":"ListItem","position":2,"name":"HAKIMI 6\u00c8 - La presse marocaine \"br\u00fble\" le Ballon d'or"}]},{"@type":"Person","@id":"https:\/\/www.nettali.com\/#\/schema\/person\/bb147657c2986240405a608162b9bb23","name":"Ibrahima","image":{"@type":"ImageObject","@id":"https:\/\/www.nettali.com\/#personlogo","inLanguage":"fr-FR","url":"https:\/\/secure.gravatar.com\/avatar\/26a8a81f09f0dd7624c9d5c36c9ba3a2?s=96&d=mm&r=g","contentUrl":"https:\/\/secure.gravatar.com\/avatar\/26a8a81f09f0dd7624c9d5c36c9ba3a2?s=96&d=mm&r=g","caption":"Ibrahima"},"sameAs":["https:\/\/www.nettali.com"]}]}},"_links":{"self":[{"href":"https:\/\/www.nettali.com\/rest\/wp\/v2\/posts\/161845"}],"collection":[{"href":"https:\/\/www.nettali.com\/rest\/wp\/v2\/posts"}],"about":[{"href":"https:\/\/www.nettali.com\/rest\/wp\/v2\/types\/post"}],"author":[{"embeddable":true,"href":"https:\/\/www.nettali.com\/rest\/wp\/v2\/users\/5"}],"replies":[{"embeddable":true,"href":"https:\/\/www.nettali.com\/rest\/wp\/v2\/comments?post=161845"}],"version-history":[{"count":2,"href":"https:\/\/www.nettali.com\/rest\/wp\/v2\/posts\/161845\/revisions"}],"predecessor-version":[{"id":161852,"href":"https:\/\/www.nettali.com\/rest\/wp\/v2\/posts\/161845\/revisions\/161852"}],"wp:featuredmedia":[{"embeddable":true,"href":"https:\/\/www.nettali.com\/rest\/wp\/v2\/media\/161848"}],"wp:attachment":[{"href":"https:\/\/www.nettali.com\/rest\/wp\/v2\/media?parent=161845"}],"wp:term":[{"taxonomy":"category","embeddable":true,"href":"https:\/\/www.nettali.com\/rest\/wp\/v2\/categories?post=161845"},{"taxonomy":"post_tag","embeddable":true,"href":"https:\/\/www.nettali.com\/rest\/wp\/v2\/tags?post=161845"}],"curies":[{"name":"wp","href":"https:\/\/api.w.org\/{rel}","templated":true}]}}