{"id":161827,"date":"2025-09-24T18:56:04","date_gmt":"2025-09-24T18:56:04","guid":{"rendered":"https:\/\/www.nettali.com\/?p=161827"},"modified":"2025-09-24T16:59:35","modified_gmt":"2025-09-24T16:59:35","slug":"lutte-eumeu-sene-vs-ada-fass-ficele-par-gaston-productions","status":"publish","type":"post","link":"https:\/\/www.nettali.com\/2025\/09\/24\/lutte-eumeu-sene-vs-ada-fass-ficele-par-gaston-productions\/","title":{"rendered":"LUTTE - Eumeu S\u00e8ne vs Ada Fass ficel\u00e9 par Gaston productions"},"content":{"rendered":"<p data-start=\"182\" data-end=\"492\"><strong data-start=\"182\" data-end=\"490\">NETTALI.COM - Le rendez-vous est pris : l\u2019Ar\u00e8ne nationale vibrera le 19 avril 2026 avec un duel de prestige entre l\u2019ancien Roi des ar\u00e8nes, Eumeu S\u00e8ne, et la jeune \u00e9toile montante Ada Fass. Une affiche sign\u00e9e Gaston Productions, qui oppose deux g\u00e9n\u00e9rations et cristallise d\u00e9j\u00e0 toutes les attentes des amateurs de lutte.<\/strong><\/p>\n<p data-start=\"494\" data-end=\"827\">Pour Ada Fass, ce combat est bien plus qu\u2019une simple affiche. Apr\u00e8s des d\u00e9faites am\u00e8res face \u00e0 Zarco et Lac de Guiers 2, le jeune lutteur joue une carte capitale : celle de la r\u00e9demption et de l\u2019ascension. En cas de victoire, il d\u00e9crocherait enfin un succ\u00e8s majeur, capable de propulser sa carri\u00e8re vers une nouvelle dimension.<\/p>\n<p data-start=\"829\" data-end=\"1143\">De son c\u00f4t\u00e9, Eumeu S\u00e8ne n\u2019a pas dit son dernier mot. L\u2019ancien Roi des ar\u00e8nes, r\u00e9cemment battu par Franc, veut laver l\u2019affront et rappeler qu\u2019il reste une valeur s\u00fbre, m\u00eame face \u00e0 une nouvelle g\u00e9n\u00e9ration ambitieuse. Exp\u00e9rience, orgueil et honneur nourrissent sa d\u00e9termination \u00e0 ne pas c\u00e9der sa place trop t\u00f4t.<\/p>\n<p data-start=\"1145\" data-end=\"1348\">Avant ce grand rendez-vous d\u2019avril, une \u00e9tape symbolique est attendue : les deux lutteurs se retrouveront \u00e0 Londres le 19 d\u00e9cembre 2025, pour un face-\u00e0-face officiel qui promet d\u00e9j\u00e0 des \u00e9tincelles.<\/p>\n<div class='share-to-whatsapp-wrapper'><div class='share-on-whsp'>PARTAGER SUR : <\/div><a data-text='LUTTE - Eumeu S\u00e8ne vs Ada Fass ficel\u00e9 par Gaston productions' data-link='https:\/\/www.nettali.com\/2025\/09\/24\/lutte-eumeu-sene-vs-ada-fass-ficele-par-gaston-productions\/' class='whatsapp-button whatsapp-share'>WhatsApp<\/a><div class='clear '><\/div><\/div>","protected":false},"excerpt":{"rendered":"<p>NETTALI.COM - Le rendez-vous est pris : l\u2019Ar\u00e8ne nationale vibrera le 19 avril 2026 avec un duel de prestige entre l\u2019ancien Roi des ar\u00e8nes, Eumeu S\u00e8ne, et la jeune \u00e9toile montante Ada Fass. Une affiche sign\u00e9e Gaston Productions, qui oppose deux g\u00e9n\u00e9rations et cristallise d\u00e9j\u00e0 toutes les attentes des amateurs de lutte. Pour Ada Fass, [&hellip;]<\/p>\n","protected":false},"author":4,"featured_media":161828,"comment_status":"open","ping_status":"open","sticky":false,"template":"","format":"standard","meta":{"_et_pb_use_builder":"","_et_pb_old_content":""},"categories":[6],"tags":[],"yoast_head":"<!-- This site is optimized with the Yoast SEO Premium plugin v17.8 (Yoast SEO v17.8) - https:\/\/yoast.com\/wordpress\/plugins\/seo\/ -->\n<title>LUTTE - Eumeu S\u00e8ne vs Ada Fass ficel\u00e9 par Gaston productions | Nettali.com<\/title>\n<meta name=\"robots\" content=\"index, follow, max-snippet:-1, max-image-preview:large, max-video-preview:-1\" \/>\n<link rel=\"canonical\" href=\"https:\/\/www.nettali.com\/2025\/09\/24\/lutte-eumeu-sene-vs-ada-fass-ficele-par-gaston-productions\/\" \/>\n<meta property=\"og:locale\" content=\"fr_FR\" \/>\n<meta property=\"og:type\" content=\"article\" \/>\n<meta property=\"og:title\" content=\"LUTTE - Eumeu S\u00e8ne vs Ada Fass ficel\u00e9 par Gaston productions\" \/>\n<meta property=\"og:description\" content=\"NETTALI.COM - Le rendez-vous est pris : l\u2019Ar\u00e8ne nationale vibrera le 19 avril 2026 avec un duel de prestige entre l\u2019ancien Roi des ar\u00e8nes, Eumeu S\u00e8ne, et la jeune \u00e9toile montante Ada Fass. Une affiche sign\u00e9e Gaston Productions, qui oppose deux g\u00e9n\u00e9rations et cristallise d\u00e9j\u00e0 toutes les attentes des amateurs de lutte. Pour Ada Fass, [&hellip;]\" \/>\n<meta property=\"og:url\" content=\"https:\/\/www.nettali.com\/2025\/09\/24\/lutte-eumeu-sene-vs-ada-fass-ficele-par-gaston-productions\/\" \/>\n<meta property=\"og:site_name\" content=\"Nettali.com\" \/>\n<meta property=\"article:publisher\" content=\"https:\/\/www.facebook.com\/nettalicom\" \/>\n<meta property=\"article:published_time\" content=\"2025-09-24T18:56:04+00:00\" \/>\n<meta property=\"article:modified_time\" content=\"2025-09-24T16:59:35+00:00\" \/>\n<meta property=\"og:image\" content=\"https:\/\/www.nettali.com\/wp-content\/uploads\/2025\/09\/Capture-de\u0301cran-2025-09-24-a\u0300-16.55.52.png\" \/>\n\t<meta property=\"og:image:width\" content=\"707\" \/>\n\t<meta property=\"og:image:height\" content=\"413\" \/>\n<meta name=\"twitter:card\" content=\"summary_large_image\" \/>\n<meta name=\"twitter:label1\" content=\"\u00c9crit par\" \/>\n\t<meta name=\"twitter:data1\" content=\"Daouda\" \/>\n\t<meta name=\"twitter:label2\" content=\"Dur\u00e9e de lecture estim\u00e9e\" \/>\n\t<meta name=\"twitter:data2\" content=\"1 minute\" \/>\n<script type=\"application\/ld+json\" class=\"yoast-schema-graph\">{\"@context\":\"https:\/\/schema.org\",\"@graph\":[{\"@type\":\"WebSite\",\"@id\":\"https:\/\/www.nettali.com\/#website\",\"url\":\"https:\/\/www.nettali.com\/\",\"name\":\"Nettali.com\",\"description\":\"Le rendez-vous critique du Net\",\"potentialAction\":[{\"@type\":\"SearchAction\",\"target\":{\"@type\":\"EntryPoint\",\"urlTemplate\":\"https:\/\/www.nettali.com\/?s={search_term_string}\"},\"query-input\":\"required name=search_term_string\"}],\"inLanguage\":\"fr-FR\"},{\"@type\":\"ImageObject\",\"@id\":\"https:\/\/www.nettali.com\/2025\/09\/24\/lutte-eumeu-sene-vs-ada-fass-ficele-par-gaston-productions\/#primaryimage\",\"inLanguage\":\"fr-FR\",\"url\":\"https:\/\/www.nettali.com\/wp-content\/uploads\/2025\/09\/Capture-de\\u0301cran-2025-09-24-a\\u0300-16.55.52.png\",\"contentUrl\":\"https:\/\/www.nettali.com\/wp-content\/uploads\/2025\/09\/Capture-de\\u0301cran-2025-09-24-a\\u0300-16.55.52.png\",\"width\":707,\"height\":413},{\"@type\":\"WebPage\",\"@id\":\"https:\/\/www.nettali.com\/2025\/09\/24\/lutte-eumeu-sene-vs-ada-fass-ficele-par-gaston-productions\/#webpage\",\"url\":\"https:\/\/www.nettali.com\/2025\/09\/24\/lutte-eumeu-sene-vs-ada-fass-ficele-par-gaston-productions\/\",\"name\":\"LUTTE - Eumeu S\\u00e8ne vs Ada Fass ficel\\u00e9 par Gaston productions | Nettali.com\",\"isPartOf\":{\"@id\":\"https:\/\/www.nettali.com\/#website\"},\"primaryImageOfPage\":{\"@id\":\"https:\/\/www.nettali.com\/2025\/09\/24\/lutte-eumeu-sene-vs-ada-fass-ficele-par-gaston-productions\/#primaryimage\"},\"datePublished\":\"2025-09-24T18:56:04+00:00\",\"dateModified\":\"2025-09-24T16:59:35+00:00\",\"author\":{\"@id\":\"https:\/\/www.nettali.com\/#\/schema\/person\/3317e0bb3aa1da309fbf7b2780901bf4\"},\"breadcrumb\":{\"@id\":\"https:\/\/www.nettali.com\/2025\/09\/24\/lutte-eumeu-sene-vs-ada-fass-ficele-par-gaston-productions\/#breadcrumb\"},\"inLanguage\":\"fr-FR\",\"potentialAction\":[{\"@type\":\"ReadAction\",\"target\":[\"https:\/\/www.nettali.com\/2025\/09\/24\/lutte-eumeu-sene-vs-ada-fass-ficele-par-gaston-productions\/\"]}]},{\"@type\":\"BreadcrumbList\",\"@id\":\"https:\/\/www.nettali.com\/2025\/09\/24\/lutte-eumeu-sene-vs-ada-fass-ficele-par-gaston-productions\/#breadcrumb\",\"itemListElement\":[{\"@type\":\"ListItem\",\"position\":1,\"name\":\"Accueil\",\"item\":\"https:\/\/www.nettali.com\/\"},{\"@type\":\"ListItem\",\"position\":2,\"name\":\"LUTTE - Eumeu S\\u00e8ne vs Ada Fass ficel\\u00e9 par Gaston productions\"}]},{\"@type\":\"Person\",\"@id\":\"https:\/\/www.nettali.com\/#\/schema\/person\/3317e0bb3aa1da309fbf7b2780901bf4\",\"name\":\"Daouda\",\"image\":{\"@type\":\"ImageObject\",\"@id\":\"https:\/\/www.nettali.com\/#personlogo\",\"inLanguage\":\"fr-FR\",\"url\":\"https:\/\/secure.gravatar.com\/avatar\/8d143b5a49345098ddcfee1c49c2f47c?s=96&d=mm&r=g\",\"contentUrl\":\"https:\/\/secure.gravatar.com\/avatar\/8d143b5a49345098ddcfee1c49c2f47c?s=96&d=mm&r=g\",\"caption\":\"Daouda\"},\"sameAs\":[\"https:\/\/www.nettali.com\"]}]}<\/script>\n<!-- \/ Yoast SEO Premium plugin. -->","yoast_head_json":{"title":"LUTTE - Eumeu S\u00e8ne vs Ada Fass ficel\u00e9 par Gaston productions | Nettali.com","robots":{"index":"index","follow":"follow","max-snippet":"max-snippet:-1","max-image-preview":"max-image-preview:large","max-video-preview":"max-video-preview:-1"},"canonical":"https:\/\/www.nettali.com\/2025\/09\/24\/lutte-eumeu-sene-vs-ada-fass-ficele-par-gaston-productions\/","og_locale":"fr_FR","og_type":"article","og_title":"LUTTE - Eumeu S\u00e8ne vs Ada Fass ficel\u00e9 par Gaston productions","og_description":"NETTALI.COM - Le rendez-vous est pris : l\u2019Ar\u00e8ne nationale vibrera le 19 avril 2026 avec un duel de prestige entre l\u2019ancien Roi des ar\u00e8nes, Eumeu S\u00e8ne, et la jeune \u00e9toile montante Ada Fass. Une affiche sign\u00e9e Gaston Productions, qui oppose deux g\u00e9n\u00e9rations et cristallise d\u00e9j\u00e0 toutes les attentes des amateurs de lutte. Pour Ada Fass, [&hellip;]","og_url":"https:\/\/www.nettali.com\/2025\/09\/24\/lutte-eumeu-sene-vs-ada-fass-ficele-par-gaston-productions\/","og_site_name":"Nettali.com","article_publisher":"https:\/\/www.facebook.com\/nettalicom","article_published_time":"2025-09-24T18:56:04+00:00","article_modified_time":"2025-09-24T16:59:35+00:00","og_image":[{"width":707,"height":413,"url":"https:\/\/www.nettali.com\/wp-content\/uploads\/2025\/09\/Capture-de\u0301cran-2025-09-24-a\u0300-16.55.52.png","type":"image\/png"}],"twitter_card":"summary_large_image","twitter_misc":{"\u00c9crit par":"Daouda","Dur\u00e9e de lecture estim\u00e9e":"1 minute"},"schema":{"@context":"https:\/\/schema.org","@graph":[{"@type":"WebSite","@id":"https:\/\/www.nettali.com\/#website","url":"https:\/\/www.nettali.com\/","name":"Nettali.com","description":"Le rendez-vous critique du Net","potentialAction":[{"@type":"SearchAction","target":{"@type":"EntryPoint","urlTemplate":"https:\/\/www.nettali.com\/?s={search_term_string}"},"query-input":"required name=search_term_string"}],"inLanguage":"fr-FR"},{"@type":"ImageObject","@id":"https:\/\/www.nettali.com\/2025\/09\/24\/lutte-eumeu-sene-vs-ada-fass-ficele-par-gaston-productions\/#primaryimage","inLanguage":"fr-FR","url":"https:\/\/www.nettali.com\/wp-content\/uploads\/2025\/09\/Capture-de\u0301cran-2025-09-24-a\u0300-16.55.52.png","contentUrl":"https:\/\/www.nettali.com\/wp-content\/uploads\/2025\/09\/Capture-de\u0301cran-2025-09-24-a\u0300-16.55.52.png","width":707,"height":413},{"@type":"WebPage","@id":"https:\/\/www.nettali.com\/2025\/09\/24\/lutte-eumeu-sene-vs-ada-fass-ficele-par-gaston-productions\/#webpage","url":"https:\/\/www.nettali.com\/2025\/09\/24\/lutte-eumeu-sene-vs-ada-fass-ficele-par-gaston-productions\/","name":"LUTTE - Eumeu S\u00e8ne vs Ada Fass ficel\u00e9 par Gaston productions | Nettali.com","isPartOf":{"@id":"https:\/\/www.nettali.com\/#website"},"primaryImageOfPage":{"@id":"https:\/\/www.nettali.com\/2025\/09\/24\/lutte-eumeu-sene-vs-ada-fass-ficele-par-gaston-productions\/#primaryimage"},"datePublished":"2025-09-24T18:56:04+00:00","dateModified":"2025-09-24T16:59:35+00:00","author":{"@id":"https:\/\/www.nettali.com\/#\/schema\/person\/3317e0bb3aa1da309fbf7b2780901bf4"},"breadcrumb":{"@id":"https:\/\/www.nettali.com\/2025\/09\/24\/lutte-eumeu-sene-vs-ada-fass-ficele-par-gaston-productions\/#breadcrumb"},"inLanguage":"fr-FR","potentialAction":[{"@type":"ReadAction","target":["https:\/\/www.nettali.com\/2025\/09\/24\/lutte-eumeu-sene-vs-ada-fass-ficele-par-gaston-productions\/"]}]},{"@type":"BreadcrumbList","@id":"https:\/\/www.nettali.com\/2025\/09\/24\/lutte-eumeu-sene-vs-ada-fass-ficele-par-gaston-productions\/#breadcrumb","itemListElement":[{"@type":"ListItem","position":1,"name":"Accueil","item":"https:\/\/www.nettali.com\/"},{"@type":"ListItem","position":2,"name":"LUTTE - Eumeu S\u00e8ne vs Ada Fass ficel\u00e9 par Gaston productions"}]},{"@type":"Person","@id":"https:\/\/www.nettali.com\/#\/schema\/person\/3317e0bb3aa1da309fbf7b2780901bf4","name":"Daouda","image":{"@type":"ImageObject","@id":"https:\/\/www.nettali.com\/#personlogo","inLanguage":"fr-FR","url":"https:\/\/secure.gravatar.com\/avatar\/8d143b5a49345098ddcfee1c49c2f47c?s=96&d=mm&r=g","contentUrl":"https:\/\/secure.gravatar.com\/avatar\/8d143b5a49345098ddcfee1c49c2f47c?s=96&d=mm&r=g","caption":"Daouda"},"sameAs":["https:\/\/www.nettali.com"]}]}},"_links":{"self":[{"href":"https:\/\/www.nettali.com\/rest\/wp\/v2\/posts\/161827"}],"collection":[{"href":"https:\/\/www.nettali.com\/rest\/wp\/v2\/posts"}],"about":[{"href":"https:\/\/www.nettali.com\/rest\/wp\/v2\/types\/post"}],"author":[{"embeddable":true,"href":"https:\/\/www.nettali.com\/rest\/wp\/v2\/users\/4"}],"replies":[{"embeddable":true,"href":"https:\/\/www.nettali.com\/rest\/wp\/v2\/comments?post=161827"}],"version-history":[{"count":1,"href":"https:\/\/www.nettali.com\/rest\/wp\/v2\/posts\/161827\/revisions"}],"predecessor-version":[{"id":161829,"href":"https:\/\/www.nettali.com\/rest\/wp\/v2\/posts\/161827\/revisions\/161829"}],"wp:featuredmedia":[{"embeddable":true,"href":"https:\/\/www.nettali.com\/rest\/wp\/v2\/media\/161828"}],"wp:attachment":[{"href":"https:\/\/www.nettali.com\/rest\/wp\/v2\/media?parent=161827"}],"wp:term":[{"taxonomy":"category","embeddable":true,"href":"https:\/\/www.nettali.com\/rest\/wp\/v2\/categories?post=161827"},{"taxonomy":"post_tag","embeddable":true,"href":"https:\/\/www.nettali.com\/rest\/wp\/v2\/tags?post=161827"}],"curies":[{"name":"wp","href":"https:\/\/api.w.org\/{rel}","templated":true}]}}