{"id":161818,"date":"2025-09-24T15:26:09","date_gmt":"2025-09-24T15:26:09","guid":{"rendered":"https:\/\/www.nettali.com\/?p=161818"},"modified":"2025-09-25T15:46:44","modified_gmt":"2025-09-25T15:46:44","slug":"pjf-waly-seck-libere-apres-son-face-a-face-avec-le-juge","status":"publish","type":"post","link":"https:\/\/www.nettali.com\/2025\/09\/24\/pjf-waly-seck-libere-apres-son-face-a-face-avec-le-juge\/","title":{"rendered":"PJF - Waly Seck lib\u00e9r\u00e9 apr\u00e8s son face-\u00e0-face avec le juge"},"content":{"rendered":"<p><strong>NETTALI.COM - Waly Seck peut pousser un ouf de soulagement. L'artiste-chanteur est sorti libre de son face-\u00e0-face avec le juge du premier cabinet du Pool judiciaire financier (PJF). Selon certaines sources, il a mis sur la table une caution de 210 millions de francs Cfa. Non sans contester vigoureusement les faits qui lui sont reproch\u00e9s.<\/strong><\/p>\n<p>Waly Seck est libre. Le chanteur et fils du d\u00e9funt Thione Seck est sorti de son face-\u00e0-face avec le juge d'instruction du premier cabinet du Pool judiciaire financier (PJF) pour rentrer chez lui. De sources concordantes, il a accept\u00e9 de verser une caution de 210 millions de francs pour \u00e9chapper au mandat de d\u00e9p\u00f4t et obtenir une libert\u00e9 provisoire. Mais il reste inculp\u00e9 pour association de malfaiteurs et blanchiment de capitaux.<\/p>\n<p>L'artiste devait effectivement s'expliquer sur un ch\u00e8que de 210 millions de francs Cfa qu'il a re\u00e7u de l'entreprise Wodrose d'Amadou Sall, fils de l'ex-pr\u00e9sident de la R\u00e9publique. Dans une vid\u00e9o sur ses r\u00e9seaux sociaux, il avait expliqu\u00e9 avoir vendu un v\u00e9hicule au fils de Macky Sall. Mais la Cellule nationale de traitement des informations financi\u00e8res (Centif) qui le cite dans son rapport estime plut\u00f4t qu'il s'agit d'une op\u00e9ration de blanchiment de capitaux dont Amadou Sall serait le cerveau. Le montant total des fonds pist\u00e9s par la Centif tourne autour de 5,597 milliards de francs Cfa. Plusieurs personnes cit\u00e9es dans la m\u00eame affaire ont \u00e9t\u00e9 plac\u00e9es sous mandat de d\u00e9p\u00f4t par le juge.<\/p>\n<p>Selon un de ses avocats, Waly Seck n'a absolument rien \u00e0 se reprocher m\u00eame s'il a accept\u00e9 de consigner. \"<em>Ibrahima Waly Seck est totalement libre de ses mouvements<\/em>\", a expliqu\u00e9 Me Abdou Dialy Kane. Avant d'ajouter : \"<em>Maintenant, la proc\u00e9dure d'instruction va continuer jusqu'\u00e0 son terme<\/em>.<em> Il est fort possible qu'en cours d'instruction, un non-lieu lui sera accord\u00e9<\/em>.\" Et pour cause, explique l'avocat, \"<em>la transaction portant sur ce v\u00e9hicule ne rend compte d'aucune des infractions pour lesquelles il a comparu devant le juge d'instruction<\/em>\".<\/p>\n<div class='share-to-whatsapp-wrapper'><div class='share-on-whsp'>PARTAGER SUR : <\/div><a data-text='PJF - Waly Seck lib\u00e9r\u00e9 apr\u00e8s son face-\u00e0-face avec le juge' data-link='https:\/\/www.nettali.com\/2025\/09\/24\/pjf-waly-seck-libere-apres-son-face-a-face-avec-le-juge\/' class='whatsapp-button whatsapp-share'>WhatsApp<\/a><div class='clear '><\/div><\/div>","protected":false},"excerpt":{"rendered":"<p>NETTALI.COM - Waly Seck peut pousser un ouf de soulagement. L'artiste-chanteur est sorti libre de son face-\u00e0-face avec le juge du premier cabinet du Pool judiciaire financier (PJF). Selon certaines sources, il a mis sur la table une caution de 210 millions de francs Cfa. Non sans contester vigoureusement les faits qui lui sont reproch\u00e9s. [&hellip;]<\/p>\n","protected":false},"author":3,"featured_media":161819,"comment_status":"open","ping_status":"open","sticky":false,"template":"","format":"standard","meta":{"_et_pb_use_builder":"","_et_pb_old_content":""},"categories":[3],"tags":[],"yoast_head":"<!-- This site is optimized with the Yoast SEO Premium plugin v17.8 (Yoast SEO v17.8) - https:\/\/yoast.com\/wordpress\/plugins\/seo\/ -->\n<title>PJF - Waly Seck lib\u00e9r\u00e9 apr\u00e8s son face-\u00e0-face avec le juge | Nettali.com<\/title>\n<meta name=\"robots\" content=\"index, follow, max-snippet:-1, max-image-preview:large, max-video-preview:-1\" \/>\n<link rel=\"canonical\" href=\"https:\/\/www.nettali.com\/2025\/09\/24\/pjf-waly-seck-libere-apres-son-face-a-face-avec-le-juge\/\" \/>\n<meta property=\"og:locale\" content=\"fr_FR\" \/>\n<meta property=\"og:type\" content=\"article\" \/>\n<meta property=\"og:title\" content=\"PJF - Waly Seck lib\u00e9r\u00e9 apr\u00e8s son face-\u00e0-face avec le juge\" \/>\n<meta property=\"og:description\" content=\"NETTALI.COM - Waly Seck peut pousser un ouf de soulagement. L&#039;artiste-chanteur est sorti libre de son face-\u00e0-face avec le juge du premier cabinet du Pool judiciaire financier (PJF). Selon certaines sources, il a mis sur la table une caution de 210 millions de francs Cfa. Non sans contester vigoureusement les faits qui lui sont reproch\u00e9s. [&hellip;]\" \/>\n<meta property=\"og:url\" content=\"https:\/\/www.nettali.com\/2025\/09\/24\/pjf-waly-seck-libere-apres-son-face-a-face-avec-le-juge\/\" \/>\n<meta property=\"og:site_name\" content=\"Nettali.com\" \/>\n<meta property=\"article:publisher\" content=\"https:\/\/www.facebook.com\/nettalicom\" \/>\n<meta property=\"article:published_time\" content=\"2025-09-24T15:26:09+00:00\" \/>\n<meta property=\"article:modified_time\" content=\"2025-09-25T15:46:44+00:00\" \/>\n<meta property=\"og:image\" content=\"https:\/\/www.nettali.com\/wp-content\/uploads\/2025\/09\/91178900-64146720.jpg\" \/>\n\t<meta property=\"og:image:width\" content=\"800\" \/>\n\t<meta property=\"og:image:height\" content=\"600\" \/>\n<meta name=\"twitter:card\" content=\"summary_large_image\" \/>\n<meta name=\"twitter:label1\" content=\"\u00c9crit par\" \/>\n\t<meta name=\"twitter:data1\" content=\"Moustapha\" \/>\n\t<meta name=\"twitter:label2\" content=\"Dur\u00e9e de lecture estim\u00e9e\" \/>\n\t<meta name=\"twitter:data2\" content=\"2 minutes\" \/>\n<script type=\"application\/ld+json\" class=\"yoast-schema-graph\">{\"@context\":\"https:\/\/schema.org\",\"@graph\":[{\"@type\":\"WebSite\",\"@id\":\"https:\/\/www.nettali.com\/#website\",\"url\":\"https:\/\/www.nettali.com\/\",\"name\":\"Nettali.com\",\"description\":\"Le rendez-vous critique du Net\",\"potentialAction\":[{\"@type\":\"SearchAction\",\"target\":{\"@type\":\"EntryPoint\",\"urlTemplate\":\"https:\/\/www.nettali.com\/?s={search_term_string}\"},\"query-input\":\"required name=search_term_string\"}],\"inLanguage\":\"fr-FR\"},{\"@type\":\"ImageObject\",\"@id\":\"https:\/\/www.nettali.com\/2025\/09\/24\/pjf-waly-seck-libere-apres-son-face-a-face-avec-le-juge\/#primaryimage\",\"inLanguage\":\"fr-FR\",\"url\":\"https:\/\/www.nettali.com\/wp-content\/uploads\/2025\/09\/91178900-64146720.jpg\",\"contentUrl\":\"https:\/\/www.nettali.com\/wp-content\/uploads\/2025\/09\/91178900-64146720.jpg\",\"width\":800,\"height\":600},{\"@type\":\"WebPage\",\"@id\":\"https:\/\/www.nettali.com\/2025\/09\/24\/pjf-waly-seck-libere-apres-son-face-a-face-avec-le-juge\/#webpage\",\"url\":\"https:\/\/www.nettali.com\/2025\/09\/24\/pjf-waly-seck-libere-apres-son-face-a-face-avec-le-juge\/\",\"name\":\"PJF - Waly Seck lib\\u00e9r\\u00e9 apr\\u00e8s son face-\\u00e0-face avec le juge | Nettali.com\",\"isPartOf\":{\"@id\":\"https:\/\/www.nettali.com\/#website\"},\"primaryImageOfPage\":{\"@id\":\"https:\/\/www.nettali.com\/2025\/09\/24\/pjf-waly-seck-libere-apres-son-face-a-face-avec-le-juge\/#primaryimage\"},\"datePublished\":\"2025-09-24T15:26:09+00:00\",\"dateModified\":\"2025-09-25T15:46:44+00:00\",\"author\":{\"@id\":\"https:\/\/www.nettali.com\/#\/schema\/person\/7962a12a6e0267f88f0ffa544c36469a\"},\"breadcrumb\":{\"@id\":\"https:\/\/www.nettali.com\/2025\/09\/24\/pjf-waly-seck-libere-apres-son-face-a-face-avec-le-juge\/#breadcrumb\"},\"inLanguage\":\"fr-FR\",\"potentialAction\":[{\"@type\":\"ReadAction\",\"target\":[\"https:\/\/www.nettali.com\/2025\/09\/24\/pjf-waly-seck-libere-apres-son-face-a-face-avec-le-juge\/\"]}]},{\"@type\":\"BreadcrumbList\",\"@id\":\"https:\/\/www.nettali.com\/2025\/09\/24\/pjf-waly-seck-libere-apres-son-face-a-face-avec-le-juge\/#breadcrumb\",\"itemListElement\":[{\"@type\":\"ListItem\",\"position\":1,\"name\":\"Accueil\",\"item\":\"https:\/\/www.nettali.com\/\"},{\"@type\":\"ListItem\",\"position\":2,\"name\":\"PJF - Waly Seck lib\\u00e9r\\u00e9 apr\\u00e8s son face-\\u00e0-face avec le juge\"}]},{\"@type\":\"Person\",\"@id\":\"https:\/\/www.nettali.com\/#\/schema\/person\/7962a12a6e0267f88f0ffa544c36469a\",\"name\":\"Moustapha\",\"image\":{\"@type\":\"ImageObject\",\"@id\":\"https:\/\/www.nettali.com\/#personlogo\",\"inLanguage\":\"fr-FR\",\"url\":\"https:\/\/secure.gravatar.com\/avatar\/10fdf6a071cccdcf374e3dbe45159590?s=96&d=mm&r=g\",\"contentUrl\":\"https:\/\/secure.gravatar.com\/avatar\/10fdf6a071cccdcf374e3dbe45159590?s=96&d=mm&r=g\",\"caption\":\"Moustapha\"},\"sameAs\":[\"https:\/\/www.nettali.com\"]}]}<\/script>\n<!-- \/ Yoast SEO Premium plugin. -->","yoast_head_json":{"title":"PJF - Waly Seck lib\u00e9r\u00e9 apr\u00e8s son face-\u00e0-face avec le juge | Nettali.com","robots":{"index":"index","follow":"follow","max-snippet":"max-snippet:-1","max-image-preview":"max-image-preview:large","max-video-preview":"max-video-preview:-1"},"canonical":"https:\/\/www.nettali.com\/2025\/09\/24\/pjf-waly-seck-libere-apres-son-face-a-face-avec-le-juge\/","og_locale":"fr_FR","og_type":"article","og_title":"PJF - Waly Seck lib\u00e9r\u00e9 apr\u00e8s son face-\u00e0-face avec le juge","og_description":"NETTALI.COM - Waly Seck peut pousser un ouf de soulagement. L'artiste-chanteur est sorti libre de son face-\u00e0-face avec le juge du premier cabinet du Pool judiciaire financier (PJF). Selon certaines sources, il a mis sur la table une caution de 210 millions de francs Cfa. Non sans contester vigoureusement les faits qui lui sont reproch\u00e9s. [&hellip;]","og_url":"https:\/\/www.nettali.com\/2025\/09\/24\/pjf-waly-seck-libere-apres-son-face-a-face-avec-le-juge\/","og_site_name":"Nettali.com","article_publisher":"https:\/\/www.facebook.com\/nettalicom","article_published_time":"2025-09-24T15:26:09+00:00","article_modified_time":"2025-09-25T15:46:44+00:00","og_image":[{"width":800,"height":600,"url":"https:\/\/www.nettali.com\/wp-content\/uploads\/2025\/09\/91178900-64146720.jpg","type":"image\/jpeg"}],"twitter_card":"summary_large_image","twitter_misc":{"\u00c9crit par":"Moustapha","Dur\u00e9e de lecture estim\u00e9e":"2 minutes"},"schema":{"@context":"https:\/\/schema.org","@graph":[{"@type":"WebSite","@id":"https:\/\/www.nettali.com\/#website","url":"https:\/\/www.nettali.com\/","name":"Nettali.com","description":"Le rendez-vous critique du Net","potentialAction":[{"@type":"SearchAction","target":{"@type":"EntryPoint","urlTemplate":"https:\/\/www.nettali.com\/?s={search_term_string}"},"query-input":"required name=search_term_string"}],"inLanguage":"fr-FR"},{"@type":"ImageObject","@id":"https:\/\/www.nettali.com\/2025\/09\/24\/pjf-waly-seck-libere-apres-son-face-a-face-avec-le-juge\/#primaryimage","inLanguage":"fr-FR","url":"https:\/\/www.nettali.com\/wp-content\/uploads\/2025\/09\/91178900-64146720.jpg","contentUrl":"https:\/\/www.nettali.com\/wp-content\/uploads\/2025\/09\/91178900-64146720.jpg","width":800,"height":600},{"@type":"WebPage","@id":"https:\/\/www.nettali.com\/2025\/09\/24\/pjf-waly-seck-libere-apres-son-face-a-face-avec-le-juge\/#webpage","url":"https:\/\/www.nettali.com\/2025\/09\/24\/pjf-waly-seck-libere-apres-son-face-a-face-avec-le-juge\/","name":"PJF - Waly Seck lib\u00e9r\u00e9 apr\u00e8s son face-\u00e0-face avec le juge | Nettali.com","isPartOf":{"@id":"https:\/\/www.nettali.com\/#website"},"primaryImageOfPage":{"@id":"https:\/\/www.nettali.com\/2025\/09\/24\/pjf-waly-seck-libere-apres-son-face-a-face-avec-le-juge\/#primaryimage"},"datePublished":"2025-09-24T15:26:09+00:00","dateModified":"2025-09-25T15:46:44+00:00","author":{"@id":"https:\/\/www.nettali.com\/#\/schema\/person\/7962a12a6e0267f88f0ffa544c36469a"},"breadcrumb":{"@id":"https:\/\/www.nettali.com\/2025\/09\/24\/pjf-waly-seck-libere-apres-son-face-a-face-avec-le-juge\/#breadcrumb"},"inLanguage":"fr-FR","potentialAction":[{"@type":"ReadAction","target":["https:\/\/www.nettali.com\/2025\/09\/24\/pjf-waly-seck-libere-apres-son-face-a-face-avec-le-juge\/"]}]},{"@type":"BreadcrumbList","@id":"https:\/\/www.nettali.com\/2025\/09\/24\/pjf-waly-seck-libere-apres-son-face-a-face-avec-le-juge\/#breadcrumb","itemListElement":[{"@type":"ListItem","position":1,"name":"Accueil","item":"https:\/\/www.nettali.com\/"},{"@type":"ListItem","position":2,"name":"PJF - Waly Seck lib\u00e9r\u00e9 apr\u00e8s son face-\u00e0-face avec le juge"}]},{"@type":"Person","@id":"https:\/\/www.nettali.com\/#\/schema\/person\/7962a12a6e0267f88f0ffa544c36469a","name":"Moustapha","image":{"@type":"ImageObject","@id":"https:\/\/www.nettali.com\/#personlogo","inLanguage":"fr-FR","url":"https:\/\/secure.gravatar.com\/avatar\/10fdf6a071cccdcf374e3dbe45159590?s=96&d=mm&r=g","contentUrl":"https:\/\/secure.gravatar.com\/avatar\/10fdf6a071cccdcf374e3dbe45159590?s=96&d=mm&r=g","caption":"Moustapha"},"sameAs":["https:\/\/www.nettali.com"]}]}},"_links":{"self":[{"href":"https:\/\/www.nettali.com\/rest\/wp\/v2\/posts\/161818"}],"collection":[{"href":"https:\/\/www.nettali.com\/rest\/wp\/v2\/posts"}],"about":[{"href":"https:\/\/www.nettali.com\/rest\/wp\/v2\/types\/post"}],"author":[{"embeddable":true,"href":"https:\/\/www.nettali.com\/rest\/wp\/v2\/users\/3"}],"replies":[{"embeddable":true,"href":"https:\/\/www.nettali.com\/rest\/wp\/v2\/comments?post=161818"}],"version-history":[{"count":6,"href":"https:\/\/www.nettali.com\/rest\/wp\/v2\/posts\/161818\/revisions"}],"predecessor-version":[{"id":161830,"href":"https:\/\/www.nettali.com\/rest\/wp\/v2\/posts\/161818\/revisions\/161830"}],"wp:featuredmedia":[{"embeddable":true,"href":"https:\/\/www.nettali.com\/rest\/wp\/v2\/media\/161819"}],"wp:attachment":[{"href":"https:\/\/www.nettali.com\/rest\/wp\/v2\/media?parent=161818"}],"wp:term":[{"taxonomy":"category","embeddable":true,"href":"https:\/\/www.nettali.com\/rest\/wp\/v2\/categories?post=161818"},{"taxonomy":"post_tag","embeddable":true,"href":"https:\/\/www.nettali.com\/rest\/wp\/v2\/tags?post=161818"}],"curies":[{"name":"wp","href":"https:\/\/api.w.org\/{rel}","templated":true}]}}