{"id":161730,"date":"2025-09-23T10:00:35","date_gmt":"2025-09-23T10:00:35","guid":{"rendered":"https:\/\/www.nettali.com\/?p=161730"},"modified":"2025-09-24T06:40:30","modified_gmt":"2025-09-24T06:40:30","slug":"80eme-ag-de-lonu-la-france-reconnait-lexistence-de-letat-palestinien","status":"publish","type":"post","link":"https:\/\/www.nettali.com\/2025\/09\/23\/80eme-ag-de-lonu-la-france-reconnait-lexistence-de-letat-palestinien\/","title":{"rendered":"80EME AG DE L'ONU - La France reconna\u00eet officiellement l'Etat de Palestine"},"content":{"rendered":"<p><strong>NETTALI.COM - La France a officiellement reconnu l'existence de l'Etat de Palestine, ce lundi 22 septembre 2025. Le pr\u00e9sident fran\u00e7ais Emmanuel Macron s'est exprim\u00e9 depuis la 80\u00e8me Assembl\u00e9e g\u00e9n\u00e9rale de l'Onu, \u00e0 New York, o\u00f9 il a assur\u00e9\u00a0 que le \"temps de la paix est venu\".\u00a0<\/strong><\/p>\n<p>C\u2019est fait. Ce lundi 22 septembre 2025, Emmanuel Macron a reconnu officiellement l\u2019\u00c9tat de Palestine depuis la 80e Assembl\u00e9e g\u00e9n\u00e9rale de l\u2019Onu, \u00e0 New York. \u00c0 21 h 30, heure de Paris, le pr\u00e9sident fran\u00e7ais s\u2019est exprim\u00e9 devant les Nations unies faisant de la France le 146e pays \u00e0 reconna\u00eetre la Palestine comme un \u00c9tat.<\/p>\n<p>Ce geste, pr\u00e9sent\u00e9 par l\u2019\u00c9lys\u00e9e comme une contribution directe \u00e0 la relance du processus de paix au Proche-Orient, est avant tout hautement symbolique. M\u00eame avec cette reconnaissance, la Palestine ne devient pas un \u00c9tat membre \u00e0 part enti\u00e8re de l\u2019Onu et reste un \u00ab \u00c9tat observateur permanent \u00bb, toujours bloqu\u00e9 par le refus des \u00c9tats-Unis - grand soutien d\u2019Isra\u00ebl - d\u2019imiter ses alli\u00e9s occidentaux.<\/p>\n<p><strong>\u00ab Nous ne pouvons plus attendre \u00bb<\/strong><\/p>\n<p>\u00ab <em>Le temps est venu de lib\u00e9rer les 48 otages d\u00e9tenus par le Hamas, d\u2019arr\u00eater la guerre, les bombardements \u00e0 Gaza, les massacres et les populations en fuite. Le temps est venu car l\u2019urgence est partout<\/em> \u00bb, a lanc\u00e9 Emmanuel Macron pour lancer son discours devant les Nations unies. \u00ab Le temps de la paix est venu car nous sommes \u00e0 quelques instants de ne plus pouvoir la saisir \u00bb. Selon le pr\u00e9sident fran\u00e7ais : \u00ab <em>nous ne pouvons plus attendre<\/em> \u00bb.<\/p>\n<p>Apr\u00e8s avoir condamn\u00e9 l\u2019attaque du 7 octobre 2023, Emmanuel Macron a rappel\u00e9 le soutien de la France aux victimes et \u00e0 leurs familles, notamment \u00e0 \u00ab <em>nos compatriotes assassin\u00e9s ce jour-l\u00e0. Nous ne les oublions pas.<\/em> \u00bbDevant l\u2019Assembl\u00e9e g\u00e9n\u00e9rale de l\u2019Onu, il a d\u00e9clar\u00e9 que le droit, toujours, \u00ab <em>doit l\u2019emporter sur la force<\/em> \u00bb.<\/p>\n<p>Selon le pr\u00e9sident, l\u2019attachement \u00ab <em>\u00e0 l\u2019universel et \u00e0 la paix<\/em> \u00bb est l\u2019h\u00e9ritage des si\u00e8cles pass\u00e9s \u00ab <em>comme la condition du salut<\/em> \u00bb, affirmant ensuite sa volont\u00e9 de voir la \u00ab promesse initiale \u00bb des Nations unies, celle de deux \u00c9tats vivant c\u00f4te \u00e0 c\u00f4te en paix et en s\u00e9curit\u00e9, devenir \u00ab r\u00e9alit\u00e9 \u00bb.<\/p>\n<p>A noter que cinq autres pays sont cens\u00e9s faire de m\u00eame : Andorre, Belgique, Luxembourg, Malte et Saint-Marin. Le Royaume-Uni, l\u2019Australie, le Canada et le Portugal ont d\u00e9j\u00e0 franchi le pas dimanche.<\/p>\n<p>En r\u00e9ponse, le Premier ministre isra\u00e9lien Benyamin N\u00e9tanyahou a redit son opposition \u00e0 la cr\u00e9ation d\u2019un Etat palestinien, qui, selon lui, \u00abmettrait en danger notre existence et constituerait une r\u00e9compense absurde pour le terrorisme\u00bb.<\/p>\n<p>Les mairies de 86 villes fran\u00e7aises ont hiss\u00e9 des drapeaux palestiniens ce lundi, selon Beauvau. Le ministre de l\u2019Int\u00e9rieur d\u00e9missionnaire, Bruno Retailleau, a demand\u00e9 aux pr\u00e9fets de s\u2019y opposer en saisissant la justice administrative.<\/p>\n<p>A noter que le Royaume-Uni, le Canada et l'Australie ont anticip\u00e9 l'annonce de la reconnaissance de l'\u00c9tat palestinien par la France et d'autres pays europ\u00e9ens pr\u00e9vue ce lundi \u00e0 l'occasion de l'Assembl\u00e9e g\u00e9n\u00e9rale des Nations Unies \u00e0 New York.<\/p>\n<p>La d\u00e9cision de Londres est particuli\u00e8rement symbolique, la Grande-Bretagne ayant jou\u00e9 un r\u00f4le important dans la cr\u00e9ation de l'\u00c9tat d'Isra\u00ebl au lendemain de la Seconde Guerre mondiale, alors que la Palestine \u00e9tait sous mandat britannique.<\/p>\n<p>Il convient de rappeler qu'un nombre croissant d'autres \u00c9tats, longtemps proches d'Isra\u00ebl, ont d\u00e9j\u00e0 franchi ce pas symbolique ces derniers mois. Et ce, malgr\u00e9 les fortes pressions des \u00c9tats-Unis et d'Isra\u00ebl.<\/p>\n<p>Avant m\u00eame les annonces de dimanche, le premier ministre isra\u00e9lien Benyamin Netanyahu a promis de \u00ab <em>lutter \u00e0 l'ONU et sur tous les autres terrains contre la propagande mensong\u00e8re \u00e0 notre encontre et contre les appels \u00e0 la cr\u00e9ation d'un \u00c9tat palestinien qui mettrait en danger notre existence et constituerait une r\u00e9compense absurde pour le terrorisme<\/em> \u00bb.\u00ab <em>La communaut\u00e9 internationale nous entendra \u00e0 ce sujet dans les prochains jours<\/em> \u00bb, a-t-il ajout\u00e9.<\/p>\n<p>Son ministre de la S\u00e9curit\u00e9 nationale, Itamar Ben Gvir, a propos\u00e9 l'annexion \u00ab imm\u00e9diate \u00bb de la Cisjordanie. Le ministre des Finances, Bezalel Smotrich, a rench\u00e9ri en d\u00e9clarant sur X que \u00ab la seule r\u00e9ponse \u00e0 cette d\u00e9marche anti-isra\u00e9lienne, est l'annexion des terres de la patrie du peuple juif en Jud\u00e9e-Samarie et l'abandon d\u00e9finitif de l'id\u00e9e absurde d'un \u00c9tat palestinien \u00bb.<\/p>\n<p>Le pr\u00e9sident palestinien Mahmoud Abbas a lui estim\u00e9 que la d\u00e9cision britannique est un pas vers une paix \u00ab durable \u00bb.<\/p>\n<p><strong>Avec Ouest France<\/strong><\/p>\n<div class='share-to-whatsapp-wrapper'><div class='share-on-whsp'>PARTAGER SUR : <\/div><a data-text='80EME AG DE L'ONU - La France reconna\u00eet officiellement l'Etat de Palestine' data-link='https:\/\/www.nettali.com\/2025\/09\/23\/80eme-ag-de-lonu-la-france-reconnait-lexistence-de-letat-palestinien\/' class='whatsapp-button whatsapp-share'>WhatsApp<\/a><div class='clear '><\/div><\/div>","protected":false},"excerpt":{"rendered":"<p>NETTALI.COM - La France a officiellement reconnu l'existence de l'Etat de Palestine, ce lundi 22 septembre 2025. Le pr\u00e9sident fran\u00e7ais Emmanuel Macron s'est exprim\u00e9 depuis la 80\u00e8me Assembl\u00e9e g\u00e9n\u00e9rale de l'Onu, \u00e0 New York, o\u00f9 il a assur\u00e9\u00a0 que le \"temps de la paix est venu\".\u00a0 C\u2019est fait. Ce lundi 22 septembre 2025, Emmanuel Macron [&hellip;]<\/p>\n","protected":false},"author":2,"featured_media":161732,"comment_status":"open","ping_status":"open","sticky":false,"template":"","format":"standard","meta":{"_et_pb_use_builder":"","_et_pb_old_content":""},"categories":[8],"tags":[],"yoast_head":"<!-- This site is optimized with the Yoast SEO Premium plugin v17.8 (Yoast SEO v17.8) - https:\/\/yoast.com\/wordpress\/plugins\/seo\/ -->\n<title>80EME AG DE L&#039;ONU - La France reconna\u00eet officiellement l&#039;Etat de Palestine | Nettali.com<\/title>\n<meta name=\"robots\" content=\"index, follow, max-snippet:-1, max-image-preview:large, max-video-preview:-1\" \/>\n<link rel=\"canonical\" href=\"https:\/\/www.nettali.com\/2025\/09\/23\/80eme-ag-de-lonu-la-france-reconnait-lexistence-de-letat-palestinien\/\" \/>\n<meta property=\"og:locale\" content=\"fr_FR\" \/>\n<meta property=\"og:type\" content=\"article\" \/>\n<meta property=\"og:title\" content=\"80EME AG DE L&#039;ONU - La France reconna\u00eet officiellement l&#039;Etat de Palestine\" \/>\n<meta property=\"og:description\" content=\"NETTALI.COM - La France a officiellement reconnu l&#039;existence de l&#039;Etat de Palestine, ce lundi 22 septembre 2025. Le pr\u00e9sident fran\u00e7ais Emmanuel Macron s&#039;est exprim\u00e9 depuis la 80\u00e8me Assembl\u00e9e g\u00e9n\u00e9rale de l&#039;Onu, \u00e0 New York, o\u00f9 il a assur\u00e9\u00a0 que le &quot;temps de la paix est venu&quot;.\u00a0 C\u2019est fait. Ce lundi 22 septembre 2025, Emmanuel Macron [&hellip;]\" \/>\n<meta property=\"og:url\" content=\"https:\/\/www.nettali.com\/2025\/09\/23\/80eme-ag-de-lonu-la-france-reconnait-lexistence-de-letat-palestinien\/\" \/>\n<meta property=\"og:site_name\" content=\"Nettali.com\" \/>\n<meta property=\"article:publisher\" content=\"https:\/\/www.facebook.com\/nettalicom\" \/>\n<meta property=\"article:published_time\" content=\"2025-09-23T10:00:35+00:00\" \/>\n<meta property=\"article:modified_time\" content=\"2025-09-24T06:40:30+00:00\" \/>\n<meta property=\"og:image\" content=\"https:\/\/www.nettali.com\/wp-content\/uploads\/2025\/09\/AP25265695745547.jpg\" \/>\n\t<meta property=\"og:image:width\" content=\"1280\" \/>\n\t<meta property=\"og:image:height\" content=\"960\" \/>\n<meta name=\"twitter:card\" content=\"summary_large_image\" \/>\n<meta name=\"twitter:label1\" content=\"\u00c9crit par\" \/>\n\t<meta name=\"twitter:data1\" content=\"CK\" \/>\n\t<meta name=\"twitter:label2\" content=\"Dur\u00e9e de lecture estim\u00e9e\" \/>\n\t<meta name=\"twitter:data2\" content=\"3 minutes\" \/>\n<script type=\"application\/ld+json\" class=\"yoast-schema-graph\">{\"@context\":\"https:\/\/schema.org\",\"@graph\":[{\"@type\":\"WebSite\",\"@id\":\"https:\/\/www.nettali.com\/#website\",\"url\":\"https:\/\/www.nettali.com\/\",\"name\":\"Nettali.com\",\"description\":\"Le rendez-vous critique du Net\",\"potentialAction\":[{\"@type\":\"SearchAction\",\"target\":{\"@type\":\"EntryPoint\",\"urlTemplate\":\"https:\/\/www.nettali.com\/?s={search_term_string}\"},\"query-input\":\"required name=search_term_string\"}],\"inLanguage\":\"fr-FR\"},{\"@type\":\"ImageObject\",\"@id\":\"https:\/\/www.nettali.com\/2025\/09\/23\/80eme-ag-de-lonu-la-france-reconnait-lexistence-de-letat-palestinien\/#primaryimage\",\"inLanguage\":\"fr-FR\",\"url\":\"https:\/\/www.nettali.com\/wp-content\/uploads\/2025\/09\/AP25265695745547.jpg\",\"contentUrl\":\"https:\/\/www.nettali.com\/wp-content\/uploads\/2025\/09\/AP25265695745547.jpg\",\"width\":1280,\"height\":960},{\"@type\":\"WebPage\",\"@id\":\"https:\/\/www.nettali.com\/2025\/09\/23\/80eme-ag-de-lonu-la-france-reconnait-lexistence-de-letat-palestinien\/#webpage\",\"url\":\"https:\/\/www.nettali.com\/2025\/09\/23\/80eme-ag-de-lonu-la-france-reconnait-lexistence-de-letat-palestinien\/\",\"name\":\"80EME AG DE L'ONU - La France reconna\\u00eet officiellement l'Etat de Palestine | Nettali.com\",\"isPartOf\":{\"@id\":\"https:\/\/www.nettali.com\/#website\"},\"primaryImageOfPage\":{\"@id\":\"https:\/\/www.nettali.com\/2025\/09\/23\/80eme-ag-de-lonu-la-france-reconnait-lexistence-de-letat-palestinien\/#primaryimage\"},\"datePublished\":\"2025-09-23T10:00:35+00:00\",\"dateModified\":\"2025-09-24T06:40:30+00:00\",\"author\":{\"@id\":\"https:\/\/www.nettali.com\/#\/schema\/person\/d8ac7b7e27ddad43f1c0d2ef090d7f71\"},\"breadcrumb\":{\"@id\":\"https:\/\/www.nettali.com\/2025\/09\/23\/80eme-ag-de-lonu-la-france-reconnait-lexistence-de-letat-palestinien\/#breadcrumb\"},\"inLanguage\":\"fr-FR\",\"potentialAction\":[{\"@type\":\"ReadAction\",\"target\":[\"https:\/\/www.nettali.com\/2025\/09\/23\/80eme-ag-de-lonu-la-france-reconnait-lexistence-de-letat-palestinien\/\"]}]},{\"@type\":\"BreadcrumbList\",\"@id\":\"https:\/\/www.nettali.com\/2025\/09\/23\/80eme-ag-de-lonu-la-france-reconnait-lexistence-de-letat-palestinien\/#breadcrumb\",\"itemListElement\":[{\"@type\":\"ListItem\",\"position\":1,\"name\":\"Accueil\",\"item\":\"https:\/\/www.nettali.com\/\"},{\"@type\":\"ListItem\",\"position\":2,\"name\":\"80EME AG DE L'ONU - La France reconna\\u00eet officiellement l'Etat de Palestine\"}]},{\"@type\":\"Person\",\"@id\":\"https:\/\/www.nettali.com\/#\/schema\/person\/d8ac7b7e27ddad43f1c0d2ef090d7f71\",\"name\":\"CK\",\"image\":{\"@type\":\"ImageObject\",\"@id\":\"https:\/\/www.nettali.com\/#personlogo\",\"inLanguage\":\"fr-FR\",\"url\":\"https:\/\/secure.gravatar.com\/avatar\/1d8d5118b9327d94da7cd4ce7f17fec2?s=96&d=mm&r=g\",\"contentUrl\":\"https:\/\/secure.gravatar.com\/avatar\/1d8d5118b9327d94da7cd4ce7f17fec2?s=96&d=mm&r=g\",\"caption\":\"CK\"},\"sameAs\":[\"https:\/\/www.nettali.com\"]}]}<\/script>\n<!-- \/ Yoast SEO Premium plugin. -->","yoast_head_json":{"title":"80EME AG DE L'ONU - La France reconna\u00eet officiellement l'Etat de Palestine | Nettali.com","robots":{"index":"index","follow":"follow","max-snippet":"max-snippet:-1","max-image-preview":"max-image-preview:large","max-video-preview":"max-video-preview:-1"},"canonical":"https:\/\/www.nettali.com\/2025\/09\/23\/80eme-ag-de-lonu-la-france-reconnait-lexistence-de-letat-palestinien\/","og_locale":"fr_FR","og_type":"article","og_title":"80EME AG DE L'ONU - La France reconna\u00eet officiellement l'Etat de Palestine","og_description":"NETTALI.COM - La France a officiellement reconnu l'existence de l'Etat de Palestine, ce lundi 22 septembre 2025. Le pr\u00e9sident fran\u00e7ais Emmanuel Macron s'est exprim\u00e9 depuis la 80\u00e8me Assembl\u00e9e g\u00e9n\u00e9rale de l'Onu, \u00e0 New York, o\u00f9 il a assur\u00e9\u00a0 que le \"temps de la paix est venu\".\u00a0 C\u2019est fait. Ce lundi 22 septembre 2025, Emmanuel Macron [&hellip;]","og_url":"https:\/\/www.nettali.com\/2025\/09\/23\/80eme-ag-de-lonu-la-france-reconnait-lexistence-de-letat-palestinien\/","og_site_name":"Nettali.com","article_publisher":"https:\/\/www.facebook.com\/nettalicom","article_published_time":"2025-09-23T10:00:35+00:00","article_modified_time":"2025-09-24T06:40:30+00:00","og_image":[{"width":1280,"height":960,"url":"https:\/\/www.nettali.com\/wp-content\/uploads\/2025\/09\/AP25265695745547.jpg","type":"image\/jpeg"}],"twitter_card":"summary_large_image","twitter_misc":{"\u00c9crit par":"CK","Dur\u00e9e de lecture estim\u00e9e":"3 minutes"},"schema":{"@context":"https:\/\/schema.org","@graph":[{"@type":"WebSite","@id":"https:\/\/www.nettali.com\/#website","url":"https:\/\/www.nettali.com\/","name":"Nettali.com","description":"Le rendez-vous critique du Net","potentialAction":[{"@type":"SearchAction","target":{"@type":"EntryPoint","urlTemplate":"https:\/\/www.nettali.com\/?s={search_term_string}"},"query-input":"required name=search_term_string"}],"inLanguage":"fr-FR"},{"@type":"ImageObject","@id":"https:\/\/www.nettali.com\/2025\/09\/23\/80eme-ag-de-lonu-la-france-reconnait-lexistence-de-letat-palestinien\/#primaryimage","inLanguage":"fr-FR","url":"https:\/\/www.nettali.com\/wp-content\/uploads\/2025\/09\/AP25265695745547.jpg","contentUrl":"https:\/\/www.nettali.com\/wp-content\/uploads\/2025\/09\/AP25265695745547.jpg","width":1280,"height":960},{"@type":"WebPage","@id":"https:\/\/www.nettali.com\/2025\/09\/23\/80eme-ag-de-lonu-la-france-reconnait-lexistence-de-letat-palestinien\/#webpage","url":"https:\/\/www.nettali.com\/2025\/09\/23\/80eme-ag-de-lonu-la-france-reconnait-lexistence-de-letat-palestinien\/","name":"80EME AG DE L'ONU - La France reconna\u00eet officiellement l'Etat de Palestine | Nettali.com","isPartOf":{"@id":"https:\/\/www.nettali.com\/#website"},"primaryImageOfPage":{"@id":"https:\/\/www.nettali.com\/2025\/09\/23\/80eme-ag-de-lonu-la-france-reconnait-lexistence-de-letat-palestinien\/#primaryimage"},"datePublished":"2025-09-23T10:00:35+00:00","dateModified":"2025-09-24T06:40:30+00:00","author":{"@id":"https:\/\/www.nettali.com\/#\/schema\/person\/d8ac7b7e27ddad43f1c0d2ef090d7f71"},"breadcrumb":{"@id":"https:\/\/www.nettali.com\/2025\/09\/23\/80eme-ag-de-lonu-la-france-reconnait-lexistence-de-letat-palestinien\/#breadcrumb"},"inLanguage":"fr-FR","potentialAction":[{"@type":"ReadAction","target":["https:\/\/www.nettali.com\/2025\/09\/23\/80eme-ag-de-lonu-la-france-reconnait-lexistence-de-letat-palestinien\/"]}]},{"@type":"BreadcrumbList","@id":"https:\/\/www.nettali.com\/2025\/09\/23\/80eme-ag-de-lonu-la-france-reconnait-lexistence-de-letat-palestinien\/#breadcrumb","itemListElement":[{"@type":"ListItem","position":1,"name":"Accueil","item":"https:\/\/www.nettali.com\/"},{"@type":"ListItem","position":2,"name":"80EME AG DE L'ONU - La France reconna\u00eet officiellement l'Etat de Palestine"}]},{"@type":"Person","@id":"https:\/\/www.nettali.com\/#\/schema\/person\/d8ac7b7e27ddad43f1c0d2ef090d7f71","name":"CK","image":{"@type":"ImageObject","@id":"https:\/\/www.nettali.com\/#personlogo","inLanguage":"fr-FR","url":"https:\/\/secure.gravatar.com\/avatar\/1d8d5118b9327d94da7cd4ce7f17fec2?s=96&d=mm&r=g","contentUrl":"https:\/\/secure.gravatar.com\/avatar\/1d8d5118b9327d94da7cd4ce7f17fec2?s=96&d=mm&r=g","caption":"CK"},"sameAs":["https:\/\/www.nettali.com"]}]}},"_links":{"self":[{"href":"https:\/\/www.nettali.com\/rest\/wp\/v2\/posts\/161730"}],"collection":[{"href":"https:\/\/www.nettali.com\/rest\/wp\/v2\/posts"}],"about":[{"href":"https:\/\/www.nettali.com\/rest\/wp\/v2\/types\/post"}],"author":[{"embeddable":true,"href":"https:\/\/www.nettali.com\/rest\/wp\/v2\/users\/2"}],"replies":[{"embeddable":true,"href":"https:\/\/www.nettali.com\/rest\/wp\/v2\/comments?post=161730"}],"version-history":[{"count":3,"href":"https:\/\/www.nettali.com\/rest\/wp\/v2\/posts\/161730\/revisions"}],"predecessor-version":[{"id":161740,"href":"https:\/\/www.nettali.com\/rest\/wp\/v2\/posts\/161730\/revisions\/161740"}],"wp:featuredmedia":[{"embeddable":true,"href":"https:\/\/www.nettali.com\/rest\/wp\/v2\/media\/161732"}],"wp:attachment":[{"href":"https:\/\/www.nettali.com\/rest\/wp\/v2\/media?parent=161730"}],"wp:term":[{"taxonomy":"category","embeddable":true,"href":"https:\/\/www.nettali.com\/rest\/wp\/v2\/categories?post=161730"},{"taxonomy":"post_tag","embeddable":true,"href":"https:\/\/www.nettali.com\/rest\/wp\/v2\/tags?post=161730"}],"curies":[{"name":"wp","href":"https:\/\/api.w.org\/{rel}","templated":true}]}}