{"id":161727,"date":"2025-09-23T07:23:31","date_gmt":"2025-09-23T07:23:31","guid":{"rendered":"https:\/\/www.nettali.com\/?p=161727"},"modified":"2025-09-23T07:23:31","modified_gmt":"2025-09-23T07:23:31","slug":"crimes-de-guerre-crimes-contre-lhumanite-le-burkina-faso-le-mali-et-le-niger-annoncent-leur-retrait-de-la-cpi","status":"publish","type":"post","link":"https:\/\/www.nettali.com\/2025\/09\/23\/crimes-de-guerre-crimes-contre-lhumanite-le-burkina-faso-le-mali-et-le-niger-annoncent-leur-retrait-de-la-cpi\/","title":{"rendered":"CRIMES DE GUERRE, CRIMES CONTRE L'HUMANIT\u00c9 - Le Burkina Faso, le Mali et le Niger annoncent leur retrait de la CPI"},"content":{"rendered":"<p><strong>NETTALI.COM - Le Burkina Faso, le Mali et le Niger, trois pays sah\u00e9liens gouvern\u00e9s par des juntes militaires, ont annonc\u00e9 lundi soir leur retrait de la Cour p\u00e9nale internationale (CPI), d\u00e9non\u00e7ant un \"instrument de r\u00e9pression n\u00e9o-coloniale aux mains de l'imp\u00e9rialisme\".<\/strong><\/p>\n<p>Ces pays qui ont \u00e0 leur t\u00eate des juntes autoritaires arriv\u00e9es au pouvoir par des putschs entre 2020 et 2023 revendiquent une politique souverainiste et ont tourn\u00e9 le dos \u00e0 l'Occident.<\/p>\n<p>Dans un communiqu\u00e9 commun, les trois pays alli\u00e9s dans une conf\u00e9d\u00e9ration, l'Alliance des Etats du Sahel (AES), ont indiqu\u00e9 que cette d\u00e9cision prise \"avec effet imm\u00e9diat\" s'inscrit dans leur volont\u00e9 \"d'affirmer pleinement leur souverainet\u00e9\".<\/p>\n<p><em>\"La CPI s'est montr\u00e9e incapable de prendre en charge et de juger des crimes de guerre, des crimes contre l'humanit\u00e9, des crimes de g\u00e9nocide et des crimes d'agression av\u00e9r\u00e9s\"<\/em>, ont ajout\u00e9 les Etats de l'AES.<\/p>\n<p>Ils ont \u00e9galement pr\u00e9cis\u00e9 vouloir se doter de \"m\u00e9canismes endog\u00e8nes pour la consolidation de la paix et de la justice\": ils devraient prochainement cr\u00e9er une Cour p\u00e9nale sah\u00e9lienne.<\/p>\n<p>Le retrait d'un Etat ne prend effet qu'un an apr\u00e8s le d\u00e9p\u00f4t officiel du dossier aupr\u00e8s du secr\u00e9tariat g\u00e9n\u00e9ral de l'ONU.<\/p>\n<p>Les pays de l'AES se sont notamment rapproch\u00e9s d'autres partenaires comme la Russie, dont le pr\u00e9sident Vladimir Poutine est vis\u00e9 par un mandat d'arr\u00eat de la CPI depuis mars 2023 pour crime de guerre pr\u00e9sum\u00e9 de d\u00e9portation d'enfants ukrainiens.<\/p>\n<p>Ils sont confront\u00e9s \u00e0 des violences meurtri\u00e8res des groupes jihadistes li\u00e9s \u00e0 Al-Qaida et l'Etat islamique mais leurs arm\u00e9es sont \u00e9galement accus\u00e9es de crimes contre des civils.<\/p>\n<p>Fond\u00e9e en 2002, la Cour p\u00e9nale internationale a pour mission de poursuivre les auteurs des crimes les plus graves commis dans le monde, lorsque les pays n'ont pas la volont\u00e9 ou la capacit\u00e9 de le faire eux-m\u00eames.<\/p>\n<p>La CPI comptait jusqu'\u00e0 pr\u00e9sent 125 membres. Les Etats-Unis et la Russie n'en font pas partie, ni Isra\u00ebl, la Chine ou la Birmanie.<\/p>\n<p>La Hongrie a claqu\u00e9 la porte plus t\u00f4t cette ann\u00e9e, en r\u00e9action au mandat d'arr\u00eat pris \u00e0 l'encontre du dirigeant isra\u00e9lien Benjamin Netanyahu.<\/p>\n<p>L'institution essuie r\u00e9guli\u00e8rement des critiques, notamment dans les pays africains o\u00f9 elle est accus\u00e9e de poursuivre majoritairement des personnalit\u00e9s du continent.<\/p>\n<p>Elle a condamn\u00e9 le chef de guerre congolais Bosco Ntaganda \u00e0 30 ans de prison ou le chef jihadiste malien Al Hassan \u00e0 10 ans d'emprisonnement, pour des crimes de guerre notamment.<\/p>\n<p>Mais elle a aussi acquitt\u00e9 l'ex-pr\u00e9sident ivoirien Laurent Gbagbo, son ancien bras droit Charles Bl\u00e9 Goud\u00e9 ou encore l'ancien vice-pr\u00e9sident congolais Jean-Pierre Bemba.<\/p>\n<p>En 2016, trois pays africains - la Gambie, l'Afrique du Sud et le Burundi- avaient envisag\u00e9 leur d\u00e9part, mais finalement les deux premiers avaient renonc\u00e9.<\/p>\n<p>En septembre, la CPI a inculp\u00e9 l'ancien pr\u00e9sident philippin Rodrigo Duterte pour crimes contre l'humanit\u00e9.\u00a0Ce dernier avait \u00e9t\u00e9 arr\u00eat\u00e9 en mars et transf\u00e9r\u00e9 aux Pays-Bas o\u00f9 se trouve le si\u00e8ge de la CPI et son quartier p\u00e9nitentiaire.<\/p>\n<div class='share-to-whatsapp-wrapper'><div class='share-on-whsp'>PARTAGER SUR : <\/div><a data-text='CRIMES DE GUERRE, CRIMES CONTRE L'HUMANIT\u00c9 - Le Burkina Faso, le Mali et le Niger annoncent leur retrait de la CPI' data-link='https:\/\/www.nettali.com\/2025\/09\/23\/crimes-de-guerre-crimes-contre-lhumanite-le-burkina-faso-le-mali-et-le-niger-annoncent-leur-retrait-de-la-cpi\/' class='whatsapp-button whatsapp-share'>WhatsApp<\/a><div class='clear '><\/div><\/div>","protected":false},"excerpt":{"rendered":"<p>NETTALI.COM - Le Burkina Faso, le Mali et le Niger, trois pays sah\u00e9liens gouvern\u00e9s par des juntes militaires, ont annonc\u00e9 lundi soir leur retrait de la Cour p\u00e9nale internationale (CPI), d\u00e9non\u00e7ant un \"instrument de r\u00e9pression n\u00e9o-coloniale aux mains de l'imp\u00e9rialisme\". Ces pays qui ont \u00e0 leur t\u00eate des juntes autoritaires arriv\u00e9es au pouvoir par des [&hellip;]<\/p>\n","protected":false},"author":4,"featured_media":161728,"comment_status":"open","ping_status":"open","sticky":false,"template":"","format":"standard","meta":{"_et_pb_use_builder":"","_et_pb_old_content":""},"categories":[8],"tags":[],"yoast_head":"<!-- This site is optimized with the Yoast SEO Premium plugin v17.8 (Yoast SEO v17.8) - https:\/\/yoast.com\/wordpress\/plugins\/seo\/ -->\n<title>CRIMES DE GUERRE, CRIMES CONTRE L&#039;HUMANIT\u00c9 - Le Burkina Faso, le Mali et le Niger annoncent leur retrait de la CPI | Nettali.com<\/title>\n<meta name=\"robots\" content=\"index, follow, max-snippet:-1, max-image-preview:large, max-video-preview:-1\" \/>\n<link rel=\"canonical\" href=\"https:\/\/www.nettali.com\/2025\/09\/23\/crimes-de-guerre-crimes-contre-lhumanite-le-burkina-faso-le-mali-et-le-niger-annoncent-leur-retrait-de-la-cpi\/\" \/>\n<meta property=\"og:locale\" content=\"fr_FR\" \/>\n<meta property=\"og:type\" content=\"article\" \/>\n<meta property=\"og:title\" content=\"CRIMES DE GUERRE, CRIMES CONTRE L&#039;HUMANIT\u00c9 - Le Burkina Faso, le Mali et le Niger annoncent leur retrait de la CPI\" \/>\n<meta property=\"og:description\" content=\"NETTALI.COM - Le Burkina Faso, le Mali et le Niger, trois pays sah\u00e9liens gouvern\u00e9s par des juntes militaires, ont annonc\u00e9 lundi soir leur retrait de la Cour p\u00e9nale internationale (CPI), d\u00e9non\u00e7ant un &quot;instrument de r\u00e9pression n\u00e9o-coloniale aux mains de l&#039;imp\u00e9rialisme&quot;. Ces pays qui ont \u00e0 leur t\u00eate des juntes autoritaires arriv\u00e9es au pouvoir par des [&hellip;]\" \/>\n<meta property=\"og:url\" content=\"https:\/\/www.nettali.com\/2025\/09\/23\/crimes-de-guerre-crimes-contre-lhumanite-le-burkina-faso-le-mali-et-le-niger-annoncent-leur-retrait-de-la-cpi\/\" \/>\n<meta property=\"og:site_name\" content=\"Nettali.com\" \/>\n<meta property=\"article:publisher\" content=\"https:\/\/www.facebook.com\/nettalicom\" \/>\n<meta property=\"article:published_time\" content=\"2025-09-23T07:23:31+00:00\" \/>\n<meta property=\"og:image\" content=\"https:\/\/www.nettali.com\/wp-content\/uploads\/2025\/09\/Capture-de\u0301cran-2025-09-23-a\u0300-07.21.03.png\" \/>\n\t<meta property=\"og:image:width\" content=\"890\" \/>\n\t<meta property=\"og:image:height\" content=\"488\" \/>\n<meta name=\"twitter:card\" content=\"summary_large_image\" \/>\n<meta name=\"twitter:label1\" content=\"\u00c9crit par\" \/>\n\t<meta name=\"twitter:data1\" content=\"Daouda\" \/>\n\t<meta name=\"twitter:label2\" content=\"Dur\u00e9e de lecture estim\u00e9e\" \/>\n\t<meta name=\"twitter:data2\" content=\"3 minutes\" \/>\n<script type=\"application\/ld+json\" class=\"yoast-schema-graph\">{\"@context\":\"https:\/\/schema.org\",\"@graph\":[{\"@type\":\"WebSite\",\"@id\":\"https:\/\/www.nettali.com\/#website\",\"url\":\"https:\/\/www.nettali.com\/\",\"name\":\"Nettali.com\",\"description\":\"Le rendez-vous critique du Net\",\"potentialAction\":[{\"@type\":\"SearchAction\",\"target\":{\"@type\":\"EntryPoint\",\"urlTemplate\":\"https:\/\/www.nettali.com\/?s={search_term_string}\"},\"query-input\":\"required name=search_term_string\"}],\"inLanguage\":\"fr-FR\"},{\"@type\":\"ImageObject\",\"@id\":\"https:\/\/www.nettali.com\/2025\/09\/23\/crimes-de-guerre-crimes-contre-lhumanite-le-burkina-faso-le-mali-et-le-niger-annoncent-leur-retrait-de-la-cpi\/#primaryimage\",\"inLanguage\":\"fr-FR\",\"url\":\"https:\/\/www.nettali.com\/wp-content\/uploads\/2025\/09\/Capture-de\\u0301cran-2025-09-23-a\\u0300-07.21.03.png\",\"contentUrl\":\"https:\/\/www.nettali.com\/wp-content\/uploads\/2025\/09\/Capture-de\\u0301cran-2025-09-23-a\\u0300-07.21.03.png\",\"width\":890,\"height\":488},{\"@type\":\"WebPage\",\"@id\":\"https:\/\/www.nettali.com\/2025\/09\/23\/crimes-de-guerre-crimes-contre-lhumanite-le-burkina-faso-le-mali-et-le-niger-annoncent-leur-retrait-de-la-cpi\/#webpage\",\"url\":\"https:\/\/www.nettali.com\/2025\/09\/23\/crimes-de-guerre-crimes-contre-lhumanite-le-burkina-faso-le-mali-et-le-niger-annoncent-leur-retrait-de-la-cpi\/\",\"name\":\"CRIMES DE GUERRE, CRIMES CONTRE L'HUMANIT\\u00c9 - Le Burkina Faso, le Mali et le Niger annoncent leur retrait de la CPI | Nettali.com\",\"isPartOf\":{\"@id\":\"https:\/\/www.nettali.com\/#website\"},\"primaryImageOfPage\":{\"@id\":\"https:\/\/www.nettali.com\/2025\/09\/23\/crimes-de-guerre-crimes-contre-lhumanite-le-burkina-faso-le-mali-et-le-niger-annoncent-leur-retrait-de-la-cpi\/#primaryimage\"},\"datePublished\":\"2025-09-23T07:23:31+00:00\",\"dateModified\":\"2025-09-23T07:23:31+00:00\",\"author\":{\"@id\":\"https:\/\/www.nettali.com\/#\/schema\/person\/3317e0bb3aa1da309fbf7b2780901bf4\"},\"breadcrumb\":{\"@id\":\"https:\/\/www.nettali.com\/2025\/09\/23\/crimes-de-guerre-crimes-contre-lhumanite-le-burkina-faso-le-mali-et-le-niger-annoncent-leur-retrait-de-la-cpi\/#breadcrumb\"},\"inLanguage\":\"fr-FR\",\"potentialAction\":[{\"@type\":\"ReadAction\",\"target\":[\"https:\/\/www.nettali.com\/2025\/09\/23\/crimes-de-guerre-crimes-contre-lhumanite-le-burkina-faso-le-mali-et-le-niger-annoncent-leur-retrait-de-la-cpi\/\"]}]},{\"@type\":\"BreadcrumbList\",\"@id\":\"https:\/\/www.nettali.com\/2025\/09\/23\/crimes-de-guerre-crimes-contre-lhumanite-le-burkina-faso-le-mali-et-le-niger-annoncent-leur-retrait-de-la-cpi\/#breadcrumb\",\"itemListElement\":[{\"@type\":\"ListItem\",\"position\":1,\"name\":\"Accueil\",\"item\":\"https:\/\/www.nettali.com\/\"},{\"@type\":\"ListItem\",\"position\":2,\"name\":\"CRIMES DE GUERRE, CRIMES CONTRE L'HUMANIT\\u00c9 - Le Burkina Faso, le Mali et le Niger annoncent leur retrait de la CPI\"}]},{\"@type\":\"Person\",\"@id\":\"https:\/\/www.nettali.com\/#\/schema\/person\/3317e0bb3aa1da309fbf7b2780901bf4\",\"name\":\"Daouda\",\"image\":{\"@type\":\"ImageObject\",\"@id\":\"https:\/\/www.nettali.com\/#personlogo\",\"inLanguage\":\"fr-FR\",\"url\":\"https:\/\/secure.gravatar.com\/avatar\/8d143b5a49345098ddcfee1c49c2f47c?s=96&d=mm&r=g\",\"contentUrl\":\"https:\/\/secure.gravatar.com\/avatar\/8d143b5a49345098ddcfee1c49c2f47c?s=96&d=mm&r=g\",\"caption\":\"Daouda\"},\"sameAs\":[\"https:\/\/www.nettali.com\"]}]}<\/script>\n<!-- \/ Yoast SEO Premium plugin. -->","yoast_head_json":{"title":"CRIMES DE GUERRE, CRIMES CONTRE L'HUMANIT\u00c9 - Le Burkina Faso, le Mali et le Niger annoncent leur retrait de la CPI | Nettali.com","robots":{"index":"index","follow":"follow","max-snippet":"max-snippet:-1","max-image-preview":"max-image-preview:large","max-video-preview":"max-video-preview:-1"},"canonical":"https:\/\/www.nettali.com\/2025\/09\/23\/crimes-de-guerre-crimes-contre-lhumanite-le-burkina-faso-le-mali-et-le-niger-annoncent-leur-retrait-de-la-cpi\/","og_locale":"fr_FR","og_type":"article","og_title":"CRIMES DE GUERRE, CRIMES CONTRE L'HUMANIT\u00c9 - Le Burkina Faso, le Mali et le Niger annoncent leur retrait de la CPI","og_description":"NETTALI.COM - Le Burkina Faso, le Mali et le Niger, trois pays sah\u00e9liens gouvern\u00e9s par des juntes militaires, ont annonc\u00e9 lundi soir leur retrait de la Cour p\u00e9nale internationale (CPI), d\u00e9non\u00e7ant un \"instrument de r\u00e9pression n\u00e9o-coloniale aux mains de l'imp\u00e9rialisme\". Ces pays qui ont \u00e0 leur t\u00eate des juntes autoritaires arriv\u00e9es au pouvoir par des [&hellip;]","og_url":"https:\/\/www.nettali.com\/2025\/09\/23\/crimes-de-guerre-crimes-contre-lhumanite-le-burkina-faso-le-mali-et-le-niger-annoncent-leur-retrait-de-la-cpi\/","og_site_name":"Nettali.com","article_publisher":"https:\/\/www.facebook.com\/nettalicom","article_published_time":"2025-09-23T07:23:31+00:00","og_image":[{"width":890,"height":488,"url":"https:\/\/www.nettali.com\/wp-content\/uploads\/2025\/09\/Capture-de\u0301cran-2025-09-23-a\u0300-07.21.03.png","type":"image\/png"}],"twitter_card":"summary_large_image","twitter_misc":{"\u00c9crit par":"Daouda","Dur\u00e9e de lecture estim\u00e9e":"3 minutes"},"schema":{"@context":"https:\/\/schema.org","@graph":[{"@type":"WebSite","@id":"https:\/\/www.nettali.com\/#website","url":"https:\/\/www.nettali.com\/","name":"Nettali.com","description":"Le rendez-vous critique du Net","potentialAction":[{"@type":"SearchAction","target":{"@type":"EntryPoint","urlTemplate":"https:\/\/www.nettali.com\/?s={search_term_string}"},"query-input":"required name=search_term_string"}],"inLanguage":"fr-FR"},{"@type":"ImageObject","@id":"https:\/\/www.nettali.com\/2025\/09\/23\/crimes-de-guerre-crimes-contre-lhumanite-le-burkina-faso-le-mali-et-le-niger-annoncent-leur-retrait-de-la-cpi\/#primaryimage","inLanguage":"fr-FR","url":"https:\/\/www.nettali.com\/wp-content\/uploads\/2025\/09\/Capture-de\u0301cran-2025-09-23-a\u0300-07.21.03.png","contentUrl":"https:\/\/www.nettali.com\/wp-content\/uploads\/2025\/09\/Capture-de\u0301cran-2025-09-23-a\u0300-07.21.03.png","width":890,"height":488},{"@type":"WebPage","@id":"https:\/\/www.nettali.com\/2025\/09\/23\/crimes-de-guerre-crimes-contre-lhumanite-le-burkina-faso-le-mali-et-le-niger-annoncent-leur-retrait-de-la-cpi\/#webpage","url":"https:\/\/www.nettali.com\/2025\/09\/23\/crimes-de-guerre-crimes-contre-lhumanite-le-burkina-faso-le-mali-et-le-niger-annoncent-leur-retrait-de-la-cpi\/","name":"CRIMES DE GUERRE, CRIMES CONTRE L'HUMANIT\u00c9 - Le Burkina Faso, le Mali et le Niger annoncent leur retrait de la CPI | Nettali.com","isPartOf":{"@id":"https:\/\/www.nettali.com\/#website"},"primaryImageOfPage":{"@id":"https:\/\/www.nettali.com\/2025\/09\/23\/crimes-de-guerre-crimes-contre-lhumanite-le-burkina-faso-le-mali-et-le-niger-annoncent-leur-retrait-de-la-cpi\/#primaryimage"},"datePublished":"2025-09-23T07:23:31+00:00","dateModified":"2025-09-23T07:23:31+00:00","author":{"@id":"https:\/\/www.nettali.com\/#\/schema\/person\/3317e0bb3aa1da309fbf7b2780901bf4"},"breadcrumb":{"@id":"https:\/\/www.nettali.com\/2025\/09\/23\/crimes-de-guerre-crimes-contre-lhumanite-le-burkina-faso-le-mali-et-le-niger-annoncent-leur-retrait-de-la-cpi\/#breadcrumb"},"inLanguage":"fr-FR","potentialAction":[{"@type":"ReadAction","target":["https:\/\/www.nettali.com\/2025\/09\/23\/crimes-de-guerre-crimes-contre-lhumanite-le-burkina-faso-le-mali-et-le-niger-annoncent-leur-retrait-de-la-cpi\/"]}]},{"@type":"BreadcrumbList","@id":"https:\/\/www.nettali.com\/2025\/09\/23\/crimes-de-guerre-crimes-contre-lhumanite-le-burkina-faso-le-mali-et-le-niger-annoncent-leur-retrait-de-la-cpi\/#breadcrumb","itemListElement":[{"@type":"ListItem","position":1,"name":"Accueil","item":"https:\/\/www.nettali.com\/"},{"@type":"ListItem","position":2,"name":"CRIMES DE GUERRE, CRIMES CONTRE L'HUMANIT\u00c9 - Le Burkina Faso, le Mali et le Niger annoncent leur retrait de la CPI"}]},{"@type":"Person","@id":"https:\/\/www.nettali.com\/#\/schema\/person\/3317e0bb3aa1da309fbf7b2780901bf4","name":"Daouda","image":{"@type":"ImageObject","@id":"https:\/\/www.nettali.com\/#personlogo","inLanguage":"fr-FR","url":"https:\/\/secure.gravatar.com\/avatar\/8d143b5a49345098ddcfee1c49c2f47c?s=96&d=mm&r=g","contentUrl":"https:\/\/secure.gravatar.com\/avatar\/8d143b5a49345098ddcfee1c49c2f47c?s=96&d=mm&r=g","caption":"Daouda"},"sameAs":["https:\/\/www.nettali.com"]}]}},"_links":{"self":[{"href":"https:\/\/www.nettali.com\/rest\/wp\/v2\/posts\/161727"}],"collection":[{"href":"https:\/\/www.nettali.com\/rest\/wp\/v2\/posts"}],"about":[{"href":"https:\/\/www.nettali.com\/rest\/wp\/v2\/types\/post"}],"author":[{"embeddable":true,"href":"https:\/\/www.nettali.com\/rest\/wp\/v2\/users\/4"}],"replies":[{"embeddable":true,"href":"https:\/\/www.nettali.com\/rest\/wp\/v2\/comments?post=161727"}],"version-history":[{"count":1,"href":"https:\/\/www.nettali.com\/rest\/wp\/v2\/posts\/161727\/revisions"}],"predecessor-version":[{"id":161729,"href":"https:\/\/www.nettali.com\/rest\/wp\/v2\/posts\/161727\/revisions\/161729"}],"wp:featuredmedia":[{"embeddable":true,"href":"https:\/\/www.nettali.com\/rest\/wp\/v2\/media\/161728"}],"wp:attachment":[{"href":"https:\/\/www.nettali.com\/rest\/wp\/v2\/media?parent=161727"}],"wp:term":[{"taxonomy":"category","embeddable":true,"href":"https:\/\/www.nettali.com\/rest\/wp\/v2\/categories?post=161727"},{"taxonomy":"post_tag","embeddable":true,"href":"https:\/\/www.nettali.com\/rest\/wp\/v2\/tags?post=161727"}],"curies":[{"name":"wp","href":"https:\/\/api.w.org\/{rel}","templated":true}]}}