{"id":161722,"date":"2025-09-23T06:10:33","date_gmt":"2025-09-23T06:10:33","guid":{"rendered":"https:\/\/www.nettali.com\/?p=161722"},"modified":"2025-09-23T07:25:09","modified_gmt":"2025-09-23T07:25:09","slug":"dossier-mansour-faye-aminata-assome-diatta-entendue-par-la-haute-cour-de-justice-comme-temoin","status":"publish","type":"post","link":"https:\/\/www.nettali.com\/2025\/09\/23\/dossier-mansour-faye-aminata-assome-diatta-entendue-par-la-haute-cour-de-justice-comme-temoin\/","title":{"rendered":"DOSSIER MANSOUR FAYE - Aminata Assome Diatta entendue par la Haute Cour de Justice comme t\u00e9moin"},"content":{"rendered":"<p data-start=\"246\" data-end=\"627\"><strong>NETTALI.COM - La Haute Cour de Justice, pr\u00e9sid\u00e9e par le Premier pr\u00e9sident de la Cour d\u2019appel de Dakar, Abdoulaye Ba, poursuit ses investigations dans le cadre de la reddition des comptes li\u00e9s aux fonds Force Covid-19. Selon nos informations, la commission d\u2019instruction a proc\u00e9d\u00e9, ce lundi, \u00e0 l\u2019audition d\u2019Aminata Assome Diatta, ancienne ministre du Commerce.<\/strong><\/p>\n<p data-start=\"629\" data-end=\"1043\">Entendue en qualit\u00e9 de t\u00e9moin, Mme Diatta avait r\u00e9cemment contest\u00e9 certains \u00e9l\u00e9ments du rapport de la Cour des comptes, lequel a mis en lumi\u00e8re de graves irr\u00e9gularit\u00e9s dans la gestion des fonds. L\u2019organe de contr\u00f4le a notamment relev\u00e9 d\u2019importantes surfacturations lors de l\u2019achat de riz destin\u00e9 aux m\u00e9nages vuln\u00e9rables, au niveau du minist\u00e8re du D\u00e9veloppement communautaire, de l\u2019\u00c9quit\u00e9 sociale et territoriale.<\/p>\n<p data-start=\"1045\" data-end=\"1425\">Au centre du dossier, l\u2019ancien ministre Mansour Faye, \u00e9crou\u00e9 depuis le 26 mai 2025. L\u2019ex-\u00e9dile de Saint-Louis fait face \u00e0 une batterie de chefs d\u2019accusation : association de malfaiteurs, concussion, corruption, prise ill\u00e9gale d\u2019int\u00e9r\u00eats, faux et usage de faux en \u00e9critures priv\u00e9es de commerce ou de banque, d\u00e9tournement de deniers publics, blanchiment de capitaux et complicit\u00e9.<\/p>\n<p data-start=\"1427\" data-end=\"1706\">L\u2019affaire, qui porte sur une commande de riz \u00e9valu\u00e9e \u00e0 2,749 milliards de FCFA, reste l\u2019un des volets les plus embl\u00e9matiques du proc\u00e8s de la gestion des fonds Force Covid-19, symbole des d\u00e9rives pr\u00e9sum\u00e9es dans l\u2019utilisation des ressources publiques au plus fort de la pand\u00e9mie.<\/p>\n<div class='share-to-whatsapp-wrapper'><div class='share-on-whsp'>PARTAGER SUR : <\/div><a data-text='DOSSIER MANSOUR FAYE - Aminata Assome Diatta entendue par la Haute Cour de Justice comme t\u00e9moin' data-link='https:\/\/www.nettali.com\/2025\/09\/23\/dossier-mansour-faye-aminata-assome-diatta-entendue-par-la-haute-cour-de-justice-comme-temoin\/' class='whatsapp-button whatsapp-share'>WhatsApp<\/a><div class='clear '><\/div><\/div>","protected":false},"excerpt":{"rendered":"<p>NETTALI.COM - La Haute Cour de Justice, pr\u00e9sid\u00e9e par le Premier pr\u00e9sident de la Cour d\u2019appel de Dakar, Abdoulaye Ba, poursuit ses investigations dans le cadre de la reddition des comptes li\u00e9s aux fonds Force Covid-19. Selon nos informations, la commission d\u2019instruction a proc\u00e9d\u00e9, ce lundi, \u00e0 l\u2019audition d\u2019Aminata Assome Diatta, ancienne ministre du Commerce. [&hellip;]<\/p>\n","protected":false},"author":4,"featured_media":98621,"comment_status":"open","ping_status":"open","sticky":false,"template":"","format":"standard","meta":{"_et_pb_use_builder":"","_et_pb_old_content":""},"categories":[3],"tags":[],"yoast_head":"<!-- This site is optimized with the Yoast SEO Premium plugin v17.8 (Yoast SEO v17.8) - https:\/\/yoast.com\/wordpress\/plugins\/seo\/ -->\n<title>DOSSIER MANSOUR FAYE - Aminata Assome Diatta entendue par la Haute Cour de Justice comme t\u00e9moin | Nettali.com<\/title>\n<meta name=\"robots\" content=\"index, follow, max-snippet:-1, max-image-preview:large, max-video-preview:-1\" \/>\n<link rel=\"canonical\" href=\"https:\/\/www.nettali.com\/2025\/09\/23\/dossier-mansour-faye-aminata-assome-diatta-entendue-par-la-haute-cour-de-justice-comme-temoin\/\" \/>\n<meta property=\"og:locale\" content=\"fr_FR\" \/>\n<meta property=\"og:type\" content=\"article\" \/>\n<meta property=\"og:title\" content=\"DOSSIER MANSOUR FAYE - Aminata Assome Diatta entendue par la Haute Cour de Justice comme t\u00e9moin\" \/>\n<meta property=\"og:description\" content=\"NETTALI.COM - La Haute Cour de Justice, pr\u00e9sid\u00e9e par le Premier pr\u00e9sident de la Cour d\u2019appel de Dakar, Abdoulaye Ba, poursuit ses investigations dans le cadre de la reddition des comptes li\u00e9s aux fonds Force Covid-19. Selon nos informations, la commission d\u2019instruction a proc\u00e9d\u00e9, ce lundi, \u00e0 l\u2019audition d\u2019Aminata Assome Diatta, ancienne ministre du Commerce. [&hellip;]\" \/>\n<meta property=\"og:url\" content=\"https:\/\/www.nettali.com\/2025\/09\/23\/dossier-mansour-faye-aminata-assome-diatta-entendue-par-la-haute-cour-de-justice-comme-temoin\/\" \/>\n<meta property=\"og:site_name\" content=\"Nettali.com\" \/>\n<meta property=\"article:publisher\" content=\"https:\/\/www.facebook.com\/nettalicom\" \/>\n<meta property=\"article:published_time\" content=\"2025-09-23T06:10:33+00:00\" \/>\n<meta property=\"article:modified_time\" content=\"2025-09-23T07:25:09+00:00\" \/>\n<meta property=\"og:image\" content=\"https:\/\/www.nettali.com\/wp-content\/uploads\/2022\/11\/aminata_assome_diatta_ministre_du_commerce.jpg\" \/>\n\t<meta property=\"og:image:width\" content=\"800\" \/>\n\t<meta property=\"og:image:height\" content=\"479\" \/>\n<meta name=\"twitter:card\" content=\"summary_large_image\" \/>\n<meta name=\"twitter:label1\" content=\"\u00c9crit par\" \/>\n\t<meta name=\"twitter:data1\" content=\"Daouda\" \/>\n\t<meta name=\"twitter:label2\" content=\"Dur\u00e9e de lecture estim\u00e9e\" \/>\n\t<meta name=\"twitter:data2\" content=\"2 minutes\" \/>\n<script type=\"application\/ld+json\" class=\"yoast-schema-graph\">{\"@context\":\"https:\/\/schema.org\",\"@graph\":[{\"@type\":\"WebSite\",\"@id\":\"https:\/\/www.nettali.com\/#website\",\"url\":\"https:\/\/www.nettali.com\/\",\"name\":\"Nettali.com\",\"description\":\"Le rendez-vous critique du Net\",\"potentialAction\":[{\"@type\":\"SearchAction\",\"target\":{\"@type\":\"EntryPoint\",\"urlTemplate\":\"https:\/\/www.nettali.com\/?s={search_term_string}\"},\"query-input\":\"required name=search_term_string\"}],\"inLanguage\":\"fr-FR\"},{\"@type\":\"ImageObject\",\"@id\":\"https:\/\/www.nettali.com\/2025\/09\/23\/dossier-mansour-faye-aminata-assome-diatta-entendue-par-la-haute-cour-de-justice-comme-temoin\/#primaryimage\",\"inLanguage\":\"fr-FR\",\"url\":\"https:\/\/www.nettali.com\/wp-content\/uploads\/2022\/11\/aminata_assome_diatta_ministre_du_commerce.jpg\",\"contentUrl\":\"https:\/\/www.nettali.com\/wp-content\/uploads\/2022\/11\/aminata_assome_diatta_ministre_du_commerce.jpg\",\"width\":800,\"height\":479},{\"@type\":\"WebPage\",\"@id\":\"https:\/\/www.nettali.com\/2025\/09\/23\/dossier-mansour-faye-aminata-assome-diatta-entendue-par-la-haute-cour-de-justice-comme-temoin\/#webpage\",\"url\":\"https:\/\/www.nettali.com\/2025\/09\/23\/dossier-mansour-faye-aminata-assome-diatta-entendue-par-la-haute-cour-de-justice-comme-temoin\/\",\"name\":\"DOSSIER MANSOUR FAYE - Aminata Assome Diatta entendue par la Haute Cour de Justice comme t\\u00e9moin | Nettali.com\",\"isPartOf\":{\"@id\":\"https:\/\/www.nettali.com\/#website\"},\"primaryImageOfPage\":{\"@id\":\"https:\/\/www.nettali.com\/2025\/09\/23\/dossier-mansour-faye-aminata-assome-diatta-entendue-par-la-haute-cour-de-justice-comme-temoin\/#primaryimage\"},\"datePublished\":\"2025-09-23T06:10:33+00:00\",\"dateModified\":\"2025-09-23T07:25:09+00:00\",\"author\":{\"@id\":\"https:\/\/www.nettali.com\/#\/schema\/person\/3317e0bb3aa1da309fbf7b2780901bf4\"},\"breadcrumb\":{\"@id\":\"https:\/\/www.nettali.com\/2025\/09\/23\/dossier-mansour-faye-aminata-assome-diatta-entendue-par-la-haute-cour-de-justice-comme-temoin\/#breadcrumb\"},\"inLanguage\":\"fr-FR\",\"potentialAction\":[{\"@type\":\"ReadAction\",\"target\":[\"https:\/\/www.nettali.com\/2025\/09\/23\/dossier-mansour-faye-aminata-assome-diatta-entendue-par-la-haute-cour-de-justice-comme-temoin\/\"]}]},{\"@type\":\"BreadcrumbList\",\"@id\":\"https:\/\/www.nettali.com\/2025\/09\/23\/dossier-mansour-faye-aminata-assome-diatta-entendue-par-la-haute-cour-de-justice-comme-temoin\/#breadcrumb\",\"itemListElement\":[{\"@type\":\"ListItem\",\"position\":1,\"name\":\"Accueil\",\"item\":\"https:\/\/www.nettali.com\/\"},{\"@type\":\"ListItem\",\"position\":2,\"name\":\"DOSSIER MANSOUR FAYE - Aminata Assome Diatta entendue par la Haute Cour de Justice comme t\\u00e9moin\"}]},{\"@type\":\"Person\",\"@id\":\"https:\/\/www.nettali.com\/#\/schema\/person\/3317e0bb3aa1da309fbf7b2780901bf4\",\"name\":\"Daouda\",\"image\":{\"@type\":\"ImageObject\",\"@id\":\"https:\/\/www.nettali.com\/#personlogo\",\"inLanguage\":\"fr-FR\",\"url\":\"https:\/\/secure.gravatar.com\/avatar\/8d143b5a49345098ddcfee1c49c2f47c?s=96&d=mm&r=g\",\"contentUrl\":\"https:\/\/secure.gravatar.com\/avatar\/8d143b5a49345098ddcfee1c49c2f47c?s=96&d=mm&r=g\",\"caption\":\"Daouda\"},\"sameAs\":[\"https:\/\/www.nettali.com\"]}]}<\/script>\n<!-- \/ Yoast SEO Premium plugin. -->","yoast_head_json":{"title":"DOSSIER MANSOUR FAYE - Aminata Assome Diatta entendue par la Haute Cour de Justice comme t\u00e9moin | Nettali.com","robots":{"index":"index","follow":"follow","max-snippet":"max-snippet:-1","max-image-preview":"max-image-preview:large","max-video-preview":"max-video-preview:-1"},"canonical":"https:\/\/www.nettali.com\/2025\/09\/23\/dossier-mansour-faye-aminata-assome-diatta-entendue-par-la-haute-cour-de-justice-comme-temoin\/","og_locale":"fr_FR","og_type":"article","og_title":"DOSSIER MANSOUR FAYE - Aminata Assome Diatta entendue par la Haute Cour de Justice comme t\u00e9moin","og_description":"NETTALI.COM - La Haute Cour de Justice, pr\u00e9sid\u00e9e par le Premier pr\u00e9sident de la Cour d\u2019appel de Dakar, Abdoulaye Ba, poursuit ses investigations dans le cadre de la reddition des comptes li\u00e9s aux fonds Force Covid-19. Selon nos informations, la commission d\u2019instruction a proc\u00e9d\u00e9, ce lundi, \u00e0 l\u2019audition d\u2019Aminata Assome Diatta, ancienne ministre du Commerce. [&hellip;]","og_url":"https:\/\/www.nettali.com\/2025\/09\/23\/dossier-mansour-faye-aminata-assome-diatta-entendue-par-la-haute-cour-de-justice-comme-temoin\/","og_site_name":"Nettali.com","article_publisher":"https:\/\/www.facebook.com\/nettalicom","article_published_time":"2025-09-23T06:10:33+00:00","article_modified_time":"2025-09-23T07:25:09+00:00","og_image":[{"width":800,"height":479,"url":"https:\/\/www.nettali.com\/wp-content\/uploads\/2022\/11\/aminata_assome_diatta_ministre_du_commerce.jpg","type":"image\/jpeg"}],"twitter_card":"summary_large_image","twitter_misc":{"\u00c9crit par":"Daouda","Dur\u00e9e de lecture estim\u00e9e":"2 minutes"},"schema":{"@context":"https:\/\/schema.org","@graph":[{"@type":"WebSite","@id":"https:\/\/www.nettali.com\/#website","url":"https:\/\/www.nettali.com\/","name":"Nettali.com","description":"Le rendez-vous critique du Net","potentialAction":[{"@type":"SearchAction","target":{"@type":"EntryPoint","urlTemplate":"https:\/\/www.nettali.com\/?s={search_term_string}"},"query-input":"required name=search_term_string"}],"inLanguage":"fr-FR"},{"@type":"ImageObject","@id":"https:\/\/www.nettali.com\/2025\/09\/23\/dossier-mansour-faye-aminata-assome-diatta-entendue-par-la-haute-cour-de-justice-comme-temoin\/#primaryimage","inLanguage":"fr-FR","url":"https:\/\/www.nettali.com\/wp-content\/uploads\/2022\/11\/aminata_assome_diatta_ministre_du_commerce.jpg","contentUrl":"https:\/\/www.nettali.com\/wp-content\/uploads\/2022\/11\/aminata_assome_diatta_ministre_du_commerce.jpg","width":800,"height":479},{"@type":"WebPage","@id":"https:\/\/www.nettali.com\/2025\/09\/23\/dossier-mansour-faye-aminata-assome-diatta-entendue-par-la-haute-cour-de-justice-comme-temoin\/#webpage","url":"https:\/\/www.nettali.com\/2025\/09\/23\/dossier-mansour-faye-aminata-assome-diatta-entendue-par-la-haute-cour-de-justice-comme-temoin\/","name":"DOSSIER MANSOUR FAYE - Aminata Assome Diatta entendue par la Haute Cour de Justice comme t\u00e9moin | Nettali.com","isPartOf":{"@id":"https:\/\/www.nettali.com\/#website"},"primaryImageOfPage":{"@id":"https:\/\/www.nettali.com\/2025\/09\/23\/dossier-mansour-faye-aminata-assome-diatta-entendue-par-la-haute-cour-de-justice-comme-temoin\/#primaryimage"},"datePublished":"2025-09-23T06:10:33+00:00","dateModified":"2025-09-23T07:25:09+00:00","author":{"@id":"https:\/\/www.nettali.com\/#\/schema\/person\/3317e0bb3aa1da309fbf7b2780901bf4"},"breadcrumb":{"@id":"https:\/\/www.nettali.com\/2025\/09\/23\/dossier-mansour-faye-aminata-assome-diatta-entendue-par-la-haute-cour-de-justice-comme-temoin\/#breadcrumb"},"inLanguage":"fr-FR","potentialAction":[{"@type":"ReadAction","target":["https:\/\/www.nettali.com\/2025\/09\/23\/dossier-mansour-faye-aminata-assome-diatta-entendue-par-la-haute-cour-de-justice-comme-temoin\/"]}]},{"@type":"BreadcrumbList","@id":"https:\/\/www.nettali.com\/2025\/09\/23\/dossier-mansour-faye-aminata-assome-diatta-entendue-par-la-haute-cour-de-justice-comme-temoin\/#breadcrumb","itemListElement":[{"@type":"ListItem","position":1,"name":"Accueil","item":"https:\/\/www.nettali.com\/"},{"@type":"ListItem","position":2,"name":"DOSSIER MANSOUR FAYE - Aminata Assome Diatta entendue par la Haute Cour de Justice comme t\u00e9moin"}]},{"@type":"Person","@id":"https:\/\/www.nettali.com\/#\/schema\/person\/3317e0bb3aa1da309fbf7b2780901bf4","name":"Daouda","image":{"@type":"ImageObject","@id":"https:\/\/www.nettali.com\/#personlogo","inLanguage":"fr-FR","url":"https:\/\/secure.gravatar.com\/avatar\/8d143b5a49345098ddcfee1c49c2f47c?s=96&d=mm&r=g","contentUrl":"https:\/\/secure.gravatar.com\/avatar\/8d143b5a49345098ddcfee1c49c2f47c?s=96&d=mm&r=g","caption":"Daouda"},"sameAs":["https:\/\/www.nettali.com"]}]}},"_links":{"self":[{"href":"https:\/\/www.nettali.com\/rest\/wp\/v2\/posts\/161722"}],"collection":[{"href":"https:\/\/www.nettali.com\/rest\/wp\/v2\/posts"}],"about":[{"href":"https:\/\/www.nettali.com\/rest\/wp\/v2\/types\/post"}],"author":[{"embeddable":true,"href":"https:\/\/www.nettali.com\/rest\/wp\/v2\/users\/4"}],"replies":[{"embeddable":true,"href":"https:\/\/www.nettali.com\/rest\/wp\/v2\/comments?post=161722"}],"version-history":[{"count":1,"href":"https:\/\/www.nettali.com\/rest\/wp\/v2\/posts\/161722\/revisions"}],"predecessor-version":[{"id":161723,"href":"https:\/\/www.nettali.com\/rest\/wp\/v2\/posts\/161722\/revisions\/161723"}],"wp:featuredmedia":[{"embeddable":true,"href":"https:\/\/www.nettali.com\/rest\/wp\/v2\/media\/98621"}],"wp:attachment":[{"href":"https:\/\/www.nettali.com\/rest\/wp\/v2\/media?parent=161722"}],"wp:term":[{"taxonomy":"category","embeddable":true,"href":"https:\/\/www.nettali.com\/rest\/wp\/v2\/categories?post=161722"},{"taxonomy":"post_tag","embeddable":true,"href":"https:\/\/www.nettali.com\/rest\/wp\/v2\/tags?post=161722"}],"curies":[{"name":"wp","href":"https:\/\/api.w.org\/{rel}","templated":true}]}}