{"id":161716,"date":"2025-09-23T07:02:05","date_gmt":"2025-09-23T07:02:05","guid":{"rendered":"https:\/\/www.nettali.com\/?p=161716"},"modified":"2025-09-23T07:02:05","modified_gmt":"2025-09-23T07:02:05","slug":"onu-bassirou-diomaye-faye-denonce-une-tragedie-aux-allures-de-nettoyage-ethnique-a-gaza","status":"publish","type":"post","link":"https:\/\/www.nettali.com\/2025\/09\/23\/onu-bassirou-diomaye-faye-denonce-une-tragedie-aux-allures-de-nettoyage-ethnique-a-gaza\/","title":{"rendered":"ONU - Bassirou Diomaye Faye d\u00e9nonce \u00ab une trag\u00e9die aux allures de nettoyage ethnique \u00bb \u00e0 Gaza"},"content":{"rendered":"<p data-start=\"213\" data-end=\"630\"><strong>NETTALI.COM - Le pr\u00e9sident s\u00e9n\u00e9galais, Bassirou Diomaye Faye, a livr\u00e9 un discours particuli\u00e8rement ferme ce lundi \u00e0 la tribune de la 80\u1d49 Assembl\u00e9e g\u00e9n\u00e9rale des Nations Unies, fustigeant la situation humanitaire dans la bande de Gaza. Il a condamn\u00e9 \u00ab sans d\u00e9tour \u00bb les bombardements isra\u00e9liens et l\u2019occupation prolong\u00e9e des territoires palestiniens, parlant d\u2019une \u00ab trag\u00e9die indescriptible aux allures de nettoyage ethnique \u00bb.<\/strong><\/p>\n<p data-start=\"632\" data-end=\"824\"><em>\u00ab Devant un tel \u00e9tat d\u2019inhumanit\u00e9, se taire, ne pas agir, ce n\u2019est pas une option ; ce serait m\u00eame une complicit\u00e9 passive \u00bb<\/em>, a lanc\u00e9 le chef de l\u2019\u00c9tat, dans une atmosph\u00e8re lourde de silence.<\/p>\n<p data-start=\"826\" data-end=\"1166\">Rappelant l\u2019attachement du S\u00e9n\u00e9gal aux principes fondateurs des Nations Unies \u2013 paix, droits humains, respect du droit international \u2013 Diomaye Faye a d\u00e9plor\u00e9 que ces valeurs soient <em>\u00ab an\u00e9anties dans les d\u00e9combres de Gaza \u00bb<\/em>. Selon lui, ce qui se joue en Palestine d\u00e9passe le cadre r\u00e9gional : <em>\u00ab c\u2019est une question d\u2019humanit\u00e9 et de justice \u00bb<\/em>.<\/p>\n<p data-start=\"1168\" data-end=\"1519\">Le pr\u00e9sident s\u00e9n\u00e9galais a plaid\u00e9 pour une solution politique durable, fond\u00e9e sur la cr\u00e9ation de deux \u00c9tats vivant c\u00f4te \u00e0 c\u00f4te, dans le respect de fronti\u00e8res s\u00fbres et reconnues. Il a appel\u00e9 \u00e0 un cessez-le-feu imm\u00e9diat, exhortant Isra\u00ebl \u00e0 \u00ab arr\u00eater ses bombardements \u00bb et \u00e0 permettre l\u2019acheminement de l\u2019aide humanitaire sous l\u2019\u00e9gide de l\u2019ONU.<\/p>\n<p data-start=\"1521\" data-end=\"1714\">Bassirou Diomaye Faye a \u00e9galement salu\u00e9 les pays ayant r\u00e9cemment reconnu l\u2019\u00c9tat de Palestine, estimant que cette dynamique marque un pas d\u00e9cisif vers la paix et la souverainet\u00e9 palestinienne.<\/p>\n<p data-start=\"1716\" data-end=\"1984\">Avec cette prise de position tranch\u00e9e, le pr\u00e9sident s\u00e9n\u00e9galais s\u2019inscrit dans la continuit\u00e9 d\u2019une diplomatie engag\u00e9e en faveur des peuples opprim\u00e9s, tout en affirmant le r\u00f4le que peut jouer l\u2019Afrique dans la d\u00e9fense des causes justes sur la sc\u00e8ne internationale.<\/p>\n<div class='share-to-whatsapp-wrapper'><div class='share-on-whsp'>PARTAGER SUR : <\/div><a data-text='ONU - Bassirou Diomaye Faye d\u00e9nonce \u00ab une trag\u00e9die aux allures de nettoyage ethnique \u00bb \u00e0 Gaza' data-link='https:\/\/www.nettali.com\/2025\/09\/23\/onu-bassirou-diomaye-faye-denonce-une-tragedie-aux-allures-de-nettoyage-ethnique-a-gaza\/' class='whatsapp-button whatsapp-share'>WhatsApp<\/a><div class='clear '><\/div><\/div>","protected":false},"excerpt":{"rendered":"<p>NETTALI.COM - Le pr\u00e9sident s\u00e9n\u00e9galais, Bassirou Diomaye Faye, a livr\u00e9 un discours particuli\u00e8rement ferme ce lundi \u00e0 la tribune de la 80\u1d49 Assembl\u00e9e g\u00e9n\u00e9rale des Nations Unies, fustigeant la situation humanitaire dans la bande de Gaza. Il a condamn\u00e9 \u00ab sans d\u00e9tour \u00bb les bombardements isra\u00e9liens et l\u2019occupation prolong\u00e9e des territoires palestiniens, parlant d\u2019une \u00ab [&hellip;]<\/p>\n","protected":false},"author":4,"featured_media":161719,"comment_status":"open","ping_status":"open","sticky":false,"template":"","format":"standard","meta":{"_et_pb_use_builder":"","_et_pb_old_content":""},"categories":[2],"tags":[],"yoast_head":"<!-- This site is optimized with the Yoast SEO Premium plugin v17.8 (Yoast SEO v17.8) - https:\/\/yoast.com\/wordpress\/plugins\/seo\/ -->\n<title>ONU - Bassirou Diomaye Faye d\u00e9nonce \u00ab une trag\u00e9die aux allures de nettoyage ethnique \u00bb \u00e0 Gaza | Nettali.com<\/title>\n<meta name=\"robots\" content=\"index, follow, max-snippet:-1, max-image-preview:large, max-video-preview:-1\" \/>\n<link rel=\"canonical\" href=\"https:\/\/www.nettali.com\/2025\/09\/23\/onu-bassirou-diomaye-faye-denonce-une-tragedie-aux-allures-de-nettoyage-ethnique-a-gaza\/\" \/>\n<meta property=\"og:locale\" content=\"fr_FR\" \/>\n<meta property=\"og:type\" content=\"article\" \/>\n<meta property=\"og:title\" content=\"ONU - Bassirou Diomaye Faye d\u00e9nonce \u00ab une trag\u00e9die aux allures de nettoyage ethnique \u00bb \u00e0 Gaza\" \/>\n<meta property=\"og:description\" content=\"NETTALI.COM - Le pr\u00e9sident s\u00e9n\u00e9galais, Bassirou Diomaye Faye, a livr\u00e9 un discours particuli\u00e8rement ferme ce lundi \u00e0 la tribune de la 80\u1d49 Assembl\u00e9e g\u00e9n\u00e9rale des Nations Unies, fustigeant la situation humanitaire dans la bande de Gaza. Il a condamn\u00e9 \u00ab sans d\u00e9tour \u00bb les bombardements isra\u00e9liens et l\u2019occupation prolong\u00e9e des territoires palestiniens, parlant d\u2019une \u00ab [&hellip;]\" \/>\n<meta property=\"og:url\" content=\"https:\/\/www.nettali.com\/2025\/09\/23\/onu-bassirou-diomaye-faye-denonce-une-tragedie-aux-allures-de-nettoyage-ethnique-a-gaza\/\" \/>\n<meta property=\"og:site_name\" content=\"Nettali.com\" \/>\n<meta property=\"article:publisher\" content=\"https:\/\/www.facebook.com\/nettalicom\" \/>\n<meta property=\"article:published_time\" content=\"2025-09-23T07:02:05+00:00\" \/>\n<meta property=\"og:image\" content=\"https:\/\/www.nettali.com\/wp-content\/uploads\/2025\/09\/Diomay.jpg\" \/>\n\t<meta property=\"og:image:width\" content=\"1280\" \/>\n\t<meta property=\"og:image:height\" content=\"853\" \/>\n<meta name=\"twitter:card\" content=\"summary_large_image\" \/>\n<meta name=\"twitter:label1\" content=\"\u00c9crit par\" \/>\n\t<meta name=\"twitter:data1\" content=\"Daouda\" \/>\n\t<meta name=\"twitter:label2\" content=\"Dur\u00e9e de lecture estim\u00e9e\" \/>\n\t<meta name=\"twitter:data2\" content=\"2 minutes\" \/>\n<script type=\"application\/ld+json\" class=\"yoast-schema-graph\">{\"@context\":\"https:\/\/schema.org\",\"@graph\":[{\"@type\":\"WebSite\",\"@id\":\"https:\/\/www.nettali.com\/#website\",\"url\":\"https:\/\/www.nettali.com\/\",\"name\":\"Nettali.com\",\"description\":\"Le rendez-vous critique du Net\",\"potentialAction\":[{\"@type\":\"SearchAction\",\"target\":{\"@type\":\"EntryPoint\",\"urlTemplate\":\"https:\/\/www.nettali.com\/?s={search_term_string}\"},\"query-input\":\"required name=search_term_string\"}],\"inLanguage\":\"fr-FR\"},{\"@type\":\"ImageObject\",\"@id\":\"https:\/\/www.nettali.com\/2025\/09\/23\/onu-bassirou-diomaye-faye-denonce-une-tragedie-aux-allures-de-nettoyage-ethnique-a-gaza\/#primaryimage\",\"inLanguage\":\"fr-FR\",\"url\":\"https:\/\/www.nettali.com\/wp-content\/uploads\/2025\/09\/Diomay.jpg\",\"contentUrl\":\"https:\/\/www.nettali.com\/wp-content\/uploads\/2025\/09\/Diomay.jpg\",\"width\":1280,\"height\":853},{\"@type\":\"WebPage\",\"@id\":\"https:\/\/www.nettali.com\/2025\/09\/23\/onu-bassirou-diomaye-faye-denonce-une-tragedie-aux-allures-de-nettoyage-ethnique-a-gaza\/#webpage\",\"url\":\"https:\/\/www.nettali.com\/2025\/09\/23\/onu-bassirou-diomaye-faye-denonce-une-tragedie-aux-allures-de-nettoyage-ethnique-a-gaza\/\",\"name\":\"ONU - Bassirou Diomaye Faye d\\u00e9nonce \\u00ab une trag\\u00e9die aux allures de nettoyage ethnique \\u00bb \\u00e0 Gaza | Nettali.com\",\"isPartOf\":{\"@id\":\"https:\/\/www.nettali.com\/#website\"},\"primaryImageOfPage\":{\"@id\":\"https:\/\/www.nettali.com\/2025\/09\/23\/onu-bassirou-diomaye-faye-denonce-une-tragedie-aux-allures-de-nettoyage-ethnique-a-gaza\/#primaryimage\"},\"datePublished\":\"2025-09-23T07:02:05+00:00\",\"dateModified\":\"2025-09-23T07:02:05+00:00\",\"author\":{\"@id\":\"https:\/\/www.nettali.com\/#\/schema\/person\/3317e0bb3aa1da309fbf7b2780901bf4\"},\"breadcrumb\":{\"@id\":\"https:\/\/www.nettali.com\/2025\/09\/23\/onu-bassirou-diomaye-faye-denonce-une-tragedie-aux-allures-de-nettoyage-ethnique-a-gaza\/#breadcrumb\"},\"inLanguage\":\"fr-FR\",\"potentialAction\":[{\"@type\":\"ReadAction\",\"target\":[\"https:\/\/www.nettali.com\/2025\/09\/23\/onu-bassirou-diomaye-faye-denonce-une-tragedie-aux-allures-de-nettoyage-ethnique-a-gaza\/\"]}]},{\"@type\":\"BreadcrumbList\",\"@id\":\"https:\/\/www.nettali.com\/2025\/09\/23\/onu-bassirou-diomaye-faye-denonce-une-tragedie-aux-allures-de-nettoyage-ethnique-a-gaza\/#breadcrumb\",\"itemListElement\":[{\"@type\":\"ListItem\",\"position\":1,\"name\":\"Accueil\",\"item\":\"https:\/\/www.nettali.com\/\"},{\"@type\":\"ListItem\",\"position\":2,\"name\":\"ONU - Bassirou Diomaye Faye d\\u00e9nonce \\u00ab une trag\\u00e9die aux allures de nettoyage ethnique \\u00bb \\u00e0 Gaza\"}]},{\"@type\":\"Person\",\"@id\":\"https:\/\/www.nettali.com\/#\/schema\/person\/3317e0bb3aa1da309fbf7b2780901bf4\",\"name\":\"Daouda\",\"image\":{\"@type\":\"ImageObject\",\"@id\":\"https:\/\/www.nettali.com\/#personlogo\",\"inLanguage\":\"fr-FR\",\"url\":\"https:\/\/secure.gravatar.com\/avatar\/8d143b5a49345098ddcfee1c49c2f47c?s=96&d=mm&r=g\",\"contentUrl\":\"https:\/\/secure.gravatar.com\/avatar\/8d143b5a49345098ddcfee1c49c2f47c?s=96&d=mm&r=g\",\"caption\":\"Daouda\"},\"sameAs\":[\"https:\/\/www.nettali.com\"]}]}<\/script>\n<!-- \/ Yoast SEO Premium plugin. -->","yoast_head_json":{"title":"ONU - Bassirou Diomaye Faye d\u00e9nonce \u00ab une trag\u00e9die aux allures de nettoyage ethnique \u00bb \u00e0 Gaza | Nettali.com","robots":{"index":"index","follow":"follow","max-snippet":"max-snippet:-1","max-image-preview":"max-image-preview:large","max-video-preview":"max-video-preview:-1"},"canonical":"https:\/\/www.nettali.com\/2025\/09\/23\/onu-bassirou-diomaye-faye-denonce-une-tragedie-aux-allures-de-nettoyage-ethnique-a-gaza\/","og_locale":"fr_FR","og_type":"article","og_title":"ONU - Bassirou Diomaye Faye d\u00e9nonce \u00ab une trag\u00e9die aux allures de nettoyage ethnique \u00bb \u00e0 Gaza","og_description":"NETTALI.COM - Le pr\u00e9sident s\u00e9n\u00e9galais, Bassirou Diomaye Faye, a livr\u00e9 un discours particuli\u00e8rement ferme ce lundi \u00e0 la tribune de la 80\u1d49 Assembl\u00e9e g\u00e9n\u00e9rale des Nations Unies, fustigeant la situation humanitaire dans la bande de Gaza. Il a condamn\u00e9 \u00ab sans d\u00e9tour \u00bb les bombardements isra\u00e9liens et l\u2019occupation prolong\u00e9e des territoires palestiniens, parlant d\u2019une \u00ab [&hellip;]","og_url":"https:\/\/www.nettali.com\/2025\/09\/23\/onu-bassirou-diomaye-faye-denonce-une-tragedie-aux-allures-de-nettoyage-ethnique-a-gaza\/","og_site_name":"Nettali.com","article_publisher":"https:\/\/www.facebook.com\/nettalicom","article_published_time":"2025-09-23T07:02:05+00:00","og_image":[{"width":1280,"height":853,"url":"https:\/\/www.nettali.com\/wp-content\/uploads\/2025\/09\/Diomay.jpg","type":"image\/jpeg"}],"twitter_card":"summary_large_image","twitter_misc":{"\u00c9crit par":"Daouda","Dur\u00e9e de lecture estim\u00e9e":"2 minutes"},"schema":{"@context":"https:\/\/schema.org","@graph":[{"@type":"WebSite","@id":"https:\/\/www.nettali.com\/#website","url":"https:\/\/www.nettali.com\/","name":"Nettali.com","description":"Le rendez-vous critique du Net","potentialAction":[{"@type":"SearchAction","target":{"@type":"EntryPoint","urlTemplate":"https:\/\/www.nettali.com\/?s={search_term_string}"},"query-input":"required name=search_term_string"}],"inLanguage":"fr-FR"},{"@type":"ImageObject","@id":"https:\/\/www.nettali.com\/2025\/09\/23\/onu-bassirou-diomaye-faye-denonce-une-tragedie-aux-allures-de-nettoyage-ethnique-a-gaza\/#primaryimage","inLanguage":"fr-FR","url":"https:\/\/www.nettali.com\/wp-content\/uploads\/2025\/09\/Diomay.jpg","contentUrl":"https:\/\/www.nettali.com\/wp-content\/uploads\/2025\/09\/Diomay.jpg","width":1280,"height":853},{"@type":"WebPage","@id":"https:\/\/www.nettali.com\/2025\/09\/23\/onu-bassirou-diomaye-faye-denonce-une-tragedie-aux-allures-de-nettoyage-ethnique-a-gaza\/#webpage","url":"https:\/\/www.nettali.com\/2025\/09\/23\/onu-bassirou-diomaye-faye-denonce-une-tragedie-aux-allures-de-nettoyage-ethnique-a-gaza\/","name":"ONU - Bassirou Diomaye Faye d\u00e9nonce \u00ab une trag\u00e9die aux allures de nettoyage ethnique \u00bb \u00e0 Gaza | Nettali.com","isPartOf":{"@id":"https:\/\/www.nettali.com\/#website"},"primaryImageOfPage":{"@id":"https:\/\/www.nettali.com\/2025\/09\/23\/onu-bassirou-diomaye-faye-denonce-une-tragedie-aux-allures-de-nettoyage-ethnique-a-gaza\/#primaryimage"},"datePublished":"2025-09-23T07:02:05+00:00","dateModified":"2025-09-23T07:02:05+00:00","author":{"@id":"https:\/\/www.nettali.com\/#\/schema\/person\/3317e0bb3aa1da309fbf7b2780901bf4"},"breadcrumb":{"@id":"https:\/\/www.nettali.com\/2025\/09\/23\/onu-bassirou-diomaye-faye-denonce-une-tragedie-aux-allures-de-nettoyage-ethnique-a-gaza\/#breadcrumb"},"inLanguage":"fr-FR","potentialAction":[{"@type":"ReadAction","target":["https:\/\/www.nettali.com\/2025\/09\/23\/onu-bassirou-diomaye-faye-denonce-une-tragedie-aux-allures-de-nettoyage-ethnique-a-gaza\/"]}]},{"@type":"BreadcrumbList","@id":"https:\/\/www.nettali.com\/2025\/09\/23\/onu-bassirou-diomaye-faye-denonce-une-tragedie-aux-allures-de-nettoyage-ethnique-a-gaza\/#breadcrumb","itemListElement":[{"@type":"ListItem","position":1,"name":"Accueil","item":"https:\/\/www.nettali.com\/"},{"@type":"ListItem","position":2,"name":"ONU - Bassirou Diomaye Faye d\u00e9nonce \u00ab une trag\u00e9die aux allures de nettoyage ethnique \u00bb \u00e0 Gaza"}]},{"@type":"Person","@id":"https:\/\/www.nettali.com\/#\/schema\/person\/3317e0bb3aa1da309fbf7b2780901bf4","name":"Daouda","image":{"@type":"ImageObject","@id":"https:\/\/www.nettali.com\/#personlogo","inLanguage":"fr-FR","url":"https:\/\/secure.gravatar.com\/avatar\/8d143b5a49345098ddcfee1c49c2f47c?s=96&d=mm&r=g","contentUrl":"https:\/\/secure.gravatar.com\/avatar\/8d143b5a49345098ddcfee1c49c2f47c?s=96&d=mm&r=g","caption":"Daouda"},"sameAs":["https:\/\/www.nettali.com"]}]}},"_links":{"self":[{"href":"https:\/\/www.nettali.com\/rest\/wp\/v2\/posts\/161716"}],"collection":[{"href":"https:\/\/www.nettali.com\/rest\/wp\/v2\/posts"}],"about":[{"href":"https:\/\/www.nettali.com\/rest\/wp\/v2\/types\/post"}],"author":[{"embeddable":true,"href":"https:\/\/www.nettali.com\/rest\/wp\/v2\/users\/4"}],"replies":[{"embeddable":true,"href":"https:\/\/www.nettali.com\/rest\/wp\/v2\/comments?post=161716"}],"version-history":[{"count":1,"href":"https:\/\/www.nettali.com\/rest\/wp\/v2\/posts\/161716\/revisions"}],"predecessor-version":[{"id":161717,"href":"https:\/\/www.nettali.com\/rest\/wp\/v2\/posts\/161716\/revisions\/161717"}],"wp:featuredmedia":[{"embeddable":true,"href":"https:\/\/www.nettali.com\/rest\/wp\/v2\/media\/161719"}],"wp:attachment":[{"href":"https:\/\/www.nettali.com\/rest\/wp\/v2\/media?parent=161716"}],"wp:term":[{"taxonomy":"category","embeddable":true,"href":"https:\/\/www.nettali.com\/rest\/wp\/v2\/categories?post=161716"},{"taxonomy":"post_tag","embeddable":true,"href":"https:\/\/www.nettali.com\/rest\/wp\/v2\/tags?post=161716"}],"curies":[{"name":"wp","href":"https:\/\/api.w.org\/{rel}","templated":true}]}}