{"id":161457,"date":"2025-09-18T08:29:07","date_gmt":"2025-09-18T08:29:07","guid":{"rendered":"https:\/\/www.nettali.com\/?p=161457"},"modified":"2025-09-18T08:29:07","modified_gmt":"2025-09-18T08:29:07","slug":"agenda-diplomatique-diomaye-faye-a-new-york-du-21-au-26-septembre-2025","status":"publish","type":"post","link":"https:\/\/www.nettali.com\/2025\/09\/18\/agenda-diplomatique-diomaye-faye-a-new-york-du-21-au-26-septembre-2025\/","title":{"rendered":"AGENDA DIPLOMATIQUE- Diomaye Faye \u00e0 New York du 21 au 26 septembre 2025"},"content":{"rendered":"<p><strong>NETTALI.COM -<\/strong> <strong>En Conseil des ministres, le Pr\u00e9sident de la R\u00e9publique a inform\u00e9 qu\u2019il effectuera un d\u00e9placement \u00e0 New York du 21 au 26 septembre 2025.<\/strong><\/p>\n<p>Diomaye Faye prendra part aux travaux de l\u2019Assembl\u00e9e g\u00e9n\u00e9rale des Nations unies, grande tribune annuelle o\u00f9 les chefs d\u2019\u00c9tat et de gouvernement d\u00e9battent des enjeux mondiaux majeurs et pr\u00e9sentent la vision de leurs pays sur les d\u00e9fis internationaux.<\/p>\n<div class='share-to-whatsapp-wrapper'><div class='share-on-whsp'>PARTAGER SUR : <\/div><a data-text='AGENDA DIPLOMATIQUE- Diomaye Faye \u00e0 New York du 21 au 26 septembre 2025' data-link='https:\/\/www.nettali.com\/2025\/09\/18\/agenda-diplomatique-diomaye-faye-a-new-york-du-21-au-26-septembre-2025\/' class='whatsapp-button whatsapp-share'>WhatsApp<\/a><div class='clear '><\/div><\/div>","protected":false},"excerpt":{"rendered":"<p>NETTALI.COM - En Conseil des ministres, le Pr\u00e9sident de la R\u00e9publique a inform\u00e9 qu\u2019il effectuera un d\u00e9placement \u00e0 New York du 21 au 26 septembre 2025. Diomaye Faye prendra part aux travaux de l\u2019Assembl\u00e9e g\u00e9n\u00e9rale des Nations unies, grande tribune annuelle o\u00f9 les chefs d\u2019\u00c9tat et de gouvernement d\u00e9battent des enjeux mondiaux majeurs et pr\u00e9sentent [&hellip;]<\/p>\n","protected":false},"author":6,"featured_media":148936,"comment_status":"open","ping_status":"open","sticky":false,"template":"","format":"standard","meta":{"_et_pb_use_builder":"","_et_pb_old_content":""},"categories":[2],"tags":[],"yoast_head":"<!-- This site is optimized with the Yoast SEO Premium plugin v17.8 (Yoast SEO v17.8) - https:\/\/yoast.com\/wordpress\/plugins\/seo\/ -->\n<title>AGENDA DIPLOMATIQUE- Diomaye Faye \u00e0 New York du 21 au 26 septembre 2025 | Nettali.com<\/title>\n<meta name=\"robots\" content=\"index, follow, max-snippet:-1, max-image-preview:large, max-video-preview:-1\" \/>\n<link rel=\"canonical\" href=\"https:\/\/www.nettali.com\/2025\/09\/18\/agenda-diplomatique-diomaye-faye-a-new-york-du-21-au-26-septembre-2025\/\" \/>\n<meta property=\"og:locale\" content=\"fr_FR\" \/>\n<meta property=\"og:type\" content=\"article\" \/>\n<meta property=\"og:title\" content=\"AGENDA DIPLOMATIQUE- Diomaye Faye \u00e0 New York du 21 au 26 septembre 2025\" \/>\n<meta property=\"og:description\" content=\"NETTALI.COM - En Conseil des ministres, le Pr\u00e9sident de la R\u00e9publique a inform\u00e9 qu\u2019il effectuera un d\u00e9placement \u00e0 New York du 21 au 26 septembre 2025. Diomaye Faye prendra part aux travaux de l\u2019Assembl\u00e9e g\u00e9n\u00e9rale des Nations unies, grande tribune annuelle o\u00f9 les chefs d\u2019\u00c9tat et de gouvernement d\u00e9battent des enjeux mondiaux majeurs et pr\u00e9sentent [&hellip;]\" \/>\n<meta property=\"og:url\" content=\"https:\/\/www.nettali.com\/2025\/09\/18\/agenda-diplomatique-diomaye-faye-a-new-york-du-21-au-26-septembre-2025\/\" \/>\n<meta property=\"og:site_name\" content=\"Nettali.com\" \/>\n<meta property=\"article:publisher\" content=\"https:\/\/www.facebook.com\/nettalicom\" \/>\n<meta property=\"article:published_time\" content=\"2025-09-18T08:29:07+00:00\" \/>\n<meta property=\"og:image\" content=\"https:\/\/www.nettali.com\/wp-content\/uploads\/2025\/02\/President-Bassirou-Diomaye-Faye-en-voyage.jpg\" \/>\n\t<meta property=\"og:image:width\" content=\"1280\" \/>\n\t<meta property=\"og:image:height\" content=\"865\" \/>\n<meta name=\"twitter:card\" content=\"summary_large_image\" \/>\n<meta name=\"twitter:label1\" content=\"\u00c9crit par\" \/>\n\t<meta name=\"twitter:data1\" content=\"Fatou\" \/>\n\t<meta name=\"twitter:label2\" content=\"Dur\u00e9e de lecture estim\u00e9e\" \/>\n\t<meta name=\"twitter:data2\" content=\"1 minute\" \/>\n<script type=\"application\/ld+json\" class=\"yoast-schema-graph\">{\"@context\":\"https:\/\/schema.org\",\"@graph\":[{\"@type\":\"WebSite\",\"@id\":\"https:\/\/www.nettali.com\/#website\",\"url\":\"https:\/\/www.nettali.com\/\",\"name\":\"Nettali.com\",\"description\":\"Le rendez-vous critique du Net\",\"potentialAction\":[{\"@type\":\"SearchAction\",\"target\":{\"@type\":\"EntryPoint\",\"urlTemplate\":\"https:\/\/www.nettali.com\/?s={search_term_string}\"},\"query-input\":\"required name=search_term_string\"}],\"inLanguage\":\"fr-FR\"},{\"@type\":\"ImageObject\",\"@id\":\"https:\/\/www.nettali.com\/2025\/09\/18\/agenda-diplomatique-diomaye-faye-a-new-york-du-21-au-26-septembre-2025\/#primaryimage\",\"inLanguage\":\"fr-FR\",\"url\":\"https:\/\/www.nettali.com\/wp-content\/uploads\/2025\/02\/President-Bassirou-Diomaye-Faye-en-voyage.jpg\",\"contentUrl\":\"https:\/\/www.nettali.com\/wp-content\/uploads\/2025\/02\/President-Bassirou-Diomaye-Faye-en-voyage.jpg\",\"width\":1280,\"height\":865},{\"@type\":\"WebPage\",\"@id\":\"https:\/\/www.nettali.com\/2025\/09\/18\/agenda-diplomatique-diomaye-faye-a-new-york-du-21-au-26-septembre-2025\/#webpage\",\"url\":\"https:\/\/www.nettali.com\/2025\/09\/18\/agenda-diplomatique-diomaye-faye-a-new-york-du-21-au-26-septembre-2025\/\",\"name\":\"AGENDA DIPLOMATIQUE- Diomaye Faye \\u00e0 New York du 21 au 26 septembre 2025 | Nettali.com\",\"isPartOf\":{\"@id\":\"https:\/\/www.nettali.com\/#website\"},\"primaryImageOfPage\":{\"@id\":\"https:\/\/www.nettali.com\/2025\/09\/18\/agenda-diplomatique-diomaye-faye-a-new-york-du-21-au-26-septembre-2025\/#primaryimage\"},\"datePublished\":\"2025-09-18T08:29:07+00:00\",\"dateModified\":\"2025-09-18T08:29:07+00:00\",\"author\":{\"@id\":\"https:\/\/www.nettali.com\/#\/schema\/person\/418274a86bdf87caff7a3ef476bd0bbf\"},\"breadcrumb\":{\"@id\":\"https:\/\/www.nettali.com\/2025\/09\/18\/agenda-diplomatique-diomaye-faye-a-new-york-du-21-au-26-septembre-2025\/#breadcrumb\"},\"inLanguage\":\"fr-FR\",\"potentialAction\":[{\"@type\":\"ReadAction\",\"target\":[\"https:\/\/www.nettali.com\/2025\/09\/18\/agenda-diplomatique-diomaye-faye-a-new-york-du-21-au-26-septembre-2025\/\"]}]},{\"@type\":\"BreadcrumbList\",\"@id\":\"https:\/\/www.nettali.com\/2025\/09\/18\/agenda-diplomatique-diomaye-faye-a-new-york-du-21-au-26-septembre-2025\/#breadcrumb\",\"itemListElement\":[{\"@type\":\"ListItem\",\"position\":1,\"name\":\"Accueil\",\"item\":\"https:\/\/www.nettali.com\/\"},{\"@type\":\"ListItem\",\"position\":2,\"name\":\"AGENDA DIPLOMATIQUE- Diomaye Faye \\u00e0 New York du 21 au 26 septembre 2025\"}]},{\"@type\":\"Person\",\"@id\":\"https:\/\/www.nettali.com\/#\/schema\/person\/418274a86bdf87caff7a3ef476bd0bbf\",\"name\":\"Fatou\",\"image\":{\"@type\":\"ImageObject\",\"@id\":\"https:\/\/www.nettali.com\/#personlogo\",\"inLanguage\":\"fr-FR\",\"url\":\"https:\/\/secure.gravatar.com\/avatar\/5a9442a2bee7b4dcf167cab035858e9a?s=96&d=mm&r=g\",\"contentUrl\":\"https:\/\/secure.gravatar.com\/avatar\/5a9442a2bee7b4dcf167cab035858e9a?s=96&d=mm&r=g\",\"caption\":\"Fatou\"},\"sameAs\":[\"https:\/\/www.nettali.com\"]}]}<\/script>\n<!-- \/ Yoast SEO Premium plugin. -->","yoast_head_json":{"title":"AGENDA DIPLOMATIQUE- Diomaye Faye \u00e0 New York du 21 au 26 septembre 2025 | Nettali.com","robots":{"index":"index","follow":"follow","max-snippet":"max-snippet:-1","max-image-preview":"max-image-preview:large","max-video-preview":"max-video-preview:-1"},"canonical":"https:\/\/www.nettali.com\/2025\/09\/18\/agenda-diplomatique-diomaye-faye-a-new-york-du-21-au-26-septembre-2025\/","og_locale":"fr_FR","og_type":"article","og_title":"AGENDA DIPLOMATIQUE- Diomaye Faye \u00e0 New York du 21 au 26 septembre 2025","og_description":"NETTALI.COM - En Conseil des ministres, le Pr\u00e9sident de la R\u00e9publique a inform\u00e9 qu\u2019il effectuera un d\u00e9placement \u00e0 New York du 21 au 26 septembre 2025. Diomaye Faye prendra part aux travaux de l\u2019Assembl\u00e9e g\u00e9n\u00e9rale des Nations unies, grande tribune annuelle o\u00f9 les chefs d\u2019\u00c9tat et de gouvernement d\u00e9battent des enjeux mondiaux majeurs et pr\u00e9sentent [&hellip;]","og_url":"https:\/\/www.nettali.com\/2025\/09\/18\/agenda-diplomatique-diomaye-faye-a-new-york-du-21-au-26-septembre-2025\/","og_site_name":"Nettali.com","article_publisher":"https:\/\/www.facebook.com\/nettalicom","article_published_time":"2025-09-18T08:29:07+00:00","og_image":[{"width":1280,"height":865,"url":"https:\/\/www.nettali.com\/wp-content\/uploads\/2025\/02\/President-Bassirou-Diomaye-Faye-en-voyage.jpg","type":"image\/jpeg"}],"twitter_card":"summary_large_image","twitter_misc":{"\u00c9crit par":"Fatou","Dur\u00e9e de lecture estim\u00e9e":"1 minute"},"schema":{"@context":"https:\/\/schema.org","@graph":[{"@type":"WebSite","@id":"https:\/\/www.nettali.com\/#website","url":"https:\/\/www.nettali.com\/","name":"Nettali.com","description":"Le rendez-vous critique du Net","potentialAction":[{"@type":"SearchAction","target":{"@type":"EntryPoint","urlTemplate":"https:\/\/www.nettali.com\/?s={search_term_string}"},"query-input":"required name=search_term_string"}],"inLanguage":"fr-FR"},{"@type":"ImageObject","@id":"https:\/\/www.nettali.com\/2025\/09\/18\/agenda-diplomatique-diomaye-faye-a-new-york-du-21-au-26-septembre-2025\/#primaryimage","inLanguage":"fr-FR","url":"https:\/\/www.nettali.com\/wp-content\/uploads\/2025\/02\/President-Bassirou-Diomaye-Faye-en-voyage.jpg","contentUrl":"https:\/\/www.nettali.com\/wp-content\/uploads\/2025\/02\/President-Bassirou-Diomaye-Faye-en-voyage.jpg","width":1280,"height":865},{"@type":"WebPage","@id":"https:\/\/www.nettali.com\/2025\/09\/18\/agenda-diplomatique-diomaye-faye-a-new-york-du-21-au-26-septembre-2025\/#webpage","url":"https:\/\/www.nettali.com\/2025\/09\/18\/agenda-diplomatique-diomaye-faye-a-new-york-du-21-au-26-septembre-2025\/","name":"AGENDA DIPLOMATIQUE- Diomaye Faye \u00e0 New York du 21 au 26 septembre 2025 | Nettali.com","isPartOf":{"@id":"https:\/\/www.nettali.com\/#website"},"primaryImageOfPage":{"@id":"https:\/\/www.nettali.com\/2025\/09\/18\/agenda-diplomatique-diomaye-faye-a-new-york-du-21-au-26-septembre-2025\/#primaryimage"},"datePublished":"2025-09-18T08:29:07+00:00","dateModified":"2025-09-18T08:29:07+00:00","author":{"@id":"https:\/\/www.nettali.com\/#\/schema\/person\/418274a86bdf87caff7a3ef476bd0bbf"},"breadcrumb":{"@id":"https:\/\/www.nettali.com\/2025\/09\/18\/agenda-diplomatique-diomaye-faye-a-new-york-du-21-au-26-septembre-2025\/#breadcrumb"},"inLanguage":"fr-FR","potentialAction":[{"@type":"ReadAction","target":["https:\/\/www.nettali.com\/2025\/09\/18\/agenda-diplomatique-diomaye-faye-a-new-york-du-21-au-26-septembre-2025\/"]}]},{"@type":"BreadcrumbList","@id":"https:\/\/www.nettali.com\/2025\/09\/18\/agenda-diplomatique-diomaye-faye-a-new-york-du-21-au-26-septembre-2025\/#breadcrumb","itemListElement":[{"@type":"ListItem","position":1,"name":"Accueil","item":"https:\/\/www.nettali.com\/"},{"@type":"ListItem","position":2,"name":"AGENDA DIPLOMATIQUE- Diomaye Faye \u00e0 New York du 21 au 26 septembre 2025"}]},{"@type":"Person","@id":"https:\/\/www.nettali.com\/#\/schema\/person\/418274a86bdf87caff7a3ef476bd0bbf","name":"Fatou","image":{"@type":"ImageObject","@id":"https:\/\/www.nettali.com\/#personlogo","inLanguage":"fr-FR","url":"https:\/\/secure.gravatar.com\/avatar\/5a9442a2bee7b4dcf167cab035858e9a?s=96&d=mm&r=g","contentUrl":"https:\/\/secure.gravatar.com\/avatar\/5a9442a2bee7b4dcf167cab035858e9a?s=96&d=mm&r=g","caption":"Fatou"},"sameAs":["https:\/\/www.nettali.com"]}]}},"_links":{"self":[{"href":"https:\/\/www.nettali.com\/rest\/wp\/v2\/posts\/161457"}],"collection":[{"href":"https:\/\/www.nettali.com\/rest\/wp\/v2\/posts"}],"about":[{"href":"https:\/\/www.nettali.com\/rest\/wp\/v2\/types\/post"}],"author":[{"embeddable":true,"href":"https:\/\/www.nettali.com\/rest\/wp\/v2\/users\/6"}],"replies":[{"embeddable":true,"href":"https:\/\/www.nettali.com\/rest\/wp\/v2\/comments?post=161457"}],"version-history":[{"count":2,"href":"https:\/\/www.nettali.com\/rest\/wp\/v2\/posts\/161457\/revisions"}],"predecessor-version":[{"id":161470,"href":"https:\/\/www.nettali.com\/rest\/wp\/v2\/posts\/161457\/revisions\/161470"}],"wp:featuredmedia":[{"embeddable":true,"href":"https:\/\/www.nettali.com\/rest\/wp\/v2\/media\/148936"}],"wp:attachment":[{"href":"https:\/\/www.nettali.com\/rest\/wp\/v2\/media?parent=161457"}],"wp:term":[{"taxonomy":"category","embeddable":true,"href":"https:\/\/www.nettali.com\/rest\/wp\/v2\/categories?post=161457"},{"taxonomy":"post_tag","embeddable":true,"href":"https:\/\/www.nettali.com\/rest\/wp\/v2\/tags?post=161457"}],"curies":[{"name":"wp","href":"https:\/\/api.w.org\/{rel}","templated":true}]}}