{"id":161217,"date":"2025-09-14T11:20:31","date_gmt":"2025-09-14T11:20:31","guid":{"rendered":"https:\/\/www.nettali.com\/?p=161217"},"modified":"2025-09-14T08:23:42","modified_gmt":"2025-09-14T08:23:42","slug":"ousmane-sonko-on-est-exclus-de-tout","status":"publish","type":"post","link":"https:\/\/www.nettali.com\/2025\/09\/14\/ousmane-sonko-on-est-exclus-de-tout\/","title":{"rendered":"OUSMANE SONKO - \"On est exclus de tout\""},"content":{"rendered":"<p data-start=\"147\" data-end=\"447\"><strong>NETTALI.COM - En d\u00e9placement \u00e0 Duba\u00ef avant sa rencontre avec la Diaspora en Italie, le Premier ministre du S\u00e9n\u00e9gal, Ousmane Sonko, a rencontr\u00e9 des S\u00e9n\u00e9galais ainsi que des ressortissants d\u2019autres pays africains vivant aux \u00c9mirats arabes unis. L\u2019occasion pour lui d\u2019aborder les grands d\u00e9fis du continent et de partager sa vision panafricaine.<\/strong><\/p>\n<p data-start=\"449\" data-end=\"807\">Devant son auditoire, le chef du gouvernement s\u00e9n\u00e9galais a d\u00e9plor\u00e9 la marginalisation de l\u2019Afrique sur la sc\u00e8ne internationale. <em>\u00ab On est exclus de tout, on ne si\u00e8ge pas l\u00e0 o\u00f9 les vraies d\u00e9cisions se prennent aux Nations unies, on est des marginaux \u00e0 l\u2019OMC, parce que nous n\u2019avons aucune puissance \u00bb<\/em>, a-t-il regrett\u00e9, dans un discours relay\u00e9 par la RTS.<\/p>\n<p data-start=\"809\" data-end=\"1006\">Ousmane Sonko a ensuite formul\u00e9 son ambition pour le continent : <em>\u00ab Mon r\u00eave, c\u2019est de faire \u00e9merger des puissances africaines. C\u2019est cela mon r\u00eave, pour pouvoir si\u00e9ger l\u00e0 o\u00f9 si\u00e8gent les grands. \u00bb<\/em><\/p>\n<p data-start=\"1008\" data-end=\"1408\">Revenant sur l\u2019avenir de la Communaut\u00e9 \u00e9conomique des \u00c9tats de l\u2019Afrique de l\u2019Ouest (CEDEAO), le leader de Pastef a insist\u00e9 sur l\u2019importance de l\u2019unit\u00e9 et de la solidarit\u00e9 r\u00e9gionale. <em>\u00ab Regrouper les pays de la CEDEAO, \u00e7a nous fait pr\u00e8s de six millions de m\u00e8tres carr\u00e9s pour 400 millions d\u2019habitants. L\u00e0, nous pouvons travailler \u00e0 b\u00e2tir une puissance. C\u2019est cela la puissance \u00bb<\/em>, a-t-il expliqu\u00e9.<\/p>\n<p data-start=\"1410\" data-end=\"1732\">Dans une tonalit\u00e9 r\u00e9solument panafricaniste, il a appel\u00e9 les Africains \u00e0 d\u00e9passer leurs querelles internes et \u00e0 privil\u00e9gier la coop\u00e9ration. <em>\u00ab Qu\u2019on arr\u00eate de se tirer dessus les uns les autres, qu\u2019on arr\u00eate de consid\u00e9rer qu\u2019il faut avoir un tel discours, un tel profil pour \u00eatre un bon panafricain \u00bb<\/em>, a-t-il martel\u00e9.<\/p>\n<p data-start=\"1734\" data-end=\"1899\">Pour Sonko, l\u2019Afrique doit imp\u00e9rativement transcender ses divergences afin de peser dans la gouvernance mondiale et tracer son propre chemin vers la puissance.<\/p>\n<div class='share-to-whatsapp-wrapper'><div class='share-on-whsp'>PARTAGER SUR : <\/div><a data-text='OUSMANE SONKO - \"On est exclus de tout\"' data-link='https:\/\/www.nettali.com\/2025\/09\/14\/ousmane-sonko-on-est-exclus-de-tout\/' class='whatsapp-button whatsapp-share'>WhatsApp<\/a><div class='clear '><\/div><\/div>","protected":false},"excerpt":{"rendered":"<p>NETTALI.COM - En d\u00e9placement \u00e0 Duba\u00ef avant sa rencontre avec la Diaspora en Italie, le Premier ministre du S\u00e9n\u00e9gal, Ousmane Sonko, a rencontr\u00e9 des S\u00e9n\u00e9galais ainsi que des ressortissants d\u2019autres pays africains vivant aux \u00c9mirats arabes unis. L\u2019occasion pour lui d\u2019aborder les grands d\u00e9fis du continent et de partager sa vision panafricaine. Devant son auditoire, [&hellip;]<\/p>\n","protected":false},"author":4,"featured_media":147998,"comment_status":"open","ping_status":"open","sticky":false,"template":"","format":"standard","meta":{"_et_pb_use_builder":"","_et_pb_old_content":""},"categories":[2],"tags":[],"yoast_head":"<!-- This site is optimized with the Yoast SEO Premium plugin v17.8 (Yoast SEO v17.8) - https:\/\/yoast.com\/wordpress\/plugins\/seo\/ -->\n<title>OUSMANE SONKO - &quot;On est exclus de tout&quot; | Nettali.com<\/title>\n<meta name=\"robots\" content=\"index, follow, max-snippet:-1, max-image-preview:large, max-video-preview:-1\" \/>\n<link rel=\"canonical\" href=\"https:\/\/www.nettali.com\/2025\/09\/14\/ousmane-sonko-on-est-exclus-de-tout\/\" \/>\n<meta property=\"og:locale\" content=\"fr_FR\" \/>\n<meta property=\"og:type\" content=\"article\" \/>\n<meta property=\"og:title\" content=\"OUSMANE SONKO - &quot;On est exclus de tout&quot;\" \/>\n<meta property=\"og:description\" content=\"NETTALI.COM - En d\u00e9placement \u00e0 Duba\u00ef avant sa rencontre avec la Diaspora en Italie, le Premier ministre du S\u00e9n\u00e9gal, Ousmane Sonko, a rencontr\u00e9 des S\u00e9n\u00e9galais ainsi que des ressortissants d\u2019autres pays africains vivant aux \u00c9mirats arabes unis. L\u2019occasion pour lui d\u2019aborder les grands d\u00e9fis du continent et de partager sa vision panafricaine. Devant son auditoire, [&hellip;]\" \/>\n<meta property=\"og:url\" content=\"https:\/\/www.nettali.com\/2025\/09\/14\/ousmane-sonko-on-est-exclus-de-tout\/\" \/>\n<meta property=\"og:site_name\" content=\"Nettali.com\" \/>\n<meta property=\"article:publisher\" content=\"https:\/\/www.facebook.com\/nettalicom\" \/>\n<meta property=\"article:published_time\" content=\"2025-09-14T11:20:31+00:00\" \/>\n<meta property=\"article:modified_time\" content=\"2025-09-14T08:23:42+00:00\" \/>\n<meta property=\"og:image\" content=\"https:\/\/www.nettali.com\/wp-content\/uploads\/2025\/01\/ousmane-sonko-primature-point-presse-gouvernement.jpg\" \/>\n\t<meta property=\"og:image:width\" content=\"1280\" \/>\n\t<meta property=\"og:image:height\" content=\"960\" \/>\n<meta name=\"twitter:card\" content=\"summary_large_image\" \/>\n<meta name=\"twitter:label1\" content=\"\u00c9crit par\" \/>\n\t<meta name=\"twitter:data1\" content=\"Daouda\" \/>\n\t<meta name=\"twitter:label2\" content=\"Dur\u00e9e de lecture estim\u00e9e\" \/>\n\t<meta name=\"twitter:data2\" content=\"2 minutes\" \/>\n<script type=\"application\/ld+json\" class=\"yoast-schema-graph\">{\"@context\":\"https:\/\/schema.org\",\"@graph\":[{\"@type\":\"WebSite\",\"@id\":\"https:\/\/www.nettali.com\/#website\",\"url\":\"https:\/\/www.nettali.com\/\",\"name\":\"Nettali.com\",\"description\":\"Le rendez-vous critique du Net\",\"potentialAction\":[{\"@type\":\"SearchAction\",\"target\":{\"@type\":\"EntryPoint\",\"urlTemplate\":\"https:\/\/www.nettali.com\/?s={search_term_string}\"},\"query-input\":\"required name=search_term_string\"}],\"inLanguage\":\"fr-FR\"},{\"@type\":\"ImageObject\",\"@id\":\"https:\/\/www.nettali.com\/2025\/09\/14\/ousmane-sonko-on-est-exclus-de-tout\/#primaryimage\",\"inLanguage\":\"fr-FR\",\"url\":\"https:\/\/www.nettali.com\/wp-content\/uploads\/2025\/01\/ousmane-sonko-primature-point-presse-gouvernement.jpg\",\"contentUrl\":\"https:\/\/www.nettali.com\/wp-content\/uploads\/2025\/01\/ousmane-sonko-primature-point-presse-gouvernement.jpg\",\"width\":1280,\"height\":960},{\"@type\":\"WebPage\",\"@id\":\"https:\/\/www.nettali.com\/2025\/09\/14\/ousmane-sonko-on-est-exclus-de-tout\/#webpage\",\"url\":\"https:\/\/www.nettali.com\/2025\/09\/14\/ousmane-sonko-on-est-exclus-de-tout\/\",\"name\":\"OUSMANE SONKO - \\\"On est exclus de tout\\\" | Nettali.com\",\"isPartOf\":{\"@id\":\"https:\/\/www.nettali.com\/#website\"},\"primaryImageOfPage\":{\"@id\":\"https:\/\/www.nettali.com\/2025\/09\/14\/ousmane-sonko-on-est-exclus-de-tout\/#primaryimage\"},\"datePublished\":\"2025-09-14T11:20:31+00:00\",\"dateModified\":\"2025-09-14T08:23:42+00:00\",\"author\":{\"@id\":\"https:\/\/www.nettali.com\/#\/schema\/person\/3317e0bb3aa1da309fbf7b2780901bf4\"},\"breadcrumb\":{\"@id\":\"https:\/\/www.nettali.com\/2025\/09\/14\/ousmane-sonko-on-est-exclus-de-tout\/#breadcrumb\"},\"inLanguage\":\"fr-FR\",\"potentialAction\":[{\"@type\":\"ReadAction\",\"target\":[\"https:\/\/www.nettali.com\/2025\/09\/14\/ousmane-sonko-on-est-exclus-de-tout\/\"]}]},{\"@type\":\"BreadcrumbList\",\"@id\":\"https:\/\/www.nettali.com\/2025\/09\/14\/ousmane-sonko-on-est-exclus-de-tout\/#breadcrumb\",\"itemListElement\":[{\"@type\":\"ListItem\",\"position\":1,\"name\":\"Accueil\",\"item\":\"https:\/\/www.nettali.com\/\"},{\"@type\":\"ListItem\",\"position\":2,\"name\":\"OUSMANE SONKO - \\\"On est exclus de tout\\\"\"}]},{\"@type\":\"Person\",\"@id\":\"https:\/\/www.nettali.com\/#\/schema\/person\/3317e0bb3aa1da309fbf7b2780901bf4\",\"name\":\"Daouda\",\"image\":{\"@type\":\"ImageObject\",\"@id\":\"https:\/\/www.nettali.com\/#personlogo\",\"inLanguage\":\"fr-FR\",\"url\":\"https:\/\/secure.gravatar.com\/avatar\/8d143b5a49345098ddcfee1c49c2f47c?s=96&d=mm&r=g\",\"contentUrl\":\"https:\/\/secure.gravatar.com\/avatar\/8d143b5a49345098ddcfee1c49c2f47c?s=96&d=mm&r=g\",\"caption\":\"Daouda\"},\"sameAs\":[\"https:\/\/www.nettali.com\"]}]}<\/script>\n<!-- \/ Yoast SEO Premium plugin. -->","yoast_head_json":{"title":"OUSMANE SONKO - \"On est exclus de tout\" | Nettali.com","robots":{"index":"index","follow":"follow","max-snippet":"max-snippet:-1","max-image-preview":"max-image-preview:large","max-video-preview":"max-video-preview:-1"},"canonical":"https:\/\/www.nettali.com\/2025\/09\/14\/ousmane-sonko-on-est-exclus-de-tout\/","og_locale":"fr_FR","og_type":"article","og_title":"OUSMANE SONKO - \"On est exclus de tout\"","og_description":"NETTALI.COM - En d\u00e9placement \u00e0 Duba\u00ef avant sa rencontre avec la Diaspora en Italie, le Premier ministre du S\u00e9n\u00e9gal, Ousmane Sonko, a rencontr\u00e9 des S\u00e9n\u00e9galais ainsi que des ressortissants d\u2019autres pays africains vivant aux \u00c9mirats arabes unis. L\u2019occasion pour lui d\u2019aborder les grands d\u00e9fis du continent et de partager sa vision panafricaine. Devant son auditoire, [&hellip;]","og_url":"https:\/\/www.nettali.com\/2025\/09\/14\/ousmane-sonko-on-est-exclus-de-tout\/","og_site_name":"Nettali.com","article_publisher":"https:\/\/www.facebook.com\/nettalicom","article_published_time":"2025-09-14T11:20:31+00:00","article_modified_time":"2025-09-14T08:23:42+00:00","og_image":[{"width":1280,"height":960,"url":"https:\/\/www.nettali.com\/wp-content\/uploads\/2025\/01\/ousmane-sonko-primature-point-presse-gouvernement.jpg","type":"image\/jpeg"}],"twitter_card":"summary_large_image","twitter_misc":{"\u00c9crit par":"Daouda","Dur\u00e9e de lecture estim\u00e9e":"2 minutes"},"schema":{"@context":"https:\/\/schema.org","@graph":[{"@type":"WebSite","@id":"https:\/\/www.nettali.com\/#website","url":"https:\/\/www.nettali.com\/","name":"Nettali.com","description":"Le rendez-vous critique du Net","potentialAction":[{"@type":"SearchAction","target":{"@type":"EntryPoint","urlTemplate":"https:\/\/www.nettali.com\/?s={search_term_string}"},"query-input":"required name=search_term_string"}],"inLanguage":"fr-FR"},{"@type":"ImageObject","@id":"https:\/\/www.nettali.com\/2025\/09\/14\/ousmane-sonko-on-est-exclus-de-tout\/#primaryimage","inLanguage":"fr-FR","url":"https:\/\/www.nettali.com\/wp-content\/uploads\/2025\/01\/ousmane-sonko-primature-point-presse-gouvernement.jpg","contentUrl":"https:\/\/www.nettali.com\/wp-content\/uploads\/2025\/01\/ousmane-sonko-primature-point-presse-gouvernement.jpg","width":1280,"height":960},{"@type":"WebPage","@id":"https:\/\/www.nettali.com\/2025\/09\/14\/ousmane-sonko-on-est-exclus-de-tout\/#webpage","url":"https:\/\/www.nettali.com\/2025\/09\/14\/ousmane-sonko-on-est-exclus-de-tout\/","name":"OUSMANE SONKO - \"On est exclus de tout\" | Nettali.com","isPartOf":{"@id":"https:\/\/www.nettali.com\/#website"},"primaryImageOfPage":{"@id":"https:\/\/www.nettali.com\/2025\/09\/14\/ousmane-sonko-on-est-exclus-de-tout\/#primaryimage"},"datePublished":"2025-09-14T11:20:31+00:00","dateModified":"2025-09-14T08:23:42+00:00","author":{"@id":"https:\/\/www.nettali.com\/#\/schema\/person\/3317e0bb3aa1da309fbf7b2780901bf4"},"breadcrumb":{"@id":"https:\/\/www.nettali.com\/2025\/09\/14\/ousmane-sonko-on-est-exclus-de-tout\/#breadcrumb"},"inLanguage":"fr-FR","potentialAction":[{"@type":"ReadAction","target":["https:\/\/www.nettali.com\/2025\/09\/14\/ousmane-sonko-on-est-exclus-de-tout\/"]}]},{"@type":"BreadcrumbList","@id":"https:\/\/www.nettali.com\/2025\/09\/14\/ousmane-sonko-on-est-exclus-de-tout\/#breadcrumb","itemListElement":[{"@type":"ListItem","position":1,"name":"Accueil","item":"https:\/\/www.nettali.com\/"},{"@type":"ListItem","position":2,"name":"OUSMANE SONKO - \"On est exclus de tout\""}]},{"@type":"Person","@id":"https:\/\/www.nettali.com\/#\/schema\/person\/3317e0bb3aa1da309fbf7b2780901bf4","name":"Daouda","image":{"@type":"ImageObject","@id":"https:\/\/www.nettali.com\/#personlogo","inLanguage":"fr-FR","url":"https:\/\/secure.gravatar.com\/avatar\/8d143b5a49345098ddcfee1c49c2f47c?s=96&d=mm&r=g","contentUrl":"https:\/\/secure.gravatar.com\/avatar\/8d143b5a49345098ddcfee1c49c2f47c?s=96&d=mm&r=g","caption":"Daouda"},"sameAs":["https:\/\/www.nettali.com"]}]}},"_links":{"self":[{"href":"https:\/\/www.nettali.com\/rest\/wp\/v2\/posts\/161217"}],"collection":[{"href":"https:\/\/www.nettali.com\/rest\/wp\/v2\/posts"}],"about":[{"href":"https:\/\/www.nettali.com\/rest\/wp\/v2\/types\/post"}],"author":[{"embeddable":true,"href":"https:\/\/www.nettali.com\/rest\/wp\/v2\/users\/4"}],"replies":[{"embeddable":true,"href":"https:\/\/www.nettali.com\/rest\/wp\/v2\/comments?post=161217"}],"version-history":[{"count":1,"href":"https:\/\/www.nettali.com\/rest\/wp\/v2\/posts\/161217\/revisions"}],"predecessor-version":[{"id":161218,"href":"https:\/\/www.nettali.com\/rest\/wp\/v2\/posts\/161217\/revisions\/161218"}],"wp:featuredmedia":[{"embeddable":true,"href":"https:\/\/www.nettali.com\/rest\/wp\/v2\/media\/147998"}],"wp:attachment":[{"href":"https:\/\/www.nettali.com\/rest\/wp\/v2\/media?parent=161217"}],"wp:term":[{"taxonomy":"category","embeddable":true,"href":"https:\/\/www.nettali.com\/rest\/wp\/v2\/categories?post=161217"},{"taxonomy":"post_tag","embeddable":true,"href":"https:\/\/www.nettali.com\/rest\/wp\/v2\/tags?post=161217"}],"curies":[{"name":"wp","href":"https:\/\/api.w.org\/{rel}","templated":true}]}}