{"id":161214,"date":"2025-09-14T08:19:12","date_gmt":"2025-09-14T08:19:12","guid":{"rendered":"https:\/\/www.nettali.com\/?p=161214"},"modified":"2025-09-14T08:19:12","modified_gmt":"2025-09-14T08:19:12","slug":"prison-de-kaolack-doff-ndeye-obtient-une-autorisation-exceptionnelle-de-sortie-pour-assister-aux-funerailles-de-sa-mere","status":"publish","type":"post","link":"https:\/\/www.nettali.com\/2025\/09\/14\/prison-de-kaolack-doff-ndeye-obtient-une-autorisation-exceptionnelle-de-sortie-pour-assister-aux-funerailles-de-sa-mere\/","title":{"rendered":"PRISON DE KAOLACK - Doff Nd\u00e8ye obtient une autorisation exceptionnelle de sortie pour assister aux fun\u00e9railles de sa m\u00e8re"},"content":{"rendered":"<p data-start=\"184\" data-end=\"518\"><strong>NETTALI.COM - D\u00e9tenu depuis le 24 juin 2024 \u00e0 la Maison d\u2019arr\u00eat et de correction (MAC) de Kaolack pour d\u00e9tention ill\u00e9gale d\u2019arme et tentative de meurtre sur la personne de B. Faye, le rappeur Alassane Diallo, plus connu sous son nom de sc\u00e8ne Djily alias Doff Nd\u00e8ye, a b\u00e9n\u00e9fici\u00e9 d\u2019une mesure exceptionnelle ce samedi 13 septembre 2025.<\/strong><\/p>\n<p data-start=\"520\" data-end=\"963\">Le juge d\u2019instruction du premier cabinet pr\u00e8s le Tribunal de Grande Instance de Kaolack a en effet autoris\u00e9 une sortie provisoire de 24 heures sous escorte, afin de permettre \u00e0 l\u2019artiste de se rendre \u00e0 Dakar pour assister aux fun\u00e9railles de sa m\u00e8re, Awa Gu\u00e8ye, d\u00e9c\u00e9d\u00e9e le jour du Mawlid. Cette d\u00e9cision a \u00e9t\u00e9 prise \u00e0 la suite d\u2019une demande introduite par son conseil, Me Abdou Aziz Diop, et accept\u00e9e \u00e0 titre purement humanitaire.<\/p>\n<p data-start=\"965\" data-end=\"1365\">\u00c0 son arriv\u00e9e au domicile familial, Doff Nd\u00e8ye a \u00e9t\u00e9 accueilli par une foule \u00e9mue et enthousiaste, compos\u00e9e de proches, d\u2019amis et de sympathisants. Dans une atmosph\u00e8re m\u00ealant recueillement et ferveur populaire, le rappeur a pris part aux pri\u00e8res et \u00e0 la c\u00e9r\u00e9monie de deuil, sous la surveillance discr\u00e8te mais constante des agents de l\u2019administration p\u00e9nitentiaire charg\u00e9s d\u2019assurer son escorte.<\/p>\n<p data-start=\"1367\" data-end=\"1588\">Cette parenth\u00e8se n\u2019aura dur\u00e9 que quelques heures, conform\u00e9ment aux conditions strictes fix\u00e9es par le juge. D\u00e8s la fin de la c\u00e9r\u00e9monie, l\u2019artiste a \u00e9t\u00e9 reconduit \u00e0 la prison de Kaolack pour y poursuivre sa d\u00e9tention.<\/p>\n<p data-start=\"1590\" data-end=\"2112\">Profitant de l\u2019occasion, les proches du rappeur ont renouvel\u00e9 leur appel \u00e0 la justice pour un all\u00e8gement de sa situation carc\u00e9rale, plaidant pour plus de cl\u00e9mence au vu du contexte douloureux qu\u2019il traverse. Une requ\u00eate qui rejoint celle de l\u2019ONG islamique Jamra, dont le vice-pr\u00e9sident Mame Makhtar Gu\u00e8ye avait r\u00e9cemment demand\u00e9 l\u2019octroi d\u2019une libert\u00e9 provisoire humanitaire, estimant qu\u2019il serait \u00ab juste et n\u00e9cessaire de permettre \u00e0 Doff Nd\u00e8ye de vivre pleinement son deuil aupr\u00e8s de sa famille \u00e9plor\u00e9e \u00bb.<\/p>\n<p data-start=\"2114\" data-end=\"2351\">\n<div class='share-to-whatsapp-wrapper'><div class='share-on-whsp'>PARTAGER SUR : <\/div><a data-text='PRISON DE KAOLACK - Doff Nd\u00e8ye obtient une autorisation exceptionnelle de sortie pour assister aux fun\u00e9railles de sa m\u00e8re' data-link='https:\/\/www.nettali.com\/2025\/09\/14\/prison-de-kaolack-doff-ndeye-obtient-une-autorisation-exceptionnelle-de-sortie-pour-assister-aux-funerailles-de-sa-mere\/' class='whatsapp-button whatsapp-share'>WhatsApp<\/a><div class='clear '><\/div><\/div>","protected":false},"excerpt":{"rendered":"<p>NETTALI.COM - D\u00e9tenu depuis le 24 juin 2024 \u00e0 la Maison d\u2019arr\u00eat et de correction (MAC) de Kaolack pour d\u00e9tention ill\u00e9gale d\u2019arme et tentative de meurtre sur la personne de B. Faye, le rappeur Alassane Diallo, plus connu sous son nom de sc\u00e8ne Djily alias Doff Nd\u00e8ye, a b\u00e9n\u00e9fici\u00e9 d\u2019une mesure exceptionnelle ce samedi 13 [&hellip;]<\/p>\n","protected":false},"author":4,"featured_media":161215,"comment_status":"open","ping_status":"open","sticky":false,"template":"","format":"standard","meta":{"_et_pb_use_builder":"","_et_pb_old_content":""},"categories":[3],"tags":[],"yoast_head":"<!-- This site is optimized with the Yoast SEO Premium plugin v17.8 (Yoast SEO v17.8) - https:\/\/yoast.com\/wordpress\/plugins\/seo\/ -->\n<title>PRISON DE KAOLACK - Doff Nd\u00e8ye obtient une autorisation exceptionnelle de sortie pour assister aux fun\u00e9railles de sa m\u00e8re | Nettali.com<\/title>\n<meta name=\"robots\" content=\"index, follow, max-snippet:-1, max-image-preview:large, max-video-preview:-1\" \/>\n<link rel=\"canonical\" href=\"https:\/\/www.nettali.com\/2025\/09\/14\/prison-de-kaolack-doff-ndeye-obtient-une-autorisation-exceptionnelle-de-sortie-pour-assister-aux-funerailles-de-sa-mere\/\" \/>\n<meta property=\"og:locale\" content=\"fr_FR\" \/>\n<meta property=\"og:type\" content=\"article\" \/>\n<meta property=\"og:title\" content=\"PRISON DE KAOLACK - Doff Nd\u00e8ye obtient une autorisation exceptionnelle de sortie pour assister aux fun\u00e9railles de sa m\u00e8re\" \/>\n<meta property=\"og:description\" content=\"NETTALI.COM - D\u00e9tenu depuis le 24 juin 2024 \u00e0 la Maison d\u2019arr\u00eat et de correction (MAC) de Kaolack pour d\u00e9tention ill\u00e9gale d\u2019arme et tentative de meurtre sur la personne de B. Faye, le rappeur Alassane Diallo, plus connu sous son nom de sc\u00e8ne Djily alias Doff Nd\u00e8ye, a b\u00e9n\u00e9fici\u00e9 d\u2019une mesure exceptionnelle ce samedi 13 [&hellip;]\" \/>\n<meta property=\"og:url\" content=\"https:\/\/www.nettali.com\/2025\/09\/14\/prison-de-kaolack-doff-ndeye-obtient-une-autorisation-exceptionnelle-de-sortie-pour-assister-aux-funerailles-de-sa-mere\/\" \/>\n<meta property=\"og:site_name\" content=\"Nettali.com\" \/>\n<meta property=\"article:publisher\" content=\"https:\/\/www.facebook.com\/nettalicom\" \/>\n<meta property=\"article:published_time\" content=\"2025-09-14T08:19:12+00:00\" \/>\n<meta property=\"og:image\" content=\"https:\/\/www.nettali.com\/wp-content\/uploads\/2025\/09\/Dof-Ndeye.png\" \/>\n\t<meta property=\"og:image:width\" content=\"803\" \/>\n\t<meta property=\"og:image:height\" content=\"521\" \/>\n<meta name=\"twitter:card\" content=\"summary_large_image\" \/>\n<meta name=\"twitter:label1\" content=\"\u00c9crit par\" \/>\n\t<meta name=\"twitter:data1\" content=\"Daouda\" \/>\n\t<meta name=\"twitter:label2\" content=\"Dur\u00e9e de lecture estim\u00e9e\" \/>\n\t<meta name=\"twitter:data2\" content=\"2 minutes\" \/>\n<script type=\"application\/ld+json\" class=\"yoast-schema-graph\">{\"@context\":\"https:\/\/schema.org\",\"@graph\":[{\"@type\":\"WebSite\",\"@id\":\"https:\/\/www.nettali.com\/#website\",\"url\":\"https:\/\/www.nettali.com\/\",\"name\":\"Nettali.com\",\"description\":\"Le rendez-vous critique du Net\",\"potentialAction\":[{\"@type\":\"SearchAction\",\"target\":{\"@type\":\"EntryPoint\",\"urlTemplate\":\"https:\/\/www.nettali.com\/?s={search_term_string}\"},\"query-input\":\"required name=search_term_string\"}],\"inLanguage\":\"fr-FR\"},{\"@type\":\"ImageObject\",\"@id\":\"https:\/\/www.nettali.com\/2025\/09\/14\/prison-de-kaolack-doff-ndeye-obtient-une-autorisation-exceptionnelle-de-sortie-pour-assister-aux-funerailles-de-sa-mere\/#primaryimage\",\"inLanguage\":\"fr-FR\",\"url\":\"https:\/\/www.nettali.com\/wp-content\/uploads\/2025\/09\/Dof-Ndeye.png\",\"contentUrl\":\"https:\/\/www.nettali.com\/wp-content\/uploads\/2025\/09\/Dof-Ndeye.png\",\"width\":803,\"height\":521},{\"@type\":\"WebPage\",\"@id\":\"https:\/\/www.nettali.com\/2025\/09\/14\/prison-de-kaolack-doff-ndeye-obtient-une-autorisation-exceptionnelle-de-sortie-pour-assister-aux-funerailles-de-sa-mere\/#webpage\",\"url\":\"https:\/\/www.nettali.com\/2025\/09\/14\/prison-de-kaolack-doff-ndeye-obtient-une-autorisation-exceptionnelle-de-sortie-pour-assister-aux-funerailles-de-sa-mere\/\",\"name\":\"PRISON DE KAOLACK - Doff Nd\\u00e8ye obtient une autorisation exceptionnelle de sortie pour assister aux fun\\u00e9railles de sa m\\u00e8re | Nettali.com\",\"isPartOf\":{\"@id\":\"https:\/\/www.nettali.com\/#website\"},\"primaryImageOfPage\":{\"@id\":\"https:\/\/www.nettali.com\/2025\/09\/14\/prison-de-kaolack-doff-ndeye-obtient-une-autorisation-exceptionnelle-de-sortie-pour-assister-aux-funerailles-de-sa-mere\/#primaryimage\"},\"datePublished\":\"2025-09-14T08:19:12+00:00\",\"dateModified\":\"2025-09-14T08:19:12+00:00\",\"author\":{\"@id\":\"https:\/\/www.nettali.com\/#\/schema\/person\/3317e0bb3aa1da309fbf7b2780901bf4\"},\"breadcrumb\":{\"@id\":\"https:\/\/www.nettali.com\/2025\/09\/14\/prison-de-kaolack-doff-ndeye-obtient-une-autorisation-exceptionnelle-de-sortie-pour-assister-aux-funerailles-de-sa-mere\/#breadcrumb\"},\"inLanguage\":\"fr-FR\",\"potentialAction\":[{\"@type\":\"ReadAction\",\"target\":[\"https:\/\/www.nettali.com\/2025\/09\/14\/prison-de-kaolack-doff-ndeye-obtient-une-autorisation-exceptionnelle-de-sortie-pour-assister-aux-funerailles-de-sa-mere\/\"]}]},{\"@type\":\"BreadcrumbList\",\"@id\":\"https:\/\/www.nettali.com\/2025\/09\/14\/prison-de-kaolack-doff-ndeye-obtient-une-autorisation-exceptionnelle-de-sortie-pour-assister-aux-funerailles-de-sa-mere\/#breadcrumb\",\"itemListElement\":[{\"@type\":\"ListItem\",\"position\":1,\"name\":\"Accueil\",\"item\":\"https:\/\/www.nettali.com\/\"},{\"@type\":\"ListItem\",\"position\":2,\"name\":\"PRISON DE KAOLACK - Doff Nd\\u00e8ye obtient une autorisation exceptionnelle de sortie pour assister aux fun\\u00e9railles de sa m\\u00e8re\"}]},{\"@type\":\"Person\",\"@id\":\"https:\/\/www.nettali.com\/#\/schema\/person\/3317e0bb3aa1da309fbf7b2780901bf4\",\"name\":\"Daouda\",\"image\":{\"@type\":\"ImageObject\",\"@id\":\"https:\/\/www.nettali.com\/#personlogo\",\"inLanguage\":\"fr-FR\",\"url\":\"https:\/\/secure.gravatar.com\/avatar\/8d143b5a49345098ddcfee1c49c2f47c?s=96&d=mm&r=g\",\"contentUrl\":\"https:\/\/secure.gravatar.com\/avatar\/8d143b5a49345098ddcfee1c49c2f47c?s=96&d=mm&r=g\",\"caption\":\"Daouda\"},\"sameAs\":[\"https:\/\/www.nettali.com\"]}]}<\/script>\n<!-- \/ Yoast SEO Premium plugin. -->","yoast_head_json":{"title":"PRISON DE KAOLACK - Doff Nd\u00e8ye obtient une autorisation exceptionnelle de sortie pour assister aux fun\u00e9railles de sa m\u00e8re | Nettali.com","robots":{"index":"index","follow":"follow","max-snippet":"max-snippet:-1","max-image-preview":"max-image-preview:large","max-video-preview":"max-video-preview:-1"},"canonical":"https:\/\/www.nettali.com\/2025\/09\/14\/prison-de-kaolack-doff-ndeye-obtient-une-autorisation-exceptionnelle-de-sortie-pour-assister-aux-funerailles-de-sa-mere\/","og_locale":"fr_FR","og_type":"article","og_title":"PRISON DE KAOLACK - Doff Nd\u00e8ye obtient une autorisation exceptionnelle de sortie pour assister aux fun\u00e9railles de sa m\u00e8re","og_description":"NETTALI.COM - D\u00e9tenu depuis le 24 juin 2024 \u00e0 la Maison d\u2019arr\u00eat et de correction (MAC) de Kaolack pour d\u00e9tention ill\u00e9gale d\u2019arme et tentative de meurtre sur la personne de B. Faye, le rappeur Alassane Diallo, plus connu sous son nom de sc\u00e8ne Djily alias Doff Nd\u00e8ye, a b\u00e9n\u00e9fici\u00e9 d\u2019une mesure exceptionnelle ce samedi 13 [&hellip;]","og_url":"https:\/\/www.nettali.com\/2025\/09\/14\/prison-de-kaolack-doff-ndeye-obtient-une-autorisation-exceptionnelle-de-sortie-pour-assister-aux-funerailles-de-sa-mere\/","og_site_name":"Nettali.com","article_publisher":"https:\/\/www.facebook.com\/nettalicom","article_published_time":"2025-09-14T08:19:12+00:00","og_image":[{"width":803,"height":521,"url":"https:\/\/www.nettali.com\/wp-content\/uploads\/2025\/09\/Dof-Ndeye.png","type":"image\/png"}],"twitter_card":"summary_large_image","twitter_misc":{"\u00c9crit par":"Daouda","Dur\u00e9e de lecture estim\u00e9e":"2 minutes"},"schema":{"@context":"https:\/\/schema.org","@graph":[{"@type":"WebSite","@id":"https:\/\/www.nettali.com\/#website","url":"https:\/\/www.nettali.com\/","name":"Nettali.com","description":"Le rendez-vous critique du Net","potentialAction":[{"@type":"SearchAction","target":{"@type":"EntryPoint","urlTemplate":"https:\/\/www.nettali.com\/?s={search_term_string}"},"query-input":"required name=search_term_string"}],"inLanguage":"fr-FR"},{"@type":"ImageObject","@id":"https:\/\/www.nettali.com\/2025\/09\/14\/prison-de-kaolack-doff-ndeye-obtient-une-autorisation-exceptionnelle-de-sortie-pour-assister-aux-funerailles-de-sa-mere\/#primaryimage","inLanguage":"fr-FR","url":"https:\/\/www.nettali.com\/wp-content\/uploads\/2025\/09\/Dof-Ndeye.png","contentUrl":"https:\/\/www.nettali.com\/wp-content\/uploads\/2025\/09\/Dof-Ndeye.png","width":803,"height":521},{"@type":"WebPage","@id":"https:\/\/www.nettali.com\/2025\/09\/14\/prison-de-kaolack-doff-ndeye-obtient-une-autorisation-exceptionnelle-de-sortie-pour-assister-aux-funerailles-de-sa-mere\/#webpage","url":"https:\/\/www.nettali.com\/2025\/09\/14\/prison-de-kaolack-doff-ndeye-obtient-une-autorisation-exceptionnelle-de-sortie-pour-assister-aux-funerailles-de-sa-mere\/","name":"PRISON DE KAOLACK - Doff Nd\u00e8ye obtient une autorisation exceptionnelle de sortie pour assister aux fun\u00e9railles de sa m\u00e8re | Nettali.com","isPartOf":{"@id":"https:\/\/www.nettali.com\/#website"},"primaryImageOfPage":{"@id":"https:\/\/www.nettali.com\/2025\/09\/14\/prison-de-kaolack-doff-ndeye-obtient-une-autorisation-exceptionnelle-de-sortie-pour-assister-aux-funerailles-de-sa-mere\/#primaryimage"},"datePublished":"2025-09-14T08:19:12+00:00","dateModified":"2025-09-14T08:19:12+00:00","author":{"@id":"https:\/\/www.nettali.com\/#\/schema\/person\/3317e0bb3aa1da309fbf7b2780901bf4"},"breadcrumb":{"@id":"https:\/\/www.nettali.com\/2025\/09\/14\/prison-de-kaolack-doff-ndeye-obtient-une-autorisation-exceptionnelle-de-sortie-pour-assister-aux-funerailles-de-sa-mere\/#breadcrumb"},"inLanguage":"fr-FR","potentialAction":[{"@type":"ReadAction","target":["https:\/\/www.nettali.com\/2025\/09\/14\/prison-de-kaolack-doff-ndeye-obtient-une-autorisation-exceptionnelle-de-sortie-pour-assister-aux-funerailles-de-sa-mere\/"]}]},{"@type":"BreadcrumbList","@id":"https:\/\/www.nettali.com\/2025\/09\/14\/prison-de-kaolack-doff-ndeye-obtient-une-autorisation-exceptionnelle-de-sortie-pour-assister-aux-funerailles-de-sa-mere\/#breadcrumb","itemListElement":[{"@type":"ListItem","position":1,"name":"Accueil","item":"https:\/\/www.nettali.com\/"},{"@type":"ListItem","position":2,"name":"PRISON DE KAOLACK - Doff Nd\u00e8ye obtient une autorisation exceptionnelle de sortie pour assister aux fun\u00e9railles de sa m\u00e8re"}]},{"@type":"Person","@id":"https:\/\/www.nettali.com\/#\/schema\/person\/3317e0bb3aa1da309fbf7b2780901bf4","name":"Daouda","image":{"@type":"ImageObject","@id":"https:\/\/www.nettali.com\/#personlogo","inLanguage":"fr-FR","url":"https:\/\/secure.gravatar.com\/avatar\/8d143b5a49345098ddcfee1c49c2f47c?s=96&d=mm&r=g","contentUrl":"https:\/\/secure.gravatar.com\/avatar\/8d143b5a49345098ddcfee1c49c2f47c?s=96&d=mm&r=g","caption":"Daouda"},"sameAs":["https:\/\/www.nettali.com"]}]}},"_links":{"self":[{"href":"https:\/\/www.nettali.com\/rest\/wp\/v2\/posts\/161214"}],"collection":[{"href":"https:\/\/www.nettali.com\/rest\/wp\/v2\/posts"}],"about":[{"href":"https:\/\/www.nettali.com\/rest\/wp\/v2\/types\/post"}],"author":[{"embeddable":true,"href":"https:\/\/www.nettali.com\/rest\/wp\/v2\/users\/4"}],"replies":[{"embeddable":true,"href":"https:\/\/www.nettali.com\/rest\/wp\/v2\/comments?post=161214"}],"version-history":[{"count":1,"href":"https:\/\/www.nettali.com\/rest\/wp\/v2\/posts\/161214\/revisions"}],"predecessor-version":[{"id":161216,"href":"https:\/\/www.nettali.com\/rest\/wp\/v2\/posts\/161214\/revisions\/161216"}],"wp:featuredmedia":[{"embeddable":true,"href":"https:\/\/www.nettali.com\/rest\/wp\/v2\/media\/161215"}],"wp:attachment":[{"href":"https:\/\/www.nettali.com\/rest\/wp\/v2\/media?parent=161214"}],"wp:term":[{"taxonomy":"category","embeddable":true,"href":"https:\/\/www.nettali.com\/rest\/wp\/v2\/categories?post=161214"},{"taxonomy":"post_tag","embeddable":true,"href":"https:\/\/www.nettali.com\/rest\/wp\/v2\/tags?post=161214"}],"curies":[{"name":"wp","href":"https:\/\/api.w.org\/{rel}","templated":true}]}}