{"id":161212,"date":"2025-09-14T08:12:44","date_gmt":"2025-09-14T08:12:44","guid":{"rendered":"https:\/\/www.nettali.com\/?p=161212"},"modified":"2025-09-15T12:23:36","modified_gmt":"2025-09-15T12:23:36","slug":"violents-affrontements-a-la-prison-de-thies-la-situation-maitrisee-apres-plusieurs-heures-de-tension","status":"publish","type":"post","link":"https:\/\/www.nettali.com\/2025\/09\/14\/violents-affrontements-a-la-prison-de-thies-la-situation-maitrisee-apres-plusieurs-heures-de-tension\/","title":{"rendered":"VIOLENTS AFFRONTEMENTS \u00c0 LA PRISON DE THI\u00c8S - La situation ma\u00eetris\u00e9e apr\u00e8s plusieurs heures de tension"},"content":{"rendered":"<p data-start=\"178\" data-end=\"507\"><strong>NETTALI.COM - La Maison d\u2019Arr\u00eat et de Correction (Mac) de Thi\u00e8s, situ\u00e9e dans la commune Thi\u00e8s-Ouest, a \u00e9t\u00e9 le th\u00e9\u00e2tre de violents affrontements ce samedi 13 septembre 2025, en d\u00e9but d\u2019apr\u00e8s-midi. Selon les premiers t\u00e9moignages recueillis, des d\u00e9tenus se sont oppos\u00e9s aux gardes p\u00e9nitentiaires dans une atmosph\u00e8re particuli\u00e8rement tendue.<\/strong><\/p>\n<p data-start=\"509\" data-end=\"898\">Les heurts, marqu\u00e9s par des jets de projectiles et des \u00e9chauffour\u00e9es, auraient fait plusieurs bless\u00e9s des deux c\u00f4t\u00e9s. Bien qu\u2019aucun bilan officiel n\u2019ait encore \u00e9t\u00e9 communiqu\u00e9, des sources proches du dossier affirment que des prisonniers et des agents p\u00e9nitentiaires ont \u00e9t\u00e9 \u00e9vacu\u00e9s d\u2019urgence vers le Centre hospitalier r\u00e9gional Ahmadou Sakhir Ndi\u00e9gu\u00e8ne pour y recevoir des soins.<\/p>\n<p data-start=\"900\" data-end=\"1145\">Apr\u00e8s plusieurs heures de tension, les forces de s\u00e9curit\u00e9 ont r\u00e9ussi \u00e0 reprendre le contr\u00f4le de la situation et \u00e0 ramener le calme dans l\u2019\u00e9tablissement. Les d\u00e9tenus ont ensuite r\u00e9int\u00e9gr\u00e9 leurs cellules, mettant fin \u00e0 l\u2019\u00e9pisode de violence.<\/p>\n<p data-start=\"1147\" data-end=\"1305\">D\u2019apr\u00e8s certaines sources, la col\u00e8re des pensionnaires de la Mac trouverait son origine dans un ensemble de revendications anciennes, parmi lesquelles les longues d\u00e9tentions pr\u00e9ventives, jug\u00e9es insupportables par beaucoup de d\u00e9tenus, les conditions de d\u00e9tention difficiles, aggrav\u00e9es par la chaleur \u00e9touffante de la saison et la qualit\u00e9 et l\u2019insuffisance de l\u2019alimentation, r\u00e9guli\u00e8rement d\u00e9nonc\u00e9es par les prisonniers.<\/p>\n<p data-start=\"1597\" data-end=\"1878\">En attendant un communiqu\u00e9 officiel, le climat reste marqu\u00e9 par la peur et la stupeur, aussi bien au sein de la prison que dans les quartiers environnants, o\u00f9 des riverains ont rapport\u00e9 avoir entendu des cris et constat\u00e9 des mouvements inhabituels tout au long de l\u2019incident.<\/p>\n<p data-start=\"1880\" data-end=\"2076\">Cet \u00e9pisode vient rappeler la fragilit\u00e9 du syst\u00e8me carc\u00e9ral s\u00e9n\u00e9galais, souvent d\u00e9nonc\u00e9 pour sa surpopulation, ses lenteurs judiciaires et ses conditions de vie \u00e9prouvantes pour les d\u00e9tenus.<\/p>\n<div class='share-to-whatsapp-wrapper'><div class='share-on-whsp'>PARTAGER SUR : <\/div><a data-text='VIOLENTS AFFRONTEMENTS \u00c0 LA PRISON DE THI\u00c8S - La situation ma\u00eetris\u00e9e apr\u00e8s plusieurs heures de tension' data-link='https:\/\/www.nettali.com\/2025\/09\/14\/violents-affrontements-a-la-prison-de-thies-la-situation-maitrisee-apres-plusieurs-heures-de-tension\/' class='whatsapp-button whatsapp-share'>WhatsApp<\/a><div class='clear '><\/div><\/div>","protected":false},"excerpt":{"rendered":"<p>NETTALI.COM - La Maison d\u2019Arr\u00eat et de Correction (Mac) de Thi\u00e8s, situ\u00e9e dans la commune Thi\u00e8s-Ouest, a \u00e9t\u00e9 le th\u00e9\u00e2tre de violents affrontements ce samedi 13 septembre 2025, en d\u00e9but d\u2019apr\u00e8s-midi. Selon les premiers t\u00e9moignages recueillis, des d\u00e9tenus se sont oppos\u00e9s aux gardes p\u00e9nitentiaires dans une atmosph\u00e8re particuli\u00e8rement tendue. Les heurts, marqu\u00e9s par des jets [&hellip;]<\/p>\n","protected":false},"author":4,"featured_media":95523,"comment_status":"open","ping_status":"open","sticky":false,"template":"","format":"standard","meta":{"_et_pb_use_builder":"","_et_pb_old_content":""},"categories":[3],"tags":[],"yoast_head":"<!-- This site is optimized with the Yoast SEO Premium plugin v17.8 (Yoast SEO v17.8) - https:\/\/yoast.com\/wordpress\/plugins\/seo\/ -->\n<title>VIOLENTS AFFRONTEMENTS \u00c0 LA PRISON DE THI\u00c8S - La situation ma\u00eetris\u00e9e apr\u00e8s plusieurs heures de tension | Nettali.com<\/title>\n<meta name=\"robots\" content=\"index, follow, max-snippet:-1, max-image-preview:large, max-video-preview:-1\" \/>\n<link rel=\"canonical\" href=\"https:\/\/www.nettali.com\/2025\/09\/14\/violents-affrontements-a-la-prison-de-thies-la-situation-maitrisee-apres-plusieurs-heures-de-tension\/\" \/>\n<meta property=\"og:locale\" content=\"fr_FR\" \/>\n<meta property=\"og:type\" content=\"article\" \/>\n<meta property=\"og:title\" content=\"VIOLENTS AFFRONTEMENTS \u00c0 LA PRISON DE THI\u00c8S - La situation ma\u00eetris\u00e9e apr\u00e8s plusieurs heures de tension\" \/>\n<meta property=\"og:description\" content=\"NETTALI.COM - La Maison d\u2019Arr\u00eat et de Correction (Mac) de Thi\u00e8s, situ\u00e9e dans la commune Thi\u00e8s-Ouest, a \u00e9t\u00e9 le th\u00e9\u00e2tre de violents affrontements ce samedi 13 septembre 2025, en d\u00e9but d\u2019apr\u00e8s-midi. Selon les premiers t\u00e9moignages recueillis, des d\u00e9tenus se sont oppos\u00e9s aux gardes p\u00e9nitentiaires dans une atmosph\u00e8re particuli\u00e8rement tendue. Les heurts, marqu\u00e9s par des jets [&hellip;]\" \/>\n<meta property=\"og:url\" content=\"https:\/\/www.nettali.com\/2025\/09\/14\/violents-affrontements-a-la-prison-de-thies-la-situation-maitrisee-apres-plusieurs-heures-de-tension\/\" \/>\n<meta property=\"og:site_name\" content=\"Nettali.com\" \/>\n<meta property=\"article:publisher\" content=\"https:\/\/www.facebook.com\/nettalicom\" \/>\n<meta property=\"article:published_time\" content=\"2025-09-14T08:12:44+00:00\" \/>\n<meta property=\"article:modified_time\" content=\"2025-09-15T12:23:36+00:00\" \/>\n<meta property=\"og:image\" content=\"https:\/\/www.nettali.com\/wp-content\/uploads\/2022\/10\/Prison-de-Thies.jpeg\" \/>\n\t<meta property=\"og:image:width\" content=\"696\" \/>\n\t<meta property=\"og:image:height\" content=\"522\" \/>\n<meta name=\"twitter:card\" content=\"summary_large_image\" \/>\n<meta name=\"twitter:label1\" content=\"\u00c9crit par\" \/>\n\t<meta name=\"twitter:data1\" content=\"Daouda\" \/>\n\t<meta name=\"twitter:label2\" content=\"Dur\u00e9e de lecture estim\u00e9e\" \/>\n\t<meta name=\"twitter:data2\" content=\"2 minutes\" \/>\n<script type=\"application\/ld+json\" class=\"yoast-schema-graph\">{\"@context\":\"https:\/\/schema.org\",\"@graph\":[{\"@type\":\"WebSite\",\"@id\":\"https:\/\/www.nettali.com\/#website\",\"url\":\"https:\/\/www.nettali.com\/\",\"name\":\"Nettali.com\",\"description\":\"Le rendez-vous critique du Net\",\"potentialAction\":[{\"@type\":\"SearchAction\",\"target\":{\"@type\":\"EntryPoint\",\"urlTemplate\":\"https:\/\/www.nettali.com\/?s={search_term_string}\"},\"query-input\":\"required name=search_term_string\"}],\"inLanguage\":\"fr-FR\"},{\"@type\":\"ImageObject\",\"@id\":\"https:\/\/www.nettali.com\/2025\/09\/14\/violents-affrontements-a-la-prison-de-thies-la-situation-maitrisee-apres-plusieurs-heures-de-tension\/#primaryimage\",\"inLanguage\":\"fr-FR\",\"url\":\"https:\/\/www.nettali.com\/wp-content\/uploads\/2022\/10\/Prison-de-Thies.jpeg\",\"contentUrl\":\"https:\/\/www.nettali.com\/wp-content\/uploads\/2022\/10\/Prison-de-Thies.jpeg\",\"width\":696,\"height\":522},{\"@type\":\"WebPage\",\"@id\":\"https:\/\/www.nettali.com\/2025\/09\/14\/violents-affrontements-a-la-prison-de-thies-la-situation-maitrisee-apres-plusieurs-heures-de-tension\/#webpage\",\"url\":\"https:\/\/www.nettali.com\/2025\/09\/14\/violents-affrontements-a-la-prison-de-thies-la-situation-maitrisee-apres-plusieurs-heures-de-tension\/\",\"name\":\"VIOLENTS AFFRONTEMENTS \\u00c0 LA PRISON DE THI\\u00c8S - La situation ma\\u00eetris\\u00e9e apr\\u00e8s plusieurs heures de tension | Nettali.com\",\"isPartOf\":{\"@id\":\"https:\/\/www.nettali.com\/#website\"},\"primaryImageOfPage\":{\"@id\":\"https:\/\/www.nettali.com\/2025\/09\/14\/violents-affrontements-a-la-prison-de-thies-la-situation-maitrisee-apres-plusieurs-heures-de-tension\/#primaryimage\"},\"datePublished\":\"2025-09-14T08:12:44+00:00\",\"dateModified\":\"2025-09-15T12:23:36+00:00\",\"author\":{\"@id\":\"https:\/\/www.nettali.com\/#\/schema\/person\/3317e0bb3aa1da309fbf7b2780901bf4\"},\"breadcrumb\":{\"@id\":\"https:\/\/www.nettali.com\/2025\/09\/14\/violents-affrontements-a-la-prison-de-thies-la-situation-maitrisee-apres-plusieurs-heures-de-tension\/#breadcrumb\"},\"inLanguage\":\"fr-FR\",\"potentialAction\":[{\"@type\":\"ReadAction\",\"target\":[\"https:\/\/www.nettali.com\/2025\/09\/14\/violents-affrontements-a-la-prison-de-thies-la-situation-maitrisee-apres-plusieurs-heures-de-tension\/\"]}]},{\"@type\":\"BreadcrumbList\",\"@id\":\"https:\/\/www.nettali.com\/2025\/09\/14\/violents-affrontements-a-la-prison-de-thies-la-situation-maitrisee-apres-plusieurs-heures-de-tension\/#breadcrumb\",\"itemListElement\":[{\"@type\":\"ListItem\",\"position\":1,\"name\":\"Accueil\",\"item\":\"https:\/\/www.nettali.com\/\"},{\"@type\":\"ListItem\",\"position\":2,\"name\":\"VIOLENTS AFFRONTEMENTS \\u00c0 LA PRISON DE THI\\u00c8S - La situation ma\\u00eetris\\u00e9e apr\\u00e8s plusieurs heures de tension\"}]},{\"@type\":\"Person\",\"@id\":\"https:\/\/www.nettali.com\/#\/schema\/person\/3317e0bb3aa1da309fbf7b2780901bf4\",\"name\":\"Daouda\",\"image\":{\"@type\":\"ImageObject\",\"@id\":\"https:\/\/www.nettali.com\/#personlogo\",\"inLanguage\":\"fr-FR\",\"url\":\"https:\/\/secure.gravatar.com\/avatar\/8d143b5a49345098ddcfee1c49c2f47c?s=96&d=mm&r=g\",\"contentUrl\":\"https:\/\/secure.gravatar.com\/avatar\/8d143b5a49345098ddcfee1c49c2f47c?s=96&d=mm&r=g\",\"caption\":\"Daouda\"},\"sameAs\":[\"https:\/\/www.nettali.com\"]}]}<\/script>\n<!-- \/ Yoast SEO Premium plugin. -->","yoast_head_json":{"title":"VIOLENTS AFFRONTEMENTS \u00c0 LA PRISON DE THI\u00c8S - La situation ma\u00eetris\u00e9e apr\u00e8s plusieurs heures de tension | Nettali.com","robots":{"index":"index","follow":"follow","max-snippet":"max-snippet:-1","max-image-preview":"max-image-preview:large","max-video-preview":"max-video-preview:-1"},"canonical":"https:\/\/www.nettali.com\/2025\/09\/14\/violents-affrontements-a-la-prison-de-thies-la-situation-maitrisee-apres-plusieurs-heures-de-tension\/","og_locale":"fr_FR","og_type":"article","og_title":"VIOLENTS AFFRONTEMENTS \u00c0 LA PRISON DE THI\u00c8S - La situation ma\u00eetris\u00e9e apr\u00e8s plusieurs heures de tension","og_description":"NETTALI.COM - La Maison d\u2019Arr\u00eat et de Correction (Mac) de Thi\u00e8s, situ\u00e9e dans la commune Thi\u00e8s-Ouest, a \u00e9t\u00e9 le th\u00e9\u00e2tre de violents affrontements ce samedi 13 septembre 2025, en d\u00e9but d\u2019apr\u00e8s-midi. Selon les premiers t\u00e9moignages recueillis, des d\u00e9tenus se sont oppos\u00e9s aux gardes p\u00e9nitentiaires dans une atmosph\u00e8re particuli\u00e8rement tendue. Les heurts, marqu\u00e9s par des jets [&hellip;]","og_url":"https:\/\/www.nettali.com\/2025\/09\/14\/violents-affrontements-a-la-prison-de-thies-la-situation-maitrisee-apres-plusieurs-heures-de-tension\/","og_site_name":"Nettali.com","article_publisher":"https:\/\/www.facebook.com\/nettalicom","article_published_time":"2025-09-14T08:12:44+00:00","article_modified_time":"2025-09-15T12:23:36+00:00","og_image":[{"width":696,"height":522,"url":"https:\/\/www.nettali.com\/wp-content\/uploads\/2022\/10\/Prison-de-Thies.jpeg","type":"image\/jpeg"}],"twitter_card":"summary_large_image","twitter_misc":{"\u00c9crit par":"Daouda","Dur\u00e9e de lecture estim\u00e9e":"2 minutes"},"schema":{"@context":"https:\/\/schema.org","@graph":[{"@type":"WebSite","@id":"https:\/\/www.nettali.com\/#website","url":"https:\/\/www.nettali.com\/","name":"Nettali.com","description":"Le rendez-vous critique du Net","potentialAction":[{"@type":"SearchAction","target":{"@type":"EntryPoint","urlTemplate":"https:\/\/www.nettali.com\/?s={search_term_string}"},"query-input":"required name=search_term_string"}],"inLanguage":"fr-FR"},{"@type":"ImageObject","@id":"https:\/\/www.nettali.com\/2025\/09\/14\/violents-affrontements-a-la-prison-de-thies-la-situation-maitrisee-apres-plusieurs-heures-de-tension\/#primaryimage","inLanguage":"fr-FR","url":"https:\/\/www.nettali.com\/wp-content\/uploads\/2022\/10\/Prison-de-Thies.jpeg","contentUrl":"https:\/\/www.nettali.com\/wp-content\/uploads\/2022\/10\/Prison-de-Thies.jpeg","width":696,"height":522},{"@type":"WebPage","@id":"https:\/\/www.nettali.com\/2025\/09\/14\/violents-affrontements-a-la-prison-de-thies-la-situation-maitrisee-apres-plusieurs-heures-de-tension\/#webpage","url":"https:\/\/www.nettali.com\/2025\/09\/14\/violents-affrontements-a-la-prison-de-thies-la-situation-maitrisee-apres-plusieurs-heures-de-tension\/","name":"VIOLENTS AFFRONTEMENTS \u00c0 LA PRISON DE THI\u00c8S - La situation ma\u00eetris\u00e9e apr\u00e8s plusieurs heures de tension | Nettali.com","isPartOf":{"@id":"https:\/\/www.nettali.com\/#website"},"primaryImageOfPage":{"@id":"https:\/\/www.nettali.com\/2025\/09\/14\/violents-affrontements-a-la-prison-de-thies-la-situation-maitrisee-apres-plusieurs-heures-de-tension\/#primaryimage"},"datePublished":"2025-09-14T08:12:44+00:00","dateModified":"2025-09-15T12:23:36+00:00","author":{"@id":"https:\/\/www.nettali.com\/#\/schema\/person\/3317e0bb3aa1da309fbf7b2780901bf4"},"breadcrumb":{"@id":"https:\/\/www.nettali.com\/2025\/09\/14\/violents-affrontements-a-la-prison-de-thies-la-situation-maitrisee-apres-plusieurs-heures-de-tension\/#breadcrumb"},"inLanguage":"fr-FR","potentialAction":[{"@type":"ReadAction","target":["https:\/\/www.nettali.com\/2025\/09\/14\/violents-affrontements-a-la-prison-de-thies-la-situation-maitrisee-apres-plusieurs-heures-de-tension\/"]}]},{"@type":"BreadcrumbList","@id":"https:\/\/www.nettali.com\/2025\/09\/14\/violents-affrontements-a-la-prison-de-thies-la-situation-maitrisee-apres-plusieurs-heures-de-tension\/#breadcrumb","itemListElement":[{"@type":"ListItem","position":1,"name":"Accueil","item":"https:\/\/www.nettali.com\/"},{"@type":"ListItem","position":2,"name":"VIOLENTS AFFRONTEMENTS \u00c0 LA PRISON DE THI\u00c8S - La situation ma\u00eetris\u00e9e apr\u00e8s plusieurs heures de tension"}]},{"@type":"Person","@id":"https:\/\/www.nettali.com\/#\/schema\/person\/3317e0bb3aa1da309fbf7b2780901bf4","name":"Daouda","image":{"@type":"ImageObject","@id":"https:\/\/www.nettali.com\/#personlogo","inLanguage":"fr-FR","url":"https:\/\/secure.gravatar.com\/avatar\/8d143b5a49345098ddcfee1c49c2f47c?s=96&d=mm&r=g","contentUrl":"https:\/\/secure.gravatar.com\/avatar\/8d143b5a49345098ddcfee1c49c2f47c?s=96&d=mm&r=g","caption":"Daouda"},"sameAs":["https:\/\/www.nettali.com"]}]}},"_links":{"self":[{"href":"https:\/\/www.nettali.com\/rest\/wp\/v2\/posts\/161212"}],"collection":[{"href":"https:\/\/www.nettali.com\/rest\/wp\/v2\/posts"}],"about":[{"href":"https:\/\/www.nettali.com\/rest\/wp\/v2\/types\/post"}],"author":[{"embeddable":true,"href":"https:\/\/www.nettali.com\/rest\/wp\/v2\/users\/4"}],"replies":[{"embeddable":true,"href":"https:\/\/www.nettali.com\/rest\/wp\/v2\/comments?post=161212"}],"version-history":[{"count":1,"href":"https:\/\/www.nettali.com\/rest\/wp\/v2\/posts\/161212\/revisions"}],"predecessor-version":[{"id":161213,"href":"https:\/\/www.nettali.com\/rest\/wp\/v2\/posts\/161212\/revisions\/161213"}],"wp:featuredmedia":[{"embeddable":true,"href":"https:\/\/www.nettali.com\/rest\/wp\/v2\/media\/95523"}],"wp:attachment":[{"href":"https:\/\/www.nettali.com\/rest\/wp\/v2\/media?parent=161212"}],"wp:term":[{"taxonomy":"category","embeddable":true,"href":"https:\/\/www.nettali.com\/rest\/wp\/v2\/categories?post=161212"},{"taxonomy":"post_tag","embeddable":true,"href":"https:\/\/www.nettali.com\/rest\/wp\/v2\/tags?post=161212"}],"curies":[{"name":"wp","href":"https:\/\/api.w.org\/{rel}","templated":true}]}}