{"id":161171,"date":"2025-09-13T09:23:13","date_gmt":"2025-09-13T09:23:13","guid":{"rendered":"https:\/\/www.nettali.com\/?p=161171"},"modified":"2025-09-13T09:23:13","modified_gmt":"2025-09-13T09:23:13","slug":"audience-du-mardi-9-septembre-mystere-autour-de-labsence-de-boy-djine","status":"publish","type":"post","link":"https:\/\/www.nettali.com\/2025\/09\/13\/audience-du-mardi-9-septembre-mystere-autour-de-labsence-de-boy-djine\/","title":{"rendered":"AUDIENCE DU MARDI 9 SEPTEMBRE - Myst\u00e8re autour de l'absence de Boy Djin\u00e9"},"content":{"rendered":"<p><strong>NETTALI.COM -<\/strong> L\u2019audience pour juger Baye Modou Fall alias Boy Djin\u00e9 \u00e9tait pr\u00e9vue le mardi dernier. Quand le juge a appel\u00e9 les d\u00e9tenus, Baye Modou Fall manquait \u00e0 l'appel. Interrog\u00e9s sur les raisons de son absence, les responsables ont indiqu\u00e9 \u00e0 nos sources que \u201c<em>ceux charg\u00e9s de l'amener auraient re\u00e7u l'information, une fois sur place, qu'il n'\u00e9tait pas \u00e0 la prison du Camp p\u00e9nal Libert\u00e9 VI<\/em>\u201d.<\/p>\n<p>Une situation incompr\u00e9hensible pour les proches de M. Fall : \u201c<em>On nous a fait savoir que sa convocation n'est pas arriv\u00e9e \u00e0 la prison, alors que l'ordre de le pr\u00e9senter avait \u00e9t\u00e9 donn\u00e9. \u00c0 cause de cela, il n'a pas pu compara\u00eetre. Le juge a d\u00fb reporter l'audience jusqu'en novembre, les vacances judiciaires \u00e9tant pass\u00e9es par l\u00e0. L'erreur vient des responsables du Camp p\u00e9nal : ils savaient que Baye Modou y \u00e9tait et ont affirm\u00e9 du contraire. Le jour du proc\u00e8s, une \u00e9quipe envoy\u00e9e apr\u00e8s l'incident pour le transf\u00e9rer, s'est heurt\u00e9e \u00e0 un nouveau refus. Nous ignorons les motivations de ces agissements. Le juge du 3e cabinet a promis une enqu\u00eate pour clarifier cette affaire<\/em>\u201d, ont confi\u00e9 des sources proches de la famille.<\/p>\n<p>Celle-ci exige un proc\u00e8s rapide : \u201cNous voulons que notre fils soit jug\u00e9 au plus vite. Cette situation est insupportable.<\/p>\n<p><strong>Source EnQu\u00eate<\/strong><\/p>\n<div class='share-to-whatsapp-wrapper'><div class='share-on-whsp'>PARTAGER SUR : <\/div><a data-text='AUDIENCE DU MARDI 9 SEPTEMBRE - Myst\u00e8re autour de l'absence de Boy Djin\u00e9' data-link='https:\/\/www.nettali.com\/2025\/09\/13\/audience-du-mardi-9-septembre-mystere-autour-de-labsence-de-boy-djine\/' class='whatsapp-button whatsapp-share'>WhatsApp<\/a><div class='clear '><\/div><\/div>","protected":false},"excerpt":{"rendered":"<p>NETTALI.COM - L\u2019audience pour juger Baye Modou Fall alias Boy Djin\u00e9 \u00e9tait pr\u00e9vue le mardi dernier. Quand le juge a appel\u00e9 les d\u00e9tenus, Baye Modou Fall manquait \u00e0 l'appel. Interrog\u00e9s sur les raisons de son absence, les responsables ont indiqu\u00e9 \u00e0 nos sources que \u201cceux charg\u00e9s de l'amener auraient re\u00e7u l'information, une fois sur place, [&hellip;]<\/p>\n","protected":false},"author":2,"featured_media":161172,"comment_status":"open","ping_status":"open","sticky":false,"template":"","format":"standard","meta":{"_et_pb_use_builder":"","_et_pb_old_content":""},"categories":[3],"tags":[],"yoast_head":"<!-- This site is optimized with the Yoast SEO Premium plugin v17.8 (Yoast SEO v17.8) - https:\/\/yoast.com\/wordpress\/plugins\/seo\/ -->\n<title>AUDIENCE DU MARDI 9 SEPTEMBRE - Myst\u00e8re autour de l&#039;absence de Boy Djin\u00e9 | Nettali.com<\/title>\n<meta name=\"robots\" content=\"index, follow, max-snippet:-1, max-image-preview:large, max-video-preview:-1\" \/>\n<link rel=\"canonical\" href=\"https:\/\/www.nettali.com\/2025\/09\/13\/audience-du-mardi-9-septembre-mystere-autour-de-labsence-de-boy-djine\/\" \/>\n<meta property=\"og:locale\" content=\"fr_FR\" \/>\n<meta property=\"og:type\" content=\"article\" \/>\n<meta property=\"og:title\" content=\"AUDIENCE DU MARDI 9 SEPTEMBRE - Myst\u00e8re autour de l&#039;absence de Boy Djin\u00e9\" \/>\n<meta property=\"og:description\" content=\"NETTALI.COM - L\u2019audience pour juger Baye Modou Fall alias Boy Djin\u00e9 \u00e9tait pr\u00e9vue le mardi dernier. Quand le juge a appel\u00e9 les d\u00e9tenus, Baye Modou Fall manquait \u00e0 l&#039;appel. Interrog\u00e9s sur les raisons de son absence, les responsables ont indiqu\u00e9 \u00e0 nos sources que \u201cceux charg\u00e9s de l&#039;amener auraient re\u00e7u l&#039;information, une fois sur place, [&hellip;]\" \/>\n<meta property=\"og:url\" content=\"https:\/\/www.nettali.com\/2025\/09\/13\/audience-du-mardi-9-septembre-mystere-autour-de-labsence-de-boy-djine\/\" \/>\n<meta property=\"og:site_name\" content=\"Nettali.com\" \/>\n<meta property=\"article:publisher\" content=\"https:\/\/www.facebook.com\/nettalicom\" \/>\n<meta property=\"article:published_time\" content=\"2025-09-13T09:23:13+00:00\" \/>\n<meta property=\"og:image\" content=\"https:\/\/www.nettali.com\/wp-content\/uploads\/2025\/09\/boy-djinne.jpg\" \/>\n\t<meta property=\"og:image:width\" content=\"580\" \/>\n\t<meta property=\"og:image:height\" content=\"355\" \/>\n<meta name=\"twitter:card\" content=\"summary_large_image\" \/>\n<meta name=\"twitter:label1\" content=\"\u00c9crit par\" \/>\n\t<meta name=\"twitter:data1\" content=\"CK\" \/>\n\t<meta name=\"twitter:label2\" content=\"Dur\u00e9e de lecture estim\u00e9e\" \/>\n\t<meta name=\"twitter:data2\" content=\"2 minutes\" \/>\n<script type=\"application\/ld+json\" class=\"yoast-schema-graph\">{\"@context\":\"https:\/\/schema.org\",\"@graph\":[{\"@type\":\"WebSite\",\"@id\":\"https:\/\/www.nettali.com\/#website\",\"url\":\"https:\/\/www.nettali.com\/\",\"name\":\"Nettali.com\",\"description\":\"Le rendez-vous critique du Net\",\"potentialAction\":[{\"@type\":\"SearchAction\",\"target\":{\"@type\":\"EntryPoint\",\"urlTemplate\":\"https:\/\/www.nettali.com\/?s={search_term_string}\"},\"query-input\":\"required name=search_term_string\"}],\"inLanguage\":\"fr-FR\"},{\"@type\":\"ImageObject\",\"@id\":\"https:\/\/www.nettali.com\/2025\/09\/13\/audience-du-mardi-9-septembre-mystere-autour-de-labsence-de-boy-djine\/#primaryimage\",\"inLanguage\":\"fr-FR\",\"url\":\"https:\/\/www.nettali.com\/wp-content\/uploads\/2025\/09\/boy-djinne.jpg\",\"contentUrl\":\"https:\/\/www.nettali.com\/wp-content\/uploads\/2025\/09\/boy-djinne.jpg\",\"width\":580,\"height\":355},{\"@type\":\"WebPage\",\"@id\":\"https:\/\/www.nettali.com\/2025\/09\/13\/audience-du-mardi-9-septembre-mystere-autour-de-labsence-de-boy-djine\/#webpage\",\"url\":\"https:\/\/www.nettali.com\/2025\/09\/13\/audience-du-mardi-9-septembre-mystere-autour-de-labsence-de-boy-djine\/\",\"name\":\"AUDIENCE DU MARDI 9 SEPTEMBRE - Myst\\u00e8re autour de l'absence de Boy Djin\\u00e9 | Nettali.com\",\"isPartOf\":{\"@id\":\"https:\/\/www.nettali.com\/#website\"},\"primaryImageOfPage\":{\"@id\":\"https:\/\/www.nettali.com\/2025\/09\/13\/audience-du-mardi-9-septembre-mystere-autour-de-labsence-de-boy-djine\/#primaryimage\"},\"datePublished\":\"2025-09-13T09:23:13+00:00\",\"dateModified\":\"2025-09-13T09:23:13+00:00\",\"author\":{\"@id\":\"https:\/\/www.nettali.com\/#\/schema\/person\/d8ac7b7e27ddad43f1c0d2ef090d7f71\"},\"breadcrumb\":{\"@id\":\"https:\/\/www.nettali.com\/2025\/09\/13\/audience-du-mardi-9-septembre-mystere-autour-de-labsence-de-boy-djine\/#breadcrumb\"},\"inLanguage\":\"fr-FR\",\"potentialAction\":[{\"@type\":\"ReadAction\",\"target\":[\"https:\/\/www.nettali.com\/2025\/09\/13\/audience-du-mardi-9-septembre-mystere-autour-de-labsence-de-boy-djine\/\"]}]},{\"@type\":\"BreadcrumbList\",\"@id\":\"https:\/\/www.nettali.com\/2025\/09\/13\/audience-du-mardi-9-septembre-mystere-autour-de-labsence-de-boy-djine\/#breadcrumb\",\"itemListElement\":[{\"@type\":\"ListItem\",\"position\":1,\"name\":\"Accueil\",\"item\":\"https:\/\/www.nettali.com\/\"},{\"@type\":\"ListItem\",\"position\":2,\"name\":\"AUDIENCE DU MARDI 9 SEPTEMBRE - Myst\\u00e8re autour de l'absence de Boy Djin\\u00e9\"}]},{\"@type\":\"Person\",\"@id\":\"https:\/\/www.nettali.com\/#\/schema\/person\/d8ac7b7e27ddad43f1c0d2ef090d7f71\",\"name\":\"CK\",\"image\":{\"@type\":\"ImageObject\",\"@id\":\"https:\/\/www.nettali.com\/#personlogo\",\"inLanguage\":\"fr-FR\",\"url\":\"https:\/\/secure.gravatar.com\/avatar\/1d8d5118b9327d94da7cd4ce7f17fec2?s=96&d=mm&r=g\",\"contentUrl\":\"https:\/\/secure.gravatar.com\/avatar\/1d8d5118b9327d94da7cd4ce7f17fec2?s=96&d=mm&r=g\",\"caption\":\"CK\"},\"sameAs\":[\"https:\/\/www.nettali.com\"]}]}<\/script>\n<!-- \/ Yoast SEO Premium plugin. -->","yoast_head_json":{"title":"AUDIENCE DU MARDI 9 SEPTEMBRE - Myst\u00e8re autour de l'absence de Boy Djin\u00e9 | Nettali.com","robots":{"index":"index","follow":"follow","max-snippet":"max-snippet:-1","max-image-preview":"max-image-preview:large","max-video-preview":"max-video-preview:-1"},"canonical":"https:\/\/www.nettali.com\/2025\/09\/13\/audience-du-mardi-9-septembre-mystere-autour-de-labsence-de-boy-djine\/","og_locale":"fr_FR","og_type":"article","og_title":"AUDIENCE DU MARDI 9 SEPTEMBRE - Myst\u00e8re autour de l'absence de Boy Djin\u00e9","og_description":"NETTALI.COM - L\u2019audience pour juger Baye Modou Fall alias Boy Djin\u00e9 \u00e9tait pr\u00e9vue le mardi dernier. Quand le juge a appel\u00e9 les d\u00e9tenus, Baye Modou Fall manquait \u00e0 l'appel. Interrog\u00e9s sur les raisons de son absence, les responsables ont indiqu\u00e9 \u00e0 nos sources que \u201cceux charg\u00e9s de l'amener auraient re\u00e7u l'information, une fois sur place, [&hellip;]","og_url":"https:\/\/www.nettali.com\/2025\/09\/13\/audience-du-mardi-9-septembre-mystere-autour-de-labsence-de-boy-djine\/","og_site_name":"Nettali.com","article_publisher":"https:\/\/www.facebook.com\/nettalicom","article_published_time":"2025-09-13T09:23:13+00:00","og_image":[{"width":580,"height":355,"url":"https:\/\/www.nettali.com\/wp-content\/uploads\/2025\/09\/boy-djinne.jpg","type":"image\/jpeg"}],"twitter_card":"summary_large_image","twitter_misc":{"\u00c9crit par":"CK","Dur\u00e9e de lecture estim\u00e9e":"2 minutes"},"schema":{"@context":"https:\/\/schema.org","@graph":[{"@type":"WebSite","@id":"https:\/\/www.nettali.com\/#website","url":"https:\/\/www.nettali.com\/","name":"Nettali.com","description":"Le rendez-vous critique du Net","potentialAction":[{"@type":"SearchAction","target":{"@type":"EntryPoint","urlTemplate":"https:\/\/www.nettali.com\/?s={search_term_string}"},"query-input":"required name=search_term_string"}],"inLanguage":"fr-FR"},{"@type":"ImageObject","@id":"https:\/\/www.nettali.com\/2025\/09\/13\/audience-du-mardi-9-septembre-mystere-autour-de-labsence-de-boy-djine\/#primaryimage","inLanguage":"fr-FR","url":"https:\/\/www.nettali.com\/wp-content\/uploads\/2025\/09\/boy-djinne.jpg","contentUrl":"https:\/\/www.nettali.com\/wp-content\/uploads\/2025\/09\/boy-djinne.jpg","width":580,"height":355},{"@type":"WebPage","@id":"https:\/\/www.nettali.com\/2025\/09\/13\/audience-du-mardi-9-septembre-mystere-autour-de-labsence-de-boy-djine\/#webpage","url":"https:\/\/www.nettali.com\/2025\/09\/13\/audience-du-mardi-9-septembre-mystere-autour-de-labsence-de-boy-djine\/","name":"AUDIENCE DU MARDI 9 SEPTEMBRE - Myst\u00e8re autour de l'absence de Boy Djin\u00e9 | Nettali.com","isPartOf":{"@id":"https:\/\/www.nettali.com\/#website"},"primaryImageOfPage":{"@id":"https:\/\/www.nettali.com\/2025\/09\/13\/audience-du-mardi-9-septembre-mystere-autour-de-labsence-de-boy-djine\/#primaryimage"},"datePublished":"2025-09-13T09:23:13+00:00","dateModified":"2025-09-13T09:23:13+00:00","author":{"@id":"https:\/\/www.nettali.com\/#\/schema\/person\/d8ac7b7e27ddad43f1c0d2ef090d7f71"},"breadcrumb":{"@id":"https:\/\/www.nettali.com\/2025\/09\/13\/audience-du-mardi-9-septembre-mystere-autour-de-labsence-de-boy-djine\/#breadcrumb"},"inLanguage":"fr-FR","potentialAction":[{"@type":"ReadAction","target":["https:\/\/www.nettali.com\/2025\/09\/13\/audience-du-mardi-9-septembre-mystere-autour-de-labsence-de-boy-djine\/"]}]},{"@type":"BreadcrumbList","@id":"https:\/\/www.nettali.com\/2025\/09\/13\/audience-du-mardi-9-septembre-mystere-autour-de-labsence-de-boy-djine\/#breadcrumb","itemListElement":[{"@type":"ListItem","position":1,"name":"Accueil","item":"https:\/\/www.nettali.com\/"},{"@type":"ListItem","position":2,"name":"AUDIENCE DU MARDI 9 SEPTEMBRE - Myst\u00e8re autour de l'absence de Boy Djin\u00e9"}]},{"@type":"Person","@id":"https:\/\/www.nettali.com\/#\/schema\/person\/d8ac7b7e27ddad43f1c0d2ef090d7f71","name":"CK","image":{"@type":"ImageObject","@id":"https:\/\/www.nettali.com\/#personlogo","inLanguage":"fr-FR","url":"https:\/\/secure.gravatar.com\/avatar\/1d8d5118b9327d94da7cd4ce7f17fec2?s=96&d=mm&r=g","contentUrl":"https:\/\/secure.gravatar.com\/avatar\/1d8d5118b9327d94da7cd4ce7f17fec2?s=96&d=mm&r=g","caption":"CK"},"sameAs":["https:\/\/www.nettali.com"]}]}},"_links":{"self":[{"href":"https:\/\/www.nettali.com\/rest\/wp\/v2\/posts\/161171"}],"collection":[{"href":"https:\/\/www.nettali.com\/rest\/wp\/v2\/posts"}],"about":[{"href":"https:\/\/www.nettali.com\/rest\/wp\/v2\/types\/post"}],"author":[{"embeddable":true,"href":"https:\/\/www.nettali.com\/rest\/wp\/v2\/users\/2"}],"replies":[{"embeddable":true,"href":"https:\/\/www.nettali.com\/rest\/wp\/v2\/comments?post=161171"}],"version-history":[{"count":1,"href":"https:\/\/www.nettali.com\/rest\/wp\/v2\/posts\/161171\/revisions"}],"predecessor-version":[{"id":161173,"href":"https:\/\/www.nettali.com\/rest\/wp\/v2\/posts\/161171\/revisions\/161173"}],"wp:featuredmedia":[{"embeddable":true,"href":"https:\/\/www.nettali.com\/rest\/wp\/v2\/media\/161172"}],"wp:attachment":[{"href":"https:\/\/www.nettali.com\/rest\/wp\/v2\/media?parent=161171"}],"wp:term":[{"taxonomy":"category","embeddable":true,"href":"https:\/\/www.nettali.com\/rest\/wp\/v2\/categories?post=161171"},{"taxonomy":"post_tag","embeddable":true,"href":"https:\/\/www.nettali.com\/rest\/wp\/v2\/tags?post=161171"}],"curies":[{"name":"wp","href":"https:\/\/api.w.org\/{rel}","templated":true}]}}