{"id":161166,"date":"2025-09-13T09:06:40","date_gmt":"2025-09-13T09:06:40","guid":{"rendered":"https:\/\/www.nettali.com\/?p=161166"},"modified":"2025-09-13T09:06:51","modified_gmt":"2025-09-13T09:06:51","slug":"apres-lordonnance-du-juge-farba-ngom-transfere-au-pavillon-special","status":"publish","type":"post","link":"https:\/\/www.nettali.com\/2025\/09\/13\/apres-lordonnance-du-juge-farba-ngom-transfere-au-pavillon-special\/","title":{"rendered":"APRES L'ORDONNANCE DU JUGE - Farba Ngom transf\u00e9r\u00e9 hier au Pavillon sp\u00e9cial"},"content":{"rendered":"<p data-start=\"148\" data-end=\"406\"><strong>NETTALI.COM - Le d\u00e9put\u00e9-maire des Agnam, Mouhamadou Ngom dit Farba, a quitt\u00e9 hier sa cellule du Pool judiciaire financier (PJF) pour \u00eatre transf\u00e9r\u00e9 au Pavillon sp\u00e9cial de l\u2019h\u00f4pital Aristide Le Dantec, conform\u00e9ment \u00e0 l\u2019ordonnance rendue par le juge d\u2019instruction.<\/strong><\/p>\n<p data-start=\"408\" data-end=\"795\">Cette d\u00e9cision intervient apr\u00e8s plusieurs requ\u00eates introduites par sa d\u00e9fense, qui plaidait pour une prise en charge m\u00e9dicale adapt\u00e9e \u00e0 l\u2019\u00e9tat de sant\u00e9 de leur client. Si le juge a refus\u00e9 la demande de mise en libert\u00e9 provisoire, il a n\u00e9anmoins autoris\u00e9 ce transf\u00e8rement, estimant que la situation n\u00e9cessitait un suivi m\u00e9dical particulier dans une structure hospitali\u00e8re s\u00e9curis\u00e9e.<\/p>\n<p data-start=\"797\" data-end=\"1150\">Selon des sources proches du dossier, le transfert a eu lieu sous escorte, en pr\u00e9sence d\u2019agents charg\u00e9s d\u2019assurer la surveillance du parlementaire, poursuivi dans le cadre d\u2019une enqu\u00eate financi\u00e8re. Install\u00e9 au Pavillon sp\u00e9cial, Farba Ngom reste sous contr\u00f4le judiciaire strict, ses mouvements \u00e9tant limit\u00e9s par les dispositions de s\u00e9curit\u00e9 en vigueur.<\/p>\n<p data-start=\"1152\" data-end=\"1472\">Ses avocats, emmen\u00e9s par Me Baboucar Ciss\u00e9, ont d\u00e9j\u00e0 interjet\u00e9 appel contre le refus de mise en libert\u00e9 provisoire, estimant que leur client devrait b\u00e9n\u00e9ficier d\u2019une plus grande cl\u00e9mence compte tenu de son statut et de sa sant\u00e9 fragile. Ils esp\u00e8rent obtenir une r\u00e9vision de cette d\u00e9cision dans les prochains jours.<\/p>\n<p data-start=\"1474\" data-end=\"1836\">\n<div class='share-to-whatsapp-wrapper'><div class='share-on-whsp'>PARTAGER SUR : <\/div><a data-text='APRES L'ORDONNANCE DU JUGE - Farba Ngom transf\u00e9r\u00e9 hier au Pavillon sp\u00e9cial' data-link='https:\/\/www.nettali.com\/2025\/09\/13\/apres-lordonnance-du-juge-farba-ngom-transfere-au-pavillon-special\/' class='whatsapp-button whatsapp-share'>WhatsApp<\/a><div class='clear '><\/div><\/div>","protected":false},"excerpt":{"rendered":"<p>NETTALI.COM - Le d\u00e9put\u00e9-maire des Agnam, Mouhamadou Ngom dit Farba, a quitt\u00e9 hier sa cellule du Pool judiciaire financier (PJF) pour \u00eatre transf\u00e9r\u00e9 au Pavillon sp\u00e9cial de l\u2019h\u00f4pital Aristide Le Dantec, conform\u00e9ment \u00e0 l\u2019ordonnance rendue par le juge d\u2019instruction. Cette d\u00e9cision intervient apr\u00e8s plusieurs requ\u00eates introduites par sa d\u00e9fense, qui plaidait pour une prise en [&hellip;]<\/p>\n","protected":false},"author":4,"featured_media":147137,"comment_status":"open","ping_status":"open","sticky":false,"template":"","format":"standard","meta":{"_et_pb_use_builder":"","_et_pb_old_content":""},"categories":[3],"tags":[],"yoast_head":"<!-- This site is optimized with the Yoast SEO Premium plugin v17.8 (Yoast SEO v17.8) - https:\/\/yoast.com\/wordpress\/plugins\/seo\/ -->\n<title>APRES L&#039;ORDONNANCE DU JUGE - Farba Ngom transf\u00e9r\u00e9 hier au Pavillon sp\u00e9cial | Nettali.com<\/title>\n<meta name=\"robots\" content=\"index, follow, max-snippet:-1, max-image-preview:large, max-video-preview:-1\" \/>\n<link rel=\"canonical\" href=\"https:\/\/www.nettali.com\/2025\/09\/13\/apres-lordonnance-du-juge-farba-ngom-transfere-au-pavillon-special\/\" \/>\n<meta property=\"og:locale\" content=\"fr_FR\" \/>\n<meta property=\"og:type\" content=\"article\" \/>\n<meta property=\"og:title\" content=\"APRES L&#039;ORDONNANCE DU JUGE - Farba Ngom transf\u00e9r\u00e9 hier au Pavillon sp\u00e9cial\" \/>\n<meta property=\"og:description\" content=\"NETTALI.COM - Le d\u00e9put\u00e9-maire des Agnam, Mouhamadou Ngom dit Farba, a quitt\u00e9 hier sa cellule du Pool judiciaire financier (PJF) pour \u00eatre transf\u00e9r\u00e9 au Pavillon sp\u00e9cial de l\u2019h\u00f4pital Aristide Le Dantec, conform\u00e9ment \u00e0 l\u2019ordonnance rendue par le juge d\u2019instruction. Cette d\u00e9cision intervient apr\u00e8s plusieurs requ\u00eates introduites par sa d\u00e9fense, qui plaidait pour une prise en [&hellip;]\" \/>\n<meta property=\"og:url\" content=\"https:\/\/www.nettali.com\/2025\/09\/13\/apres-lordonnance-du-juge-farba-ngom-transfere-au-pavillon-special\/\" \/>\n<meta property=\"og:site_name\" content=\"Nettali.com\" \/>\n<meta property=\"article:publisher\" content=\"https:\/\/www.facebook.com\/nettalicom\" \/>\n<meta property=\"article:published_time\" content=\"2025-09-13T09:06:40+00:00\" \/>\n<meta property=\"article:modified_time\" content=\"2025-09-13T09:06:51+00:00\" \/>\n<meta property=\"og:image\" content=\"https:\/\/www.nettali.com\/wp-content\/uploads\/2025\/01\/farba-ngom.jpg\" \/>\n\t<meta property=\"og:image:width\" content=\"772\" \/>\n\t<meta property=\"og:image:height\" content=\"458\" \/>\n<meta name=\"twitter:card\" content=\"summary_large_image\" \/>\n<meta name=\"twitter:label1\" content=\"\u00c9crit par\" \/>\n\t<meta name=\"twitter:data1\" content=\"Daouda\" \/>\n\t<meta name=\"twitter:label2\" content=\"Dur\u00e9e de lecture estim\u00e9e\" \/>\n\t<meta name=\"twitter:data2\" content=\"2 minutes\" \/>\n<script type=\"application\/ld+json\" class=\"yoast-schema-graph\">{\"@context\":\"https:\/\/schema.org\",\"@graph\":[{\"@type\":\"WebSite\",\"@id\":\"https:\/\/www.nettali.com\/#website\",\"url\":\"https:\/\/www.nettali.com\/\",\"name\":\"Nettali.com\",\"description\":\"Le rendez-vous critique du Net\",\"potentialAction\":[{\"@type\":\"SearchAction\",\"target\":{\"@type\":\"EntryPoint\",\"urlTemplate\":\"https:\/\/www.nettali.com\/?s={search_term_string}\"},\"query-input\":\"required name=search_term_string\"}],\"inLanguage\":\"fr-FR\"},{\"@type\":\"ImageObject\",\"@id\":\"https:\/\/www.nettali.com\/2025\/09\/13\/apres-lordonnance-du-juge-farba-ngom-transfere-au-pavillon-special\/#primaryimage\",\"inLanguage\":\"fr-FR\",\"url\":\"https:\/\/www.nettali.com\/wp-content\/uploads\/2025\/01\/farba-ngom.jpg\",\"contentUrl\":\"https:\/\/www.nettali.com\/wp-content\/uploads\/2025\/01\/farba-ngom.jpg\",\"width\":772,\"height\":458},{\"@type\":\"WebPage\",\"@id\":\"https:\/\/www.nettali.com\/2025\/09\/13\/apres-lordonnance-du-juge-farba-ngom-transfere-au-pavillon-special\/#webpage\",\"url\":\"https:\/\/www.nettali.com\/2025\/09\/13\/apres-lordonnance-du-juge-farba-ngom-transfere-au-pavillon-special\/\",\"name\":\"APRES L'ORDONNANCE DU JUGE - Farba Ngom transf\\u00e9r\\u00e9 hier au Pavillon sp\\u00e9cial | Nettali.com\",\"isPartOf\":{\"@id\":\"https:\/\/www.nettali.com\/#website\"},\"primaryImageOfPage\":{\"@id\":\"https:\/\/www.nettali.com\/2025\/09\/13\/apres-lordonnance-du-juge-farba-ngom-transfere-au-pavillon-special\/#primaryimage\"},\"datePublished\":\"2025-09-13T09:06:40+00:00\",\"dateModified\":\"2025-09-13T09:06:51+00:00\",\"author\":{\"@id\":\"https:\/\/www.nettali.com\/#\/schema\/person\/3317e0bb3aa1da309fbf7b2780901bf4\"},\"breadcrumb\":{\"@id\":\"https:\/\/www.nettali.com\/2025\/09\/13\/apres-lordonnance-du-juge-farba-ngom-transfere-au-pavillon-special\/#breadcrumb\"},\"inLanguage\":\"fr-FR\",\"potentialAction\":[{\"@type\":\"ReadAction\",\"target\":[\"https:\/\/www.nettali.com\/2025\/09\/13\/apres-lordonnance-du-juge-farba-ngom-transfere-au-pavillon-special\/\"]}]},{\"@type\":\"BreadcrumbList\",\"@id\":\"https:\/\/www.nettali.com\/2025\/09\/13\/apres-lordonnance-du-juge-farba-ngom-transfere-au-pavillon-special\/#breadcrumb\",\"itemListElement\":[{\"@type\":\"ListItem\",\"position\":1,\"name\":\"Accueil\",\"item\":\"https:\/\/www.nettali.com\/\"},{\"@type\":\"ListItem\",\"position\":2,\"name\":\"APRES L'ORDONNANCE DU JUGE - Farba Ngom transf\\u00e9r\\u00e9 hier au Pavillon sp\\u00e9cial\"}]},{\"@type\":\"Person\",\"@id\":\"https:\/\/www.nettali.com\/#\/schema\/person\/3317e0bb3aa1da309fbf7b2780901bf4\",\"name\":\"Daouda\",\"image\":{\"@type\":\"ImageObject\",\"@id\":\"https:\/\/www.nettali.com\/#personlogo\",\"inLanguage\":\"fr-FR\",\"url\":\"https:\/\/secure.gravatar.com\/avatar\/8d143b5a49345098ddcfee1c49c2f47c?s=96&d=mm&r=g\",\"contentUrl\":\"https:\/\/secure.gravatar.com\/avatar\/8d143b5a49345098ddcfee1c49c2f47c?s=96&d=mm&r=g\",\"caption\":\"Daouda\"},\"sameAs\":[\"https:\/\/www.nettali.com\"]}]}<\/script>\n<!-- \/ Yoast SEO Premium plugin. -->","yoast_head_json":{"title":"APRES L'ORDONNANCE DU JUGE - Farba Ngom transf\u00e9r\u00e9 hier au Pavillon sp\u00e9cial | Nettali.com","robots":{"index":"index","follow":"follow","max-snippet":"max-snippet:-1","max-image-preview":"max-image-preview:large","max-video-preview":"max-video-preview:-1"},"canonical":"https:\/\/www.nettali.com\/2025\/09\/13\/apres-lordonnance-du-juge-farba-ngom-transfere-au-pavillon-special\/","og_locale":"fr_FR","og_type":"article","og_title":"APRES L'ORDONNANCE DU JUGE - Farba Ngom transf\u00e9r\u00e9 hier au Pavillon sp\u00e9cial","og_description":"NETTALI.COM - Le d\u00e9put\u00e9-maire des Agnam, Mouhamadou Ngom dit Farba, a quitt\u00e9 hier sa cellule du Pool judiciaire financier (PJF) pour \u00eatre transf\u00e9r\u00e9 au Pavillon sp\u00e9cial de l\u2019h\u00f4pital Aristide Le Dantec, conform\u00e9ment \u00e0 l\u2019ordonnance rendue par le juge d\u2019instruction. Cette d\u00e9cision intervient apr\u00e8s plusieurs requ\u00eates introduites par sa d\u00e9fense, qui plaidait pour une prise en [&hellip;]","og_url":"https:\/\/www.nettali.com\/2025\/09\/13\/apres-lordonnance-du-juge-farba-ngom-transfere-au-pavillon-special\/","og_site_name":"Nettali.com","article_publisher":"https:\/\/www.facebook.com\/nettalicom","article_published_time":"2025-09-13T09:06:40+00:00","article_modified_time":"2025-09-13T09:06:51+00:00","og_image":[{"width":772,"height":458,"url":"https:\/\/www.nettali.com\/wp-content\/uploads\/2025\/01\/farba-ngom.jpg","type":"image\/jpeg"}],"twitter_card":"summary_large_image","twitter_misc":{"\u00c9crit par":"Daouda","Dur\u00e9e de lecture estim\u00e9e":"2 minutes"},"schema":{"@context":"https:\/\/schema.org","@graph":[{"@type":"WebSite","@id":"https:\/\/www.nettali.com\/#website","url":"https:\/\/www.nettali.com\/","name":"Nettali.com","description":"Le rendez-vous critique du Net","potentialAction":[{"@type":"SearchAction","target":{"@type":"EntryPoint","urlTemplate":"https:\/\/www.nettali.com\/?s={search_term_string}"},"query-input":"required name=search_term_string"}],"inLanguage":"fr-FR"},{"@type":"ImageObject","@id":"https:\/\/www.nettali.com\/2025\/09\/13\/apres-lordonnance-du-juge-farba-ngom-transfere-au-pavillon-special\/#primaryimage","inLanguage":"fr-FR","url":"https:\/\/www.nettali.com\/wp-content\/uploads\/2025\/01\/farba-ngom.jpg","contentUrl":"https:\/\/www.nettali.com\/wp-content\/uploads\/2025\/01\/farba-ngom.jpg","width":772,"height":458},{"@type":"WebPage","@id":"https:\/\/www.nettali.com\/2025\/09\/13\/apres-lordonnance-du-juge-farba-ngom-transfere-au-pavillon-special\/#webpage","url":"https:\/\/www.nettali.com\/2025\/09\/13\/apres-lordonnance-du-juge-farba-ngom-transfere-au-pavillon-special\/","name":"APRES L'ORDONNANCE DU JUGE - Farba Ngom transf\u00e9r\u00e9 hier au Pavillon sp\u00e9cial | Nettali.com","isPartOf":{"@id":"https:\/\/www.nettali.com\/#website"},"primaryImageOfPage":{"@id":"https:\/\/www.nettali.com\/2025\/09\/13\/apres-lordonnance-du-juge-farba-ngom-transfere-au-pavillon-special\/#primaryimage"},"datePublished":"2025-09-13T09:06:40+00:00","dateModified":"2025-09-13T09:06:51+00:00","author":{"@id":"https:\/\/www.nettali.com\/#\/schema\/person\/3317e0bb3aa1da309fbf7b2780901bf4"},"breadcrumb":{"@id":"https:\/\/www.nettali.com\/2025\/09\/13\/apres-lordonnance-du-juge-farba-ngom-transfere-au-pavillon-special\/#breadcrumb"},"inLanguage":"fr-FR","potentialAction":[{"@type":"ReadAction","target":["https:\/\/www.nettali.com\/2025\/09\/13\/apres-lordonnance-du-juge-farba-ngom-transfere-au-pavillon-special\/"]}]},{"@type":"BreadcrumbList","@id":"https:\/\/www.nettali.com\/2025\/09\/13\/apres-lordonnance-du-juge-farba-ngom-transfere-au-pavillon-special\/#breadcrumb","itemListElement":[{"@type":"ListItem","position":1,"name":"Accueil","item":"https:\/\/www.nettali.com\/"},{"@type":"ListItem","position":2,"name":"APRES L'ORDONNANCE DU JUGE - Farba Ngom transf\u00e9r\u00e9 hier au Pavillon sp\u00e9cial"}]},{"@type":"Person","@id":"https:\/\/www.nettali.com\/#\/schema\/person\/3317e0bb3aa1da309fbf7b2780901bf4","name":"Daouda","image":{"@type":"ImageObject","@id":"https:\/\/www.nettali.com\/#personlogo","inLanguage":"fr-FR","url":"https:\/\/secure.gravatar.com\/avatar\/8d143b5a49345098ddcfee1c49c2f47c?s=96&d=mm&r=g","contentUrl":"https:\/\/secure.gravatar.com\/avatar\/8d143b5a49345098ddcfee1c49c2f47c?s=96&d=mm&r=g","caption":"Daouda"},"sameAs":["https:\/\/www.nettali.com"]}]}},"_links":{"self":[{"href":"https:\/\/www.nettali.com\/rest\/wp\/v2\/posts\/161166"}],"collection":[{"href":"https:\/\/www.nettali.com\/rest\/wp\/v2\/posts"}],"about":[{"href":"https:\/\/www.nettali.com\/rest\/wp\/v2\/types\/post"}],"author":[{"embeddable":true,"href":"https:\/\/www.nettali.com\/rest\/wp\/v2\/users\/4"}],"replies":[{"embeddable":true,"href":"https:\/\/www.nettali.com\/rest\/wp\/v2\/comments?post=161166"}],"version-history":[{"count":2,"href":"https:\/\/www.nettali.com\/rest\/wp\/v2\/posts\/161166\/revisions"}],"predecessor-version":[{"id":161168,"href":"https:\/\/www.nettali.com\/rest\/wp\/v2\/posts\/161166\/revisions\/161168"}],"wp:featuredmedia":[{"embeddable":true,"href":"https:\/\/www.nettali.com\/rest\/wp\/v2\/media\/147137"}],"wp:attachment":[{"href":"https:\/\/www.nettali.com\/rest\/wp\/v2\/media?parent=161166"}],"wp:term":[{"taxonomy":"category","embeddable":true,"href":"https:\/\/www.nettali.com\/rest\/wp\/v2\/categories?post=161166"},{"taxonomy":"post_tag","embeddable":true,"href":"https:\/\/www.nettali.com\/rest\/wp\/v2\/tags?post=161166"}],"curies":[{"name":"wp","href":"https:\/\/api.w.org\/{rel}","templated":true}]}}