{"id":161162,"date":"2025-09-13T08:48:49","date_gmt":"2025-09-13T08:48:49","guid":{"rendered":"https:\/\/www.nettali.com\/?p=161162"},"modified":"2025-09-13T15:45:38","modified_gmt":"2025-09-13T15:45:38","slug":"doudou-wade-pourquoi-sonko-a-choisi-yassine-fall-et-bamba-cisse","status":"publish","type":"post","link":"https:\/\/www.nettali.com\/2025\/09\/13\/doudou-wade-pourquoi-sonko-a-choisi-yassine-fall-et-bamba-cisse\/","title":{"rendered":"DOUDOU WADE : \"Pourquoi Sonko a choisi Yassine Fall et Bamba Ciss\u00e9\""},"content":{"rendered":"<p data-start=\"255\" data-end=\"686\"><strong>NETTALI.COM - L\u2019ancien d\u00e9put\u00e9 et cadre historique du Parti d\u00e9mocratique s\u00e9n\u00e9galais (PDS), Doudou Wade, a livr\u00e9 une analyse tranch\u00e9e de la strat\u00e9gie politique du Premier ministre Ousmane Sonko. Pour lui, la nomination de Me Bamba Ciss\u00e9 au poste sensible de ministre de l\u2019Int\u00e9rieur n\u2019a rien d\u2019anodin : elle constitue un calcul minutieux en vue de la pr\u00e9sidentielle de 2029.<\/strong><\/p>\n<p data-start=\"731\" data-end=\"1245\">Doudou Wade rappelle que le Pastef et son leader avaient publiquement promis que le minist\u00e8re de l\u2019Int\u00e9rieur, consid\u00e9r\u00e9 comme le <strong data-start=\"860\" data-end=\"893\">nerf des \u00e9lections au S\u00e9n\u00e9gal<\/strong>, serait confi\u00e9 \u00e0 une personnalit\u00e9 neutre et consensuelle. <em>\u00ab En choisissant son avocat personnel, Sonko a rompu avec cet engagement \u00bb<\/em>, affirme-t-il. <em>\u00ab Bamba Ciss\u00e9, c\u2019est l\u2019avocat de Ousmane Sonko, pr\u00e9sident de Pastef \u00bb<\/em>, insiste-t-il, y voyant une volont\u00e9 manifeste de verrouiller un poste strat\u00e9gique en pr\u00e9vision des batailles \u00e9lectorales \u00e0 venir.<\/p>\n<p data-start=\"1303\" data-end=\"1610\">Pour l\u2019ancien parlementaire, la priorit\u00e9 d\u2019Ousmane Sonko d\u00e9passe la gestion gouvernementale. <em>\u00ab Le match le plus important que Sonko doit jouer, c\u2019est d\u2019assurer son avenir politique \u00bb<\/em>, tranche-t-il. En ligne de mire : les incertitudes qui planent encore sur son \u00e9ligibilit\u00e9 \u00e0 la pr\u00e9sidentielle de 2029.<\/p>\n<p data-start=\"1612\" data-end=\"1706\">C\u2019est dans ce sens, selon Doudou Wade, qu\u2019il faut comprendre le choix de deux figures cl\u00e9s : Yassine Fall, ministre de la Justice, qui aura la main sur les dossiers judiciaires et les r\u00e9formes du cadre l\u00e9gal ET Bamba Ciss\u00e9, ministre de l\u2019Int\u00e9rieur, qui contr\u00f4lera l\u2019organisation des scrutins et la gestion du fichier \u00e9lectoral.<\/p>\n<p data-start=\"1957\" data-end=\"2192\"><em>\u00ab Assurer son avenir politique passe n\u00e9cessairement par le ministre de la Justice et celui de l\u2019Int\u00e9rieur \u00bb<\/em>, th\u00e9orise Wade, qui y voit une man\u0153uvre claire pour <em>\u00ab lever tout obstacle juridique et \u00e9lectoral \u00bb<\/em> \u00e0 la candidature de Sonko.<\/p>\n<p data-start=\"2228\" data-end=\"2635\">Pour nombre d\u2019observateurs, cette sortie de Doudou Wade illustre la suspicion persistante qui entoure les d\u00e9cisions d\u2019Ousmane Sonko depuis son accession \u00e0 la Primature. Ses adversaires redoutent une instrumentalisation des minist\u00e8res r\u00e9galiens au profit de ses ambitions, tandis que ses partisans d\u00e9fendent une \u00ab normalisation \u00bb visant \u00e0 confier les leviers de l\u2019\u00c9tat \u00e0 des personnalit\u00e9s de confiance.<\/p>\n<p data-start=\"2637\" data-end=\"2895\">En tout \u00e9tat de cause, cette analyse vient nourrir le d\u00e9bat sur la s\u00e9paration entre les int\u00e9r\u00eats partisans et la gestion des affaires publiques, dans un contexte o\u00f9 la pr\u00e9paration de l\u2019\u00e9ch\u00e9ance \u00e9lectorale de 2029 semble d\u00e9j\u00e0 dominer l\u2019agenda politique.<\/p>\n<div class='share-to-whatsapp-wrapper'><div class='share-on-whsp'>PARTAGER SUR : <\/div><a data-text='DOUDOU WADE : \"Pourquoi Sonko a choisi Yassine Fall et Bamba Ciss\u00e9\"' data-link='https:\/\/www.nettali.com\/2025\/09\/13\/doudou-wade-pourquoi-sonko-a-choisi-yassine-fall-et-bamba-cisse\/' class='whatsapp-button whatsapp-share'>WhatsApp<\/a><div class='clear '><\/div><\/div>","protected":false},"excerpt":{"rendered":"<p>NETTALI.COM - L\u2019ancien d\u00e9put\u00e9 et cadre historique du Parti d\u00e9mocratique s\u00e9n\u00e9galais (PDS), Doudou Wade, a livr\u00e9 une analyse tranch\u00e9e de la strat\u00e9gie politique du Premier ministre Ousmane Sonko. Pour lui, la nomination de Me Bamba Ciss\u00e9 au poste sensible de ministre de l\u2019Int\u00e9rieur n\u2019a rien d\u2019anodin : elle constitue un calcul minutieux en vue de [&hellip;]<\/p>\n","protected":false},"author":4,"featured_media":161163,"comment_status":"open","ping_status":"open","sticky":false,"template":"","format":"standard","meta":{"_et_pb_use_builder":"","_et_pb_old_content":""},"categories":[2],"tags":[],"yoast_head":"<!-- This site is optimized with the Yoast SEO Premium plugin v17.8 (Yoast SEO v17.8) - https:\/\/yoast.com\/wordpress\/plugins\/seo\/ -->\n<title>DOUDOU WADE : &quot;Pourquoi Sonko a choisi Yassine Fall et Bamba Ciss\u00e9&quot; | Nettali.com<\/title>\n<meta name=\"robots\" content=\"index, follow, max-snippet:-1, max-image-preview:large, max-video-preview:-1\" \/>\n<link rel=\"canonical\" href=\"https:\/\/www.nettali.com\/2025\/09\/13\/doudou-wade-pourquoi-sonko-a-choisi-yassine-fall-et-bamba-cisse\/\" \/>\n<meta property=\"og:locale\" content=\"fr_FR\" \/>\n<meta property=\"og:type\" content=\"article\" \/>\n<meta property=\"og:title\" content=\"DOUDOU WADE : &quot;Pourquoi Sonko a choisi Yassine Fall et Bamba Ciss\u00e9&quot;\" \/>\n<meta property=\"og:description\" content=\"NETTALI.COM - L\u2019ancien d\u00e9put\u00e9 et cadre historique du Parti d\u00e9mocratique s\u00e9n\u00e9galais (PDS), Doudou Wade, a livr\u00e9 une analyse tranch\u00e9e de la strat\u00e9gie politique du Premier ministre Ousmane Sonko. Pour lui, la nomination de Me Bamba Ciss\u00e9 au poste sensible de ministre de l\u2019Int\u00e9rieur n\u2019a rien d\u2019anodin : elle constitue un calcul minutieux en vue de [&hellip;]\" \/>\n<meta property=\"og:url\" content=\"https:\/\/www.nettali.com\/2025\/09\/13\/doudou-wade-pourquoi-sonko-a-choisi-yassine-fall-et-bamba-cisse\/\" \/>\n<meta property=\"og:site_name\" content=\"Nettali.com\" \/>\n<meta property=\"article:publisher\" content=\"https:\/\/www.facebook.com\/nettalicom\" \/>\n<meta property=\"article:published_time\" content=\"2025-09-13T08:48:49+00:00\" \/>\n<meta property=\"article:modified_time\" content=\"2025-09-13T15:45:38+00:00\" \/>\n<meta property=\"og:image\" content=\"https:\/\/www.nettali.com\/wp-content\/uploads\/2025\/09\/Doudou-Wade.jpg\" \/>\n\t<meta property=\"og:image:width\" content=\"1170\" \/>\n\t<meta property=\"og:image:height\" content=\"742\" \/>\n<meta name=\"twitter:card\" content=\"summary_large_image\" \/>\n<meta name=\"twitter:label1\" content=\"\u00c9crit par\" \/>\n\t<meta name=\"twitter:data1\" content=\"Daouda\" \/>\n\t<meta name=\"twitter:label2\" content=\"Dur\u00e9e de lecture estim\u00e9e\" \/>\n\t<meta name=\"twitter:data2\" content=\"2 minutes\" \/>\n<script type=\"application\/ld+json\" class=\"yoast-schema-graph\">{\"@context\":\"https:\/\/schema.org\",\"@graph\":[{\"@type\":\"WebSite\",\"@id\":\"https:\/\/www.nettali.com\/#website\",\"url\":\"https:\/\/www.nettali.com\/\",\"name\":\"Nettali.com\",\"description\":\"Le rendez-vous critique du Net\",\"potentialAction\":[{\"@type\":\"SearchAction\",\"target\":{\"@type\":\"EntryPoint\",\"urlTemplate\":\"https:\/\/www.nettali.com\/?s={search_term_string}\"},\"query-input\":\"required name=search_term_string\"}],\"inLanguage\":\"fr-FR\"},{\"@type\":\"ImageObject\",\"@id\":\"https:\/\/www.nettali.com\/2025\/09\/13\/doudou-wade-pourquoi-sonko-a-choisi-yassine-fall-et-bamba-cisse\/#primaryimage\",\"inLanguage\":\"fr-FR\",\"url\":\"https:\/\/www.nettali.com\/wp-content\/uploads\/2025\/09\/Doudou-Wade.jpg\",\"contentUrl\":\"https:\/\/www.nettali.com\/wp-content\/uploads\/2025\/09\/Doudou-Wade.jpg\",\"width\":1170,\"height\":742},{\"@type\":\"WebPage\",\"@id\":\"https:\/\/www.nettali.com\/2025\/09\/13\/doudou-wade-pourquoi-sonko-a-choisi-yassine-fall-et-bamba-cisse\/#webpage\",\"url\":\"https:\/\/www.nettali.com\/2025\/09\/13\/doudou-wade-pourquoi-sonko-a-choisi-yassine-fall-et-bamba-cisse\/\",\"name\":\"DOUDOU WADE : \\\"Pourquoi Sonko a choisi Yassine Fall et Bamba Ciss\\u00e9\\\" | Nettali.com\",\"isPartOf\":{\"@id\":\"https:\/\/www.nettali.com\/#website\"},\"primaryImageOfPage\":{\"@id\":\"https:\/\/www.nettali.com\/2025\/09\/13\/doudou-wade-pourquoi-sonko-a-choisi-yassine-fall-et-bamba-cisse\/#primaryimage\"},\"datePublished\":\"2025-09-13T08:48:49+00:00\",\"dateModified\":\"2025-09-13T15:45:38+00:00\",\"author\":{\"@id\":\"https:\/\/www.nettali.com\/#\/schema\/person\/3317e0bb3aa1da309fbf7b2780901bf4\"},\"breadcrumb\":{\"@id\":\"https:\/\/www.nettali.com\/2025\/09\/13\/doudou-wade-pourquoi-sonko-a-choisi-yassine-fall-et-bamba-cisse\/#breadcrumb\"},\"inLanguage\":\"fr-FR\",\"potentialAction\":[{\"@type\":\"ReadAction\",\"target\":[\"https:\/\/www.nettali.com\/2025\/09\/13\/doudou-wade-pourquoi-sonko-a-choisi-yassine-fall-et-bamba-cisse\/\"]}]},{\"@type\":\"BreadcrumbList\",\"@id\":\"https:\/\/www.nettali.com\/2025\/09\/13\/doudou-wade-pourquoi-sonko-a-choisi-yassine-fall-et-bamba-cisse\/#breadcrumb\",\"itemListElement\":[{\"@type\":\"ListItem\",\"position\":1,\"name\":\"Accueil\",\"item\":\"https:\/\/www.nettali.com\/\"},{\"@type\":\"ListItem\",\"position\":2,\"name\":\"DOUDOU WADE : \\\"Pourquoi Sonko a choisi Yassine Fall et Bamba Ciss\\u00e9\\\"\"}]},{\"@type\":\"Person\",\"@id\":\"https:\/\/www.nettali.com\/#\/schema\/person\/3317e0bb3aa1da309fbf7b2780901bf4\",\"name\":\"Daouda\",\"image\":{\"@type\":\"ImageObject\",\"@id\":\"https:\/\/www.nettali.com\/#personlogo\",\"inLanguage\":\"fr-FR\",\"url\":\"https:\/\/secure.gravatar.com\/avatar\/8d143b5a49345098ddcfee1c49c2f47c?s=96&d=mm&r=g\",\"contentUrl\":\"https:\/\/secure.gravatar.com\/avatar\/8d143b5a49345098ddcfee1c49c2f47c?s=96&d=mm&r=g\",\"caption\":\"Daouda\"},\"sameAs\":[\"https:\/\/www.nettali.com\"]}]}<\/script>\n<!-- \/ Yoast SEO Premium plugin. -->","yoast_head_json":{"title":"DOUDOU WADE : \"Pourquoi Sonko a choisi Yassine Fall et Bamba Ciss\u00e9\" | Nettali.com","robots":{"index":"index","follow":"follow","max-snippet":"max-snippet:-1","max-image-preview":"max-image-preview:large","max-video-preview":"max-video-preview:-1"},"canonical":"https:\/\/www.nettali.com\/2025\/09\/13\/doudou-wade-pourquoi-sonko-a-choisi-yassine-fall-et-bamba-cisse\/","og_locale":"fr_FR","og_type":"article","og_title":"DOUDOU WADE : \"Pourquoi Sonko a choisi Yassine Fall et Bamba Ciss\u00e9\"","og_description":"NETTALI.COM - L\u2019ancien d\u00e9put\u00e9 et cadre historique du Parti d\u00e9mocratique s\u00e9n\u00e9galais (PDS), Doudou Wade, a livr\u00e9 une analyse tranch\u00e9e de la strat\u00e9gie politique du Premier ministre Ousmane Sonko. Pour lui, la nomination de Me Bamba Ciss\u00e9 au poste sensible de ministre de l\u2019Int\u00e9rieur n\u2019a rien d\u2019anodin : elle constitue un calcul minutieux en vue de [&hellip;]","og_url":"https:\/\/www.nettali.com\/2025\/09\/13\/doudou-wade-pourquoi-sonko-a-choisi-yassine-fall-et-bamba-cisse\/","og_site_name":"Nettali.com","article_publisher":"https:\/\/www.facebook.com\/nettalicom","article_published_time":"2025-09-13T08:48:49+00:00","article_modified_time":"2025-09-13T15:45:38+00:00","og_image":[{"width":1170,"height":742,"url":"https:\/\/www.nettali.com\/wp-content\/uploads\/2025\/09\/Doudou-Wade.jpg","type":"image\/jpeg"}],"twitter_card":"summary_large_image","twitter_misc":{"\u00c9crit par":"Daouda","Dur\u00e9e de lecture estim\u00e9e":"2 minutes"},"schema":{"@context":"https:\/\/schema.org","@graph":[{"@type":"WebSite","@id":"https:\/\/www.nettali.com\/#website","url":"https:\/\/www.nettali.com\/","name":"Nettali.com","description":"Le rendez-vous critique du Net","potentialAction":[{"@type":"SearchAction","target":{"@type":"EntryPoint","urlTemplate":"https:\/\/www.nettali.com\/?s={search_term_string}"},"query-input":"required name=search_term_string"}],"inLanguage":"fr-FR"},{"@type":"ImageObject","@id":"https:\/\/www.nettali.com\/2025\/09\/13\/doudou-wade-pourquoi-sonko-a-choisi-yassine-fall-et-bamba-cisse\/#primaryimage","inLanguage":"fr-FR","url":"https:\/\/www.nettali.com\/wp-content\/uploads\/2025\/09\/Doudou-Wade.jpg","contentUrl":"https:\/\/www.nettali.com\/wp-content\/uploads\/2025\/09\/Doudou-Wade.jpg","width":1170,"height":742},{"@type":"WebPage","@id":"https:\/\/www.nettali.com\/2025\/09\/13\/doudou-wade-pourquoi-sonko-a-choisi-yassine-fall-et-bamba-cisse\/#webpage","url":"https:\/\/www.nettali.com\/2025\/09\/13\/doudou-wade-pourquoi-sonko-a-choisi-yassine-fall-et-bamba-cisse\/","name":"DOUDOU WADE : \"Pourquoi Sonko a choisi Yassine Fall et Bamba Ciss\u00e9\" | Nettali.com","isPartOf":{"@id":"https:\/\/www.nettali.com\/#website"},"primaryImageOfPage":{"@id":"https:\/\/www.nettali.com\/2025\/09\/13\/doudou-wade-pourquoi-sonko-a-choisi-yassine-fall-et-bamba-cisse\/#primaryimage"},"datePublished":"2025-09-13T08:48:49+00:00","dateModified":"2025-09-13T15:45:38+00:00","author":{"@id":"https:\/\/www.nettali.com\/#\/schema\/person\/3317e0bb3aa1da309fbf7b2780901bf4"},"breadcrumb":{"@id":"https:\/\/www.nettali.com\/2025\/09\/13\/doudou-wade-pourquoi-sonko-a-choisi-yassine-fall-et-bamba-cisse\/#breadcrumb"},"inLanguage":"fr-FR","potentialAction":[{"@type":"ReadAction","target":["https:\/\/www.nettali.com\/2025\/09\/13\/doudou-wade-pourquoi-sonko-a-choisi-yassine-fall-et-bamba-cisse\/"]}]},{"@type":"BreadcrumbList","@id":"https:\/\/www.nettali.com\/2025\/09\/13\/doudou-wade-pourquoi-sonko-a-choisi-yassine-fall-et-bamba-cisse\/#breadcrumb","itemListElement":[{"@type":"ListItem","position":1,"name":"Accueil","item":"https:\/\/www.nettali.com\/"},{"@type":"ListItem","position":2,"name":"DOUDOU WADE : \"Pourquoi Sonko a choisi Yassine Fall et Bamba Ciss\u00e9\""}]},{"@type":"Person","@id":"https:\/\/www.nettali.com\/#\/schema\/person\/3317e0bb3aa1da309fbf7b2780901bf4","name":"Daouda","image":{"@type":"ImageObject","@id":"https:\/\/www.nettali.com\/#personlogo","inLanguage":"fr-FR","url":"https:\/\/secure.gravatar.com\/avatar\/8d143b5a49345098ddcfee1c49c2f47c?s=96&d=mm&r=g","contentUrl":"https:\/\/secure.gravatar.com\/avatar\/8d143b5a49345098ddcfee1c49c2f47c?s=96&d=mm&r=g","caption":"Daouda"},"sameAs":["https:\/\/www.nettali.com"]}]}},"_links":{"self":[{"href":"https:\/\/www.nettali.com\/rest\/wp\/v2\/posts\/161162"}],"collection":[{"href":"https:\/\/www.nettali.com\/rest\/wp\/v2\/posts"}],"about":[{"href":"https:\/\/www.nettali.com\/rest\/wp\/v2\/types\/post"}],"author":[{"embeddable":true,"href":"https:\/\/www.nettali.com\/rest\/wp\/v2\/users\/4"}],"replies":[{"embeddable":true,"href":"https:\/\/www.nettali.com\/rest\/wp\/v2\/comments?post=161162"}],"version-history":[{"count":3,"href":"https:\/\/www.nettali.com\/rest\/wp\/v2\/posts\/161162\/revisions"}],"predecessor-version":[{"id":161188,"href":"https:\/\/www.nettali.com\/rest\/wp\/v2\/posts\/161162\/revisions\/161188"}],"wp:featuredmedia":[{"embeddable":true,"href":"https:\/\/www.nettali.com\/rest\/wp\/v2\/media\/161163"}],"wp:attachment":[{"href":"https:\/\/www.nettali.com\/rest\/wp\/v2\/media?parent=161162"}],"wp:term":[{"taxonomy":"category","embeddable":true,"href":"https:\/\/www.nettali.com\/rest\/wp\/v2\/categories?post=161162"},{"taxonomy":"post_tag","embeddable":true,"href":"https:\/\/www.nettali.com\/rest\/wp\/v2\/tags?post=161162"}],"curies":[{"name":"wp","href":"https:\/\/api.w.org\/{rel}","templated":true}]}}