{"id":161160,"date":"2025-09-13T11:30:52","date_gmt":"2025-09-13T11:30:52","guid":{"rendered":"https:\/\/www.nettali.com\/?p=161160"},"modified":"2025-09-13T08:33:49","modified_gmt":"2025-09-13T08:33:49","slug":"haute-cour-de-justice-apres-quatre-mois-de-detention-lex-ministre-sera-entendu-lundi","status":"publish","type":"post","link":"https:\/\/www.nettali.com\/2025\/09\/13\/haute-cour-de-justice-apres-quatre-mois-de-detention-lex-ministre-sera-entendu-lundi\/","title":{"rendered":"HAUTE COUR DE JUSTICE - Apr\u00e8s quatre mois de d\u00e9tention, l\u2019ex-ministre sera entendu lundi"},"content":{"rendered":"<p data-start=\"247\" data-end=\"594\"><strong>NETTALI.COM - Apr\u00e8s plus de quatre mois pass\u00e9s derri\u00e8re les barreaux, Mansour Faye, ancien ministre et beau-fr\u00e8re de l\u2019ex-pr\u00e9sident Macky Sall, va enfin compara\u00eetre devant la commission d\u2019instruction de la Haute Cour de justice. Son audition est pr\u00e9vue ce lundi \u00e0 12h.<\/strong><\/p>\n<p data-start=\"627\" data-end=\"715\">Inculp\u00e9 depuis le 26 mai 2025, Mansour Faye fait face \u00e0 un arsenal d\u2019accusations : d\u00e9tournement de deniers publics, escroquerie, corruption, concussion, blanchiment de capitaux et prise ill\u00e9gale d\u2019int\u00e9r\u00eat.<\/p>\n<p data-start=\"865\" data-end=\"1097\">L\u2019affaire porte sur une commande de riz destin\u00e9e aux populations durant la pand\u00e9mie de Covid-19, que l\u2019ancien ministre aurait, selon l\u2019accusation, surfactur\u00e9e, causant un pr\u00e9judice estim\u00e9 \u00e0 2,7 milliards de francs CFA.<\/p>\n<p data-start=\"1126\" data-end=\"1699\">L\u2019ancien maire de Saint-Louis rejette cat\u00e9goriquement ces accusations. Il affirme avoir suivi toutes les proc\u00e9dures r\u00e9glementaires, en passant par un appel d\u2019offres, valid\u00e9 \u00e0 la fois par l\u2019Autorit\u00e9 de r\u00e9gulation des march\u00e9s publics (ARMP) et par le minist\u00e8re des Finances.<br data-start=\"1410\" data-end=\"1413\" \/>Mansour Faye d\u00e9nonce une \u00ab comparaison biais\u00e9e \u00bb des prix du riz entre 2014 et 2020, rappelant qu\u2019en pleine pand\u00e9mie mondiale, les prix sur le march\u00e9 international avaient fortement fluctu\u00e9. Il souligne \u00e9galement avoir \u00e9t\u00e9 f\u00e9licit\u00e9 par la Cour des comptes pour sa gestion.<\/p>\n<p data-start=\"1735\" data-end=\"2085\">Ses avocats avaient tent\u00e9 d\u2019\u00e9viter la prison en proposant un cautionnement en biens. Mais la commission d\u2019instruction avait exig\u00e9 un ch\u00e8que bancaire, ce qui avait conduit \u00e0 son placement sous mandat de d\u00e9p\u00f4t. Cette d\u00e9cision a \u00e9t\u00e9 per\u00e7ue par sa d\u00e9fense comme une mesure particuli\u00e8rement s\u00e9v\u00e8re, au regard de son statut d\u2019ancien ministre.<\/p>\n<p data-start=\"2117\" data-end=\"2506\">L\u2019audition de ce lundi marquera une \u00e9tape cruciale dans ce dossier explosif, o\u00f9 se m\u00ealent enjeux judiciaires, consid\u00e9rations politiques et d\u00e9bats sur la gouvernance des fonds publics. Pour certains observateurs, cette affaire constitue un test majeur pour la Haute Cour de justice, souvent critiqu\u00e9e pour sa lenteur et son manque de fermet\u00e9 \u00e0 l\u2019\u00e9gard des responsables politiques.<\/p>\n<p data-start=\"2508\" data-end=\"2751\">En attendant, Mansour Faye reste d\u00e9termin\u00e9 \u00e0 prouver son innocence, tandis que l\u2019opinion publique guette avec attention le d\u00e9nouement d\u2019un dossier qui symbolise les promesses de reddition des comptes brandies par les nouvelles autorit\u00e9s.<\/p>\n<div class='share-to-whatsapp-wrapper'><div class='share-on-whsp'>PARTAGER SUR : <\/div><a data-text='HAUTE COUR DE JUSTICE - Apr\u00e8s quatre mois de d\u00e9tention, l\u2019ex-ministre sera entendu lundi' data-link='https:\/\/www.nettali.com\/2025\/09\/13\/haute-cour-de-justice-apres-quatre-mois-de-detention-lex-ministre-sera-entendu-lundi\/' class='whatsapp-button whatsapp-share'>WhatsApp<\/a><div class='clear '><\/div><\/div>","protected":false},"excerpt":{"rendered":"<p>NETTALI.COM - Apr\u00e8s plus de quatre mois pass\u00e9s derri\u00e8re les barreaux, Mansour Faye, ancien ministre et beau-fr\u00e8re de l\u2019ex-pr\u00e9sident Macky Sall, va enfin compara\u00eetre devant la commission d\u2019instruction de la Haute Cour de justice. Son audition est pr\u00e9vue ce lundi \u00e0 12h. Inculp\u00e9 depuis le 26 mai 2025, Mansour Faye fait face \u00e0 un arsenal [&hellip;]<\/p>\n","protected":false},"author":4,"featured_media":154824,"comment_status":"open","ping_status":"open","sticky":false,"template":"","format":"standard","meta":{"_et_pb_use_builder":"","_et_pb_old_content":""},"categories":[3],"tags":[],"yoast_head":"<!-- This site is optimized with the Yoast SEO Premium plugin v17.8 (Yoast SEO v17.8) - https:\/\/yoast.com\/wordpress\/plugins\/seo\/ -->\n<title>HAUTE COUR DE JUSTICE - Apr\u00e8s quatre mois de d\u00e9tention, l\u2019ex-ministre sera entendu lundi | Nettali.com<\/title>\n<meta name=\"robots\" content=\"index, follow, max-snippet:-1, max-image-preview:large, max-video-preview:-1\" \/>\n<link rel=\"canonical\" href=\"https:\/\/www.nettali.com\/2025\/09\/13\/haute-cour-de-justice-apres-quatre-mois-de-detention-lex-ministre-sera-entendu-lundi\/\" \/>\n<meta property=\"og:locale\" content=\"fr_FR\" \/>\n<meta property=\"og:type\" content=\"article\" \/>\n<meta property=\"og:title\" content=\"HAUTE COUR DE JUSTICE - Apr\u00e8s quatre mois de d\u00e9tention, l\u2019ex-ministre sera entendu lundi\" \/>\n<meta property=\"og:description\" content=\"NETTALI.COM - Apr\u00e8s plus de quatre mois pass\u00e9s derri\u00e8re les barreaux, Mansour Faye, ancien ministre et beau-fr\u00e8re de l\u2019ex-pr\u00e9sident Macky Sall, va enfin compara\u00eetre devant la commission d\u2019instruction de la Haute Cour de justice. Son audition est pr\u00e9vue ce lundi \u00e0 12h. Inculp\u00e9 depuis le 26 mai 2025, Mansour Faye fait face \u00e0 un arsenal [&hellip;]\" \/>\n<meta property=\"og:url\" content=\"https:\/\/www.nettali.com\/2025\/09\/13\/haute-cour-de-justice-apres-quatre-mois-de-detention-lex-ministre-sera-entendu-lundi\/\" \/>\n<meta property=\"og:site_name\" content=\"Nettali.com\" \/>\n<meta property=\"article:publisher\" content=\"https:\/\/www.facebook.com\/nettalicom\" \/>\n<meta property=\"article:published_time\" content=\"2025-09-13T11:30:52+00:00\" \/>\n<meta property=\"article:modified_time\" content=\"2025-09-13T08:33:49+00:00\" \/>\n<meta property=\"og:image\" content=\"https:\/\/www.nettali.com\/wp-content\/uploads\/2025\/05\/Mansour-Faye-min.jpg\" \/>\n\t<meta property=\"og:image:width\" content=\"762\" \/>\n\t<meta property=\"og:image:height\" content=\"493\" \/>\n<meta name=\"twitter:card\" content=\"summary_large_image\" \/>\n<meta name=\"twitter:label1\" content=\"\u00c9crit par\" \/>\n\t<meta name=\"twitter:data1\" content=\"Daouda\" \/>\n\t<meta name=\"twitter:label2\" content=\"Dur\u00e9e de lecture estim\u00e9e\" \/>\n\t<meta name=\"twitter:data2\" content=\"2 minutes\" \/>\n<script type=\"application\/ld+json\" class=\"yoast-schema-graph\">{\"@context\":\"https:\/\/schema.org\",\"@graph\":[{\"@type\":\"WebSite\",\"@id\":\"https:\/\/www.nettali.com\/#website\",\"url\":\"https:\/\/www.nettali.com\/\",\"name\":\"Nettali.com\",\"description\":\"Le rendez-vous critique du Net\",\"potentialAction\":[{\"@type\":\"SearchAction\",\"target\":{\"@type\":\"EntryPoint\",\"urlTemplate\":\"https:\/\/www.nettali.com\/?s={search_term_string}\"},\"query-input\":\"required name=search_term_string\"}],\"inLanguage\":\"fr-FR\"},{\"@type\":\"ImageObject\",\"@id\":\"https:\/\/www.nettali.com\/2025\/09\/13\/haute-cour-de-justice-apres-quatre-mois-de-detention-lex-ministre-sera-entendu-lundi\/#primaryimage\",\"inLanguage\":\"fr-FR\",\"url\":\"https:\/\/www.nettali.com\/wp-content\/uploads\/2025\/05\/Mansour-Faye-min.jpg\",\"contentUrl\":\"https:\/\/www.nettali.com\/wp-content\/uploads\/2025\/05\/Mansour-Faye-min.jpg\",\"width\":762,\"height\":493},{\"@type\":\"WebPage\",\"@id\":\"https:\/\/www.nettali.com\/2025\/09\/13\/haute-cour-de-justice-apres-quatre-mois-de-detention-lex-ministre-sera-entendu-lundi\/#webpage\",\"url\":\"https:\/\/www.nettali.com\/2025\/09\/13\/haute-cour-de-justice-apres-quatre-mois-de-detention-lex-ministre-sera-entendu-lundi\/\",\"name\":\"HAUTE COUR DE JUSTICE - Apr\\u00e8s quatre mois de d\\u00e9tention, l\\u2019ex-ministre sera entendu lundi | Nettali.com\",\"isPartOf\":{\"@id\":\"https:\/\/www.nettali.com\/#website\"},\"primaryImageOfPage\":{\"@id\":\"https:\/\/www.nettali.com\/2025\/09\/13\/haute-cour-de-justice-apres-quatre-mois-de-detention-lex-ministre-sera-entendu-lundi\/#primaryimage\"},\"datePublished\":\"2025-09-13T11:30:52+00:00\",\"dateModified\":\"2025-09-13T08:33:49+00:00\",\"author\":{\"@id\":\"https:\/\/www.nettali.com\/#\/schema\/person\/3317e0bb3aa1da309fbf7b2780901bf4\"},\"breadcrumb\":{\"@id\":\"https:\/\/www.nettali.com\/2025\/09\/13\/haute-cour-de-justice-apres-quatre-mois-de-detention-lex-ministre-sera-entendu-lundi\/#breadcrumb\"},\"inLanguage\":\"fr-FR\",\"potentialAction\":[{\"@type\":\"ReadAction\",\"target\":[\"https:\/\/www.nettali.com\/2025\/09\/13\/haute-cour-de-justice-apres-quatre-mois-de-detention-lex-ministre-sera-entendu-lundi\/\"]}]},{\"@type\":\"BreadcrumbList\",\"@id\":\"https:\/\/www.nettali.com\/2025\/09\/13\/haute-cour-de-justice-apres-quatre-mois-de-detention-lex-ministre-sera-entendu-lundi\/#breadcrumb\",\"itemListElement\":[{\"@type\":\"ListItem\",\"position\":1,\"name\":\"Accueil\",\"item\":\"https:\/\/www.nettali.com\/\"},{\"@type\":\"ListItem\",\"position\":2,\"name\":\"HAUTE COUR DE JUSTICE - Apr\\u00e8s quatre mois de d\\u00e9tention, l\\u2019ex-ministre sera entendu lundi\"}]},{\"@type\":\"Person\",\"@id\":\"https:\/\/www.nettali.com\/#\/schema\/person\/3317e0bb3aa1da309fbf7b2780901bf4\",\"name\":\"Daouda\",\"image\":{\"@type\":\"ImageObject\",\"@id\":\"https:\/\/www.nettali.com\/#personlogo\",\"inLanguage\":\"fr-FR\",\"url\":\"https:\/\/secure.gravatar.com\/avatar\/8d143b5a49345098ddcfee1c49c2f47c?s=96&d=mm&r=g\",\"contentUrl\":\"https:\/\/secure.gravatar.com\/avatar\/8d143b5a49345098ddcfee1c49c2f47c?s=96&d=mm&r=g\",\"caption\":\"Daouda\"},\"sameAs\":[\"https:\/\/www.nettali.com\"]}]}<\/script>\n<!-- \/ Yoast SEO Premium plugin. -->","yoast_head_json":{"title":"HAUTE COUR DE JUSTICE - Apr\u00e8s quatre mois de d\u00e9tention, l\u2019ex-ministre sera entendu lundi | Nettali.com","robots":{"index":"index","follow":"follow","max-snippet":"max-snippet:-1","max-image-preview":"max-image-preview:large","max-video-preview":"max-video-preview:-1"},"canonical":"https:\/\/www.nettali.com\/2025\/09\/13\/haute-cour-de-justice-apres-quatre-mois-de-detention-lex-ministre-sera-entendu-lundi\/","og_locale":"fr_FR","og_type":"article","og_title":"HAUTE COUR DE JUSTICE - Apr\u00e8s quatre mois de d\u00e9tention, l\u2019ex-ministre sera entendu lundi","og_description":"NETTALI.COM - Apr\u00e8s plus de quatre mois pass\u00e9s derri\u00e8re les barreaux, Mansour Faye, ancien ministre et beau-fr\u00e8re de l\u2019ex-pr\u00e9sident Macky Sall, va enfin compara\u00eetre devant la commission d\u2019instruction de la Haute Cour de justice. Son audition est pr\u00e9vue ce lundi \u00e0 12h. Inculp\u00e9 depuis le 26 mai 2025, Mansour Faye fait face \u00e0 un arsenal [&hellip;]","og_url":"https:\/\/www.nettali.com\/2025\/09\/13\/haute-cour-de-justice-apres-quatre-mois-de-detention-lex-ministre-sera-entendu-lundi\/","og_site_name":"Nettali.com","article_publisher":"https:\/\/www.facebook.com\/nettalicom","article_published_time":"2025-09-13T11:30:52+00:00","article_modified_time":"2025-09-13T08:33:49+00:00","og_image":[{"width":762,"height":493,"url":"https:\/\/www.nettali.com\/wp-content\/uploads\/2025\/05\/Mansour-Faye-min.jpg","type":"image\/jpeg"}],"twitter_card":"summary_large_image","twitter_misc":{"\u00c9crit par":"Daouda","Dur\u00e9e de lecture estim\u00e9e":"2 minutes"},"schema":{"@context":"https:\/\/schema.org","@graph":[{"@type":"WebSite","@id":"https:\/\/www.nettali.com\/#website","url":"https:\/\/www.nettali.com\/","name":"Nettali.com","description":"Le rendez-vous critique du Net","potentialAction":[{"@type":"SearchAction","target":{"@type":"EntryPoint","urlTemplate":"https:\/\/www.nettali.com\/?s={search_term_string}"},"query-input":"required name=search_term_string"}],"inLanguage":"fr-FR"},{"@type":"ImageObject","@id":"https:\/\/www.nettali.com\/2025\/09\/13\/haute-cour-de-justice-apres-quatre-mois-de-detention-lex-ministre-sera-entendu-lundi\/#primaryimage","inLanguage":"fr-FR","url":"https:\/\/www.nettali.com\/wp-content\/uploads\/2025\/05\/Mansour-Faye-min.jpg","contentUrl":"https:\/\/www.nettali.com\/wp-content\/uploads\/2025\/05\/Mansour-Faye-min.jpg","width":762,"height":493},{"@type":"WebPage","@id":"https:\/\/www.nettali.com\/2025\/09\/13\/haute-cour-de-justice-apres-quatre-mois-de-detention-lex-ministre-sera-entendu-lundi\/#webpage","url":"https:\/\/www.nettali.com\/2025\/09\/13\/haute-cour-de-justice-apres-quatre-mois-de-detention-lex-ministre-sera-entendu-lundi\/","name":"HAUTE COUR DE JUSTICE - Apr\u00e8s quatre mois de d\u00e9tention, l\u2019ex-ministre sera entendu lundi | Nettali.com","isPartOf":{"@id":"https:\/\/www.nettali.com\/#website"},"primaryImageOfPage":{"@id":"https:\/\/www.nettali.com\/2025\/09\/13\/haute-cour-de-justice-apres-quatre-mois-de-detention-lex-ministre-sera-entendu-lundi\/#primaryimage"},"datePublished":"2025-09-13T11:30:52+00:00","dateModified":"2025-09-13T08:33:49+00:00","author":{"@id":"https:\/\/www.nettali.com\/#\/schema\/person\/3317e0bb3aa1da309fbf7b2780901bf4"},"breadcrumb":{"@id":"https:\/\/www.nettali.com\/2025\/09\/13\/haute-cour-de-justice-apres-quatre-mois-de-detention-lex-ministre-sera-entendu-lundi\/#breadcrumb"},"inLanguage":"fr-FR","potentialAction":[{"@type":"ReadAction","target":["https:\/\/www.nettali.com\/2025\/09\/13\/haute-cour-de-justice-apres-quatre-mois-de-detention-lex-ministre-sera-entendu-lundi\/"]}]},{"@type":"BreadcrumbList","@id":"https:\/\/www.nettali.com\/2025\/09\/13\/haute-cour-de-justice-apres-quatre-mois-de-detention-lex-ministre-sera-entendu-lundi\/#breadcrumb","itemListElement":[{"@type":"ListItem","position":1,"name":"Accueil","item":"https:\/\/www.nettali.com\/"},{"@type":"ListItem","position":2,"name":"HAUTE COUR DE JUSTICE - Apr\u00e8s quatre mois de d\u00e9tention, l\u2019ex-ministre sera entendu lundi"}]},{"@type":"Person","@id":"https:\/\/www.nettali.com\/#\/schema\/person\/3317e0bb3aa1da309fbf7b2780901bf4","name":"Daouda","image":{"@type":"ImageObject","@id":"https:\/\/www.nettali.com\/#personlogo","inLanguage":"fr-FR","url":"https:\/\/secure.gravatar.com\/avatar\/8d143b5a49345098ddcfee1c49c2f47c?s=96&d=mm&r=g","contentUrl":"https:\/\/secure.gravatar.com\/avatar\/8d143b5a49345098ddcfee1c49c2f47c?s=96&d=mm&r=g","caption":"Daouda"},"sameAs":["https:\/\/www.nettali.com"]}]}},"_links":{"self":[{"href":"https:\/\/www.nettali.com\/rest\/wp\/v2\/posts\/161160"}],"collection":[{"href":"https:\/\/www.nettali.com\/rest\/wp\/v2\/posts"}],"about":[{"href":"https:\/\/www.nettali.com\/rest\/wp\/v2\/types\/post"}],"author":[{"embeddable":true,"href":"https:\/\/www.nettali.com\/rest\/wp\/v2\/users\/4"}],"replies":[{"embeddable":true,"href":"https:\/\/www.nettali.com\/rest\/wp\/v2\/comments?post=161160"}],"version-history":[{"count":1,"href":"https:\/\/www.nettali.com\/rest\/wp\/v2\/posts\/161160\/revisions"}],"predecessor-version":[{"id":161161,"href":"https:\/\/www.nettali.com\/rest\/wp\/v2\/posts\/161160\/revisions\/161161"}],"wp:featuredmedia":[{"embeddable":true,"href":"https:\/\/www.nettali.com\/rest\/wp\/v2\/media\/154824"}],"wp:attachment":[{"href":"https:\/\/www.nettali.com\/rest\/wp\/v2\/media?parent=161160"}],"wp:term":[{"taxonomy":"category","embeddable":true,"href":"https:\/\/www.nettali.com\/rest\/wp\/v2\/categories?post=161160"},{"taxonomy":"post_tag","embeddable":true,"href":"https:\/\/www.nettali.com\/rest\/wp\/v2\/tags?post=161160"}],"curies":[{"name":"wp","href":"https:\/\/api.w.org\/{rel}","templated":true}]}}