{"id":161158,"date":"2025-09-13T08:29:32","date_gmt":"2025-09-13T08:29:32","guid":{"rendered":"https:\/\/www.nettali.com\/?p=161158"},"modified":"2025-09-14T08:25:52","modified_gmt":"2025-09-14T08:25:52","slug":"affaire-farba-ngom-le-juge-dinstruction-rejette-la-demande-de-liberte-provisoire-la-defense-fait-appel","status":"publish","type":"post","link":"https:\/\/www.nettali.com\/2025\/09\/13\/affaire-farba-ngom-le-juge-dinstruction-rejette-la-demande-de-liberte-provisoire-la-defense-fait-appel\/","title":{"rendered":"AFFAIRE FARBA NGOM - Le juge d\u2019instruction rejette la demande de libert\u00e9 provisoire, la d\u00e9fense fait appel"},"content":{"rendered":"<p data-start=\"252\" data-end=\"687\"><strong>NETTALI.COM - Le Pool judiciaire financier (PJF) de Dakar a rendu, ce vendredi 12 septembre 2025, une d\u00e9cision lourde de cons\u00e9quences pour le d\u00e9put\u00e9-maire des Agnam, Mouhamadou Ngom dit Farba. Ses avocats ont interjet\u00e9 appel.<\/strong><\/p>\n<p data-start=\"252\" data-end=\"687\">Selon l\u2019ordonnance notifi\u00e9e \u00e0 son pool d\u2019avocats par le pr\u00e9sident du coll\u00e8ge des juges d\u2019instruction financiers, en charge du premier cabinet du PJF, la demande de mise en libert\u00e9 provisoire introduite par ses conseils a \u00e9t\u00e9 formellement rejet\u00e9e.<\/p>\n<p data-start=\"689\" data-end=\"917\">Dans le m\u00eame temps, le magistrat instructeur a ordonn\u00e9 le transf\u00e8rement de l\u2019\u00e9lu au Pavillon sp\u00e9cial de l\u2019h\u00f4pital Aristide Le Dantec de Dakar, une mesure qui, selon plusieurs sources, tiendrait compte de son \u00e9tat de sant\u00e9.<\/p>\n<p data-start=\"951\" data-end=\"1306\">La r\u00e9action des avocats de Farba Ngom ne s\u2019est pas fait attendre. Me Baboucar Ciss\u00e9, avocat \u00e0 la Cour et membre du pool de d\u00e9fense, a confirm\u00e9 avoir imm\u00e9diatement interjet\u00e9 appel contre l\u2019ordonnance. L\u2019acte a \u00e9t\u00e9 d\u00e9pos\u00e9 le jour m\u00eame, illustrant, selon la d\u00e9fense, sa volont\u00e9 de contester avec vigueur une d\u00e9cision jug\u00e9e d\u00e9favorable \u00e0 son client.<\/p>\n<p data-start=\"1308\" data-end=\"1462\">Un document officiel, sign\u00e9 par le greffier de la Chambre de jugement du Pool judiciaire financier, atteste de la r\u00e9gularit\u00e9 de cette proc\u00e9dure d\u2019appel.<\/p>\n<p data-start=\"1516\" data-end=\"1910\">Ce nouvel \u00e9pisode s\u2019inscrit dans une affaire qui suscite un vif int\u00e9r\u00eat politique et m\u00e9diatique, tant Farba Ngom demeure une figure influente sur la sc\u00e8ne nationale et dans son fief des Agnam. Si la d\u00e9cision du juge d\u2019instruction confirme pour l\u2019instant le maintien du parlementaire sous contr\u00f4le de la justice, la d\u00e9fense esp\u00e8re d\u00e9sormais obtenir gain de cause devant la juridiction d\u2019appel.<\/p>\n<p data-start=\"1912\" data-end=\"2075\">En attendant, le d\u00e9put\u00e9-maire reste au c\u0153ur d\u2019un bras de fer judiciaire o\u00f9 se m\u00ealent enjeux politiques, consid\u00e9rations sanitaires et strat\u00e9gies proc\u00e9durales.<\/p>\n<div class='share-to-whatsapp-wrapper'><div class='share-on-whsp'>PARTAGER SUR : <\/div><a data-text='AFFAIRE FARBA NGOM - Le juge d\u2019instruction rejette la demande de libert\u00e9 provisoire, la d\u00e9fense fait appel' data-link='https:\/\/www.nettali.com\/2025\/09\/13\/affaire-farba-ngom-le-juge-dinstruction-rejette-la-demande-de-liberte-provisoire-la-defense-fait-appel\/' class='whatsapp-button whatsapp-share'>WhatsApp<\/a><div class='clear '><\/div><\/div>","protected":false},"excerpt":{"rendered":"<p>NETTALI.COM - Le Pool judiciaire financier (PJF) de Dakar a rendu, ce vendredi 12 septembre 2025, une d\u00e9cision lourde de cons\u00e9quences pour le d\u00e9put\u00e9-maire des Agnam, Mouhamadou Ngom dit Farba. Ses avocats ont interjet\u00e9 appel. Selon l\u2019ordonnance notifi\u00e9e \u00e0 son pool d\u2019avocats par le pr\u00e9sident du coll\u00e8ge des juges d\u2019instruction financiers, en charge du premier [&hellip;]<\/p>\n","protected":false},"author":4,"featured_media":153270,"comment_status":"open","ping_status":"open","sticky":false,"template":"","format":"standard","meta":{"_et_pb_use_builder":"","_et_pb_old_content":""},"categories":[3],"tags":[],"yoast_head":"<!-- This site is optimized with the Yoast SEO Premium plugin v17.8 (Yoast SEO v17.8) - https:\/\/yoast.com\/wordpress\/plugins\/seo\/ -->\n<title>AFFAIRE FARBA NGOM - Le juge d\u2019instruction rejette la demande de libert\u00e9 provisoire, la d\u00e9fense fait appel | Nettali.com<\/title>\n<meta name=\"robots\" content=\"index, follow, max-snippet:-1, max-image-preview:large, max-video-preview:-1\" \/>\n<link rel=\"canonical\" href=\"https:\/\/www.nettali.com\/2025\/09\/13\/affaire-farba-ngom-le-juge-dinstruction-rejette-la-demande-de-liberte-provisoire-la-defense-fait-appel\/\" \/>\n<meta property=\"og:locale\" content=\"fr_FR\" \/>\n<meta property=\"og:type\" content=\"article\" \/>\n<meta property=\"og:title\" content=\"AFFAIRE FARBA NGOM - Le juge d\u2019instruction rejette la demande de libert\u00e9 provisoire, la d\u00e9fense fait appel\" \/>\n<meta property=\"og:description\" content=\"NETTALI.COM - Le Pool judiciaire financier (PJF) de Dakar a rendu, ce vendredi 12 septembre 2025, une d\u00e9cision lourde de cons\u00e9quences pour le d\u00e9put\u00e9-maire des Agnam, Mouhamadou Ngom dit Farba. Ses avocats ont interjet\u00e9 appel. Selon l\u2019ordonnance notifi\u00e9e \u00e0 son pool d\u2019avocats par le pr\u00e9sident du coll\u00e8ge des juges d\u2019instruction financiers, en charge du premier [&hellip;]\" \/>\n<meta property=\"og:url\" content=\"https:\/\/www.nettali.com\/2025\/09\/13\/affaire-farba-ngom-le-juge-dinstruction-rejette-la-demande-de-liberte-provisoire-la-defense-fait-appel\/\" \/>\n<meta property=\"og:site_name\" content=\"Nettali.com\" \/>\n<meta property=\"article:publisher\" content=\"https:\/\/www.facebook.com\/nettalicom\" \/>\n<meta property=\"article:published_time\" content=\"2025-09-13T08:29:32+00:00\" \/>\n<meta property=\"article:modified_time\" content=\"2025-09-14T08:25:52+00:00\" \/>\n<meta property=\"og:image\" content=\"https:\/\/www.nettali.com\/wp-content\/uploads\/2025\/04\/farba-ngom-2.jpg\" \/>\n\t<meta property=\"og:image:width\" content=\"600\" \/>\n\t<meta property=\"og:image:height\" content=\"598\" \/>\n<meta name=\"twitter:card\" content=\"summary_large_image\" \/>\n<meta name=\"twitter:label1\" content=\"\u00c9crit par\" \/>\n\t<meta name=\"twitter:data1\" content=\"Daouda\" \/>\n\t<meta name=\"twitter:label2\" content=\"Dur\u00e9e de lecture estim\u00e9e\" \/>\n\t<meta name=\"twitter:data2\" content=\"2 minutes\" \/>\n<script type=\"application\/ld+json\" class=\"yoast-schema-graph\">{\"@context\":\"https:\/\/schema.org\",\"@graph\":[{\"@type\":\"WebSite\",\"@id\":\"https:\/\/www.nettali.com\/#website\",\"url\":\"https:\/\/www.nettali.com\/\",\"name\":\"Nettali.com\",\"description\":\"Le rendez-vous critique du Net\",\"potentialAction\":[{\"@type\":\"SearchAction\",\"target\":{\"@type\":\"EntryPoint\",\"urlTemplate\":\"https:\/\/www.nettali.com\/?s={search_term_string}\"},\"query-input\":\"required name=search_term_string\"}],\"inLanguage\":\"fr-FR\"},{\"@type\":\"ImageObject\",\"@id\":\"https:\/\/www.nettali.com\/2025\/09\/13\/affaire-farba-ngom-le-juge-dinstruction-rejette-la-demande-de-liberte-provisoire-la-defense-fait-appel\/#primaryimage\",\"inLanguage\":\"fr-FR\",\"url\":\"https:\/\/www.nettali.com\/wp-content\/uploads\/2025\/04\/farba-ngom-2.jpg\",\"contentUrl\":\"https:\/\/www.nettali.com\/wp-content\/uploads\/2025\/04\/farba-ngom-2.jpg\",\"width\":600,\"height\":598},{\"@type\":\"WebPage\",\"@id\":\"https:\/\/www.nettali.com\/2025\/09\/13\/affaire-farba-ngom-le-juge-dinstruction-rejette-la-demande-de-liberte-provisoire-la-defense-fait-appel\/#webpage\",\"url\":\"https:\/\/www.nettali.com\/2025\/09\/13\/affaire-farba-ngom-le-juge-dinstruction-rejette-la-demande-de-liberte-provisoire-la-defense-fait-appel\/\",\"name\":\"AFFAIRE FARBA NGOM - Le juge d\\u2019instruction rejette la demande de libert\\u00e9 provisoire, la d\\u00e9fense fait appel | Nettali.com\",\"isPartOf\":{\"@id\":\"https:\/\/www.nettali.com\/#website\"},\"primaryImageOfPage\":{\"@id\":\"https:\/\/www.nettali.com\/2025\/09\/13\/affaire-farba-ngom-le-juge-dinstruction-rejette-la-demande-de-liberte-provisoire-la-defense-fait-appel\/#primaryimage\"},\"datePublished\":\"2025-09-13T08:29:32+00:00\",\"dateModified\":\"2025-09-14T08:25:52+00:00\",\"author\":{\"@id\":\"https:\/\/www.nettali.com\/#\/schema\/person\/3317e0bb3aa1da309fbf7b2780901bf4\"},\"breadcrumb\":{\"@id\":\"https:\/\/www.nettali.com\/2025\/09\/13\/affaire-farba-ngom-le-juge-dinstruction-rejette-la-demande-de-liberte-provisoire-la-defense-fait-appel\/#breadcrumb\"},\"inLanguage\":\"fr-FR\",\"potentialAction\":[{\"@type\":\"ReadAction\",\"target\":[\"https:\/\/www.nettali.com\/2025\/09\/13\/affaire-farba-ngom-le-juge-dinstruction-rejette-la-demande-de-liberte-provisoire-la-defense-fait-appel\/\"]}]},{\"@type\":\"BreadcrumbList\",\"@id\":\"https:\/\/www.nettali.com\/2025\/09\/13\/affaire-farba-ngom-le-juge-dinstruction-rejette-la-demande-de-liberte-provisoire-la-defense-fait-appel\/#breadcrumb\",\"itemListElement\":[{\"@type\":\"ListItem\",\"position\":1,\"name\":\"Accueil\",\"item\":\"https:\/\/www.nettali.com\/\"},{\"@type\":\"ListItem\",\"position\":2,\"name\":\"AFFAIRE FARBA NGOM - Le juge d\\u2019instruction rejette la demande de libert\\u00e9 provisoire, la d\\u00e9fense fait appel\"}]},{\"@type\":\"Person\",\"@id\":\"https:\/\/www.nettali.com\/#\/schema\/person\/3317e0bb3aa1da309fbf7b2780901bf4\",\"name\":\"Daouda\",\"image\":{\"@type\":\"ImageObject\",\"@id\":\"https:\/\/www.nettali.com\/#personlogo\",\"inLanguage\":\"fr-FR\",\"url\":\"https:\/\/secure.gravatar.com\/avatar\/8d143b5a49345098ddcfee1c49c2f47c?s=96&d=mm&r=g\",\"contentUrl\":\"https:\/\/secure.gravatar.com\/avatar\/8d143b5a49345098ddcfee1c49c2f47c?s=96&d=mm&r=g\",\"caption\":\"Daouda\"},\"sameAs\":[\"https:\/\/www.nettali.com\"]}]}<\/script>\n<!-- \/ Yoast SEO Premium plugin. -->","yoast_head_json":{"title":"AFFAIRE FARBA NGOM - Le juge d\u2019instruction rejette la demande de libert\u00e9 provisoire, la d\u00e9fense fait appel | Nettali.com","robots":{"index":"index","follow":"follow","max-snippet":"max-snippet:-1","max-image-preview":"max-image-preview:large","max-video-preview":"max-video-preview:-1"},"canonical":"https:\/\/www.nettali.com\/2025\/09\/13\/affaire-farba-ngom-le-juge-dinstruction-rejette-la-demande-de-liberte-provisoire-la-defense-fait-appel\/","og_locale":"fr_FR","og_type":"article","og_title":"AFFAIRE FARBA NGOM - Le juge d\u2019instruction rejette la demande de libert\u00e9 provisoire, la d\u00e9fense fait appel","og_description":"NETTALI.COM - Le Pool judiciaire financier (PJF) de Dakar a rendu, ce vendredi 12 septembre 2025, une d\u00e9cision lourde de cons\u00e9quences pour le d\u00e9put\u00e9-maire des Agnam, Mouhamadou Ngom dit Farba. Ses avocats ont interjet\u00e9 appel. Selon l\u2019ordonnance notifi\u00e9e \u00e0 son pool d\u2019avocats par le pr\u00e9sident du coll\u00e8ge des juges d\u2019instruction financiers, en charge du premier [&hellip;]","og_url":"https:\/\/www.nettali.com\/2025\/09\/13\/affaire-farba-ngom-le-juge-dinstruction-rejette-la-demande-de-liberte-provisoire-la-defense-fait-appel\/","og_site_name":"Nettali.com","article_publisher":"https:\/\/www.facebook.com\/nettalicom","article_published_time":"2025-09-13T08:29:32+00:00","article_modified_time":"2025-09-14T08:25:52+00:00","og_image":[{"width":600,"height":598,"url":"https:\/\/www.nettali.com\/wp-content\/uploads\/2025\/04\/farba-ngom-2.jpg","type":"image\/jpeg"}],"twitter_card":"summary_large_image","twitter_misc":{"\u00c9crit par":"Daouda","Dur\u00e9e de lecture estim\u00e9e":"2 minutes"},"schema":{"@context":"https:\/\/schema.org","@graph":[{"@type":"WebSite","@id":"https:\/\/www.nettali.com\/#website","url":"https:\/\/www.nettali.com\/","name":"Nettali.com","description":"Le rendez-vous critique du Net","potentialAction":[{"@type":"SearchAction","target":{"@type":"EntryPoint","urlTemplate":"https:\/\/www.nettali.com\/?s={search_term_string}"},"query-input":"required name=search_term_string"}],"inLanguage":"fr-FR"},{"@type":"ImageObject","@id":"https:\/\/www.nettali.com\/2025\/09\/13\/affaire-farba-ngom-le-juge-dinstruction-rejette-la-demande-de-liberte-provisoire-la-defense-fait-appel\/#primaryimage","inLanguage":"fr-FR","url":"https:\/\/www.nettali.com\/wp-content\/uploads\/2025\/04\/farba-ngom-2.jpg","contentUrl":"https:\/\/www.nettali.com\/wp-content\/uploads\/2025\/04\/farba-ngom-2.jpg","width":600,"height":598},{"@type":"WebPage","@id":"https:\/\/www.nettali.com\/2025\/09\/13\/affaire-farba-ngom-le-juge-dinstruction-rejette-la-demande-de-liberte-provisoire-la-defense-fait-appel\/#webpage","url":"https:\/\/www.nettali.com\/2025\/09\/13\/affaire-farba-ngom-le-juge-dinstruction-rejette-la-demande-de-liberte-provisoire-la-defense-fait-appel\/","name":"AFFAIRE FARBA NGOM - Le juge d\u2019instruction rejette la demande de libert\u00e9 provisoire, la d\u00e9fense fait appel | Nettali.com","isPartOf":{"@id":"https:\/\/www.nettali.com\/#website"},"primaryImageOfPage":{"@id":"https:\/\/www.nettali.com\/2025\/09\/13\/affaire-farba-ngom-le-juge-dinstruction-rejette-la-demande-de-liberte-provisoire-la-defense-fait-appel\/#primaryimage"},"datePublished":"2025-09-13T08:29:32+00:00","dateModified":"2025-09-14T08:25:52+00:00","author":{"@id":"https:\/\/www.nettali.com\/#\/schema\/person\/3317e0bb3aa1da309fbf7b2780901bf4"},"breadcrumb":{"@id":"https:\/\/www.nettali.com\/2025\/09\/13\/affaire-farba-ngom-le-juge-dinstruction-rejette-la-demande-de-liberte-provisoire-la-defense-fait-appel\/#breadcrumb"},"inLanguage":"fr-FR","potentialAction":[{"@type":"ReadAction","target":["https:\/\/www.nettali.com\/2025\/09\/13\/affaire-farba-ngom-le-juge-dinstruction-rejette-la-demande-de-liberte-provisoire-la-defense-fait-appel\/"]}]},{"@type":"BreadcrumbList","@id":"https:\/\/www.nettali.com\/2025\/09\/13\/affaire-farba-ngom-le-juge-dinstruction-rejette-la-demande-de-liberte-provisoire-la-defense-fait-appel\/#breadcrumb","itemListElement":[{"@type":"ListItem","position":1,"name":"Accueil","item":"https:\/\/www.nettali.com\/"},{"@type":"ListItem","position":2,"name":"AFFAIRE FARBA NGOM - Le juge d\u2019instruction rejette la demande de libert\u00e9 provisoire, la d\u00e9fense fait appel"}]},{"@type":"Person","@id":"https:\/\/www.nettali.com\/#\/schema\/person\/3317e0bb3aa1da309fbf7b2780901bf4","name":"Daouda","image":{"@type":"ImageObject","@id":"https:\/\/www.nettali.com\/#personlogo","inLanguage":"fr-FR","url":"https:\/\/secure.gravatar.com\/avatar\/8d143b5a49345098ddcfee1c49c2f47c?s=96&d=mm&r=g","contentUrl":"https:\/\/secure.gravatar.com\/avatar\/8d143b5a49345098ddcfee1c49c2f47c?s=96&d=mm&r=g","caption":"Daouda"},"sameAs":["https:\/\/www.nettali.com"]}]}},"_links":{"self":[{"href":"https:\/\/www.nettali.com\/rest\/wp\/v2\/posts\/161158"}],"collection":[{"href":"https:\/\/www.nettali.com\/rest\/wp\/v2\/posts"}],"about":[{"href":"https:\/\/www.nettali.com\/rest\/wp\/v2\/types\/post"}],"author":[{"embeddable":true,"href":"https:\/\/www.nettali.com\/rest\/wp\/v2\/users\/4"}],"replies":[{"embeddable":true,"href":"https:\/\/www.nettali.com\/rest\/wp\/v2\/comments?post=161158"}],"version-history":[{"count":1,"href":"https:\/\/www.nettali.com\/rest\/wp\/v2\/posts\/161158\/revisions"}],"predecessor-version":[{"id":161159,"href":"https:\/\/www.nettali.com\/rest\/wp\/v2\/posts\/161158\/revisions\/161159"}],"wp:featuredmedia":[{"embeddable":true,"href":"https:\/\/www.nettali.com\/rest\/wp\/v2\/media\/153270"}],"wp:attachment":[{"href":"https:\/\/www.nettali.com\/rest\/wp\/v2\/media?parent=161158"}],"wp:term":[{"taxonomy":"category","embeddable":true,"href":"https:\/\/www.nettali.com\/rest\/wp\/v2\/categories?post=161158"},{"taxonomy":"post_tag","embeddable":true,"href":"https:\/\/www.nettali.com\/rest\/wp\/v2\/tags?post=161158"}],"curies":[{"name":"wp","href":"https:\/\/api.w.org\/{rel}","templated":true}]}}