{"id":161155,"date":"2025-09-13T08:23:59","date_gmt":"2025-09-13T08:23:59","guid":{"rendered":"https:\/\/www.nettali.com\/?p=161155"},"modified":"2025-09-15T08:39:05","modified_gmt":"2025-09-15T08:39:05","slug":"waly-seck-brise-le-silence-franchement-je-nen-peux-plus","status":"publish","type":"post","link":"https:\/\/www.nettali.com\/2025\/09\/13\/waly-seck-brise-le-silence-franchement-je-nen-peux-plus\/","title":{"rendered":"WALY SECK BRISE LE SILENCE : \"Franchement je n\u2019en peux plus\""},"content":{"rendered":"<p data-start=\"222\" data-end=\"667\"><strong>NETTALI.COM - C\u2019est un Waly Ballago Seck visiblement affect\u00e9, entre col\u00e8re et tristesse, qui s\u2019est adress\u00e9 \u00e0 ses fans et au grand public tard dans la soir\u00e9e de ce vendredi. Dans une vid\u00e9o publi\u00e9e sur ses r\u00e9seaux sociaux, le fils de feu Thione Seck a tenu \u00e0 r\u00e9agir face aux rumeurs persistantes et accusations concernant ses relations suppos\u00e9es avec Amadou Sall, fils de l\u2019ancien pr\u00e9sident Macky Sall, actuellement cit\u00e9 dans des affaires judiciaires.<\/strong><\/p>\n<p data-start=\"725\" data-end=\"929\">Le chanteur a tenu \u00e0 clarifier les faits. Selon lui, il n\u2019est nullement question d\u2019affaires troubles ou de collusion politique, mais simplement d\u2019une transaction priv\u00e9e autour de la vente d\u2019une voiture. <em>\u00ab Je n\u2019ai jamais occup\u00e9 de fonction \u00e9tatique et je n\u2019ai jamais gagn\u00e9 de march\u00e9s de l\u2019\u00c9tat. J\u2019ai acquis mon v\u00e9hicule, le fils du pr\u00e9sident l\u2019a voulu, on a discut\u00e9 et j\u2019ai le droit de le lui vendre. C\u2019est mon droit le plus absolu \u00bb<\/em>, a martel\u00e9 Waly Seck.<\/p>\n<p data-start=\"1187\" data-end=\"1370\">L\u2019artiste pr\u00e9cise avoir proc\u00e9d\u00e9 de mani\u00e8re totalement transparente, allant m\u00eame jusqu\u2019\u00e0 exiger un paiement par ch\u00e8que, une d\u00e9marche qu\u2019il pr\u00e9sente comme une preuve de bonne foi. <em>\u00ab J\u2019ai pris un ch\u00e8que pour plus de transparence. C\u2019est ma voiture, je l\u2019ai import\u00e9e, j\u2019ai fait mon virement, je l\u2019ai pay\u00e9e \u00e0 plus d\u2019une cinquantaine de millions, je l\u2019ai d\u00e9douan\u00e9e, je l\u2019ai conduite durant plus d\u2019une ann\u00e9e et je l\u2019ai vendue \u00bb<\/em>, d\u00e9taille-t-il.<\/p>\n<h4 data-start=\"1634\" data-end=\"1680\">\u00ab Je suspends mes activit\u00e9s musicales \u00bb<\/h4>\n<p data-start=\"1681\" data-end=\"1950\">Face aux rumeurs d\u2019une convocation prochaine devant le pool judiciaire financier, Waly Seck affirme ne vouloir laisser aucune zone d\u2019ombre. Dans un geste fort, il a annonc\u00e9 la suspension de ses activit\u00e9s musicales afin de se consacrer enti\u00e8rement \u00e0 cette affaire. <em>\u00ab Pour l\u2019instant, je suspends tout ce qui est activit\u00e9s musicales. Car je veux que la justice de mon pays me convoque, qu\u2019elle me pose les questions qu\u2019elle souhaite et que je montre que je suis blanc comme neige \u00bb<\/em>, a-t-il d\u00e9clar\u00e9.<\/p>\n<p data-start=\"1681\" data-end=\"1950\">Au-del\u00e0 de cette pol\u00e9mique, le chanteur dit avoir \u00e9t\u00e9 profond\u00e9ment choqu\u00e9 par certaines rumeurs circulant \u00e0 son sujet, allant jusqu\u2019\u00e0 l\u2019accuser d\u2019avoir sacrifi\u00e9 ses propres parents pour r\u00e9ussir dans la musique. <em>\u00ab J\u2019ai m\u00eame ou\u00ef dire que c\u2019est moi qui ai sacrifi\u00e9 mon Papa et ma maman pour avoir un disque d\u2019or \u00bb<\/em>, s\u2019indigne-t-il, d\u00e9non\u00e7ant une campagne de d\u00e9nigrement qui l\u2019atteint dans sa dignit\u00e9 et sa vie familiale.<\/p>\n<p data-start=\"2687\" data-end=\"3014\">Pour Waly Seck, il est d\u00e9sormais urgent que la justice se prononce afin de mettre fin \u00e0 ce qu\u2019il consid\u00e8re comme un acharnement injustifi\u00e9. <em>\u00ab Aujourd\u2019hui, ce que je veux, c\u2019est \u00eatre convoqu\u00e9 par la justice si elle a besoin de m\u2019entendre, et qu\u2019on en finisse avec cette histoire \u00bb<\/em>, a-t-il lanc\u00e9, d\u00e9termin\u00e9 \u00e0 laver son honneur.<\/p>\n<p data-start=\"3016\" data-end=\"3209\">Cette sortie m\u00e9diatique marque un tournant dans cette affaire qui m\u00eale showbiz et politique, et qui place le chanteur, malgr\u00e9 lui, au c\u0153ur d\u2019une temp\u00eate dont il veut sortir \u00ab la t\u00eate haute \u00bb.<\/p>\n<div class='share-to-whatsapp-wrapper'><div class='share-on-whsp'>PARTAGER SUR : <\/div><a data-text='WALY SECK BRISE LE SILENCE : \"Franchement je n\u2019en peux plus\"' data-link='https:\/\/www.nettali.com\/2025\/09\/13\/waly-seck-brise-le-silence-franchement-je-nen-peux-plus\/' class='whatsapp-button whatsapp-share'>WhatsApp<\/a><div class='clear '><\/div><\/div>","protected":false},"excerpt":{"rendered":"<p>NETTALI.COM - C\u2019est un Waly Ballago Seck visiblement affect\u00e9, entre col\u00e8re et tristesse, qui s\u2019est adress\u00e9 \u00e0 ses fans et au grand public tard dans la soir\u00e9e de ce vendredi. Dans une vid\u00e9o publi\u00e9e sur ses r\u00e9seaux sociaux, le fils de feu Thione Seck a tenu \u00e0 r\u00e9agir face aux rumeurs persistantes et accusations concernant [&hellip;]<\/p>\n","protected":false},"author":4,"featured_media":161156,"comment_status":"open","ping_status":"open","sticky":false,"template":"","format":"standard","meta":{"_et_pb_use_builder":"","_et_pb_old_content":""},"categories":[3],"tags":[],"yoast_head":"<!-- This site is optimized with the Yoast SEO Premium plugin v17.8 (Yoast SEO v17.8) - https:\/\/yoast.com\/wordpress\/plugins\/seo\/ -->\n<title>WALY SECK BRISE LE SILENCE : &quot;Franchement je n\u2019en peux plus&quot; | Nettali.com<\/title>\n<meta name=\"robots\" content=\"index, follow, max-snippet:-1, max-image-preview:large, max-video-preview:-1\" \/>\n<link rel=\"canonical\" href=\"https:\/\/www.nettali.com\/2025\/09\/13\/waly-seck-brise-le-silence-franchement-je-nen-peux-plus\/\" \/>\n<meta property=\"og:locale\" content=\"fr_FR\" \/>\n<meta property=\"og:type\" content=\"article\" \/>\n<meta property=\"og:title\" content=\"WALY SECK BRISE LE SILENCE : &quot;Franchement je n\u2019en peux plus&quot;\" \/>\n<meta property=\"og:description\" content=\"NETTALI.COM - C\u2019est un Waly Ballago Seck visiblement affect\u00e9, entre col\u00e8re et tristesse, qui s\u2019est adress\u00e9 \u00e0 ses fans et au grand public tard dans la soir\u00e9e de ce vendredi. Dans une vid\u00e9o publi\u00e9e sur ses r\u00e9seaux sociaux, le fils de feu Thione Seck a tenu \u00e0 r\u00e9agir face aux rumeurs persistantes et accusations concernant [&hellip;]\" \/>\n<meta property=\"og:url\" content=\"https:\/\/www.nettali.com\/2025\/09\/13\/waly-seck-brise-le-silence-franchement-je-nen-peux-plus\/\" \/>\n<meta property=\"og:site_name\" content=\"Nettali.com\" \/>\n<meta property=\"article:publisher\" content=\"https:\/\/www.facebook.com\/nettalicom\" \/>\n<meta property=\"article:published_time\" content=\"2025-09-13T08:23:59+00:00\" \/>\n<meta property=\"article:modified_time\" content=\"2025-09-15T08:39:05+00:00\" \/>\n<meta property=\"og:image\" content=\"https:\/\/www.nettali.com\/wp-content\/uploads\/2025\/09\/Waly-Seck.png\" \/>\n\t<meta property=\"og:image:width\" content=\"733\" \/>\n\t<meta property=\"og:image:height\" content=\"411\" \/>\n<meta name=\"twitter:card\" content=\"summary_large_image\" \/>\n<meta name=\"twitter:label1\" content=\"\u00c9crit par\" \/>\n\t<meta name=\"twitter:data1\" content=\"Daouda\" \/>\n\t<meta name=\"twitter:label2\" content=\"Dur\u00e9e de lecture estim\u00e9e\" \/>\n\t<meta name=\"twitter:data2\" content=\"3 minutes\" \/>\n<script type=\"application\/ld+json\" class=\"yoast-schema-graph\">{\"@context\":\"https:\/\/schema.org\",\"@graph\":[{\"@type\":\"WebSite\",\"@id\":\"https:\/\/www.nettali.com\/#website\",\"url\":\"https:\/\/www.nettali.com\/\",\"name\":\"Nettali.com\",\"description\":\"Le rendez-vous critique du Net\",\"potentialAction\":[{\"@type\":\"SearchAction\",\"target\":{\"@type\":\"EntryPoint\",\"urlTemplate\":\"https:\/\/www.nettali.com\/?s={search_term_string}\"},\"query-input\":\"required name=search_term_string\"}],\"inLanguage\":\"fr-FR\"},{\"@type\":\"ImageObject\",\"@id\":\"https:\/\/www.nettali.com\/2025\/09\/13\/waly-seck-brise-le-silence-franchement-je-nen-peux-plus\/#primaryimage\",\"inLanguage\":\"fr-FR\",\"url\":\"https:\/\/www.nettali.com\/wp-content\/uploads\/2025\/09\/Waly-Seck.png\",\"contentUrl\":\"https:\/\/www.nettali.com\/wp-content\/uploads\/2025\/09\/Waly-Seck.png\",\"width\":733,\"height\":411},{\"@type\":\"WebPage\",\"@id\":\"https:\/\/www.nettali.com\/2025\/09\/13\/waly-seck-brise-le-silence-franchement-je-nen-peux-plus\/#webpage\",\"url\":\"https:\/\/www.nettali.com\/2025\/09\/13\/waly-seck-brise-le-silence-franchement-je-nen-peux-plus\/\",\"name\":\"WALY SECK BRISE LE SILENCE : \\\"Franchement je n\\u2019en peux plus\\\" | Nettali.com\",\"isPartOf\":{\"@id\":\"https:\/\/www.nettali.com\/#website\"},\"primaryImageOfPage\":{\"@id\":\"https:\/\/www.nettali.com\/2025\/09\/13\/waly-seck-brise-le-silence-franchement-je-nen-peux-plus\/#primaryimage\"},\"datePublished\":\"2025-09-13T08:23:59+00:00\",\"dateModified\":\"2025-09-15T08:39:05+00:00\",\"author\":{\"@id\":\"https:\/\/www.nettali.com\/#\/schema\/person\/3317e0bb3aa1da309fbf7b2780901bf4\"},\"breadcrumb\":{\"@id\":\"https:\/\/www.nettali.com\/2025\/09\/13\/waly-seck-brise-le-silence-franchement-je-nen-peux-plus\/#breadcrumb\"},\"inLanguage\":\"fr-FR\",\"potentialAction\":[{\"@type\":\"ReadAction\",\"target\":[\"https:\/\/www.nettali.com\/2025\/09\/13\/waly-seck-brise-le-silence-franchement-je-nen-peux-plus\/\"]}]},{\"@type\":\"BreadcrumbList\",\"@id\":\"https:\/\/www.nettali.com\/2025\/09\/13\/waly-seck-brise-le-silence-franchement-je-nen-peux-plus\/#breadcrumb\",\"itemListElement\":[{\"@type\":\"ListItem\",\"position\":1,\"name\":\"Accueil\",\"item\":\"https:\/\/www.nettali.com\/\"},{\"@type\":\"ListItem\",\"position\":2,\"name\":\"WALY SECK BRISE LE SILENCE : \\\"Franchement je n\\u2019en peux plus\\\"\"}]},{\"@type\":\"Person\",\"@id\":\"https:\/\/www.nettali.com\/#\/schema\/person\/3317e0bb3aa1da309fbf7b2780901bf4\",\"name\":\"Daouda\",\"image\":{\"@type\":\"ImageObject\",\"@id\":\"https:\/\/www.nettali.com\/#personlogo\",\"inLanguage\":\"fr-FR\",\"url\":\"https:\/\/secure.gravatar.com\/avatar\/8d143b5a49345098ddcfee1c49c2f47c?s=96&d=mm&r=g\",\"contentUrl\":\"https:\/\/secure.gravatar.com\/avatar\/8d143b5a49345098ddcfee1c49c2f47c?s=96&d=mm&r=g\",\"caption\":\"Daouda\"},\"sameAs\":[\"https:\/\/www.nettali.com\"]}]}<\/script>\n<!-- \/ Yoast SEO Premium plugin. -->","yoast_head_json":{"title":"WALY SECK BRISE LE SILENCE : \"Franchement je n\u2019en peux plus\" | Nettali.com","robots":{"index":"index","follow":"follow","max-snippet":"max-snippet:-1","max-image-preview":"max-image-preview:large","max-video-preview":"max-video-preview:-1"},"canonical":"https:\/\/www.nettali.com\/2025\/09\/13\/waly-seck-brise-le-silence-franchement-je-nen-peux-plus\/","og_locale":"fr_FR","og_type":"article","og_title":"WALY SECK BRISE LE SILENCE : \"Franchement je n\u2019en peux plus\"","og_description":"NETTALI.COM - C\u2019est un Waly Ballago Seck visiblement affect\u00e9, entre col\u00e8re et tristesse, qui s\u2019est adress\u00e9 \u00e0 ses fans et au grand public tard dans la soir\u00e9e de ce vendredi. Dans une vid\u00e9o publi\u00e9e sur ses r\u00e9seaux sociaux, le fils de feu Thione Seck a tenu \u00e0 r\u00e9agir face aux rumeurs persistantes et accusations concernant [&hellip;]","og_url":"https:\/\/www.nettali.com\/2025\/09\/13\/waly-seck-brise-le-silence-franchement-je-nen-peux-plus\/","og_site_name":"Nettali.com","article_publisher":"https:\/\/www.facebook.com\/nettalicom","article_published_time":"2025-09-13T08:23:59+00:00","article_modified_time":"2025-09-15T08:39:05+00:00","og_image":[{"width":733,"height":411,"url":"https:\/\/www.nettali.com\/wp-content\/uploads\/2025\/09\/Waly-Seck.png","type":"image\/png"}],"twitter_card":"summary_large_image","twitter_misc":{"\u00c9crit par":"Daouda","Dur\u00e9e de lecture estim\u00e9e":"3 minutes"},"schema":{"@context":"https:\/\/schema.org","@graph":[{"@type":"WebSite","@id":"https:\/\/www.nettali.com\/#website","url":"https:\/\/www.nettali.com\/","name":"Nettali.com","description":"Le rendez-vous critique du Net","potentialAction":[{"@type":"SearchAction","target":{"@type":"EntryPoint","urlTemplate":"https:\/\/www.nettali.com\/?s={search_term_string}"},"query-input":"required name=search_term_string"}],"inLanguage":"fr-FR"},{"@type":"ImageObject","@id":"https:\/\/www.nettali.com\/2025\/09\/13\/waly-seck-brise-le-silence-franchement-je-nen-peux-plus\/#primaryimage","inLanguage":"fr-FR","url":"https:\/\/www.nettali.com\/wp-content\/uploads\/2025\/09\/Waly-Seck.png","contentUrl":"https:\/\/www.nettali.com\/wp-content\/uploads\/2025\/09\/Waly-Seck.png","width":733,"height":411},{"@type":"WebPage","@id":"https:\/\/www.nettali.com\/2025\/09\/13\/waly-seck-brise-le-silence-franchement-je-nen-peux-plus\/#webpage","url":"https:\/\/www.nettali.com\/2025\/09\/13\/waly-seck-brise-le-silence-franchement-je-nen-peux-plus\/","name":"WALY SECK BRISE LE SILENCE : \"Franchement je n\u2019en peux plus\" | Nettali.com","isPartOf":{"@id":"https:\/\/www.nettali.com\/#website"},"primaryImageOfPage":{"@id":"https:\/\/www.nettali.com\/2025\/09\/13\/waly-seck-brise-le-silence-franchement-je-nen-peux-plus\/#primaryimage"},"datePublished":"2025-09-13T08:23:59+00:00","dateModified":"2025-09-15T08:39:05+00:00","author":{"@id":"https:\/\/www.nettali.com\/#\/schema\/person\/3317e0bb3aa1da309fbf7b2780901bf4"},"breadcrumb":{"@id":"https:\/\/www.nettali.com\/2025\/09\/13\/waly-seck-brise-le-silence-franchement-je-nen-peux-plus\/#breadcrumb"},"inLanguage":"fr-FR","potentialAction":[{"@type":"ReadAction","target":["https:\/\/www.nettali.com\/2025\/09\/13\/waly-seck-brise-le-silence-franchement-je-nen-peux-plus\/"]}]},{"@type":"BreadcrumbList","@id":"https:\/\/www.nettali.com\/2025\/09\/13\/waly-seck-brise-le-silence-franchement-je-nen-peux-plus\/#breadcrumb","itemListElement":[{"@type":"ListItem","position":1,"name":"Accueil","item":"https:\/\/www.nettali.com\/"},{"@type":"ListItem","position":2,"name":"WALY SECK BRISE LE SILENCE : \"Franchement je n\u2019en peux plus\""}]},{"@type":"Person","@id":"https:\/\/www.nettali.com\/#\/schema\/person\/3317e0bb3aa1da309fbf7b2780901bf4","name":"Daouda","image":{"@type":"ImageObject","@id":"https:\/\/www.nettali.com\/#personlogo","inLanguage":"fr-FR","url":"https:\/\/secure.gravatar.com\/avatar\/8d143b5a49345098ddcfee1c49c2f47c?s=96&d=mm&r=g","contentUrl":"https:\/\/secure.gravatar.com\/avatar\/8d143b5a49345098ddcfee1c49c2f47c?s=96&d=mm&r=g","caption":"Daouda"},"sameAs":["https:\/\/www.nettali.com"]}]}},"_links":{"self":[{"href":"https:\/\/www.nettali.com\/rest\/wp\/v2\/posts\/161155"}],"collection":[{"href":"https:\/\/www.nettali.com\/rest\/wp\/v2\/posts"}],"about":[{"href":"https:\/\/www.nettali.com\/rest\/wp\/v2\/types\/post"}],"author":[{"embeddable":true,"href":"https:\/\/www.nettali.com\/rest\/wp\/v2\/users\/4"}],"replies":[{"embeddable":true,"href":"https:\/\/www.nettali.com\/rest\/wp\/v2\/comments?post=161155"}],"version-history":[{"count":2,"href":"https:\/\/www.nettali.com\/rest\/wp\/v2\/posts\/161155\/revisions"}],"predecessor-version":[{"id":161190,"href":"https:\/\/www.nettali.com\/rest\/wp\/v2\/posts\/161155\/revisions\/161190"}],"wp:featuredmedia":[{"embeddable":true,"href":"https:\/\/www.nettali.com\/rest\/wp\/v2\/media\/161156"}],"wp:attachment":[{"href":"https:\/\/www.nettali.com\/rest\/wp\/v2\/media?parent=161155"}],"wp:term":[{"taxonomy":"category","embeddable":true,"href":"https:\/\/www.nettali.com\/rest\/wp\/v2\/categories?post=161155"},{"taxonomy":"post_tag","embeddable":true,"href":"https:\/\/www.nettali.com\/rest\/wp\/v2\/tags?post=161155"}],"curies":[{"name":"wp","href":"https:\/\/api.w.org\/{rel}","templated":true}]}}