{"id":161145,"date":"2025-09-13T07:11:44","date_gmt":"2025-09-13T07:11:44","guid":{"rendered":"https:\/\/www.nettali.com\/?p=161145"},"modified":"2025-09-13T08:14:28","modified_gmt":"2025-09-13T08:14:28","slug":"mercato-cherif-ndiaye-debarque-a-samsunspor","status":"publish","type":"post","link":"https:\/\/www.nettali.com\/2025\/09\/13\/mercato-cherif-ndiaye-debarque-a-samsunspor\/","title":{"rendered":"MERCATO - Ch\u00e9rif Ndiaye d\u00e9barque \u00e0 Samsunspor"},"content":{"rendered":"<p><strong>NETTALI.COM - C'est officiel, Ch\u00e9rif Ndiaye a rejoint Samsunspor ce vendredi 12 septembre. L\u2019attaquant des Lions a paraph\u00e9 un contrat de 4 ans avec le club turc et signe ainsi son retour en S\u00fcper Lig.<\/strong><\/p>\n<p>C\u2019est fait ! Ch\u00e9rif Ndiaye rejoint le Samsunspor. L\u2019attaquant s\u00e9n\u00e9galais qui sort d\u2019une tr\u00eave avec les Lions quitte donc la Serbie apr\u00e8s quelques saisons prolifiques notamment sur le plan comptable (40 buts et 12 passes d\u00e9cisives en 80 matchs toutes comp\u00e9titions confondues).<\/p>\n<p>Par contre, le S\u00e9n\u00e9galais arrive en Turquie non pas pour un pr\u00eat, mais pour un transfert d\u00e9finitif. Samsunspor a d\u2019ailleurs officialis\u00e9 l\u2019arriv\u00e9e de Ch\u00e9rif Ndiaye pour une dur\u00e9e de 4 ans, comme pr\u00e9cis\u00e9 par le club. D\u2019autres d\u00e9tails n\u2019ont pas \u00e9t\u00e9 r\u00e9v\u00e9l\u00e9s dans cette op\u00e9ration mais tout porte \u00e0 croire que le deal s\u2019est scell\u00e9 autour d\u2019une enveloppe de 4 M\u20ac.<\/p>\n<div class='share-to-whatsapp-wrapper'><div class='share-on-whsp'>PARTAGER SUR : <\/div><a data-text='MERCATO - Ch\u00e9rif Ndiaye d\u00e9barque \u00e0 Samsunspor' data-link='https:\/\/www.nettali.com\/2025\/09\/13\/mercato-cherif-ndiaye-debarque-a-samsunspor\/' class='whatsapp-button whatsapp-share'>WhatsApp<\/a><div class='clear '><\/div><\/div>","protected":false},"excerpt":{"rendered":"<p>NETTALI.COM - C'est officiel, Ch\u00e9rif Ndiaye a rejoint Samsunspor ce vendredi 12 septembre. L\u2019attaquant des Lions a paraph\u00e9 un contrat de 4 ans avec le club turc et signe ainsi son retour en S\u00fcper Lig. C\u2019est fait ! Ch\u00e9rif Ndiaye rejoint le Samsunspor. L\u2019attaquant s\u00e9n\u00e9galais qui sort d\u2019une tr\u00eave avec les Lions quitte donc la [&hellip;]<\/p>\n","protected":false},"author":5,"featured_media":161146,"comment_status":"open","ping_status":"open","sticky":false,"template":"","format":"standard","meta":{"_et_pb_use_builder":"","_et_pb_old_content":""},"categories":[6],"tags":[],"yoast_head":"<!-- This site is optimized with the Yoast SEO Premium plugin v17.8 (Yoast SEO v17.8) - https:\/\/yoast.com\/wordpress\/plugins\/seo\/ -->\n<title>MERCATO - Ch\u00e9rif Ndiaye d\u00e9barque \u00e0 Samsunspor | Nettali.com<\/title>\n<meta name=\"robots\" content=\"index, follow, max-snippet:-1, max-image-preview:large, max-video-preview:-1\" \/>\n<link rel=\"canonical\" href=\"https:\/\/www.nettali.com\/2025\/09\/13\/mercato-cherif-ndiaye-debarque-a-samsunspor\/\" \/>\n<meta property=\"og:locale\" content=\"fr_FR\" \/>\n<meta property=\"og:type\" content=\"article\" \/>\n<meta property=\"og:title\" content=\"MERCATO - Ch\u00e9rif Ndiaye d\u00e9barque \u00e0 Samsunspor\" \/>\n<meta property=\"og:description\" content=\"NETTALI.COM - C&#039;est officiel, Ch\u00e9rif Ndiaye a rejoint Samsunspor ce vendredi 12 septembre. L\u2019attaquant des Lions a paraph\u00e9 un contrat de 4 ans avec le club turc et signe ainsi son retour en S\u00fcper Lig. C\u2019est fait ! Ch\u00e9rif Ndiaye rejoint le Samsunspor. L\u2019attaquant s\u00e9n\u00e9galais qui sort d\u2019une tr\u00eave avec les Lions quitte donc la [&hellip;]\" \/>\n<meta property=\"og:url\" content=\"https:\/\/www.nettali.com\/2025\/09\/13\/mercato-cherif-ndiaye-debarque-a-samsunspor\/\" \/>\n<meta property=\"og:site_name\" content=\"Nettali.com\" \/>\n<meta property=\"article:publisher\" content=\"https:\/\/www.facebook.com\/nettalicom\" \/>\n<meta property=\"article:published_time\" content=\"2025-09-13T07:11:44+00:00\" \/>\n<meta property=\"article:modified_time\" content=\"2025-09-13T08:14:28+00:00\" \/>\n<meta property=\"og:image\" content=\"https:\/\/www.nettali.com\/wp-content\/uploads\/2025\/09\/Screenshot_20250912_231952_WhatsApp.jpg\" \/>\n\t<meta property=\"og:image:width\" content=\"1073\" \/>\n\t<meta property=\"og:image:height\" content=\"698\" \/>\n<meta name=\"twitter:card\" content=\"summary_large_image\" \/>\n<meta name=\"twitter:label1\" content=\"\u00c9crit par\" \/>\n\t<meta name=\"twitter:data1\" content=\"Ibrahima\" \/>\n\t<meta name=\"twitter:label2\" content=\"Dur\u00e9e de lecture estim\u00e9e\" \/>\n\t<meta name=\"twitter:data2\" content=\"1 minute\" \/>\n<script type=\"application\/ld+json\" class=\"yoast-schema-graph\">{\"@context\":\"https:\/\/schema.org\",\"@graph\":[{\"@type\":\"WebSite\",\"@id\":\"https:\/\/www.nettali.com\/#website\",\"url\":\"https:\/\/www.nettali.com\/\",\"name\":\"Nettali.com\",\"description\":\"Le rendez-vous critique du Net\",\"potentialAction\":[{\"@type\":\"SearchAction\",\"target\":{\"@type\":\"EntryPoint\",\"urlTemplate\":\"https:\/\/www.nettali.com\/?s={search_term_string}\"},\"query-input\":\"required name=search_term_string\"}],\"inLanguage\":\"fr-FR\"},{\"@type\":\"ImageObject\",\"@id\":\"https:\/\/www.nettali.com\/2025\/09\/13\/mercato-cherif-ndiaye-debarque-a-samsunspor\/#primaryimage\",\"inLanguage\":\"fr-FR\",\"url\":\"https:\/\/www.nettali.com\/wp-content\/uploads\/2025\/09\/Screenshot_20250912_231952_WhatsApp.jpg\",\"contentUrl\":\"https:\/\/www.nettali.com\/wp-content\/uploads\/2025\/09\/Screenshot_20250912_231952_WhatsApp.jpg\",\"width\":1073,\"height\":698},{\"@type\":\"WebPage\",\"@id\":\"https:\/\/www.nettali.com\/2025\/09\/13\/mercato-cherif-ndiaye-debarque-a-samsunspor\/#webpage\",\"url\":\"https:\/\/www.nettali.com\/2025\/09\/13\/mercato-cherif-ndiaye-debarque-a-samsunspor\/\",\"name\":\"MERCATO - Ch\\u00e9rif Ndiaye d\\u00e9barque \\u00e0 Samsunspor | Nettali.com\",\"isPartOf\":{\"@id\":\"https:\/\/www.nettali.com\/#website\"},\"primaryImageOfPage\":{\"@id\":\"https:\/\/www.nettali.com\/2025\/09\/13\/mercato-cherif-ndiaye-debarque-a-samsunspor\/#primaryimage\"},\"datePublished\":\"2025-09-13T07:11:44+00:00\",\"dateModified\":\"2025-09-13T08:14:28+00:00\",\"author\":{\"@id\":\"https:\/\/www.nettali.com\/#\/schema\/person\/bb147657c2986240405a608162b9bb23\"},\"breadcrumb\":{\"@id\":\"https:\/\/www.nettali.com\/2025\/09\/13\/mercato-cherif-ndiaye-debarque-a-samsunspor\/#breadcrumb\"},\"inLanguage\":\"fr-FR\",\"potentialAction\":[{\"@type\":\"ReadAction\",\"target\":[\"https:\/\/www.nettali.com\/2025\/09\/13\/mercato-cherif-ndiaye-debarque-a-samsunspor\/\"]}]},{\"@type\":\"BreadcrumbList\",\"@id\":\"https:\/\/www.nettali.com\/2025\/09\/13\/mercato-cherif-ndiaye-debarque-a-samsunspor\/#breadcrumb\",\"itemListElement\":[{\"@type\":\"ListItem\",\"position\":1,\"name\":\"Accueil\",\"item\":\"https:\/\/www.nettali.com\/\"},{\"@type\":\"ListItem\",\"position\":2,\"name\":\"MERCATO - Ch\\u00e9rif Ndiaye d\\u00e9barque \\u00e0 Samsunspor\"}]},{\"@type\":\"Person\",\"@id\":\"https:\/\/www.nettali.com\/#\/schema\/person\/bb147657c2986240405a608162b9bb23\",\"name\":\"Ibrahima\",\"image\":{\"@type\":\"ImageObject\",\"@id\":\"https:\/\/www.nettali.com\/#personlogo\",\"inLanguage\":\"fr-FR\",\"url\":\"https:\/\/secure.gravatar.com\/avatar\/26a8a81f09f0dd7624c9d5c36c9ba3a2?s=96&d=mm&r=g\",\"contentUrl\":\"https:\/\/secure.gravatar.com\/avatar\/26a8a81f09f0dd7624c9d5c36c9ba3a2?s=96&d=mm&r=g\",\"caption\":\"Ibrahima\"},\"sameAs\":[\"https:\/\/www.nettali.com\"]}]}<\/script>\n<!-- \/ Yoast SEO Premium plugin. -->","yoast_head_json":{"title":"MERCATO - Ch\u00e9rif Ndiaye d\u00e9barque \u00e0 Samsunspor | Nettali.com","robots":{"index":"index","follow":"follow","max-snippet":"max-snippet:-1","max-image-preview":"max-image-preview:large","max-video-preview":"max-video-preview:-1"},"canonical":"https:\/\/www.nettali.com\/2025\/09\/13\/mercato-cherif-ndiaye-debarque-a-samsunspor\/","og_locale":"fr_FR","og_type":"article","og_title":"MERCATO - Ch\u00e9rif Ndiaye d\u00e9barque \u00e0 Samsunspor","og_description":"NETTALI.COM - C'est officiel, Ch\u00e9rif Ndiaye a rejoint Samsunspor ce vendredi 12 septembre. L\u2019attaquant des Lions a paraph\u00e9 un contrat de 4 ans avec le club turc et signe ainsi son retour en S\u00fcper Lig. C\u2019est fait ! Ch\u00e9rif Ndiaye rejoint le Samsunspor. L\u2019attaquant s\u00e9n\u00e9galais qui sort d\u2019une tr\u00eave avec les Lions quitte donc la [&hellip;]","og_url":"https:\/\/www.nettali.com\/2025\/09\/13\/mercato-cherif-ndiaye-debarque-a-samsunspor\/","og_site_name":"Nettali.com","article_publisher":"https:\/\/www.facebook.com\/nettalicom","article_published_time":"2025-09-13T07:11:44+00:00","article_modified_time":"2025-09-13T08:14:28+00:00","og_image":[{"width":1073,"height":698,"url":"https:\/\/www.nettali.com\/wp-content\/uploads\/2025\/09\/Screenshot_20250912_231952_WhatsApp.jpg","type":"image\/jpeg"}],"twitter_card":"summary_large_image","twitter_misc":{"\u00c9crit par":"Ibrahima","Dur\u00e9e de lecture estim\u00e9e":"1 minute"},"schema":{"@context":"https:\/\/schema.org","@graph":[{"@type":"WebSite","@id":"https:\/\/www.nettali.com\/#website","url":"https:\/\/www.nettali.com\/","name":"Nettali.com","description":"Le rendez-vous critique du Net","potentialAction":[{"@type":"SearchAction","target":{"@type":"EntryPoint","urlTemplate":"https:\/\/www.nettali.com\/?s={search_term_string}"},"query-input":"required name=search_term_string"}],"inLanguage":"fr-FR"},{"@type":"ImageObject","@id":"https:\/\/www.nettali.com\/2025\/09\/13\/mercato-cherif-ndiaye-debarque-a-samsunspor\/#primaryimage","inLanguage":"fr-FR","url":"https:\/\/www.nettali.com\/wp-content\/uploads\/2025\/09\/Screenshot_20250912_231952_WhatsApp.jpg","contentUrl":"https:\/\/www.nettali.com\/wp-content\/uploads\/2025\/09\/Screenshot_20250912_231952_WhatsApp.jpg","width":1073,"height":698},{"@type":"WebPage","@id":"https:\/\/www.nettali.com\/2025\/09\/13\/mercato-cherif-ndiaye-debarque-a-samsunspor\/#webpage","url":"https:\/\/www.nettali.com\/2025\/09\/13\/mercato-cherif-ndiaye-debarque-a-samsunspor\/","name":"MERCATO - Ch\u00e9rif Ndiaye d\u00e9barque \u00e0 Samsunspor | Nettali.com","isPartOf":{"@id":"https:\/\/www.nettali.com\/#website"},"primaryImageOfPage":{"@id":"https:\/\/www.nettali.com\/2025\/09\/13\/mercato-cherif-ndiaye-debarque-a-samsunspor\/#primaryimage"},"datePublished":"2025-09-13T07:11:44+00:00","dateModified":"2025-09-13T08:14:28+00:00","author":{"@id":"https:\/\/www.nettali.com\/#\/schema\/person\/bb147657c2986240405a608162b9bb23"},"breadcrumb":{"@id":"https:\/\/www.nettali.com\/2025\/09\/13\/mercato-cherif-ndiaye-debarque-a-samsunspor\/#breadcrumb"},"inLanguage":"fr-FR","potentialAction":[{"@type":"ReadAction","target":["https:\/\/www.nettali.com\/2025\/09\/13\/mercato-cherif-ndiaye-debarque-a-samsunspor\/"]}]},{"@type":"BreadcrumbList","@id":"https:\/\/www.nettali.com\/2025\/09\/13\/mercato-cherif-ndiaye-debarque-a-samsunspor\/#breadcrumb","itemListElement":[{"@type":"ListItem","position":1,"name":"Accueil","item":"https:\/\/www.nettali.com\/"},{"@type":"ListItem","position":2,"name":"MERCATO - Ch\u00e9rif Ndiaye d\u00e9barque \u00e0 Samsunspor"}]},{"@type":"Person","@id":"https:\/\/www.nettali.com\/#\/schema\/person\/bb147657c2986240405a608162b9bb23","name":"Ibrahima","image":{"@type":"ImageObject","@id":"https:\/\/www.nettali.com\/#personlogo","inLanguage":"fr-FR","url":"https:\/\/secure.gravatar.com\/avatar\/26a8a81f09f0dd7624c9d5c36c9ba3a2?s=96&d=mm&r=g","contentUrl":"https:\/\/secure.gravatar.com\/avatar\/26a8a81f09f0dd7624c9d5c36c9ba3a2?s=96&d=mm&r=g","caption":"Ibrahima"},"sameAs":["https:\/\/www.nettali.com"]}]}},"_links":{"self":[{"href":"https:\/\/www.nettali.com\/rest\/wp\/v2\/posts\/161145"}],"collection":[{"href":"https:\/\/www.nettali.com\/rest\/wp\/v2\/posts"}],"about":[{"href":"https:\/\/www.nettali.com\/rest\/wp\/v2\/types\/post"}],"author":[{"embeddable":true,"href":"https:\/\/www.nettali.com\/rest\/wp\/v2\/users\/5"}],"replies":[{"embeddable":true,"href":"https:\/\/www.nettali.com\/rest\/wp\/v2\/comments?post=161145"}],"version-history":[{"count":1,"href":"https:\/\/www.nettali.com\/rest\/wp\/v2\/posts\/161145\/revisions"}],"predecessor-version":[{"id":161147,"href":"https:\/\/www.nettali.com\/rest\/wp\/v2\/posts\/161145\/revisions\/161147"}],"wp:featuredmedia":[{"embeddable":true,"href":"https:\/\/www.nettali.com\/rest\/wp\/v2\/media\/161146"}],"wp:attachment":[{"href":"https:\/\/www.nettali.com\/rest\/wp\/v2\/media?parent=161145"}],"wp:term":[{"taxonomy":"category","embeddable":true,"href":"https:\/\/www.nettali.com\/rest\/wp\/v2\/categories?post=161145"},{"taxonomy":"post_tag","embeddable":true,"href":"https:\/\/www.nettali.com\/rest\/wp\/v2\/tags?post=161145"}],"curies":[{"name":"wp","href":"https:\/\/api.w.org\/{rel}","templated":true}]}}