{"id":161139,"date":"2025-09-13T06:09:07","date_gmt":"2025-09-13T06:09:07","guid":{"rendered":"https:\/\/www.nettali.com\/?p=161139"},"modified":"2025-09-13T08:09:22","modified_gmt":"2025-09-13T08:09:22","slug":"mercato-cheikhou-kouyate-rebondit-a-amedspor","status":"publish","type":"post","link":"https:\/\/www.nettali.com\/2025\/09\/13\/mercato-cheikhou-kouyate-rebondit-a-amedspor\/","title":{"rendered":"MERCATO - Cheikhou Kouyat\u00e9 rebondit \u00e0 Amedspor"},"content":{"rendered":"<p><strong>NETTALI.COM - Sans club depuis son d\u00e9part de Nottingham Forest, Cheikhou Kouyat\u00e9 s'est ce vendredi 12 septembre avec Amedspor (D2 turque). Ag\u00e9 de 35 ans, le champion d'Afrique 2021 arrive avec un contrat d\u2019un an et rejoint une \u00e9quipe qui esp\u00e8re renforcer sa comp\u00e9titivit\u00e9.<\/strong><\/p>\n<p>Cheikhou Kouyat\u00e9 dispose d\u2019un parcours riche en Europe, ayant \u00e9volu\u00e9 dans des clubs prestigieux tels qu\u2019Anderlecht en Belgique, ainsi qu\u2019en Angleterre avec West Ham United, Crystal Palace et Nottingham Forest. Cette exp\u00e9rience du haut niveau constitue un atout majeur pour Amedspor, qui pourra compter sur un joueur habitu\u00e9 aux exigences d\u2019un football comp\u00e9titif et rapide. Un club o\u00f9 il va retrouver son ancien co\u00e9quipier en s\u00e9lection, Mbaye Diagne.<\/p>\n<p><strong>Un leader polyvalent pour renforcer l\u2019\u00e9quipe<\/strong><\/p>\n<p>Polyvalent, Kouyat\u00e9 peut occuper les postes de milieu d\u00e9fensif, milieu central ou d\u00e9fenseur central, offrant ainsi des options tactiques vari\u00e9es \u00e0 l\u2019entra\u00eeneur. Son r\u00f4le de leader sur le terrain sera d\u00e9terminant pour encadrer les jeunes joueurs et structurer l\u2019\u00e9quipe dans les moments cl\u00e9s des matchs.<\/p>\n<p>Avec cette arriv\u00e9e, Amedspor mise sur un joueur qui combine exp\u00e9rience, leadership et polyvalence. Les supporters attendent avec impatience de voir Kouyat\u00e9 \u00e0 l\u2019\u0153uvre, esp\u00e9rant que sa pr\u00e9sence contribuera \u00e0 am\u00e9liorer les performances du club et \u00e0 atteindre de meilleurs r\u00e9sultats dans le championnat.<\/p>\n<div class='share-to-whatsapp-wrapper'><div class='share-on-whsp'>PARTAGER SUR : <\/div><a data-text='MERCATO - Cheikhou Kouyat\u00e9 rebondit \u00e0 Amedspor' data-link='https:\/\/www.nettali.com\/2025\/09\/13\/mercato-cheikhou-kouyate-rebondit-a-amedspor\/' class='whatsapp-button whatsapp-share'>WhatsApp<\/a><div class='clear '><\/div><\/div>","protected":false},"excerpt":{"rendered":"<p>NETTALI.COM - Sans club depuis son d\u00e9part de Nottingham Forest, Cheikhou Kouyat\u00e9 s'est ce vendredi 12 septembre avec Amedspor (D2 turque). Ag\u00e9 de 35 ans, le champion d'Afrique 2021 arrive avec un contrat d\u2019un an et rejoint une \u00e9quipe qui esp\u00e8re renforcer sa comp\u00e9titivit\u00e9. Cheikhou Kouyat\u00e9 dispose d\u2019un parcours riche en Europe, ayant \u00e9volu\u00e9 dans [&hellip;]<\/p>\n","protected":false},"author":5,"featured_media":161140,"comment_status":"open","ping_status":"open","sticky":false,"template":"","format":"standard","meta":{"_et_pb_use_builder":"","_et_pb_old_content":""},"categories":[6],"tags":[],"yoast_head":"<!-- This site is optimized with the Yoast SEO Premium plugin v17.8 (Yoast SEO v17.8) - https:\/\/yoast.com\/wordpress\/plugins\/seo\/ -->\n<title>MERCATO - Cheikhou Kouyat\u00e9 rebondit \u00e0 Amedspor | Nettali.com<\/title>\n<meta name=\"robots\" content=\"index, follow, max-snippet:-1, max-image-preview:large, max-video-preview:-1\" \/>\n<link rel=\"canonical\" href=\"https:\/\/www.nettali.com\/2025\/09\/13\/mercato-cheikhou-kouyate-rebondit-a-amedspor\/\" \/>\n<meta property=\"og:locale\" content=\"fr_FR\" \/>\n<meta property=\"og:type\" content=\"article\" \/>\n<meta property=\"og:title\" content=\"MERCATO - Cheikhou Kouyat\u00e9 rebondit \u00e0 Amedspor\" \/>\n<meta property=\"og:description\" content=\"NETTALI.COM - Sans club depuis son d\u00e9part de Nottingham Forest, Cheikhou Kouyat\u00e9 s&#039;est ce vendredi 12 septembre avec Amedspor (D2 turque). Ag\u00e9 de 35 ans, le champion d&#039;Afrique 2021 arrive avec un contrat d\u2019un an et rejoint une \u00e9quipe qui esp\u00e8re renforcer sa comp\u00e9titivit\u00e9. Cheikhou Kouyat\u00e9 dispose d\u2019un parcours riche en Europe, ayant \u00e9volu\u00e9 dans [&hellip;]\" \/>\n<meta property=\"og:url\" content=\"https:\/\/www.nettali.com\/2025\/09\/13\/mercato-cheikhou-kouyate-rebondit-a-amedspor\/\" \/>\n<meta property=\"og:site_name\" content=\"Nettali.com\" \/>\n<meta property=\"article:publisher\" content=\"https:\/\/www.facebook.com\/nettalicom\" \/>\n<meta property=\"article:published_time\" content=\"2025-09-13T06:09:07+00:00\" \/>\n<meta property=\"article:modified_time\" content=\"2025-09-13T08:09:22+00:00\" \/>\n<meta property=\"og:image\" content=\"https:\/\/www.nettali.com\/wp-content\/uploads\/2025\/09\/IMG-20250912-WA0003-1-768x614-1.jpg\" \/>\n\t<meta property=\"og:image:width\" content=\"768\" \/>\n\t<meta property=\"og:image:height\" content=\"489\" \/>\n<meta name=\"twitter:card\" content=\"summary_large_image\" \/>\n<meta name=\"twitter:label1\" content=\"\u00c9crit par\" \/>\n\t<meta name=\"twitter:data1\" content=\"Ibrahima\" \/>\n\t<meta name=\"twitter:label2\" content=\"Dur\u00e9e de lecture estim\u00e9e\" \/>\n\t<meta name=\"twitter:data2\" content=\"2 minutes\" \/>\n<script type=\"application\/ld+json\" class=\"yoast-schema-graph\">{\"@context\":\"https:\/\/schema.org\",\"@graph\":[{\"@type\":\"WebSite\",\"@id\":\"https:\/\/www.nettali.com\/#website\",\"url\":\"https:\/\/www.nettali.com\/\",\"name\":\"Nettali.com\",\"description\":\"Le rendez-vous critique du Net\",\"potentialAction\":[{\"@type\":\"SearchAction\",\"target\":{\"@type\":\"EntryPoint\",\"urlTemplate\":\"https:\/\/www.nettali.com\/?s={search_term_string}\"},\"query-input\":\"required name=search_term_string\"}],\"inLanguage\":\"fr-FR\"},{\"@type\":\"ImageObject\",\"@id\":\"https:\/\/www.nettali.com\/2025\/09\/13\/mercato-cheikhou-kouyate-rebondit-a-amedspor\/#primaryimage\",\"inLanguage\":\"fr-FR\",\"url\":\"https:\/\/www.nettali.com\/wp-content\/uploads\/2025\/09\/IMG-20250912-WA0003-1-768x614-1.jpg\",\"contentUrl\":\"https:\/\/www.nettali.com\/wp-content\/uploads\/2025\/09\/IMG-20250912-WA0003-1-768x614-1.jpg\",\"width\":768,\"height\":489},{\"@type\":\"WebPage\",\"@id\":\"https:\/\/www.nettali.com\/2025\/09\/13\/mercato-cheikhou-kouyate-rebondit-a-amedspor\/#webpage\",\"url\":\"https:\/\/www.nettali.com\/2025\/09\/13\/mercato-cheikhou-kouyate-rebondit-a-amedspor\/\",\"name\":\"MERCATO - Cheikhou Kouyat\\u00e9 rebondit \\u00e0 Amedspor | Nettali.com\",\"isPartOf\":{\"@id\":\"https:\/\/www.nettali.com\/#website\"},\"primaryImageOfPage\":{\"@id\":\"https:\/\/www.nettali.com\/2025\/09\/13\/mercato-cheikhou-kouyate-rebondit-a-amedspor\/#primaryimage\"},\"datePublished\":\"2025-09-13T06:09:07+00:00\",\"dateModified\":\"2025-09-13T08:09:22+00:00\",\"author\":{\"@id\":\"https:\/\/www.nettali.com\/#\/schema\/person\/bb147657c2986240405a608162b9bb23\"},\"breadcrumb\":{\"@id\":\"https:\/\/www.nettali.com\/2025\/09\/13\/mercato-cheikhou-kouyate-rebondit-a-amedspor\/#breadcrumb\"},\"inLanguage\":\"fr-FR\",\"potentialAction\":[{\"@type\":\"ReadAction\",\"target\":[\"https:\/\/www.nettali.com\/2025\/09\/13\/mercato-cheikhou-kouyate-rebondit-a-amedspor\/\"]}]},{\"@type\":\"BreadcrumbList\",\"@id\":\"https:\/\/www.nettali.com\/2025\/09\/13\/mercato-cheikhou-kouyate-rebondit-a-amedspor\/#breadcrumb\",\"itemListElement\":[{\"@type\":\"ListItem\",\"position\":1,\"name\":\"Accueil\",\"item\":\"https:\/\/www.nettali.com\/\"},{\"@type\":\"ListItem\",\"position\":2,\"name\":\"MERCATO - Cheikhou Kouyat\\u00e9 rebondit \\u00e0 Amedspor\"}]},{\"@type\":\"Person\",\"@id\":\"https:\/\/www.nettali.com\/#\/schema\/person\/bb147657c2986240405a608162b9bb23\",\"name\":\"Ibrahima\",\"image\":{\"@type\":\"ImageObject\",\"@id\":\"https:\/\/www.nettali.com\/#personlogo\",\"inLanguage\":\"fr-FR\",\"url\":\"https:\/\/secure.gravatar.com\/avatar\/26a8a81f09f0dd7624c9d5c36c9ba3a2?s=96&d=mm&r=g\",\"contentUrl\":\"https:\/\/secure.gravatar.com\/avatar\/26a8a81f09f0dd7624c9d5c36c9ba3a2?s=96&d=mm&r=g\",\"caption\":\"Ibrahima\"},\"sameAs\":[\"https:\/\/www.nettali.com\"]}]}<\/script>\n<!-- \/ Yoast SEO Premium plugin. -->","yoast_head_json":{"title":"MERCATO - Cheikhou Kouyat\u00e9 rebondit \u00e0 Amedspor | Nettali.com","robots":{"index":"index","follow":"follow","max-snippet":"max-snippet:-1","max-image-preview":"max-image-preview:large","max-video-preview":"max-video-preview:-1"},"canonical":"https:\/\/www.nettali.com\/2025\/09\/13\/mercato-cheikhou-kouyate-rebondit-a-amedspor\/","og_locale":"fr_FR","og_type":"article","og_title":"MERCATO - Cheikhou Kouyat\u00e9 rebondit \u00e0 Amedspor","og_description":"NETTALI.COM - Sans club depuis son d\u00e9part de Nottingham Forest, Cheikhou Kouyat\u00e9 s'est ce vendredi 12 septembre avec Amedspor (D2 turque). Ag\u00e9 de 35 ans, le champion d'Afrique 2021 arrive avec un contrat d\u2019un an et rejoint une \u00e9quipe qui esp\u00e8re renforcer sa comp\u00e9titivit\u00e9. Cheikhou Kouyat\u00e9 dispose d\u2019un parcours riche en Europe, ayant \u00e9volu\u00e9 dans [&hellip;]","og_url":"https:\/\/www.nettali.com\/2025\/09\/13\/mercato-cheikhou-kouyate-rebondit-a-amedspor\/","og_site_name":"Nettali.com","article_publisher":"https:\/\/www.facebook.com\/nettalicom","article_published_time":"2025-09-13T06:09:07+00:00","article_modified_time":"2025-09-13T08:09:22+00:00","og_image":[{"width":768,"height":489,"url":"https:\/\/www.nettali.com\/wp-content\/uploads\/2025\/09\/IMG-20250912-WA0003-1-768x614-1.jpg","type":"image\/jpeg"}],"twitter_card":"summary_large_image","twitter_misc":{"\u00c9crit par":"Ibrahima","Dur\u00e9e de lecture estim\u00e9e":"2 minutes"},"schema":{"@context":"https:\/\/schema.org","@graph":[{"@type":"WebSite","@id":"https:\/\/www.nettali.com\/#website","url":"https:\/\/www.nettali.com\/","name":"Nettali.com","description":"Le rendez-vous critique du Net","potentialAction":[{"@type":"SearchAction","target":{"@type":"EntryPoint","urlTemplate":"https:\/\/www.nettali.com\/?s={search_term_string}"},"query-input":"required name=search_term_string"}],"inLanguage":"fr-FR"},{"@type":"ImageObject","@id":"https:\/\/www.nettali.com\/2025\/09\/13\/mercato-cheikhou-kouyate-rebondit-a-amedspor\/#primaryimage","inLanguage":"fr-FR","url":"https:\/\/www.nettali.com\/wp-content\/uploads\/2025\/09\/IMG-20250912-WA0003-1-768x614-1.jpg","contentUrl":"https:\/\/www.nettali.com\/wp-content\/uploads\/2025\/09\/IMG-20250912-WA0003-1-768x614-1.jpg","width":768,"height":489},{"@type":"WebPage","@id":"https:\/\/www.nettali.com\/2025\/09\/13\/mercato-cheikhou-kouyate-rebondit-a-amedspor\/#webpage","url":"https:\/\/www.nettali.com\/2025\/09\/13\/mercato-cheikhou-kouyate-rebondit-a-amedspor\/","name":"MERCATO - Cheikhou Kouyat\u00e9 rebondit \u00e0 Amedspor | Nettali.com","isPartOf":{"@id":"https:\/\/www.nettali.com\/#website"},"primaryImageOfPage":{"@id":"https:\/\/www.nettali.com\/2025\/09\/13\/mercato-cheikhou-kouyate-rebondit-a-amedspor\/#primaryimage"},"datePublished":"2025-09-13T06:09:07+00:00","dateModified":"2025-09-13T08:09:22+00:00","author":{"@id":"https:\/\/www.nettali.com\/#\/schema\/person\/bb147657c2986240405a608162b9bb23"},"breadcrumb":{"@id":"https:\/\/www.nettali.com\/2025\/09\/13\/mercato-cheikhou-kouyate-rebondit-a-amedspor\/#breadcrumb"},"inLanguage":"fr-FR","potentialAction":[{"@type":"ReadAction","target":["https:\/\/www.nettali.com\/2025\/09\/13\/mercato-cheikhou-kouyate-rebondit-a-amedspor\/"]}]},{"@type":"BreadcrumbList","@id":"https:\/\/www.nettali.com\/2025\/09\/13\/mercato-cheikhou-kouyate-rebondit-a-amedspor\/#breadcrumb","itemListElement":[{"@type":"ListItem","position":1,"name":"Accueil","item":"https:\/\/www.nettali.com\/"},{"@type":"ListItem","position":2,"name":"MERCATO - Cheikhou Kouyat\u00e9 rebondit \u00e0 Amedspor"}]},{"@type":"Person","@id":"https:\/\/www.nettali.com\/#\/schema\/person\/bb147657c2986240405a608162b9bb23","name":"Ibrahima","image":{"@type":"ImageObject","@id":"https:\/\/www.nettali.com\/#personlogo","inLanguage":"fr-FR","url":"https:\/\/secure.gravatar.com\/avatar\/26a8a81f09f0dd7624c9d5c36c9ba3a2?s=96&d=mm&r=g","contentUrl":"https:\/\/secure.gravatar.com\/avatar\/26a8a81f09f0dd7624c9d5c36c9ba3a2?s=96&d=mm&r=g","caption":"Ibrahima"},"sameAs":["https:\/\/www.nettali.com"]}]}},"_links":{"self":[{"href":"https:\/\/www.nettali.com\/rest\/wp\/v2\/posts\/161139"}],"collection":[{"href":"https:\/\/www.nettali.com\/rest\/wp\/v2\/posts"}],"about":[{"href":"https:\/\/www.nettali.com\/rest\/wp\/v2\/types\/post"}],"author":[{"embeddable":true,"href":"https:\/\/www.nettali.com\/rest\/wp\/v2\/users\/5"}],"replies":[{"embeddable":true,"href":"https:\/\/www.nettali.com\/rest\/wp\/v2\/comments?post=161139"}],"version-history":[{"count":1,"href":"https:\/\/www.nettali.com\/rest\/wp\/v2\/posts\/161139\/revisions"}],"predecessor-version":[{"id":161141,"href":"https:\/\/www.nettali.com\/rest\/wp\/v2\/posts\/161139\/revisions\/161141"}],"wp:featuredmedia":[{"embeddable":true,"href":"https:\/\/www.nettali.com\/rest\/wp\/v2\/media\/161140"}],"wp:attachment":[{"href":"https:\/\/www.nettali.com\/rest\/wp\/v2\/media?parent=161139"}],"wp:term":[{"taxonomy":"category","embeddable":true,"href":"https:\/\/www.nettali.com\/rest\/wp\/v2\/categories?post=161139"},{"taxonomy":"post_tag","embeddable":true,"href":"https:\/\/www.nettali.com\/rest\/wp\/v2\/tags?post=161139"}],"curies":[{"name":"wp","href":"https:\/\/api.w.org\/{rel}","templated":true}]}}