{"id":161130,"date":"2025-09-12T12:17:13","date_gmt":"2025-09-12T12:17:13","guid":{"rendered":"https:\/\/www.nettali.com\/?p=161130"},"modified":"2025-09-12T12:17:13","modified_gmt":"2025-09-12T12:17:13","slug":"touba-en-deuil-serigne-ahmadou-moukhtar-mbacke-rappele-a-dieu","status":"publish","type":"post","link":"https:\/\/www.nettali.com\/2025\/09\/12\/touba-en-deuil-serigne-ahmadou-moukhtar-mbacke-rappele-a-dieu\/","title":{"rendered":"TOUBA EN DEUIL - Serigne Ahmadou Moukhtar Mback\u00e9 rappel\u00e9 \u00e0 Dieu"},"content":{"rendered":"<p><strong>NETTALI.COM - La communaut\u00e9 mouride en deuil. Le khalife de Darou Khoudoss, Serigne Ahmadou Moukhtar Mback\u00e9 a \u00e9t\u00e9 rappel\u00e9 \u00e0 Dieu ce jeudi.\u00a0<\/strong><\/p>\n<p>Triste nouvelle pour la communaut\u00e9 mouride. Serigne Ahmadou Moukhtar Mback\u00e9 n'est plus. Le khalife de Darou Khoudoss n'est plus. Le guide religieux faisait partie des petit-fils les plus \u00e2g\u00e9s de Serigne Touba. Il \u00e9tait le khalife de Serigne Mouhamadou Moustapha Mback\u00e9 qui f\u00fbt le premier khalife g\u00e9n\u00e9ral des mourides apr\u00e8s le rappel \u00e0 Dieu du fondateur du mouridisme.<\/p>\n<p>Cheikh Ahmadou Moukhtar Mback\u00e9 a consacr\u00e9 sa vie \u00e0 l'agriculture, \u00e0 l'enseignement et \u00e0 la vulgarisation de l'\u0153uvre de son grand-p\u00e8re Cheikh Ahmadou Bamba.<\/p>\n<div class='share-to-whatsapp-wrapper'><div class='share-on-whsp'>PARTAGER SUR : <\/div><a data-text='TOUBA EN DEUIL - Serigne Ahmadou Moukhtar Mback\u00e9 rappel\u00e9 \u00e0 Dieu' data-link='https:\/\/www.nettali.com\/2025\/09\/12\/touba-en-deuil-serigne-ahmadou-moukhtar-mbacke-rappele-a-dieu\/' class='whatsapp-button whatsapp-share'>WhatsApp<\/a><div class='clear '><\/div><\/div>","protected":false},"excerpt":{"rendered":"<p>NETTALI.COM - La communaut\u00e9 mouride en deuil. Le khalife de Darou Khoudoss, Serigne Ahmadou Moukhtar Mback\u00e9 a \u00e9t\u00e9 rappel\u00e9 \u00e0 Dieu ce jeudi.\u00a0 Triste nouvelle pour la communaut\u00e9 mouride. Serigne Ahmadou Moukhtar Mback\u00e9 n'est plus. Le khalife de Darou Khoudoss n'est plus. Le guide religieux faisait partie des petit-fils les plus \u00e2g\u00e9s de Serigne Touba. [&hellip;]<\/p>\n","protected":false},"author":3,"featured_media":161131,"comment_status":"open","ping_status":"open","sticky":false,"template":"","format":"standard","meta":{"_et_pb_use_builder":"","_et_pb_old_content":""},"categories":[3],"tags":[],"yoast_head":"<!-- This site is optimized with the Yoast SEO Premium plugin v17.8 (Yoast SEO v17.8) - https:\/\/yoast.com\/wordpress\/plugins\/seo\/ -->\n<title>TOUBA EN DEUIL - Serigne Ahmadou Moukhtar Mback\u00e9 rappel\u00e9 \u00e0 Dieu | Nettali.com<\/title>\n<meta name=\"robots\" content=\"index, follow, max-snippet:-1, max-image-preview:large, max-video-preview:-1\" \/>\n<link rel=\"canonical\" href=\"https:\/\/www.nettali.com\/2025\/09\/12\/touba-en-deuil-serigne-ahmadou-moukhtar-mbacke-rappele-a-dieu\/\" \/>\n<meta property=\"og:locale\" content=\"fr_FR\" \/>\n<meta property=\"og:type\" content=\"article\" \/>\n<meta property=\"og:title\" content=\"TOUBA EN DEUIL - Serigne Ahmadou Moukhtar Mback\u00e9 rappel\u00e9 \u00e0 Dieu\" \/>\n<meta property=\"og:description\" content=\"NETTALI.COM - La communaut\u00e9 mouride en deuil. Le khalife de Darou Khoudoss, Serigne Ahmadou Moukhtar Mback\u00e9 a \u00e9t\u00e9 rappel\u00e9 \u00e0 Dieu ce jeudi.\u00a0 Triste nouvelle pour la communaut\u00e9 mouride. Serigne Ahmadou Moukhtar Mback\u00e9 n&#039;est plus. Le khalife de Darou Khoudoss n&#039;est plus. Le guide religieux faisait partie des petit-fils les plus \u00e2g\u00e9s de Serigne Touba. [&hellip;]\" \/>\n<meta property=\"og:url\" content=\"https:\/\/www.nettali.com\/2025\/09\/12\/touba-en-deuil-serigne-ahmadou-moukhtar-mbacke-rappele-a-dieu\/\" \/>\n<meta property=\"og:site_name\" content=\"Nettali.com\" \/>\n<meta property=\"article:publisher\" content=\"https:\/\/www.facebook.com\/nettalicom\" \/>\n<meta property=\"article:published_time\" content=\"2025-09-12T12:17:13+00:00\" \/>\n<meta property=\"og:image\" content=\"https:\/\/www.nettali.com\/wp-content\/uploads\/2025\/09\/images-4.jpeg\" \/>\n\t<meta property=\"og:image:width\" content=\"387\" \/>\n\t<meta property=\"og:image:height\" content=\"516\" \/>\n<meta name=\"twitter:card\" content=\"summary_large_image\" \/>\n<meta name=\"twitter:label1\" content=\"\u00c9crit par\" \/>\n\t<meta name=\"twitter:data1\" content=\"Moustapha\" \/>\n\t<meta name=\"twitter:label2\" content=\"Dur\u00e9e de lecture estim\u00e9e\" \/>\n\t<meta name=\"twitter:data2\" content=\"1 minute\" \/>\n<script type=\"application\/ld+json\" class=\"yoast-schema-graph\">{\"@context\":\"https:\/\/schema.org\",\"@graph\":[{\"@type\":\"WebSite\",\"@id\":\"https:\/\/www.nettali.com\/#website\",\"url\":\"https:\/\/www.nettali.com\/\",\"name\":\"Nettali.com\",\"description\":\"Le rendez-vous critique du Net\",\"potentialAction\":[{\"@type\":\"SearchAction\",\"target\":{\"@type\":\"EntryPoint\",\"urlTemplate\":\"https:\/\/www.nettali.com\/?s={search_term_string}\"},\"query-input\":\"required name=search_term_string\"}],\"inLanguage\":\"fr-FR\"},{\"@type\":\"ImageObject\",\"@id\":\"https:\/\/www.nettali.com\/2025\/09\/12\/touba-en-deuil-serigne-ahmadou-moukhtar-mbacke-rappele-a-dieu\/#primaryimage\",\"inLanguage\":\"fr-FR\",\"url\":\"https:\/\/www.nettali.com\/wp-content\/uploads\/2025\/09\/images-4.jpeg\",\"contentUrl\":\"https:\/\/www.nettali.com\/wp-content\/uploads\/2025\/09\/images-4.jpeg\",\"width\":387,\"height\":516},{\"@type\":\"WebPage\",\"@id\":\"https:\/\/www.nettali.com\/2025\/09\/12\/touba-en-deuil-serigne-ahmadou-moukhtar-mbacke-rappele-a-dieu\/#webpage\",\"url\":\"https:\/\/www.nettali.com\/2025\/09\/12\/touba-en-deuil-serigne-ahmadou-moukhtar-mbacke-rappele-a-dieu\/\",\"name\":\"TOUBA EN DEUIL - Serigne Ahmadou Moukhtar Mback\\u00e9 rappel\\u00e9 \\u00e0 Dieu | Nettali.com\",\"isPartOf\":{\"@id\":\"https:\/\/www.nettali.com\/#website\"},\"primaryImageOfPage\":{\"@id\":\"https:\/\/www.nettali.com\/2025\/09\/12\/touba-en-deuil-serigne-ahmadou-moukhtar-mbacke-rappele-a-dieu\/#primaryimage\"},\"datePublished\":\"2025-09-12T12:17:13+00:00\",\"dateModified\":\"2025-09-12T12:17:13+00:00\",\"author\":{\"@id\":\"https:\/\/www.nettali.com\/#\/schema\/person\/7962a12a6e0267f88f0ffa544c36469a\"},\"breadcrumb\":{\"@id\":\"https:\/\/www.nettali.com\/2025\/09\/12\/touba-en-deuil-serigne-ahmadou-moukhtar-mbacke-rappele-a-dieu\/#breadcrumb\"},\"inLanguage\":\"fr-FR\",\"potentialAction\":[{\"@type\":\"ReadAction\",\"target\":[\"https:\/\/www.nettali.com\/2025\/09\/12\/touba-en-deuil-serigne-ahmadou-moukhtar-mbacke-rappele-a-dieu\/\"]}]},{\"@type\":\"BreadcrumbList\",\"@id\":\"https:\/\/www.nettali.com\/2025\/09\/12\/touba-en-deuil-serigne-ahmadou-moukhtar-mbacke-rappele-a-dieu\/#breadcrumb\",\"itemListElement\":[{\"@type\":\"ListItem\",\"position\":1,\"name\":\"Accueil\",\"item\":\"https:\/\/www.nettali.com\/\"},{\"@type\":\"ListItem\",\"position\":2,\"name\":\"TOUBA EN DEUIL - Serigne Ahmadou Moukhtar Mback\\u00e9 rappel\\u00e9 \\u00e0 Dieu\"}]},{\"@type\":\"Person\",\"@id\":\"https:\/\/www.nettali.com\/#\/schema\/person\/7962a12a6e0267f88f0ffa544c36469a\",\"name\":\"Moustapha\",\"image\":{\"@type\":\"ImageObject\",\"@id\":\"https:\/\/www.nettali.com\/#personlogo\",\"inLanguage\":\"fr-FR\",\"url\":\"https:\/\/secure.gravatar.com\/avatar\/10fdf6a071cccdcf374e3dbe45159590?s=96&d=mm&r=g\",\"contentUrl\":\"https:\/\/secure.gravatar.com\/avatar\/10fdf6a071cccdcf374e3dbe45159590?s=96&d=mm&r=g\",\"caption\":\"Moustapha\"},\"sameAs\":[\"https:\/\/www.nettali.com\"]}]}<\/script>\n<!-- \/ Yoast SEO Premium plugin. -->","yoast_head_json":{"title":"TOUBA EN DEUIL - Serigne Ahmadou Moukhtar Mback\u00e9 rappel\u00e9 \u00e0 Dieu | Nettali.com","robots":{"index":"index","follow":"follow","max-snippet":"max-snippet:-1","max-image-preview":"max-image-preview:large","max-video-preview":"max-video-preview:-1"},"canonical":"https:\/\/www.nettali.com\/2025\/09\/12\/touba-en-deuil-serigne-ahmadou-moukhtar-mbacke-rappele-a-dieu\/","og_locale":"fr_FR","og_type":"article","og_title":"TOUBA EN DEUIL - Serigne Ahmadou Moukhtar Mback\u00e9 rappel\u00e9 \u00e0 Dieu","og_description":"NETTALI.COM - La communaut\u00e9 mouride en deuil. Le khalife de Darou Khoudoss, Serigne Ahmadou Moukhtar Mback\u00e9 a \u00e9t\u00e9 rappel\u00e9 \u00e0 Dieu ce jeudi.\u00a0 Triste nouvelle pour la communaut\u00e9 mouride. Serigne Ahmadou Moukhtar Mback\u00e9 n'est plus. Le khalife de Darou Khoudoss n'est plus. Le guide religieux faisait partie des petit-fils les plus \u00e2g\u00e9s de Serigne Touba. [&hellip;]","og_url":"https:\/\/www.nettali.com\/2025\/09\/12\/touba-en-deuil-serigne-ahmadou-moukhtar-mbacke-rappele-a-dieu\/","og_site_name":"Nettali.com","article_publisher":"https:\/\/www.facebook.com\/nettalicom","article_published_time":"2025-09-12T12:17:13+00:00","og_image":[{"width":387,"height":516,"url":"https:\/\/www.nettali.com\/wp-content\/uploads\/2025\/09\/images-4.jpeg","type":"image\/jpeg"}],"twitter_card":"summary_large_image","twitter_misc":{"\u00c9crit par":"Moustapha","Dur\u00e9e de lecture estim\u00e9e":"1 minute"},"schema":{"@context":"https:\/\/schema.org","@graph":[{"@type":"WebSite","@id":"https:\/\/www.nettali.com\/#website","url":"https:\/\/www.nettali.com\/","name":"Nettali.com","description":"Le rendez-vous critique du Net","potentialAction":[{"@type":"SearchAction","target":{"@type":"EntryPoint","urlTemplate":"https:\/\/www.nettali.com\/?s={search_term_string}"},"query-input":"required name=search_term_string"}],"inLanguage":"fr-FR"},{"@type":"ImageObject","@id":"https:\/\/www.nettali.com\/2025\/09\/12\/touba-en-deuil-serigne-ahmadou-moukhtar-mbacke-rappele-a-dieu\/#primaryimage","inLanguage":"fr-FR","url":"https:\/\/www.nettali.com\/wp-content\/uploads\/2025\/09\/images-4.jpeg","contentUrl":"https:\/\/www.nettali.com\/wp-content\/uploads\/2025\/09\/images-4.jpeg","width":387,"height":516},{"@type":"WebPage","@id":"https:\/\/www.nettali.com\/2025\/09\/12\/touba-en-deuil-serigne-ahmadou-moukhtar-mbacke-rappele-a-dieu\/#webpage","url":"https:\/\/www.nettali.com\/2025\/09\/12\/touba-en-deuil-serigne-ahmadou-moukhtar-mbacke-rappele-a-dieu\/","name":"TOUBA EN DEUIL - Serigne Ahmadou Moukhtar Mback\u00e9 rappel\u00e9 \u00e0 Dieu | Nettali.com","isPartOf":{"@id":"https:\/\/www.nettali.com\/#website"},"primaryImageOfPage":{"@id":"https:\/\/www.nettali.com\/2025\/09\/12\/touba-en-deuil-serigne-ahmadou-moukhtar-mbacke-rappele-a-dieu\/#primaryimage"},"datePublished":"2025-09-12T12:17:13+00:00","dateModified":"2025-09-12T12:17:13+00:00","author":{"@id":"https:\/\/www.nettali.com\/#\/schema\/person\/7962a12a6e0267f88f0ffa544c36469a"},"breadcrumb":{"@id":"https:\/\/www.nettali.com\/2025\/09\/12\/touba-en-deuil-serigne-ahmadou-moukhtar-mbacke-rappele-a-dieu\/#breadcrumb"},"inLanguage":"fr-FR","potentialAction":[{"@type":"ReadAction","target":["https:\/\/www.nettali.com\/2025\/09\/12\/touba-en-deuil-serigne-ahmadou-moukhtar-mbacke-rappele-a-dieu\/"]}]},{"@type":"BreadcrumbList","@id":"https:\/\/www.nettali.com\/2025\/09\/12\/touba-en-deuil-serigne-ahmadou-moukhtar-mbacke-rappele-a-dieu\/#breadcrumb","itemListElement":[{"@type":"ListItem","position":1,"name":"Accueil","item":"https:\/\/www.nettali.com\/"},{"@type":"ListItem","position":2,"name":"TOUBA EN DEUIL - Serigne Ahmadou Moukhtar Mback\u00e9 rappel\u00e9 \u00e0 Dieu"}]},{"@type":"Person","@id":"https:\/\/www.nettali.com\/#\/schema\/person\/7962a12a6e0267f88f0ffa544c36469a","name":"Moustapha","image":{"@type":"ImageObject","@id":"https:\/\/www.nettali.com\/#personlogo","inLanguage":"fr-FR","url":"https:\/\/secure.gravatar.com\/avatar\/10fdf6a071cccdcf374e3dbe45159590?s=96&d=mm&r=g","contentUrl":"https:\/\/secure.gravatar.com\/avatar\/10fdf6a071cccdcf374e3dbe45159590?s=96&d=mm&r=g","caption":"Moustapha"},"sameAs":["https:\/\/www.nettali.com"]}]}},"_links":{"self":[{"href":"https:\/\/www.nettali.com\/rest\/wp\/v2\/posts\/161130"}],"collection":[{"href":"https:\/\/www.nettali.com\/rest\/wp\/v2\/posts"}],"about":[{"href":"https:\/\/www.nettali.com\/rest\/wp\/v2\/types\/post"}],"author":[{"embeddable":true,"href":"https:\/\/www.nettali.com\/rest\/wp\/v2\/users\/3"}],"replies":[{"embeddable":true,"href":"https:\/\/www.nettali.com\/rest\/wp\/v2\/comments?post=161130"}],"version-history":[{"count":1,"href":"https:\/\/www.nettali.com\/rest\/wp\/v2\/posts\/161130\/revisions"}],"predecessor-version":[{"id":161132,"href":"https:\/\/www.nettali.com\/rest\/wp\/v2\/posts\/161130\/revisions\/161132"}],"wp:featuredmedia":[{"embeddable":true,"href":"https:\/\/www.nettali.com\/rest\/wp\/v2\/media\/161131"}],"wp:attachment":[{"href":"https:\/\/www.nettali.com\/rest\/wp\/v2\/media?parent=161130"}],"wp:term":[{"taxonomy":"category","embeddable":true,"href":"https:\/\/www.nettali.com\/rest\/wp\/v2\/categories?post=161130"},{"taxonomy":"post_tag","embeddable":true,"href":"https:\/\/www.nettali.com\/rest\/wp\/v2\/tags?post=161130"}],"curies":[{"name":"wp","href":"https:\/\/api.w.org\/{rel}","templated":true}]}}