{"id":161129,"date":"2025-09-12T18:04:09","date_gmt":"2025-09-12T18:04:09","guid":{"rendered":"https:\/\/www.nettali.com\/?p=161129"},"modified":"2025-09-12T15:04:21","modified_gmt":"2025-09-12T15:04:21","slug":"le-message-de-larcheveque-de-dakar-a-el-malick-ndiaye-leglise-suit-avec-beaucoup-dinteret-et-dattention-le-travail-des-deputes","status":"publish","type":"post","link":"https:\/\/www.nettali.com\/2025\/09\/12\/le-message-de-larcheveque-de-dakar-a-el-malick-ndiaye-leglise-suit-avec-beaucoup-dinteret-et-dattention-le-travail-des-deputes\/","title":{"rendered":"LE MESSAGE DE L\u2019ARCHEV\u00caQUE DE DAKAR \u00c0 EL MALICK NDIAYE-\u00a0\u00ab\u00a0L\u2019Eglise suit avec beaucoup d'int\u00e9r\u00eat et d'attention le travail des d\u00e9put\u00e9s\u00a0\u00bb"},"content":{"rendered":"<p><strong>NETTALI.COM-\u00a0Le pr\u00e9sident de l\u2019Assembl\u00e9e nationale, El Malick Ndiaye, a \u00e9t\u00e9 re\u00e7u, par l\u2019Archev\u00eaque de Dakar, Monseigneur Andr\u00e9 Gu\u00e8ye. Ce dernier a appel\u00e9 les d\u00e9put\u00e9s \u00e0 la sagesse dans le vote des lois.\u00a0<\/strong><\/p>\n<p>L\u0301Archev\u00eaque de Dakar\u00a0 a saisi l\u2019occasion de sa rencontre avec le pr\u00e9sident de l\u2019Assembl\u00e9e nationale pour saluer le travail des d\u00e9put\u00e9s.\u00a0 Toutefois, Monseigneur Andr\u00e9 Gu\u00e8ye a fait savoir \u00e0 El Malick Ndiaye que l\u2019Eglise suit avec beaucoup d\u2019int\u00e9r\u00eat et d\u2019attention ce qui se passe tous les jours \u00e0 l\u2019Assembl\u00e9e nationale. \u00ab<em> Je sais que vous \u00eates venu, M. le Pr\u00e9sident, pour recueillir des pri\u00e8res, parce que vous en avez besoin pour cette mission essentielle, exigeante et, il faut le dire, redoutable \u00bb<\/em>, a dit l\u2019archev\u00eaque de Dakar.<\/p>\n<p>Avant de poursuivre : \u00ab\u00a0<em>voter les lois, ce n'est pas une chose facile. Nous prions pour vous et tous les d\u00e9put\u00e9s, afin que vous ayez la sagesse, pour que les lois contribuent \u00e0 ce que nous appelons le bien commun, pour favoriser l'\u00e9panouissement de tous et de chacun<\/em>\u00a0\u00bb.<\/p>\n<p>Monseigneur Andr\u00e9 Gu\u00e8ye a invit\u00e9 les parlementaires \u00e0 la prudence, dans le sens classique du terme, c'est-\u00e0-dire d'une application de cette sagesse aux circonstances concr\u00e8tes. \u00ab <em>C'est en ce sens que nous encourageons l'option du gouvernement \u00e0 donner \u00e0 la justice sa place, pour une justice \u00e9quitable. Ce sont des consid\u00e9rations que vous connaissez d\u00e9j\u00e0. Nous, Eglise, nous suivons avec beaucoup d'int\u00e9r\u00eat et d'attention le travail des d\u00e9put\u00e9s<\/em> \u00bb, a-t-il affirm\u00e9. Parce que, selon lui, il n'y a pas de paix sans justice v\u00e9ritable. Et il n'y a pas de d\u00e9veloppement sans paix. \u00ab <em>C'est pour dire que la justice est au c\u0153ur du d\u00e9veloppement. Une condition, c'est l'\u00e9quivalent. C'est pour vous dire la fonction essentielle de cette institution dans le fonctionnement d'une v\u00e9ritable d\u00e9mocratie<\/em> \u00bb, a-t-il aussi d\u00e9clar\u00e9.<\/p>\n<div class='share-to-whatsapp-wrapper'><div class='share-on-whsp'>PARTAGER SUR : <\/div><a data-text='LE MESSAGE DE L\u2019ARCHEV\u00caQUE DE DAKAR \u00c0 EL MALICK NDIAYE-\u00a0\u00ab\u00a0L\u2019Eglise suit avec beaucoup d'int\u00e9r\u00eat et d'attention le travail des d\u00e9put\u00e9s\u00a0\u00bb' data-link='https:\/\/www.nettali.com\/2025\/09\/12\/le-message-de-larcheveque-de-dakar-a-el-malick-ndiaye-leglise-suit-avec-beaucoup-dinteret-et-dattention-le-travail-des-deputes\/' class='whatsapp-button whatsapp-share'>WhatsApp<\/a><div class='clear '><\/div><\/div>","protected":false},"excerpt":{"rendered":"<p>NETTALI.COM-\u00a0Le pr\u00e9sident de l\u2019Assembl\u00e9e nationale, El Malick Ndiaye, a \u00e9t\u00e9 re\u00e7u, par l\u2019Archev\u00eaque de Dakar, Monseigneur Andr\u00e9 Gu\u00e8ye. Ce dernier a appel\u00e9 les d\u00e9put\u00e9s \u00e0 la sagesse dans le vote des lois.\u00a0 L\u0301Archev\u00eaque de Dakar\u00a0 a saisi l\u2019occasion de sa rencontre avec le pr\u00e9sident de l\u2019Assembl\u00e9e nationale pour saluer le travail des d\u00e9put\u00e9s.\u00a0 Toutefois, Monseigneur [&hellip;]<\/p>\n","protected":false},"author":6,"featured_media":161134,"comment_status":"open","ping_status":"open","sticky":false,"template":"","format":"standard","meta":{"_et_pb_use_builder":"","_et_pb_old_content":""},"categories":[2],"tags":[],"yoast_head":"<!-- This site is optimized with the Yoast SEO Premium plugin v17.8 (Yoast SEO v17.8) - https:\/\/yoast.com\/wordpress\/plugins\/seo\/ -->\n<title>LE MESSAGE DE L\u2019ARCHEV\u00caQUE DE DAKAR \u00c0 EL MALICK NDIAYE-\u00a0\u00ab\u00a0L\u2019Eglise suit avec beaucoup d&#039;int\u00e9r\u00eat et d&#039;attention le travail des d\u00e9put\u00e9s\u00a0\u00bb | Nettali.com<\/title>\n<meta name=\"robots\" content=\"index, follow, max-snippet:-1, max-image-preview:large, max-video-preview:-1\" \/>\n<link rel=\"canonical\" href=\"https:\/\/www.nettali.com\/2025\/09\/12\/le-message-de-larcheveque-de-dakar-a-el-malick-ndiaye-leglise-suit-avec-beaucoup-dinteret-et-dattention-le-travail-des-deputes\/\" \/>\n<meta property=\"og:locale\" content=\"fr_FR\" \/>\n<meta property=\"og:type\" content=\"article\" \/>\n<meta property=\"og:title\" content=\"LE MESSAGE DE L\u2019ARCHEV\u00caQUE DE DAKAR \u00c0 EL MALICK NDIAYE-\u00a0\u00ab\u00a0L\u2019Eglise suit avec beaucoup d&#039;int\u00e9r\u00eat et d&#039;attention le travail des d\u00e9put\u00e9s\u00a0\u00bb\" \/>\n<meta property=\"og:description\" content=\"NETTALI.COM-\u00a0Le pr\u00e9sident de l\u2019Assembl\u00e9e nationale, El Malick Ndiaye, a \u00e9t\u00e9 re\u00e7u, par l\u2019Archev\u00eaque de Dakar, Monseigneur Andr\u00e9 Gu\u00e8ye. Ce dernier a appel\u00e9 les d\u00e9put\u00e9s \u00e0 la sagesse dans le vote des lois.\u00a0 L\u0301Archev\u00eaque de Dakar\u00a0 a saisi l\u2019occasion de sa rencontre avec le pr\u00e9sident de l\u2019Assembl\u00e9e nationale pour saluer le travail des d\u00e9put\u00e9s.\u00a0 Toutefois, Monseigneur [&hellip;]\" \/>\n<meta property=\"og:url\" content=\"https:\/\/www.nettali.com\/2025\/09\/12\/le-message-de-larcheveque-de-dakar-a-el-malick-ndiaye-leglise-suit-avec-beaucoup-dinteret-et-dattention-le-travail-des-deputes\/\" \/>\n<meta property=\"og:site_name\" content=\"Nettali.com\" \/>\n<meta property=\"article:publisher\" content=\"https:\/\/www.facebook.com\/nettalicom\" \/>\n<meta property=\"article:published_time\" content=\"2025-09-12T18:04:09+00:00\" \/>\n<meta property=\"article:modified_time\" content=\"2025-09-12T15:04:21+00:00\" \/>\n<meta property=\"og:image\" content=\"https:\/\/www.nettali.com\/wp-content\/uploads\/2025\/09\/IMG-20250911-WA0323.jpg\" \/>\n\t<meta property=\"og:image:width\" content=\"1280\" \/>\n\t<meta property=\"og:image:height\" content=\"853\" \/>\n<meta name=\"twitter:card\" content=\"summary_large_image\" \/>\n<meta name=\"twitter:label1\" content=\"\u00c9crit par\" \/>\n\t<meta name=\"twitter:data1\" content=\"Fatou\" \/>\n\t<meta name=\"twitter:label2\" content=\"Dur\u00e9e de lecture estim\u00e9e\" \/>\n\t<meta name=\"twitter:data2\" content=\"2 minutes\" \/>\n<script type=\"application\/ld+json\" class=\"yoast-schema-graph\">{\"@context\":\"https:\/\/schema.org\",\"@graph\":[{\"@type\":\"WebSite\",\"@id\":\"https:\/\/www.nettali.com\/#website\",\"url\":\"https:\/\/www.nettali.com\/\",\"name\":\"Nettali.com\",\"description\":\"Le rendez-vous critique du Net\",\"potentialAction\":[{\"@type\":\"SearchAction\",\"target\":{\"@type\":\"EntryPoint\",\"urlTemplate\":\"https:\/\/www.nettali.com\/?s={search_term_string}\"},\"query-input\":\"required name=search_term_string\"}],\"inLanguage\":\"fr-FR\"},{\"@type\":\"ImageObject\",\"@id\":\"https:\/\/www.nettali.com\/2025\/09\/12\/le-message-de-larcheveque-de-dakar-a-el-malick-ndiaye-leglise-suit-avec-beaucoup-dinteret-et-dattention-le-travail-des-deputes\/#primaryimage\",\"inLanguage\":\"fr-FR\",\"url\":\"https:\/\/www.nettali.com\/wp-content\/uploads\/2025\/09\/IMG-20250911-WA0323.jpg\",\"contentUrl\":\"https:\/\/www.nettali.com\/wp-content\/uploads\/2025\/09\/IMG-20250911-WA0323.jpg\",\"width\":1280,\"height\":853},{\"@type\":\"WebPage\",\"@id\":\"https:\/\/www.nettali.com\/2025\/09\/12\/le-message-de-larcheveque-de-dakar-a-el-malick-ndiaye-leglise-suit-avec-beaucoup-dinteret-et-dattention-le-travail-des-deputes\/#webpage\",\"url\":\"https:\/\/www.nettali.com\/2025\/09\/12\/le-message-de-larcheveque-de-dakar-a-el-malick-ndiaye-leglise-suit-avec-beaucoup-dinteret-et-dattention-le-travail-des-deputes\/\",\"name\":\"LE MESSAGE DE L\\u2019ARCHEV\\u00caQUE DE DAKAR \\u00c0 EL MALICK NDIAYE-\\u00a0\\u00ab\\u00a0L\\u2019Eglise suit avec beaucoup d'int\\u00e9r\\u00eat et d'attention le travail des d\\u00e9put\\u00e9s\\u00a0\\u00bb | Nettali.com\",\"isPartOf\":{\"@id\":\"https:\/\/www.nettali.com\/#website\"},\"primaryImageOfPage\":{\"@id\":\"https:\/\/www.nettali.com\/2025\/09\/12\/le-message-de-larcheveque-de-dakar-a-el-malick-ndiaye-leglise-suit-avec-beaucoup-dinteret-et-dattention-le-travail-des-deputes\/#primaryimage\"},\"datePublished\":\"2025-09-12T18:04:09+00:00\",\"dateModified\":\"2025-09-12T15:04:21+00:00\",\"author\":{\"@id\":\"https:\/\/www.nettali.com\/#\/schema\/person\/418274a86bdf87caff7a3ef476bd0bbf\"},\"breadcrumb\":{\"@id\":\"https:\/\/www.nettali.com\/2025\/09\/12\/le-message-de-larcheveque-de-dakar-a-el-malick-ndiaye-leglise-suit-avec-beaucoup-dinteret-et-dattention-le-travail-des-deputes\/#breadcrumb\"},\"inLanguage\":\"fr-FR\",\"potentialAction\":[{\"@type\":\"ReadAction\",\"target\":[\"https:\/\/www.nettali.com\/2025\/09\/12\/le-message-de-larcheveque-de-dakar-a-el-malick-ndiaye-leglise-suit-avec-beaucoup-dinteret-et-dattention-le-travail-des-deputes\/\"]}]},{\"@type\":\"BreadcrumbList\",\"@id\":\"https:\/\/www.nettali.com\/2025\/09\/12\/le-message-de-larcheveque-de-dakar-a-el-malick-ndiaye-leglise-suit-avec-beaucoup-dinteret-et-dattention-le-travail-des-deputes\/#breadcrumb\",\"itemListElement\":[{\"@type\":\"ListItem\",\"position\":1,\"name\":\"Accueil\",\"item\":\"https:\/\/www.nettali.com\/\"},{\"@type\":\"ListItem\",\"position\":2,\"name\":\"LE MESSAGE DE L\\u2019ARCHEV\\u00caQUE DE DAKAR \\u00c0 EL MALICK NDIAYE-\\u00a0\\u00ab\\u00a0L\\u2019Eglise suit avec beaucoup d'int\\u00e9r\\u00eat et d'attention le travail des d\\u00e9put\\u00e9s\\u00a0\\u00bb\"}]},{\"@type\":\"Person\",\"@id\":\"https:\/\/www.nettali.com\/#\/schema\/person\/418274a86bdf87caff7a3ef476bd0bbf\",\"name\":\"Fatou\",\"image\":{\"@type\":\"ImageObject\",\"@id\":\"https:\/\/www.nettali.com\/#personlogo\",\"inLanguage\":\"fr-FR\",\"url\":\"https:\/\/secure.gravatar.com\/avatar\/5a9442a2bee7b4dcf167cab035858e9a?s=96&d=mm&r=g\",\"contentUrl\":\"https:\/\/secure.gravatar.com\/avatar\/5a9442a2bee7b4dcf167cab035858e9a?s=96&d=mm&r=g\",\"caption\":\"Fatou\"},\"sameAs\":[\"https:\/\/www.nettali.com\"]}]}<\/script>\n<!-- \/ Yoast SEO Premium plugin. -->","yoast_head_json":{"title":"LE MESSAGE DE L\u2019ARCHEV\u00caQUE DE DAKAR \u00c0 EL MALICK NDIAYE-\u00a0\u00ab\u00a0L\u2019Eglise suit avec beaucoup d'int\u00e9r\u00eat et d'attention le travail des d\u00e9put\u00e9s\u00a0\u00bb | Nettali.com","robots":{"index":"index","follow":"follow","max-snippet":"max-snippet:-1","max-image-preview":"max-image-preview:large","max-video-preview":"max-video-preview:-1"},"canonical":"https:\/\/www.nettali.com\/2025\/09\/12\/le-message-de-larcheveque-de-dakar-a-el-malick-ndiaye-leglise-suit-avec-beaucoup-dinteret-et-dattention-le-travail-des-deputes\/","og_locale":"fr_FR","og_type":"article","og_title":"LE MESSAGE DE L\u2019ARCHEV\u00caQUE DE DAKAR \u00c0 EL MALICK NDIAYE-\u00a0\u00ab\u00a0L\u2019Eglise suit avec beaucoup d'int\u00e9r\u00eat et d'attention le travail des d\u00e9put\u00e9s\u00a0\u00bb","og_description":"NETTALI.COM-\u00a0Le pr\u00e9sident de l\u2019Assembl\u00e9e nationale, El Malick Ndiaye, a \u00e9t\u00e9 re\u00e7u, par l\u2019Archev\u00eaque de Dakar, Monseigneur Andr\u00e9 Gu\u00e8ye. Ce dernier a appel\u00e9 les d\u00e9put\u00e9s \u00e0 la sagesse dans le vote des lois.\u00a0 L\u0301Archev\u00eaque de Dakar\u00a0 a saisi l\u2019occasion de sa rencontre avec le pr\u00e9sident de l\u2019Assembl\u00e9e nationale pour saluer le travail des d\u00e9put\u00e9s.\u00a0 Toutefois, Monseigneur [&hellip;]","og_url":"https:\/\/www.nettali.com\/2025\/09\/12\/le-message-de-larcheveque-de-dakar-a-el-malick-ndiaye-leglise-suit-avec-beaucoup-dinteret-et-dattention-le-travail-des-deputes\/","og_site_name":"Nettali.com","article_publisher":"https:\/\/www.facebook.com\/nettalicom","article_published_time":"2025-09-12T18:04:09+00:00","article_modified_time":"2025-09-12T15:04:21+00:00","og_image":[{"width":1280,"height":853,"url":"https:\/\/www.nettali.com\/wp-content\/uploads\/2025\/09\/IMG-20250911-WA0323.jpg","type":"image\/jpeg"}],"twitter_card":"summary_large_image","twitter_misc":{"\u00c9crit par":"Fatou","Dur\u00e9e de lecture estim\u00e9e":"2 minutes"},"schema":{"@context":"https:\/\/schema.org","@graph":[{"@type":"WebSite","@id":"https:\/\/www.nettali.com\/#website","url":"https:\/\/www.nettali.com\/","name":"Nettali.com","description":"Le rendez-vous critique du Net","potentialAction":[{"@type":"SearchAction","target":{"@type":"EntryPoint","urlTemplate":"https:\/\/www.nettali.com\/?s={search_term_string}"},"query-input":"required name=search_term_string"}],"inLanguage":"fr-FR"},{"@type":"ImageObject","@id":"https:\/\/www.nettali.com\/2025\/09\/12\/le-message-de-larcheveque-de-dakar-a-el-malick-ndiaye-leglise-suit-avec-beaucoup-dinteret-et-dattention-le-travail-des-deputes\/#primaryimage","inLanguage":"fr-FR","url":"https:\/\/www.nettali.com\/wp-content\/uploads\/2025\/09\/IMG-20250911-WA0323.jpg","contentUrl":"https:\/\/www.nettali.com\/wp-content\/uploads\/2025\/09\/IMG-20250911-WA0323.jpg","width":1280,"height":853},{"@type":"WebPage","@id":"https:\/\/www.nettali.com\/2025\/09\/12\/le-message-de-larcheveque-de-dakar-a-el-malick-ndiaye-leglise-suit-avec-beaucoup-dinteret-et-dattention-le-travail-des-deputes\/#webpage","url":"https:\/\/www.nettali.com\/2025\/09\/12\/le-message-de-larcheveque-de-dakar-a-el-malick-ndiaye-leglise-suit-avec-beaucoup-dinteret-et-dattention-le-travail-des-deputes\/","name":"LE MESSAGE DE L\u2019ARCHEV\u00caQUE DE DAKAR \u00c0 EL MALICK NDIAYE-\u00a0\u00ab\u00a0L\u2019Eglise suit avec beaucoup d'int\u00e9r\u00eat et d'attention le travail des d\u00e9put\u00e9s\u00a0\u00bb | Nettali.com","isPartOf":{"@id":"https:\/\/www.nettali.com\/#website"},"primaryImageOfPage":{"@id":"https:\/\/www.nettali.com\/2025\/09\/12\/le-message-de-larcheveque-de-dakar-a-el-malick-ndiaye-leglise-suit-avec-beaucoup-dinteret-et-dattention-le-travail-des-deputes\/#primaryimage"},"datePublished":"2025-09-12T18:04:09+00:00","dateModified":"2025-09-12T15:04:21+00:00","author":{"@id":"https:\/\/www.nettali.com\/#\/schema\/person\/418274a86bdf87caff7a3ef476bd0bbf"},"breadcrumb":{"@id":"https:\/\/www.nettali.com\/2025\/09\/12\/le-message-de-larcheveque-de-dakar-a-el-malick-ndiaye-leglise-suit-avec-beaucoup-dinteret-et-dattention-le-travail-des-deputes\/#breadcrumb"},"inLanguage":"fr-FR","potentialAction":[{"@type":"ReadAction","target":["https:\/\/www.nettali.com\/2025\/09\/12\/le-message-de-larcheveque-de-dakar-a-el-malick-ndiaye-leglise-suit-avec-beaucoup-dinteret-et-dattention-le-travail-des-deputes\/"]}]},{"@type":"BreadcrumbList","@id":"https:\/\/www.nettali.com\/2025\/09\/12\/le-message-de-larcheveque-de-dakar-a-el-malick-ndiaye-leglise-suit-avec-beaucoup-dinteret-et-dattention-le-travail-des-deputes\/#breadcrumb","itemListElement":[{"@type":"ListItem","position":1,"name":"Accueil","item":"https:\/\/www.nettali.com\/"},{"@type":"ListItem","position":2,"name":"LE MESSAGE DE L\u2019ARCHEV\u00caQUE DE DAKAR \u00c0 EL MALICK NDIAYE-\u00a0\u00ab\u00a0L\u2019Eglise suit avec beaucoup d'int\u00e9r\u00eat et d'attention le travail des d\u00e9put\u00e9s\u00a0\u00bb"}]},{"@type":"Person","@id":"https:\/\/www.nettali.com\/#\/schema\/person\/418274a86bdf87caff7a3ef476bd0bbf","name":"Fatou","image":{"@type":"ImageObject","@id":"https:\/\/www.nettali.com\/#personlogo","inLanguage":"fr-FR","url":"https:\/\/secure.gravatar.com\/avatar\/5a9442a2bee7b4dcf167cab035858e9a?s=96&d=mm&r=g","contentUrl":"https:\/\/secure.gravatar.com\/avatar\/5a9442a2bee7b4dcf167cab035858e9a?s=96&d=mm&r=g","caption":"Fatou"},"sameAs":["https:\/\/www.nettali.com"]}]}},"_links":{"self":[{"href":"https:\/\/www.nettali.com\/rest\/wp\/v2\/posts\/161129"}],"collection":[{"href":"https:\/\/www.nettali.com\/rest\/wp\/v2\/posts"}],"about":[{"href":"https:\/\/www.nettali.com\/rest\/wp\/v2\/types\/post"}],"author":[{"embeddable":true,"href":"https:\/\/www.nettali.com\/rest\/wp\/v2\/users\/6"}],"replies":[{"embeddable":true,"href":"https:\/\/www.nettali.com\/rest\/wp\/v2\/comments?post=161129"}],"version-history":[{"count":1,"href":"https:\/\/www.nettali.com\/rest\/wp\/v2\/posts\/161129\/revisions"}],"predecessor-version":[{"id":161133,"href":"https:\/\/www.nettali.com\/rest\/wp\/v2\/posts\/161129\/revisions\/161133"}],"wp:featuredmedia":[{"embeddable":true,"href":"https:\/\/www.nettali.com\/rest\/wp\/v2\/media\/161134"}],"wp:attachment":[{"href":"https:\/\/www.nettali.com\/rest\/wp\/v2\/media?parent=161129"}],"wp:term":[{"taxonomy":"category","embeddable":true,"href":"https:\/\/www.nettali.com\/rest\/wp\/v2\/categories?post=161129"},{"taxonomy":"post_tag","embeddable":true,"href":"https:\/\/www.nettali.com\/rest\/wp\/v2\/tags?post=161129"}],"curies":[{"name":"wp","href":"https:\/\/api.w.org\/{rel}","templated":true}]}}