{"id":161117,"date":"2025-09-12T12:23:15","date_gmt":"2025-09-12T12:23:15","guid":{"rendered":"https:\/\/www.nettali.com\/?p=161117"},"modified":"2025-09-12T09:28:00","modified_gmt":"2025-09-12T09:28:00","slug":"des-ex-combattant-du-mfdc-reclament-des-financement-le-mediateur-de-la-interpelle","status":"publish","type":"post","link":"https:\/\/www.nettali.com\/2025\/09\/12\/des-ex-combattant-du-mfdc-reclament-des-financement-le-mediateur-de-la-interpelle\/","title":{"rendered":"DES EX-COMBATTANT DU MFDC R\u00c9CLAMENT DES FINANCEMENT - Le M\u00e9diateur de la interpell\u00e9"},"content":{"rendered":"<p><strong>NETTALI.COM - En d\u00e9placement \u00e0 Ziguinchor, le M\u00e9diateur de la R\u00e9publique, Demba Kandji, a \u00e9t\u00e9 interpell\u00e9 par Fatoma Coly, ancien chef de la base rebelle de Diakaye. L\u2019ex-combattant a exprim\u00e9 sa profonde d\u00e9ception face au non-respect des engagements pris par l\u2019\u00c9tat du S\u00e9n\u00e9gal dans le cadre de l\u2019accord de paix sign\u00e9 en mai 2023.<\/strong><\/p>\n<p>Selon Fatoma Coly, les 255 anciens combattants du Mouvement des forces d\u00e9mocratiques de Casamance (MFDC) ayant d\u00e9pos\u00e9 les armes vivent toujours dans la pr\u00e9carit\u00e9.<br \/>\nIls attendent les financements promis pour se lancer dans l\u2019agriculture et amorcer leur r\u00e9insertion sociale et \u00e9conomique. <em>\u00ab Nous avons cru \u00e0 la paix et accept\u00e9 de rendre les armes. Mais jusque-l\u00e0, les engagements pris ne sont pas respect\u00e9s \u00bb<\/em>, a-t-il d\u00e9plor\u00e9 devant le M\u00e9diateur.<\/p>\n<p>Face \u00e0 ces plaintes, Demba Kandji a rappel\u00e9 la mission de son institution : recueillir et transmettre les r\u00e9clamations des citoyens aux autorit\u00e9s comp\u00e9tentes, mais aussi veiller \u00e0 ce que l\u2019administration respecte ses obligations. <em>\u00ab Mon r\u00f4le n\u2019est pas de prendre des d\u00e9cisions politiques, mais de faire remonter vos dol\u00e9ances aupr\u00e8s du Pr\u00e9sident de la R\u00e9publique et du Premier ministre \u00bb<\/em>, a-t-il assur\u00e9.<\/p>\n<p>Ce nouvel appel met en lumi\u00e8re les fragilit\u00e9s du processus de paix en Casamance, malgr\u00e9 les avanc\u00e9es not\u00e9es ces derni\u00e8res ann\u00e9es. Pour nombre d\u2019analystes, la r\u00e9ussite de la d\u00e9mobilisation et de la r\u00e9insertion des ex-combattants sera un test crucial pour la durabilit\u00e9 de la paix dans cette r\u00e9gion meurtrie par plus de quatre d\u00e9cennies de conflit arm\u00e9.<\/p>\n<p>&nbsp;<\/p>\n<div class='share-to-whatsapp-wrapper'><div class='share-on-whsp'>PARTAGER SUR : <\/div><a data-text='DES EX-COMBATTANT DU MFDC R\u00c9CLAMENT DES FINANCEMENT - Le M\u00e9diateur de la interpell\u00e9' data-link='https:\/\/www.nettali.com\/2025\/09\/12\/des-ex-combattant-du-mfdc-reclament-des-financement-le-mediateur-de-la-interpelle\/' class='whatsapp-button whatsapp-share'>WhatsApp<\/a><div class='clear '><\/div><\/div>","protected":false},"excerpt":{"rendered":"<p>NETTALI.COM - En d\u00e9placement \u00e0 Ziguinchor, le M\u00e9diateur de la R\u00e9publique, Demba Kandji, a \u00e9t\u00e9 interpell\u00e9 par Fatoma Coly, ancien chef de la base rebelle de Diakaye. L\u2019ex-combattant a exprim\u00e9 sa profonde d\u00e9ception face au non-respect des engagements pris par l\u2019\u00c9tat du S\u00e9n\u00e9gal dans le cadre de l\u2019accord de paix sign\u00e9 en mai 2023. Selon [&hellip;]<\/p>\n","protected":false},"author":4,"featured_media":161119,"comment_status":"open","ping_status":"open","sticky":false,"template":"","format":"standard","meta":{"_et_pb_use_builder":"","_et_pb_old_content":""},"categories":[3],"tags":[],"yoast_head":"<!-- This site is optimized with the Yoast SEO Premium plugin v17.8 (Yoast SEO v17.8) - https:\/\/yoast.com\/wordpress\/plugins\/seo\/ -->\n<title>DES EX-COMBATTANT DU MFDC R\u00c9CLAMENT DES FINANCEMENT - Le M\u00e9diateur de la interpell\u00e9 | Nettali.com<\/title>\n<meta name=\"robots\" content=\"index, follow, max-snippet:-1, max-image-preview:large, max-video-preview:-1\" \/>\n<link rel=\"canonical\" href=\"https:\/\/www.nettali.com\/2025\/09\/12\/des-ex-combattant-du-mfdc-reclament-des-financement-le-mediateur-de-la-interpelle\/\" \/>\n<meta property=\"og:locale\" content=\"fr_FR\" \/>\n<meta property=\"og:type\" content=\"article\" \/>\n<meta property=\"og:title\" content=\"DES EX-COMBATTANT DU MFDC R\u00c9CLAMENT DES FINANCEMENT - Le M\u00e9diateur de la interpell\u00e9\" \/>\n<meta property=\"og:description\" content=\"NETTALI.COM - En d\u00e9placement \u00e0 Ziguinchor, le M\u00e9diateur de la R\u00e9publique, Demba Kandji, a \u00e9t\u00e9 interpell\u00e9 par Fatoma Coly, ancien chef de la base rebelle de Diakaye. L\u2019ex-combattant a exprim\u00e9 sa profonde d\u00e9ception face au non-respect des engagements pris par l\u2019\u00c9tat du S\u00e9n\u00e9gal dans le cadre de l\u2019accord de paix sign\u00e9 en mai 2023. Selon [&hellip;]\" \/>\n<meta property=\"og:url\" content=\"https:\/\/www.nettali.com\/2025\/09\/12\/des-ex-combattant-du-mfdc-reclament-des-financement-le-mediateur-de-la-interpelle\/\" \/>\n<meta property=\"og:site_name\" content=\"Nettali.com\" \/>\n<meta property=\"article:publisher\" content=\"https:\/\/www.facebook.com\/nettalicom\" \/>\n<meta property=\"article:published_time\" content=\"2025-09-12T12:23:15+00:00\" \/>\n<meta property=\"article:modified_time\" content=\"2025-09-12T09:28:00+00:00\" \/>\n<meta property=\"og:image\" content=\"https:\/\/www.nettali.com\/wp-content\/uploads\/2025\/09\/Salif-Sadio.jpeg\" \/>\n\t<meta property=\"og:image:width\" content=\"1200\" \/>\n\t<meta property=\"og:image:height\" content=\"675\" \/>\n<meta name=\"twitter:card\" content=\"summary_large_image\" \/>\n<meta name=\"twitter:label1\" content=\"\u00c9crit par\" \/>\n\t<meta name=\"twitter:data1\" content=\"Daouda\" \/>\n\t<meta name=\"twitter:label2\" content=\"Dur\u00e9e de lecture estim\u00e9e\" \/>\n\t<meta name=\"twitter:data2\" content=\"2 minutes\" \/>\n<script type=\"application\/ld+json\" class=\"yoast-schema-graph\">{\"@context\":\"https:\/\/schema.org\",\"@graph\":[{\"@type\":\"WebSite\",\"@id\":\"https:\/\/www.nettali.com\/#website\",\"url\":\"https:\/\/www.nettali.com\/\",\"name\":\"Nettali.com\",\"description\":\"Le rendez-vous critique du Net\",\"potentialAction\":[{\"@type\":\"SearchAction\",\"target\":{\"@type\":\"EntryPoint\",\"urlTemplate\":\"https:\/\/www.nettali.com\/?s={search_term_string}\"},\"query-input\":\"required name=search_term_string\"}],\"inLanguage\":\"fr-FR\"},{\"@type\":\"ImageObject\",\"@id\":\"https:\/\/www.nettali.com\/2025\/09\/12\/des-ex-combattant-du-mfdc-reclament-des-financement-le-mediateur-de-la-interpelle\/#primaryimage\",\"inLanguage\":\"fr-FR\",\"url\":\"https:\/\/www.nettali.com\/wp-content\/uploads\/2025\/09\/Salif-Sadio.jpeg\",\"contentUrl\":\"https:\/\/www.nettali.com\/wp-content\/uploads\/2025\/09\/Salif-Sadio.jpeg\",\"width\":1200,\"height\":675},{\"@type\":\"WebPage\",\"@id\":\"https:\/\/www.nettali.com\/2025\/09\/12\/des-ex-combattant-du-mfdc-reclament-des-financement-le-mediateur-de-la-interpelle\/#webpage\",\"url\":\"https:\/\/www.nettali.com\/2025\/09\/12\/des-ex-combattant-du-mfdc-reclament-des-financement-le-mediateur-de-la-interpelle\/\",\"name\":\"DES EX-COMBATTANT DU MFDC R\\u00c9CLAMENT DES FINANCEMENT - Le M\\u00e9diateur de la interpell\\u00e9 | Nettali.com\",\"isPartOf\":{\"@id\":\"https:\/\/www.nettali.com\/#website\"},\"primaryImageOfPage\":{\"@id\":\"https:\/\/www.nettali.com\/2025\/09\/12\/des-ex-combattant-du-mfdc-reclament-des-financement-le-mediateur-de-la-interpelle\/#primaryimage\"},\"datePublished\":\"2025-09-12T12:23:15+00:00\",\"dateModified\":\"2025-09-12T09:28:00+00:00\",\"author\":{\"@id\":\"https:\/\/www.nettali.com\/#\/schema\/person\/3317e0bb3aa1da309fbf7b2780901bf4\"},\"breadcrumb\":{\"@id\":\"https:\/\/www.nettali.com\/2025\/09\/12\/des-ex-combattant-du-mfdc-reclament-des-financement-le-mediateur-de-la-interpelle\/#breadcrumb\"},\"inLanguage\":\"fr-FR\",\"potentialAction\":[{\"@type\":\"ReadAction\",\"target\":[\"https:\/\/www.nettali.com\/2025\/09\/12\/des-ex-combattant-du-mfdc-reclament-des-financement-le-mediateur-de-la-interpelle\/\"]}]},{\"@type\":\"BreadcrumbList\",\"@id\":\"https:\/\/www.nettali.com\/2025\/09\/12\/des-ex-combattant-du-mfdc-reclament-des-financement-le-mediateur-de-la-interpelle\/#breadcrumb\",\"itemListElement\":[{\"@type\":\"ListItem\",\"position\":1,\"name\":\"Accueil\",\"item\":\"https:\/\/www.nettali.com\/\"},{\"@type\":\"ListItem\",\"position\":2,\"name\":\"DES EX-COMBATTANT DU MFDC R\\u00c9CLAMENT DES FINANCEMENT - Le M\\u00e9diateur de la interpell\\u00e9\"}]},{\"@type\":\"Person\",\"@id\":\"https:\/\/www.nettali.com\/#\/schema\/person\/3317e0bb3aa1da309fbf7b2780901bf4\",\"name\":\"Daouda\",\"image\":{\"@type\":\"ImageObject\",\"@id\":\"https:\/\/www.nettali.com\/#personlogo\",\"inLanguage\":\"fr-FR\",\"url\":\"https:\/\/secure.gravatar.com\/avatar\/8d143b5a49345098ddcfee1c49c2f47c?s=96&d=mm&r=g\",\"contentUrl\":\"https:\/\/secure.gravatar.com\/avatar\/8d143b5a49345098ddcfee1c49c2f47c?s=96&d=mm&r=g\",\"caption\":\"Daouda\"},\"sameAs\":[\"https:\/\/www.nettali.com\"]}]}<\/script>\n<!-- \/ Yoast SEO Premium plugin. -->","yoast_head_json":{"title":"DES EX-COMBATTANT DU MFDC R\u00c9CLAMENT DES FINANCEMENT - Le M\u00e9diateur de la interpell\u00e9 | Nettali.com","robots":{"index":"index","follow":"follow","max-snippet":"max-snippet:-1","max-image-preview":"max-image-preview:large","max-video-preview":"max-video-preview:-1"},"canonical":"https:\/\/www.nettali.com\/2025\/09\/12\/des-ex-combattant-du-mfdc-reclament-des-financement-le-mediateur-de-la-interpelle\/","og_locale":"fr_FR","og_type":"article","og_title":"DES EX-COMBATTANT DU MFDC R\u00c9CLAMENT DES FINANCEMENT - Le M\u00e9diateur de la interpell\u00e9","og_description":"NETTALI.COM - En d\u00e9placement \u00e0 Ziguinchor, le M\u00e9diateur de la R\u00e9publique, Demba Kandji, a \u00e9t\u00e9 interpell\u00e9 par Fatoma Coly, ancien chef de la base rebelle de Diakaye. L\u2019ex-combattant a exprim\u00e9 sa profonde d\u00e9ception face au non-respect des engagements pris par l\u2019\u00c9tat du S\u00e9n\u00e9gal dans le cadre de l\u2019accord de paix sign\u00e9 en mai 2023. Selon [&hellip;]","og_url":"https:\/\/www.nettali.com\/2025\/09\/12\/des-ex-combattant-du-mfdc-reclament-des-financement-le-mediateur-de-la-interpelle\/","og_site_name":"Nettali.com","article_publisher":"https:\/\/www.facebook.com\/nettalicom","article_published_time":"2025-09-12T12:23:15+00:00","article_modified_time":"2025-09-12T09:28:00+00:00","og_image":[{"width":1200,"height":675,"url":"https:\/\/www.nettali.com\/wp-content\/uploads\/2025\/09\/Salif-Sadio.jpeg","type":"image\/jpeg"}],"twitter_card":"summary_large_image","twitter_misc":{"\u00c9crit par":"Daouda","Dur\u00e9e de lecture estim\u00e9e":"2 minutes"},"schema":{"@context":"https:\/\/schema.org","@graph":[{"@type":"WebSite","@id":"https:\/\/www.nettali.com\/#website","url":"https:\/\/www.nettali.com\/","name":"Nettali.com","description":"Le rendez-vous critique du Net","potentialAction":[{"@type":"SearchAction","target":{"@type":"EntryPoint","urlTemplate":"https:\/\/www.nettali.com\/?s={search_term_string}"},"query-input":"required name=search_term_string"}],"inLanguage":"fr-FR"},{"@type":"ImageObject","@id":"https:\/\/www.nettali.com\/2025\/09\/12\/des-ex-combattant-du-mfdc-reclament-des-financement-le-mediateur-de-la-interpelle\/#primaryimage","inLanguage":"fr-FR","url":"https:\/\/www.nettali.com\/wp-content\/uploads\/2025\/09\/Salif-Sadio.jpeg","contentUrl":"https:\/\/www.nettali.com\/wp-content\/uploads\/2025\/09\/Salif-Sadio.jpeg","width":1200,"height":675},{"@type":"WebPage","@id":"https:\/\/www.nettali.com\/2025\/09\/12\/des-ex-combattant-du-mfdc-reclament-des-financement-le-mediateur-de-la-interpelle\/#webpage","url":"https:\/\/www.nettali.com\/2025\/09\/12\/des-ex-combattant-du-mfdc-reclament-des-financement-le-mediateur-de-la-interpelle\/","name":"DES EX-COMBATTANT DU MFDC R\u00c9CLAMENT DES FINANCEMENT - Le M\u00e9diateur de la interpell\u00e9 | Nettali.com","isPartOf":{"@id":"https:\/\/www.nettali.com\/#website"},"primaryImageOfPage":{"@id":"https:\/\/www.nettali.com\/2025\/09\/12\/des-ex-combattant-du-mfdc-reclament-des-financement-le-mediateur-de-la-interpelle\/#primaryimage"},"datePublished":"2025-09-12T12:23:15+00:00","dateModified":"2025-09-12T09:28:00+00:00","author":{"@id":"https:\/\/www.nettali.com\/#\/schema\/person\/3317e0bb3aa1da309fbf7b2780901bf4"},"breadcrumb":{"@id":"https:\/\/www.nettali.com\/2025\/09\/12\/des-ex-combattant-du-mfdc-reclament-des-financement-le-mediateur-de-la-interpelle\/#breadcrumb"},"inLanguage":"fr-FR","potentialAction":[{"@type":"ReadAction","target":["https:\/\/www.nettali.com\/2025\/09\/12\/des-ex-combattant-du-mfdc-reclament-des-financement-le-mediateur-de-la-interpelle\/"]}]},{"@type":"BreadcrumbList","@id":"https:\/\/www.nettali.com\/2025\/09\/12\/des-ex-combattant-du-mfdc-reclament-des-financement-le-mediateur-de-la-interpelle\/#breadcrumb","itemListElement":[{"@type":"ListItem","position":1,"name":"Accueil","item":"https:\/\/www.nettali.com\/"},{"@type":"ListItem","position":2,"name":"DES EX-COMBATTANT DU MFDC R\u00c9CLAMENT DES FINANCEMENT - Le M\u00e9diateur de la interpell\u00e9"}]},{"@type":"Person","@id":"https:\/\/www.nettali.com\/#\/schema\/person\/3317e0bb3aa1da309fbf7b2780901bf4","name":"Daouda","image":{"@type":"ImageObject","@id":"https:\/\/www.nettali.com\/#personlogo","inLanguage":"fr-FR","url":"https:\/\/secure.gravatar.com\/avatar\/8d143b5a49345098ddcfee1c49c2f47c?s=96&d=mm&r=g","contentUrl":"https:\/\/secure.gravatar.com\/avatar\/8d143b5a49345098ddcfee1c49c2f47c?s=96&d=mm&r=g","caption":"Daouda"},"sameAs":["https:\/\/www.nettali.com"]}]}},"_links":{"self":[{"href":"https:\/\/www.nettali.com\/rest\/wp\/v2\/posts\/161117"}],"collection":[{"href":"https:\/\/www.nettali.com\/rest\/wp\/v2\/posts"}],"about":[{"href":"https:\/\/www.nettali.com\/rest\/wp\/v2\/types\/post"}],"author":[{"embeddable":true,"href":"https:\/\/www.nettali.com\/rest\/wp\/v2\/users\/4"}],"replies":[{"embeddable":true,"href":"https:\/\/www.nettali.com\/rest\/wp\/v2\/comments?post=161117"}],"version-history":[{"count":2,"href":"https:\/\/www.nettali.com\/rest\/wp\/v2\/posts\/161117\/revisions"}],"predecessor-version":[{"id":161125,"href":"https:\/\/www.nettali.com\/rest\/wp\/v2\/posts\/161117\/revisions\/161125"}],"wp:featuredmedia":[{"embeddable":true,"href":"https:\/\/www.nettali.com\/rest\/wp\/v2\/media\/161119"}],"wp:attachment":[{"href":"https:\/\/www.nettali.com\/rest\/wp\/v2\/media?parent=161117"}],"wp:term":[{"taxonomy":"category","embeddable":true,"href":"https:\/\/www.nettali.com\/rest\/wp\/v2\/categories?post=161117"},{"taxonomy":"post_tag","embeddable":true,"href":"https:\/\/www.nettali.com\/rest\/wp\/v2\/tags?post=161117"}],"curies":[{"name":"wp","href":"https:\/\/api.w.org\/{rel}","templated":true}]}}