{"id":161111,"date":"2025-09-12T11:16:50","date_gmt":"2025-09-12T11:16:50","guid":{"rendered":"https:\/\/www.nettali.com\/?p=161111"},"modified":"2025-09-12T09:20:13","modified_gmt":"2025-09-12T09:20:13","slug":"moins-de-passion-sur-le-cas-de-sadio-mane","status":"publish","type":"post","link":"https:\/\/www.nettali.com\/2025\/09\/12\/moins-de-passion-sur-le-cas-de-sadio-mane\/","title":{"rendered":"Moins de passion sur le cas de Sadio Man\u00e9"},"content":{"rendered":"<p><strong>CONTRIBUTION -<\/strong> Je suis avec attention les r\u00e9actions de certains supporters, relatives aux r\u00e9centes prestations du talentueux footballeur Sadio Man\u00e9. Il ne fait pas l'ombre d'un doute que celles-ci sont en d\u00e9phasage avec l'immensit\u00e9 de l'espoir plac\u00e9 sur lui. Toutefois, je pense que Sadio, qui a tant apport\u00e9 au onze national, m\u00e9rite respect, consid\u00e9ration, affection et reconnaissance.<\/p>\n<p>Aucun \u00eatre humain ne peut d\u00e9velopper, de fa\u00e7on continue, le m\u00eame niveau de performances. En effet, l'\u00e2ge, quelle que soit la discipline consid\u00e9r\u00e9e, finira, t\u00f4t ou tard ,\u00e0 agir n\u00e9gativement, sur notre concentration, notre adresse ,notre endurance et notre vivacit\u00e9. Cela doit nous inciter \u00e0 \u00e9laborer le cahier de charges d'un individu en consid\u00e9rant cette v\u00e9rit\u00e9 irr\u00e9futable.<\/p>\n<p>\u00c0 mon sens, il est important de r\u00e9fl\u00e9chir sur ce qu'on attend de ce h\u00e9ros national. Sa pr\u00e9sence dans notre \u00e9quipe nationale est \u00e0 retenir mais \u00e0 quelle s\u00e9quence du jeu. En d'autres termes, doit-il \u00eatre partant , faire la diff\u00e9rence le plus rapidement possible et c\u00e9der sa place ? Ou doit-il \u00eatre rempla\u00e7ant, observer le jeu, rentrer et scorer ?<\/p>\n<p>N'oublions pas la belle contribution de Roger Milla \u00e0 la coupe du monde de 1990, ce rempla\u00e7ant d'un certain \u00e2ge, dont l'entr\u00e9e dans l'aire du jeu faisant bouger le tableau d'affichage. Je suis convaincu que d'autres questions sont \u00e0 poser et des r\u00e9ponses existent. En tout \u00e9tat de chose, ce Sadio national peut encore faire partie des joueurs dont le talent est \u00e0 exploiter. Il faut l'utiliser intelligemment.<\/p>\n<p>Par ailleurs, sa seule pr\u00e9sence dans la tani\u00e8re peut contribuer \u00e0 l'optimisation du rendement de nos jeunes talents gr\u00e2ce \u00e0 un transfert d'exp\u00e9rience av\u00e9r\u00e9. Sadio est et reste un grand monsieur, un humaniste total, une personne profond\u00e9ment attach\u00e9e \u00e0 son pays et \u00e0 son terroir, un \u00eatre humain respectueux. Je lui souhaite le meilleur des mondes. Sportivement.<\/p>\n<p><strong> DOCTEUR PAPA ABDOULAYE SECK Militant du sport<\/strong><\/p>\n<div class='share-to-whatsapp-wrapper'><div class='share-on-whsp'>PARTAGER SUR : <\/div><a data-text='Moins de passion sur le cas de Sadio Man\u00e9' data-link='https:\/\/www.nettali.com\/2025\/09\/12\/moins-de-passion-sur-le-cas-de-sadio-mane\/' class='whatsapp-button whatsapp-share'>WhatsApp<\/a><div class='clear '><\/div><\/div>","protected":false},"excerpt":{"rendered":"<p>CONTRIBUTION - Je suis avec attention les r\u00e9actions de certains supporters, relatives aux r\u00e9centes prestations du talentueux footballeur Sadio Man\u00e9. Il ne fait pas l'ombre d'un doute que celles-ci sont en d\u00e9phasage avec l'immensit\u00e9 de l'espoir plac\u00e9 sur lui. Toutefois, je pense que Sadio, qui a tant apport\u00e9 au onze national, m\u00e9rite respect, consid\u00e9ration, affection [&hellip;]<\/p>\n","protected":false},"author":2,"featured_media":161114,"comment_status":"open","ping_status":"open","sticky":false,"template":"","format":"standard","meta":{"_et_pb_use_builder":"","_et_pb_old_content":""},"categories":[6],"tags":[],"yoast_head":"<!-- This site is optimized with the Yoast SEO Premium plugin v17.8 (Yoast SEO v17.8) - https:\/\/yoast.com\/wordpress\/plugins\/seo\/ -->\n<title>Moins de passion sur le cas de Sadio Man\u00e9 | Nettali.com<\/title>\n<meta name=\"robots\" content=\"index, follow, max-snippet:-1, max-image-preview:large, max-video-preview:-1\" \/>\n<link rel=\"canonical\" href=\"https:\/\/www.nettali.com\/2025\/09\/12\/moins-de-passion-sur-le-cas-de-sadio-mane\/\" \/>\n<meta property=\"og:locale\" content=\"fr_FR\" \/>\n<meta property=\"og:type\" content=\"article\" \/>\n<meta property=\"og:title\" content=\"Moins de passion sur le cas de Sadio Man\u00e9\" \/>\n<meta property=\"og:description\" content=\"CONTRIBUTION - Je suis avec attention les r\u00e9actions de certains supporters, relatives aux r\u00e9centes prestations du talentueux footballeur Sadio Man\u00e9. Il ne fait pas l&#039;ombre d&#039;un doute que celles-ci sont en d\u00e9phasage avec l&#039;immensit\u00e9 de l&#039;espoir plac\u00e9 sur lui. Toutefois, je pense que Sadio, qui a tant apport\u00e9 au onze national, m\u00e9rite respect, consid\u00e9ration, affection [&hellip;]\" \/>\n<meta property=\"og:url\" content=\"https:\/\/www.nettali.com\/2025\/09\/12\/moins-de-passion-sur-le-cas-de-sadio-mane\/\" \/>\n<meta property=\"og:site_name\" content=\"Nettali.com\" \/>\n<meta property=\"article:publisher\" content=\"https:\/\/www.facebook.com\/nettalicom\" \/>\n<meta property=\"article:published_time\" content=\"2025-09-12T11:16:50+00:00\" \/>\n<meta property=\"article:modified_time\" content=\"2025-09-12T09:20:13+00:00\" \/>\n<meta property=\"og:image\" content=\"https:\/\/www.nettali.com\/wp-content\/uploads\/2025\/09\/90937519-64032790.jpg\" \/>\n\t<meta property=\"og:image:width\" content=\"1067\" \/>\n\t<meta property=\"og:image:height\" content=\"982\" \/>\n<meta name=\"twitter:card\" content=\"summary_large_image\" \/>\n<meta name=\"twitter:label1\" content=\"\u00c9crit par\" \/>\n\t<meta name=\"twitter:data1\" content=\"CK\" \/>\n\t<meta name=\"twitter:label2\" content=\"Dur\u00e9e de lecture estim\u00e9e\" \/>\n\t<meta name=\"twitter:data2\" content=\"2 minutes\" \/>\n<script type=\"application\/ld+json\" class=\"yoast-schema-graph\">{\"@context\":\"https:\/\/schema.org\",\"@graph\":[{\"@type\":\"WebSite\",\"@id\":\"https:\/\/www.nettali.com\/#website\",\"url\":\"https:\/\/www.nettali.com\/\",\"name\":\"Nettali.com\",\"description\":\"Le rendez-vous critique du Net\",\"potentialAction\":[{\"@type\":\"SearchAction\",\"target\":{\"@type\":\"EntryPoint\",\"urlTemplate\":\"https:\/\/www.nettali.com\/?s={search_term_string}\"},\"query-input\":\"required name=search_term_string\"}],\"inLanguage\":\"fr-FR\"},{\"@type\":\"ImageObject\",\"@id\":\"https:\/\/www.nettali.com\/2025\/09\/12\/moins-de-passion-sur-le-cas-de-sadio-mane\/#primaryimage\",\"inLanguage\":\"fr-FR\",\"url\":\"https:\/\/www.nettali.com\/wp-content\/uploads\/2025\/09\/90937519-64032790.jpg\",\"contentUrl\":\"https:\/\/www.nettali.com\/wp-content\/uploads\/2025\/09\/90937519-64032790.jpg\",\"width\":1067,\"height\":982},{\"@type\":\"WebPage\",\"@id\":\"https:\/\/www.nettali.com\/2025\/09\/12\/moins-de-passion-sur-le-cas-de-sadio-mane\/#webpage\",\"url\":\"https:\/\/www.nettali.com\/2025\/09\/12\/moins-de-passion-sur-le-cas-de-sadio-mane\/\",\"name\":\"Moins de passion sur le cas de Sadio Man\\u00e9 | Nettali.com\",\"isPartOf\":{\"@id\":\"https:\/\/www.nettali.com\/#website\"},\"primaryImageOfPage\":{\"@id\":\"https:\/\/www.nettali.com\/2025\/09\/12\/moins-de-passion-sur-le-cas-de-sadio-mane\/#primaryimage\"},\"datePublished\":\"2025-09-12T11:16:50+00:00\",\"dateModified\":\"2025-09-12T09:20:13+00:00\",\"author\":{\"@id\":\"https:\/\/www.nettali.com\/#\/schema\/person\/d8ac7b7e27ddad43f1c0d2ef090d7f71\"},\"breadcrumb\":{\"@id\":\"https:\/\/www.nettali.com\/2025\/09\/12\/moins-de-passion-sur-le-cas-de-sadio-mane\/#breadcrumb\"},\"inLanguage\":\"fr-FR\",\"potentialAction\":[{\"@type\":\"ReadAction\",\"target\":[\"https:\/\/www.nettali.com\/2025\/09\/12\/moins-de-passion-sur-le-cas-de-sadio-mane\/\"]}]},{\"@type\":\"BreadcrumbList\",\"@id\":\"https:\/\/www.nettali.com\/2025\/09\/12\/moins-de-passion-sur-le-cas-de-sadio-mane\/#breadcrumb\",\"itemListElement\":[{\"@type\":\"ListItem\",\"position\":1,\"name\":\"Accueil\",\"item\":\"https:\/\/www.nettali.com\/\"},{\"@type\":\"ListItem\",\"position\":2,\"name\":\"Moins de passion sur le cas de Sadio Man\\u00e9\"}]},{\"@type\":\"Person\",\"@id\":\"https:\/\/www.nettali.com\/#\/schema\/person\/d8ac7b7e27ddad43f1c0d2ef090d7f71\",\"name\":\"CK\",\"image\":{\"@type\":\"ImageObject\",\"@id\":\"https:\/\/www.nettali.com\/#personlogo\",\"inLanguage\":\"fr-FR\",\"url\":\"https:\/\/secure.gravatar.com\/avatar\/1d8d5118b9327d94da7cd4ce7f17fec2?s=96&d=mm&r=g\",\"contentUrl\":\"https:\/\/secure.gravatar.com\/avatar\/1d8d5118b9327d94da7cd4ce7f17fec2?s=96&d=mm&r=g\",\"caption\":\"CK\"},\"sameAs\":[\"https:\/\/www.nettali.com\"]}]}<\/script>\n<!-- \/ Yoast SEO Premium plugin. -->","yoast_head_json":{"title":"Moins de passion sur le cas de Sadio Man\u00e9 | Nettali.com","robots":{"index":"index","follow":"follow","max-snippet":"max-snippet:-1","max-image-preview":"max-image-preview:large","max-video-preview":"max-video-preview:-1"},"canonical":"https:\/\/www.nettali.com\/2025\/09\/12\/moins-de-passion-sur-le-cas-de-sadio-mane\/","og_locale":"fr_FR","og_type":"article","og_title":"Moins de passion sur le cas de Sadio Man\u00e9","og_description":"CONTRIBUTION - Je suis avec attention les r\u00e9actions de certains supporters, relatives aux r\u00e9centes prestations du talentueux footballeur Sadio Man\u00e9. Il ne fait pas l'ombre d'un doute que celles-ci sont en d\u00e9phasage avec l'immensit\u00e9 de l'espoir plac\u00e9 sur lui. Toutefois, je pense que Sadio, qui a tant apport\u00e9 au onze national, m\u00e9rite respect, consid\u00e9ration, affection [&hellip;]","og_url":"https:\/\/www.nettali.com\/2025\/09\/12\/moins-de-passion-sur-le-cas-de-sadio-mane\/","og_site_name":"Nettali.com","article_publisher":"https:\/\/www.facebook.com\/nettalicom","article_published_time":"2025-09-12T11:16:50+00:00","article_modified_time":"2025-09-12T09:20:13+00:00","og_image":[{"width":1067,"height":982,"url":"https:\/\/www.nettali.com\/wp-content\/uploads\/2025\/09\/90937519-64032790.jpg","type":"image\/jpeg"}],"twitter_card":"summary_large_image","twitter_misc":{"\u00c9crit par":"CK","Dur\u00e9e de lecture estim\u00e9e":"2 minutes"},"schema":{"@context":"https:\/\/schema.org","@graph":[{"@type":"WebSite","@id":"https:\/\/www.nettali.com\/#website","url":"https:\/\/www.nettali.com\/","name":"Nettali.com","description":"Le rendez-vous critique du Net","potentialAction":[{"@type":"SearchAction","target":{"@type":"EntryPoint","urlTemplate":"https:\/\/www.nettali.com\/?s={search_term_string}"},"query-input":"required name=search_term_string"}],"inLanguage":"fr-FR"},{"@type":"ImageObject","@id":"https:\/\/www.nettali.com\/2025\/09\/12\/moins-de-passion-sur-le-cas-de-sadio-mane\/#primaryimage","inLanguage":"fr-FR","url":"https:\/\/www.nettali.com\/wp-content\/uploads\/2025\/09\/90937519-64032790.jpg","contentUrl":"https:\/\/www.nettali.com\/wp-content\/uploads\/2025\/09\/90937519-64032790.jpg","width":1067,"height":982},{"@type":"WebPage","@id":"https:\/\/www.nettali.com\/2025\/09\/12\/moins-de-passion-sur-le-cas-de-sadio-mane\/#webpage","url":"https:\/\/www.nettali.com\/2025\/09\/12\/moins-de-passion-sur-le-cas-de-sadio-mane\/","name":"Moins de passion sur le cas de Sadio Man\u00e9 | Nettali.com","isPartOf":{"@id":"https:\/\/www.nettali.com\/#website"},"primaryImageOfPage":{"@id":"https:\/\/www.nettali.com\/2025\/09\/12\/moins-de-passion-sur-le-cas-de-sadio-mane\/#primaryimage"},"datePublished":"2025-09-12T11:16:50+00:00","dateModified":"2025-09-12T09:20:13+00:00","author":{"@id":"https:\/\/www.nettali.com\/#\/schema\/person\/d8ac7b7e27ddad43f1c0d2ef090d7f71"},"breadcrumb":{"@id":"https:\/\/www.nettali.com\/2025\/09\/12\/moins-de-passion-sur-le-cas-de-sadio-mane\/#breadcrumb"},"inLanguage":"fr-FR","potentialAction":[{"@type":"ReadAction","target":["https:\/\/www.nettali.com\/2025\/09\/12\/moins-de-passion-sur-le-cas-de-sadio-mane\/"]}]},{"@type":"BreadcrumbList","@id":"https:\/\/www.nettali.com\/2025\/09\/12\/moins-de-passion-sur-le-cas-de-sadio-mane\/#breadcrumb","itemListElement":[{"@type":"ListItem","position":1,"name":"Accueil","item":"https:\/\/www.nettali.com\/"},{"@type":"ListItem","position":2,"name":"Moins de passion sur le cas de Sadio Man\u00e9"}]},{"@type":"Person","@id":"https:\/\/www.nettali.com\/#\/schema\/person\/d8ac7b7e27ddad43f1c0d2ef090d7f71","name":"CK","image":{"@type":"ImageObject","@id":"https:\/\/www.nettali.com\/#personlogo","inLanguage":"fr-FR","url":"https:\/\/secure.gravatar.com\/avatar\/1d8d5118b9327d94da7cd4ce7f17fec2?s=96&d=mm&r=g","contentUrl":"https:\/\/secure.gravatar.com\/avatar\/1d8d5118b9327d94da7cd4ce7f17fec2?s=96&d=mm&r=g","caption":"CK"},"sameAs":["https:\/\/www.nettali.com"]}]}},"_links":{"self":[{"href":"https:\/\/www.nettali.com\/rest\/wp\/v2\/posts\/161111"}],"collection":[{"href":"https:\/\/www.nettali.com\/rest\/wp\/v2\/posts"}],"about":[{"href":"https:\/\/www.nettali.com\/rest\/wp\/v2\/types\/post"}],"author":[{"embeddable":true,"href":"https:\/\/www.nettali.com\/rest\/wp\/v2\/users\/2"}],"replies":[{"embeddable":true,"href":"https:\/\/www.nettali.com\/rest\/wp\/v2\/comments?post=161111"}],"version-history":[{"count":1,"href":"https:\/\/www.nettali.com\/rest\/wp\/v2\/posts\/161111\/revisions"}],"predecessor-version":[{"id":161115,"href":"https:\/\/www.nettali.com\/rest\/wp\/v2\/posts\/161111\/revisions\/161115"}],"wp:featuredmedia":[{"embeddable":true,"href":"https:\/\/www.nettali.com\/rest\/wp\/v2\/media\/161114"}],"wp:attachment":[{"href":"https:\/\/www.nettali.com\/rest\/wp\/v2\/media?parent=161111"}],"wp:term":[{"taxonomy":"category","embeddable":true,"href":"https:\/\/www.nettali.com\/rest\/wp\/v2\/categories?post=161111"},{"taxonomy":"post_tag","embeddable":true,"href":"https:\/\/www.nettali.com\/rest\/wp\/v2\/tags?post=161111"}],"curies":[{"name":"wp","href":"https:\/\/api.w.org\/{rel}","templated":true}]}}