{"id":161108,"date":"2025-09-12T09:18:22","date_gmt":"2025-09-12T09:18:22","guid":{"rendered":"https:\/\/www.nettali.com\/?p=161108"},"modified":"2025-09-12T09:18:22","modified_gmt":"2025-09-12T09:18:22","slug":"tentative-de-coup-detat-lancien-president-jair-bolsonaro-condamne-a-27-ans","status":"publish","type":"post","link":"https:\/\/www.nettali.com\/2025\/09\/12\/tentative-de-coup-detat-lancien-president-jair-bolsonaro-condamne-a-27-ans\/","title":{"rendered":"TENTATIVE DE COUP D'ETAT - L'ancien Pr\u00e9sident, Jair Bolsonaro, condamn\u00e9 \u00e0 27 ans"},"content":{"rendered":"<p class=\"p1\"><span class=\"s1\"><b>NETTALI.COM - L\u2019ex-pr\u00e9sident br\u00e9silien d\u2019extr\u00eame droite Jair Bolsonaro a \u00e9t\u00e9 condamn\u00e9 jeudi \u00e0 27 ans et trois mois de prison pour tentative de coup d\u2019Etat, lors d\u2019un proc\u00e8s historique devant la Cour supr\u00eame. Les \u00c9tats-Unis promettent des repr\u00e9sailles<\/b><\/span><\/p>\n<p class=\"p1\"><span class=\"s2\">C\u2019est un verdict qui \u00ab\u00a0ouvre un avenir d\u00e9mocratique au Br\u00e9sil\u00a0\u00bb selon le quotidien<\/span><span class=\"s3\">\u00a0<span class=\"s4\">Folha de S\u00e3o Paulo<\/span><\/span><span class=\"s2\">. L\u2019ancien chef de l\u2019Etat br\u00e9silien d\u2019extr\u00eame droite\u00a0<span class=\"s5\">Jair Bolsonaro\u00a0<\/span>a \u00e9t\u00e9 condamn\u00e9, jeudi 11 septembre, \u00e0 27 ans de prison pour tentative de coup d\u2019Etat \u00e0 l\u2019issue d\u2019un proc\u00e8s \u00ab\u00a0historique,\u00a0\u00bb comme le souligne le m\u00e9dia br\u00e9silien\u00a0<span class=\"s5\">O Globo.<\/span>\u00a0Alors que les intenses pressions du Pr\u00e9sident am\u00e9ricain\u00a0<span class=\"s5\">Donald Trump<\/span>\u00a0en sa faveur n\u2019ont pas suffi, le Secr\u00e9taire d\u2019Etat am\u00e9ricain\u00a0<span class=\"s5\">Marco Rubio<\/span>\u00a0a promis des repr\u00e9sailles : les Etats-Unis vont \u00ab\u00a0r\u00e9pondre en cons\u00e9quence\u00a0\u00bb \u00e0 cette condamnation \u00ab\u00a0injuste,\u00a0\u00bb a-t-il dit. Le Br\u00e9sil a r\u00e9pliqu\u00e9 qu\u2019il ne se laisserait pas \u00ab\u00a0intimider\u00a0\u00bb par des \u00ab\u00a0menaces\u00a0\u00bb.<\/span><\/p>\n<p class=\"p1\"><span class=\"s2\">Par quatre voix contre une, la<span class=\"s5\">\u00a0Cour supr\u00eame<\/span>\u00a0a d\u00e9clar\u00e9 coupable\u00a0<span class=\"s5\">l\u2019ex-pr\u00e9sident br\u00e9silien<\/span>\u00a0(2019-2022), 70 ans, le condamnant \u00e0 27 ans et trois mois de prison. Un s\u00e9isme, \u00e0 un peu plus d\u2019un an de la pr\u00e9sidentielle de 2026. Jair Bolsonaro a \u00e9t\u00e9 reconnu chef d\u2019une \u00ab\u00a0organisation criminelle\u00a0\u00bb ayant conspir\u00e9 pour assurer son \u00ab\u00a0maintien autoritaire au pouvoir\u00a0\u00bb apr\u00e8s sa d\u00e9faite face au pr\u00e9sident de gauche actuel,\u00a0<span class=\"s5\">Luiz Inacio Lula da Silva<\/span>, lors de l\u2019\u00e9lection de la fin 2022.<\/span><\/p>\n<p class=\"p1\"><span class=\"s2\">Selon l\u2019accusation, le projet pr\u00e9voyait notamment l\u2019assassinat de Lula et ne s\u2019est pas concr\u00e9tis\u00e9 faute de soutien de la hi\u00e9rarchie militaire. Les \u00e9meutes qui avaient vu le 8 janvier 2023, une semaine apr\u00e8s l\u2019investiture de Lula, des milliers de sympathisants bolsonaristes prendre d\u2019assaut et vandaliser les si\u00e8ges des institutions \u00e0 Brasilia auraient \u00e9t\u00e9 l' \u00bbultime espoir \u00bb de voir aboutir le complot.<\/span><\/p>\n<div>\n<div class=\"ctaButton\">In\u00e9ligible jusqu\u2019en 2030 et assign\u00e9 \u00e0 r\u00e9sidence, Jair Bolsonaro n\u2019\u00e9tait pas pr\u00e9sent \u00e0 l\u2019audience, pour motif de sant\u00e9 selon sa d\u00e9fense. L\u2019ancien chef de l\u2019Etat garde \u00ab la t\u00eate haute pour affronter cette pers\u00e9cution, \u00bb a r\u00e9agi le s\u00e9nateur Flavio Bolsonaro, son fils a\u00een\u00e9. Le camp conservateur va mettre \u00ab toutes ses forces \u00bb pour \u00ab unir le Parlement \u00bb autour d\u2019un projet d\u2019amnistie incluant son leader, a-t-il affirm\u00e9.<\/div>\n<\/div>\n<h2 class=\"p1\"><span class=\"s1\">Une opinion publique divis\u00e9e<\/span><\/h2>\n<p class=\"p1\"><span class=\"s2\">Le proc\u00e8s d\u00e9chire une opinion ultra-polaris\u00e9e, y compris dans la capitale. Dans un bar de Brasilia o\u00f9 l\u2019audience de jeudi \u00e9tait retransmise sur un \u00e9cran g\u00e9ant, applaudissements et cris de joie ont salu\u00e9 la condamnation. \u00ab\u00a0Apr\u00e8s tant d\u2019attente, cet individu ex\u00e9crable se fait envoyer en prison\u00a0\u00bb, a dit \u00e0 l\u2019AFP Virgilio Soares, traducteur. Dans un tout autre climat, quelques dizaines de sympathisants bolsonaristes se sont retrouv\u00e9s pr\u00e8s de son domicile pour t\u00e9moigner leur soutien \u00e0 leur champion lors d\u2019une \u00ab\u00a0veill\u00e9e de pri\u00e8re\u00a0\u00bb. \u00ab\u00a0Avec l\u2019\u00e2ge qu\u2019il a, nous savons tous qu\u2019il finira par mourir en prison\u00a0\u00bb, l\u00e2che Vantuir Batista, pasteur \u00e9vang\u00e9lique.<\/span><\/p>\n<p class=\"p1\"><span class=\"s2\">L\u2019affaire Bolsonaro est aussi \u00e0 l\u2019origine d\u2019une\u00a0<span class=\"s5\">crise\u00a0<\/span>sans pr\u00e9c\u00e9dent entre la premi\u00e8re puissance d\u2019Am\u00e9rique latine et les \u00c9tats-Unis. D\u00e9non\u00e7ant une \u00ab\u00a0chasse aux sorci\u00e8res\u00a0\u00bb contre Jair Bolsonaro, Donald Trump a impos\u00e9 depuis d\u00e9but ao\u00fbt une surtaxe punitive de 50 % sur une part importante des exportations br\u00e9siliennes. \u00ab\u00a0C\u2019est tr\u00e8s surprenant que \u00e7a puisse arriver\u00a0\u00bb, a r\u00e9agi le pr\u00e9sident am\u00e9ricain apr\u00e8s la condamnation de son alli\u00e9, la comparant \u00e0 ses propres d\u00e9boires judiciaires pass\u00e9s. Le\u00a0<span class=\"s4\">New York Times <\/span>pr\u00e9vient que \u00ab\u00a0le jugement risque fort d\u2019exacerber le conflit entre le Br\u00e9sil et les \u00c9tats-Unis.\u00a0\u00bb<\/span><\/p>\n<div>\n<div class=\"centered-text-area\">\n<div class=\"centered-text\"><\/div>\n<\/div>\n<div class=\"ctaButton\">C\u2019est la premi\u00e8re fois qu\u2019un ancien chef de l\u2019Etat est condamn\u00e9 pour de tels faits, dans un pays encore hant\u00e9 par le souvenir de la dictature militaire (1964-1985). D\u00e9plorant des peines \u00ab incroyablement excessives \u00bb, ses avocats ont promis de d\u00e9poser \u00ab les recours appropri\u00e9s, y compris au niveau international \u00bb. Selon une source de la Cour supr\u00eame, la d\u00e9fense aura cinq jours pour faire appel, une fois le jugement publi\u00e9.\u00a0<span class=\"s5\">Jair B<\/span><span class=\"s5\">olsonaro<\/span>\u00a0ne pourrait \u00eatre envoy\u00e9 en prison qu\u2019une fois tous ses recours \u00e9puis\u00e9s, a expliqu\u00e9 \u00e0 l\u2019AFP Thiago Bottino, professeur de droit p\u00e9nal \u00e0 la Fondation Getulio Vargas. La haute juridiction a condamn\u00e9 en outre sept anciens proches collaborateurs de Jair Bolsonaro, dont plusieurs ex-ministres et g\u00e9n\u00e9raux, \u00e0 des peines allant de deux \u00e0 26 ans de prison.<\/div>\n<\/div>\n<p class=\"p1\"><span class=\"s2\">La bataille devrait rapidement s\u2019acc\u00e9l\u00e9rer pour le leadership \u00e0 droite en vue de la prochaine pr\u00e9sidentielle. Avec une popularit\u00e9 renforc\u00e9e par les attaques am\u00e9ricaines, Lula, 79 ans, affiche son intention de briguer un nouveau mandat, se posant en champion de la \u00ab\u00a0souverainet\u00e9\u00a0\u00bb br\u00e9silienne.<\/span>\u00a0<span class=\"s2\">Jair Bolsonaro est le quatri\u00e8me ancien locataire du palais pr\u00e9sidentiel condamn\u00e9 depuis le retour \u00e0 la d\u00e9mocratie il y a 40 ans. Avant lui, Fernando Collor de Mello, Michel Temer et Lula (qui fit deux premiers mandats entre 2003 et 2010) ont \u00e9t\u00e9 condamn\u00e9s pour corruption. Lula a \u00e9t\u00e9 incarc\u00e9r\u00e9 en 2018-2019, avant que sa condamnation ne soit annul\u00e9e pour vice de forme.<\/span><\/p>\n<p><strong>Avec AFP<\/strong><\/p>\n<div class='share-to-whatsapp-wrapper'><div class='share-on-whsp'>PARTAGER SUR : <\/div><a data-text='TENTATIVE DE COUP D'ETAT - L'ancien Pr\u00e9sident, Jair Bolsonaro, condamn\u00e9 \u00e0 27 ans' data-link='https:\/\/www.nettali.com\/2025\/09\/12\/tentative-de-coup-detat-lancien-president-jair-bolsonaro-condamne-a-27-ans\/' class='whatsapp-button whatsapp-share'>WhatsApp<\/a><div class='clear '><\/div><\/div>","protected":false},"excerpt":{"rendered":"<p>NETTALI.COM - L\u2019ex-pr\u00e9sident br\u00e9silien d\u2019extr\u00eame droite Jair Bolsonaro a \u00e9t\u00e9 condamn\u00e9 jeudi \u00e0 27 ans et trois mois de prison pour tentative de coup d\u2019Etat, lors d\u2019un proc\u00e8s historique devant la Cour supr\u00eame. Les \u00c9tats-Unis promettent des repr\u00e9sailles C\u2019est un verdict qui \u00ab\u00a0ouvre un avenir d\u00e9mocratique au Br\u00e9sil\u00a0\u00bb selon le quotidien\u00a0Folha de S\u00e3o Paulo. L\u2019ancien [&hellip;]<\/p>\n","protected":false},"author":4,"featured_media":161112,"comment_status":"open","ping_status":"open","sticky":false,"template":"","format":"standard","meta":{"_et_pb_use_builder":"","_et_pb_old_content":""},"categories":[3],"tags":[],"yoast_head":"<!-- This site is optimized with the Yoast SEO Premium plugin v17.8 (Yoast SEO v17.8) - https:\/\/yoast.com\/wordpress\/plugins\/seo\/ -->\n<title>TENTATIVE DE COUP D&#039;ETAT - L&#039;ancien Pr\u00e9sident, Jair Bolsonaro, condamn\u00e9 \u00e0 27 ans | Nettali.com<\/title>\n<meta name=\"robots\" content=\"index, follow, max-snippet:-1, max-image-preview:large, max-video-preview:-1\" \/>\n<link rel=\"canonical\" href=\"https:\/\/www.nettali.com\/2025\/09\/12\/tentative-de-coup-detat-lancien-president-jair-bolsonaro-condamne-a-27-ans\/\" \/>\n<meta property=\"og:locale\" content=\"fr_FR\" \/>\n<meta property=\"og:type\" content=\"article\" \/>\n<meta property=\"og:title\" content=\"TENTATIVE DE COUP D&#039;ETAT - L&#039;ancien Pr\u00e9sident, Jair Bolsonaro, condamn\u00e9 \u00e0 27 ans\" \/>\n<meta property=\"og:description\" content=\"NETTALI.COM - L\u2019ex-pr\u00e9sident br\u00e9silien d\u2019extr\u00eame droite Jair Bolsonaro a \u00e9t\u00e9 condamn\u00e9 jeudi \u00e0 27 ans et trois mois de prison pour tentative de coup d\u2019Etat, lors d\u2019un proc\u00e8s historique devant la Cour supr\u00eame. Les \u00c9tats-Unis promettent des repr\u00e9sailles C\u2019est un verdict qui \u00ab\u00a0ouvre un avenir d\u00e9mocratique au Br\u00e9sil\u00a0\u00bb selon le quotidien\u00a0Folha de S\u00e3o Paulo. L\u2019ancien [&hellip;]\" \/>\n<meta property=\"og:url\" content=\"https:\/\/www.nettali.com\/2025\/09\/12\/tentative-de-coup-detat-lancien-president-jair-bolsonaro-condamne-a-27-ans\/\" \/>\n<meta property=\"og:site_name\" content=\"Nettali.com\" \/>\n<meta property=\"article:publisher\" content=\"https:\/\/www.facebook.com\/nettalicom\" \/>\n<meta property=\"article:published_time\" content=\"2025-09-12T09:18:22+00:00\" \/>\n<meta property=\"og:image\" content=\"https:\/\/www.nettali.com\/wp-content\/uploads\/2025\/09\/Jair-Bolsonario.png\" \/>\n\t<meta property=\"og:image:width\" content=\"1120\" \/>\n\t<meta property=\"og:image:height\" content=\"630\" \/>\n<meta name=\"twitter:card\" content=\"summary_large_image\" \/>\n<meta name=\"twitter:label1\" content=\"\u00c9crit par\" \/>\n\t<meta name=\"twitter:data1\" content=\"Daouda\" \/>\n\t<meta name=\"twitter:label2\" content=\"Dur\u00e9e de lecture estim\u00e9e\" \/>\n\t<meta name=\"twitter:data2\" content=\"4 minutes\" \/>\n<script type=\"application\/ld+json\" class=\"yoast-schema-graph\">{\"@context\":\"https:\/\/schema.org\",\"@graph\":[{\"@type\":\"WebSite\",\"@id\":\"https:\/\/www.nettali.com\/#website\",\"url\":\"https:\/\/www.nettali.com\/\",\"name\":\"Nettali.com\",\"description\":\"Le rendez-vous critique du Net\",\"potentialAction\":[{\"@type\":\"SearchAction\",\"target\":{\"@type\":\"EntryPoint\",\"urlTemplate\":\"https:\/\/www.nettali.com\/?s={search_term_string}\"},\"query-input\":\"required name=search_term_string\"}],\"inLanguage\":\"fr-FR\"},{\"@type\":\"ImageObject\",\"@id\":\"https:\/\/www.nettali.com\/2025\/09\/12\/tentative-de-coup-detat-lancien-president-jair-bolsonaro-condamne-a-27-ans\/#primaryimage\",\"inLanguage\":\"fr-FR\",\"url\":\"https:\/\/www.nettali.com\/wp-content\/uploads\/2025\/09\/Jair-Bolsonario.png\",\"contentUrl\":\"https:\/\/www.nettali.com\/wp-content\/uploads\/2025\/09\/Jair-Bolsonario.png\",\"width\":1120,\"height\":630},{\"@type\":\"WebPage\",\"@id\":\"https:\/\/www.nettali.com\/2025\/09\/12\/tentative-de-coup-detat-lancien-president-jair-bolsonaro-condamne-a-27-ans\/#webpage\",\"url\":\"https:\/\/www.nettali.com\/2025\/09\/12\/tentative-de-coup-detat-lancien-president-jair-bolsonaro-condamne-a-27-ans\/\",\"name\":\"TENTATIVE DE COUP D'ETAT - L'ancien Pr\\u00e9sident, Jair Bolsonaro, condamn\\u00e9 \\u00e0 27 ans | Nettali.com\",\"isPartOf\":{\"@id\":\"https:\/\/www.nettali.com\/#website\"},\"primaryImageOfPage\":{\"@id\":\"https:\/\/www.nettali.com\/2025\/09\/12\/tentative-de-coup-detat-lancien-president-jair-bolsonaro-condamne-a-27-ans\/#primaryimage\"},\"datePublished\":\"2025-09-12T09:18:22+00:00\",\"dateModified\":\"2025-09-12T09:18:22+00:00\",\"author\":{\"@id\":\"https:\/\/www.nettali.com\/#\/schema\/person\/3317e0bb3aa1da309fbf7b2780901bf4\"},\"breadcrumb\":{\"@id\":\"https:\/\/www.nettali.com\/2025\/09\/12\/tentative-de-coup-detat-lancien-president-jair-bolsonaro-condamne-a-27-ans\/#breadcrumb\"},\"inLanguage\":\"fr-FR\",\"potentialAction\":[{\"@type\":\"ReadAction\",\"target\":[\"https:\/\/www.nettali.com\/2025\/09\/12\/tentative-de-coup-detat-lancien-president-jair-bolsonaro-condamne-a-27-ans\/\"]}]},{\"@type\":\"BreadcrumbList\",\"@id\":\"https:\/\/www.nettali.com\/2025\/09\/12\/tentative-de-coup-detat-lancien-president-jair-bolsonaro-condamne-a-27-ans\/#breadcrumb\",\"itemListElement\":[{\"@type\":\"ListItem\",\"position\":1,\"name\":\"Accueil\",\"item\":\"https:\/\/www.nettali.com\/\"},{\"@type\":\"ListItem\",\"position\":2,\"name\":\"TENTATIVE DE COUP D'ETAT - L'ancien Pr\\u00e9sident, Jair Bolsonaro, condamn\\u00e9 \\u00e0 27 ans\"}]},{\"@type\":\"Person\",\"@id\":\"https:\/\/www.nettali.com\/#\/schema\/person\/3317e0bb3aa1da309fbf7b2780901bf4\",\"name\":\"Daouda\",\"image\":{\"@type\":\"ImageObject\",\"@id\":\"https:\/\/www.nettali.com\/#personlogo\",\"inLanguage\":\"fr-FR\",\"url\":\"https:\/\/secure.gravatar.com\/avatar\/8d143b5a49345098ddcfee1c49c2f47c?s=96&d=mm&r=g\",\"contentUrl\":\"https:\/\/secure.gravatar.com\/avatar\/8d143b5a49345098ddcfee1c49c2f47c?s=96&d=mm&r=g\",\"caption\":\"Daouda\"},\"sameAs\":[\"https:\/\/www.nettali.com\"]}]}<\/script>\n<!-- \/ Yoast SEO Premium plugin. -->","yoast_head_json":{"title":"TENTATIVE DE COUP D'ETAT - L'ancien Pr\u00e9sident, Jair Bolsonaro, condamn\u00e9 \u00e0 27 ans | Nettali.com","robots":{"index":"index","follow":"follow","max-snippet":"max-snippet:-1","max-image-preview":"max-image-preview:large","max-video-preview":"max-video-preview:-1"},"canonical":"https:\/\/www.nettali.com\/2025\/09\/12\/tentative-de-coup-detat-lancien-president-jair-bolsonaro-condamne-a-27-ans\/","og_locale":"fr_FR","og_type":"article","og_title":"TENTATIVE DE COUP D'ETAT - L'ancien Pr\u00e9sident, Jair Bolsonaro, condamn\u00e9 \u00e0 27 ans","og_description":"NETTALI.COM - L\u2019ex-pr\u00e9sident br\u00e9silien d\u2019extr\u00eame droite Jair Bolsonaro a \u00e9t\u00e9 condamn\u00e9 jeudi \u00e0 27 ans et trois mois de prison pour tentative de coup d\u2019Etat, lors d\u2019un proc\u00e8s historique devant la Cour supr\u00eame. Les \u00c9tats-Unis promettent des repr\u00e9sailles C\u2019est un verdict qui \u00ab\u00a0ouvre un avenir d\u00e9mocratique au Br\u00e9sil\u00a0\u00bb selon le quotidien\u00a0Folha de S\u00e3o Paulo. L\u2019ancien [&hellip;]","og_url":"https:\/\/www.nettali.com\/2025\/09\/12\/tentative-de-coup-detat-lancien-president-jair-bolsonaro-condamne-a-27-ans\/","og_site_name":"Nettali.com","article_publisher":"https:\/\/www.facebook.com\/nettalicom","article_published_time":"2025-09-12T09:18:22+00:00","og_image":[{"width":1120,"height":630,"url":"https:\/\/www.nettali.com\/wp-content\/uploads\/2025\/09\/Jair-Bolsonario.png","type":"image\/png"}],"twitter_card":"summary_large_image","twitter_misc":{"\u00c9crit par":"Daouda","Dur\u00e9e de lecture estim\u00e9e":"4 minutes"},"schema":{"@context":"https:\/\/schema.org","@graph":[{"@type":"WebSite","@id":"https:\/\/www.nettali.com\/#website","url":"https:\/\/www.nettali.com\/","name":"Nettali.com","description":"Le rendez-vous critique du Net","potentialAction":[{"@type":"SearchAction","target":{"@type":"EntryPoint","urlTemplate":"https:\/\/www.nettali.com\/?s={search_term_string}"},"query-input":"required name=search_term_string"}],"inLanguage":"fr-FR"},{"@type":"ImageObject","@id":"https:\/\/www.nettali.com\/2025\/09\/12\/tentative-de-coup-detat-lancien-president-jair-bolsonaro-condamne-a-27-ans\/#primaryimage","inLanguage":"fr-FR","url":"https:\/\/www.nettali.com\/wp-content\/uploads\/2025\/09\/Jair-Bolsonario.png","contentUrl":"https:\/\/www.nettali.com\/wp-content\/uploads\/2025\/09\/Jair-Bolsonario.png","width":1120,"height":630},{"@type":"WebPage","@id":"https:\/\/www.nettali.com\/2025\/09\/12\/tentative-de-coup-detat-lancien-president-jair-bolsonaro-condamne-a-27-ans\/#webpage","url":"https:\/\/www.nettali.com\/2025\/09\/12\/tentative-de-coup-detat-lancien-president-jair-bolsonaro-condamne-a-27-ans\/","name":"TENTATIVE DE COUP D'ETAT - L'ancien Pr\u00e9sident, Jair Bolsonaro, condamn\u00e9 \u00e0 27 ans | Nettali.com","isPartOf":{"@id":"https:\/\/www.nettali.com\/#website"},"primaryImageOfPage":{"@id":"https:\/\/www.nettali.com\/2025\/09\/12\/tentative-de-coup-detat-lancien-president-jair-bolsonaro-condamne-a-27-ans\/#primaryimage"},"datePublished":"2025-09-12T09:18:22+00:00","dateModified":"2025-09-12T09:18:22+00:00","author":{"@id":"https:\/\/www.nettali.com\/#\/schema\/person\/3317e0bb3aa1da309fbf7b2780901bf4"},"breadcrumb":{"@id":"https:\/\/www.nettali.com\/2025\/09\/12\/tentative-de-coup-detat-lancien-president-jair-bolsonaro-condamne-a-27-ans\/#breadcrumb"},"inLanguage":"fr-FR","potentialAction":[{"@type":"ReadAction","target":["https:\/\/www.nettali.com\/2025\/09\/12\/tentative-de-coup-detat-lancien-president-jair-bolsonaro-condamne-a-27-ans\/"]}]},{"@type":"BreadcrumbList","@id":"https:\/\/www.nettali.com\/2025\/09\/12\/tentative-de-coup-detat-lancien-president-jair-bolsonaro-condamne-a-27-ans\/#breadcrumb","itemListElement":[{"@type":"ListItem","position":1,"name":"Accueil","item":"https:\/\/www.nettali.com\/"},{"@type":"ListItem","position":2,"name":"TENTATIVE DE COUP D'ETAT - L'ancien Pr\u00e9sident, Jair Bolsonaro, condamn\u00e9 \u00e0 27 ans"}]},{"@type":"Person","@id":"https:\/\/www.nettali.com\/#\/schema\/person\/3317e0bb3aa1da309fbf7b2780901bf4","name":"Daouda","image":{"@type":"ImageObject","@id":"https:\/\/www.nettali.com\/#personlogo","inLanguage":"fr-FR","url":"https:\/\/secure.gravatar.com\/avatar\/8d143b5a49345098ddcfee1c49c2f47c?s=96&d=mm&r=g","contentUrl":"https:\/\/secure.gravatar.com\/avatar\/8d143b5a49345098ddcfee1c49c2f47c?s=96&d=mm&r=g","caption":"Daouda"},"sameAs":["https:\/\/www.nettali.com"]}]}},"_links":{"self":[{"href":"https:\/\/www.nettali.com\/rest\/wp\/v2\/posts\/161108"}],"collection":[{"href":"https:\/\/www.nettali.com\/rest\/wp\/v2\/posts"}],"about":[{"href":"https:\/\/www.nettali.com\/rest\/wp\/v2\/types\/post"}],"author":[{"embeddable":true,"href":"https:\/\/www.nettali.com\/rest\/wp\/v2\/users\/4"}],"replies":[{"embeddable":true,"href":"https:\/\/www.nettali.com\/rest\/wp\/v2\/comments?post=161108"}],"version-history":[{"count":1,"href":"https:\/\/www.nettali.com\/rest\/wp\/v2\/posts\/161108\/revisions"}],"predecessor-version":[{"id":161113,"href":"https:\/\/www.nettali.com\/rest\/wp\/v2\/posts\/161108\/revisions\/161113"}],"wp:featuredmedia":[{"embeddable":true,"href":"https:\/\/www.nettali.com\/rest\/wp\/v2\/media\/161112"}],"wp:attachment":[{"href":"https:\/\/www.nettali.com\/rest\/wp\/v2\/media?parent=161108"}],"wp:term":[{"taxonomy":"category","embeddable":true,"href":"https:\/\/www.nettali.com\/rest\/wp\/v2\/categories?post=161108"},{"taxonomy":"post_tag","embeddable":true,"href":"https:\/\/www.nettali.com\/rest\/wp\/v2\/tags?post=161108"}],"curies":[{"name":"wp","href":"https:\/\/api.w.org\/{rel}","templated":true}]}}