{"id":161107,"date":"2025-09-12T09:13:06","date_gmt":"2025-09-12T09:13:06","guid":{"rendered":"https:\/\/www.nettali.com\/?p=161107"},"modified":"2025-09-12T09:13:06","modified_gmt":"2025-09-12T09:13:06","slug":"reamenagement-du-gouvernement-le-fdr-denonce-un-projet-liberticide-et-appelle-a-la-mobilisation","status":"publish","type":"post","link":"https:\/\/www.nettali.com\/2025\/09\/12\/reamenagement-du-gouvernement-le-fdr-denonce-un-projet-liberticide-et-appelle-a-la-mobilisation\/","title":{"rendered":"R\u00c9AM\u00c9NAGEMENT DU GOUVERNEMENT - Le FDR d\u00e9nonce un \"projet liberticide\" et appelle \u00e0 la mobilisation"},"content":{"rendered":"<p><strong>NETTALI.COM -<\/strong> Le Front pour la d\u00e9fense de la d\u00e9mocratie et de la R\u00e9publique (FDR) a exprim\u00e9, dans un communiqu\u00e9 rendu public, sa profonde d\u00e9ception face au r\u00e9am\u00e9nagement gouvernemental annonc\u00e9 le 6 septembre 2025. Selon le mouvement, ces changements \u201c<em>n\u2019envoient aucun signal positif<\/em>\u201d en mati\u00e8re de r\u00e9ponses aux pr\u00e9occupations quotidiennes des S\u00e9n\u00e9galais.<\/p>\n<p>Le FDR estime que le nouveau gouvernement ne prend pas en charge les v\u00e9ritables probl\u00e8mes que rencontrent les citoyens, notamment les inondations, la hausse des prix, les licenciements et, plus g\u00e9n\u00e9ralement, le blocage de l\u2019\u00e9conomie nationale.<\/p>\n<p>Le communiqu\u00e9 souligne qu\u201d\u2019<em>aucune disposition<\/em>\u201d issue du r\u00e9am\u00e9nagement ne traduit une volont\u00e9 de trouver des solutions \u00e0 ces difficult\u00e9s grandissantes.<\/p>\n<p>Pour le FDR, ce r\u00e9am\u00e9nagement n\u2019a \u00e9t\u00e9 qu\u2019un acte \u201c<em>purement politicien<\/em>\u201d, destin\u00e9 \u00e0 consolider ce qu\u2019il qualifie de projet d\u2019institutionnalisation de l\u2019\u00c9tat-Sonko, pr\u00e9sent\u00e9 comme une d\u00e9rive vers un \u201cparti\u00c9tat\u201d.<\/p>\n<p>Les changements intervenus au sein des minist\u00e8res de la Justice et de l\u2019Int\u00e9rieur sont, selon le mouvement, annonciateurs d\u2019une \u201c<em>radicalisation de la politique de pers\u00e9cution des opposants<\/em>\u201d, appliqu\u00e9e depuis plus de quinze mois. Le FDR accuse le pouvoir en place de vouloir affaiblir les lois prot\u00e9geant les libert\u00e9s et l\u2019ind\u00e9pendance de la justice, afin de contr\u00f4ler le fichier \u00e9lectoral, la validation des candidatures, l\u2019organisation des \u00e9lections et m\u00eame le traitement des recours judiciaires. Une situation qualifi\u00e9e de \u201crecul d\u00e9mocratique\u201d et de menace pour les libert\u00e9s publiques.<\/p>\n<p>Face \u00e0 ce qu\u2019il consid\u00e8re comme une d\u00e9rive liberticide et antid\u00e9mocratique, le FDR appelle les S\u00e9n\u00e9galais \u00e0 se mobiliser pour obtenir le retrait des mesures antisociales du Plan de redressement \u00e9conomique et social, notamment la hausse du co\u00fbt de l\u2019\u00e9nergie et la taxation du mobile money, la cr\u00e9ation d\u2019un organe consensuel de gestion des \u00e9lections, l\u2019adoption d\u2019une loi consensuelle sur les partis politiques, le respect des d\u00e9cisions de justice, y compris celles du Conseil constitutionnel et des juridictions ordinaires, l\u2019arr\u00eat du \u201charc\u00e8lement judiciaire\u201d contre les opposants, journalistes et voix critiques, la lib\u00e9ration imm\u00e9diate et inconditionnelle des prisonniers politiques et d\u2019opinion.<\/p>\n<p>Le FDR appelle \u00e0 la constitution de comit\u00e9s d\u2019organisation unitaires dans les communes, d\u00e9partements et r\u00e9gions, afin de coordonner la r\u00e9sistance avec l\u2019ensemble des forces vives. D\u00e8s le mois prochain, le mouvement pr\u00e9voit d\u2019organiser des manifestations populaires \u00e0 Dakar, pour d\u00e9noncer ce qu\u2019il consid\u00e8re comme des \u201c<em>agressions antisociales et antid\u00e9mocratiques<\/em>\u201d.<\/p>\n<p>Le communiqu\u00e9 conclut en appelant au rassemblement g\u00e9n\u00e9ral, dans les quartiers comme dans les villages, afin de \u201c<em>stopper une d\u00e9rive nourrie par l\u2019incomp\u00e9tence<\/em>\u201d et de pr\u00e9server la d\u00e9mocratie s\u00e9n\u00e9galaise.<\/p>\n<div class='share-to-whatsapp-wrapper'><div class='share-on-whsp'>PARTAGER SUR : <\/div><a data-text='R\u00c9AM\u00c9NAGEMENT DU GOUVERNEMENT - Le FDR d\u00e9nonce un \"projet liberticide\" et appelle \u00e0 la mobilisation' data-link='https:\/\/www.nettali.com\/2025\/09\/12\/reamenagement-du-gouvernement-le-fdr-denonce-un-projet-liberticide-et-appelle-a-la-mobilisation\/' class='whatsapp-button whatsapp-share'>WhatsApp<\/a><div class='clear '><\/div><\/div>","protected":false},"excerpt":{"rendered":"<p>NETTALI.COM - Le Front pour la d\u00e9fense de la d\u00e9mocratie et de la R\u00e9publique (FDR) a exprim\u00e9, dans un communiqu\u00e9 rendu public, sa profonde d\u00e9ception face au r\u00e9am\u00e9nagement gouvernemental annonc\u00e9 le 6 septembre 2025. Selon le mouvement, ces changements \u201cn\u2019envoient aucun signal positif\u201d en mati\u00e8re de r\u00e9ponses aux pr\u00e9occupations quotidiennes des S\u00e9n\u00e9galais. Le FDR estime [&hellip;]<\/p>\n","protected":false},"author":2,"featured_media":161109,"comment_status":"open","ping_status":"open","sticky":false,"template":"","format":"standard","meta":{"_et_pb_use_builder":"","_et_pb_old_content":""},"categories":[2],"tags":[],"yoast_head":"<!-- This site is optimized with the Yoast SEO Premium plugin v17.8 (Yoast SEO v17.8) - https:\/\/yoast.com\/wordpress\/plugins\/seo\/ -->\n<title>R\u00c9AM\u00c9NAGEMENT DU GOUVERNEMENT - Le FDR d\u00e9nonce un &quot;projet liberticide&quot; et appelle \u00e0 la mobilisation | Nettali.com<\/title>\n<meta name=\"robots\" content=\"index, follow, max-snippet:-1, max-image-preview:large, max-video-preview:-1\" \/>\n<link rel=\"canonical\" href=\"https:\/\/www.nettali.com\/2025\/09\/12\/reamenagement-du-gouvernement-le-fdr-denonce-un-projet-liberticide-et-appelle-a-la-mobilisation\/\" \/>\n<meta property=\"og:locale\" content=\"fr_FR\" \/>\n<meta property=\"og:type\" content=\"article\" \/>\n<meta property=\"og:title\" content=\"R\u00c9AM\u00c9NAGEMENT DU GOUVERNEMENT - Le FDR d\u00e9nonce un &quot;projet liberticide&quot; et appelle \u00e0 la mobilisation\" \/>\n<meta property=\"og:description\" content=\"NETTALI.COM - Le Front pour la d\u00e9fense de la d\u00e9mocratie et de la R\u00e9publique (FDR) a exprim\u00e9, dans un communiqu\u00e9 rendu public, sa profonde d\u00e9ception face au r\u00e9am\u00e9nagement gouvernemental annonc\u00e9 le 6 septembre 2025. Selon le mouvement, ces changements \u201cn\u2019envoient aucun signal positif\u201d en mati\u00e8re de r\u00e9ponses aux pr\u00e9occupations quotidiennes des S\u00e9n\u00e9galais. Le FDR estime [&hellip;]\" \/>\n<meta property=\"og:url\" content=\"https:\/\/www.nettali.com\/2025\/09\/12\/reamenagement-du-gouvernement-le-fdr-denonce-un-projet-liberticide-et-appelle-a-la-mobilisation\/\" \/>\n<meta property=\"og:site_name\" content=\"Nettali.com\" \/>\n<meta property=\"article:publisher\" content=\"https:\/\/www.facebook.com\/nettalicom\" \/>\n<meta property=\"article:published_time\" content=\"2025-09-12T09:13:06+00:00\" \/>\n<meta property=\"og:image\" content=\"https:\/\/www.nettali.com\/wp-content\/uploads\/2025\/09\/86359735-61441815.jpg\" \/>\n\t<meta property=\"og:image:width\" content=\"2048\" \/>\n\t<meta property=\"og:image:height\" content=\"1152\" \/>\n<meta name=\"twitter:card\" content=\"summary_large_image\" \/>\n<meta name=\"twitter:label1\" content=\"\u00c9crit par\" \/>\n\t<meta name=\"twitter:data1\" content=\"CK\" \/>\n\t<meta name=\"twitter:label2\" content=\"Dur\u00e9e de lecture estim\u00e9e\" \/>\n\t<meta name=\"twitter:data2\" content=\"3 minutes\" \/>\n<script type=\"application\/ld+json\" class=\"yoast-schema-graph\">{\"@context\":\"https:\/\/schema.org\",\"@graph\":[{\"@type\":\"WebSite\",\"@id\":\"https:\/\/www.nettali.com\/#website\",\"url\":\"https:\/\/www.nettali.com\/\",\"name\":\"Nettali.com\",\"description\":\"Le rendez-vous critique du Net\",\"potentialAction\":[{\"@type\":\"SearchAction\",\"target\":{\"@type\":\"EntryPoint\",\"urlTemplate\":\"https:\/\/www.nettali.com\/?s={search_term_string}\"},\"query-input\":\"required name=search_term_string\"}],\"inLanguage\":\"fr-FR\"},{\"@type\":\"ImageObject\",\"@id\":\"https:\/\/www.nettali.com\/2025\/09\/12\/reamenagement-du-gouvernement-le-fdr-denonce-un-projet-liberticide-et-appelle-a-la-mobilisation\/#primaryimage\",\"inLanguage\":\"fr-FR\",\"url\":\"https:\/\/www.nettali.com\/wp-content\/uploads\/2025\/09\/86359735-61441815.jpg\",\"contentUrl\":\"https:\/\/www.nettali.com\/wp-content\/uploads\/2025\/09\/86359735-61441815.jpg\",\"width\":2048,\"height\":1152},{\"@type\":\"WebPage\",\"@id\":\"https:\/\/www.nettali.com\/2025\/09\/12\/reamenagement-du-gouvernement-le-fdr-denonce-un-projet-liberticide-et-appelle-a-la-mobilisation\/#webpage\",\"url\":\"https:\/\/www.nettali.com\/2025\/09\/12\/reamenagement-du-gouvernement-le-fdr-denonce-un-projet-liberticide-et-appelle-a-la-mobilisation\/\",\"name\":\"R\\u00c9AM\\u00c9NAGEMENT DU GOUVERNEMENT - Le FDR d\\u00e9nonce un \\\"projet liberticide\\\" et appelle \\u00e0 la mobilisation | Nettali.com\",\"isPartOf\":{\"@id\":\"https:\/\/www.nettali.com\/#website\"},\"primaryImageOfPage\":{\"@id\":\"https:\/\/www.nettali.com\/2025\/09\/12\/reamenagement-du-gouvernement-le-fdr-denonce-un-projet-liberticide-et-appelle-a-la-mobilisation\/#primaryimage\"},\"datePublished\":\"2025-09-12T09:13:06+00:00\",\"dateModified\":\"2025-09-12T09:13:06+00:00\",\"author\":{\"@id\":\"https:\/\/www.nettali.com\/#\/schema\/person\/d8ac7b7e27ddad43f1c0d2ef090d7f71\"},\"breadcrumb\":{\"@id\":\"https:\/\/www.nettali.com\/2025\/09\/12\/reamenagement-du-gouvernement-le-fdr-denonce-un-projet-liberticide-et-appelle-a-la-mobilisation\/#breadcrumb\"},\"inLanguage\":\"fr-FR\",\"potentialAction\":[{\"@type\":\"ReadAction\",\"target\":[\"https:\/\/www.nettali.com\/2025\/09\/12\/reamenagement-du-gouvernement-le-fdr-denonce-un-projet-liberticide-et-appelle-a-la-mobilisation\/\"]}]},{\"@type\":\"BreadcrumbList\",\"@id\":\"https:\/\/www.nettali.com\/2025\/09\/12\/reamenagement-du-gouvernement-le-fdr-denonce-un-projet-liberticide-et-appelle-a-la-mobilisation\/#breadcrumb\",\"itemListElement\":[{\"@type\":\"ListItem\",\"position\":1,\"name\":\"Accueil\",\"item\":\"https:\/\/www.nettali.com\/\"},{\"@type\":\"ListItem\",\"position\":2,\"name\":\"R\\u00c9AM\\u00c9NAGEMENT DU GOUVERNEMENT - Le FDR d\\u00e9nonce un \\\"projet liberticide\\\" et appelle \\u00e0 la mobilisation\"}]},{\"@type\":\"Person\",\"@id\":\"https:\/\/www.nettali.com\/#\/schema\/person\/d8ac7b7e27ddad43f1c0d2ef090d7f71\",\"name\":\"CK\",\"image\":{\"@type\":\"ImageObject\",\"@id\":\"https:\/\/www.nettali.com\/#personlogo\",\"inLanguage\":\"fr-FR\",\"url\":\"https:\/\/secure.gravatar.com\/avatar\/1d8d5118b9327d94da7cd4ce7f17fec2?s=96&d=mm&r=g\",\"contentUrl\":\"https:\/\/secure.gravatar.com\/avatar\/1d8d5118b9327d94da7cd4ce7f17fec2?s=96&d=mm&r=g\",\"caption\":\"CK\"},\"sameAs\":[\"https:\/\/www.nettali.com\"]}]}<\/script>\n<!-- \/ Yoast SEO Premium plugin. -->","yoast_head_json":{"title":"R\u00c9AM\u00c9NAGEMENT DU GOUVERNEMENT - Le FDR d\u00e9nonce un \"projet liberticide\" et appelle \u00e0 la mobilisation | Nettali.com","robots":{"index":"index","follow":"follow","max-snippet":"max-snippet:-1","max-image-preview":"max-image-preview:large","max-video-preview":"max-video-preview:-1"},"canonical":"https:\/\/www.nettali.com\/2025\/09\/12\/reamenagement-du-gouvernement-le-fdr-denonce-un-projet-liberticide-et-appelle-a-la-mobilisation\/","og_locale":"fr_FR","og_type":"article","og_title":"R\u00c9AM\u00c9NAGEMENT DU GOUVERNEMENT - Le FDR d\u00e9nonce un \"projet liberticide\" et appelle \u00e0 la mobilisation","og_description":"NETTALI.COM - Le Front pour la d\u00e9fense de la d\u00e9mocratie et de la R\u00e9publique (FDR) a exprim\u00e9, dans un communiqu\u00e9 rendu public, sa profonde d\u00e9ception face au r\u00e9am\u00e9nagement gouvernemental annonc\u00e9 le 6 septembre 2025. Selon le mouvement, ces changements \u201cn\u2019envoient aucun signal positif\u201d en mati\u00e8re de r\u00e9ponses aux pr\u00e9occupations quotidiennes des S\u00e9n\u00e9galais. Le FDR estime [&hellip;]","og_url":"https:\/\/www.nettali.com\/2025\/09\/12\/reamenagement-du-gouvernement-le-fdr-denonce-un-projet-liberticide-et-appelle-a-la-mobilisation\/","og_site_name":"Nettali.com","article_publisher":"https:\/\/www.facebook.com\/nettalicom","article_published_time":"2025-09-12T09:13:06+00:00","og_image":[{"width":2048,"height":1152,"url":"https:\/\/www.nettali.com\/wp-content\/uploads\/2025\/09\/86359735-61441815.jpg","type":"image\/jpeg"}],"twitter_card":"summary_large_image","twitter_misc":{"\u00c9crit par":"CK","Dur\u00e9e de lecture estim\u00e9e":"3 minutes"},"schema":{"@context":"https:\/\/schema.org","@graph":[{"@type":"WebSite","@id":"https:\/\/www.nettali.com\/#website","url":"https:\/\/www.nettali.com\/","name":"Nettali.com","description":"Le rendez-vous critique du Net","potentialAction":[{"@type":"SearchAction","target":{"@type":"EntryPoint","urlTemplate":"https:\/\/www.nettali.com\/?s={search_term_string}"},"query-input":"required name=search_term_string"}],"inLanguage":"fr-FR"},{"@type":"ImageObject","@id":"https:\/\/www.nettali.com\/2025\/09\/12\/reamenagement-du-gouvernement-le-fdr-denonce-un-projet-liberticide-et-appelle-a-la-mobilisation\/#primaryimage","inLanguage":"fr-FR","url":"https:\/\/www.nettali.com\/wp-content\/uploads\/2025\/09\/86359735-61441815.jpg","contentUrl":"https:\/\/www.nettali.com\/wp-content\/uploads\/2025\/09\/86359735-61441815.jpg","width":2048,"height":1152},{"@type":"WebPage","@id":"https:\/\/www.nettali.com\/2025\/09\/12\/reamenagement-du-gouvernement-le-fdr-denonce-un-projet-liberticide-et-appelle-a-la-mobilisation\/#webpage","url":"https:\/\/www.nettali.com\/2025\/09\/12\/reamenagement-du-gouvernement-le-fdr-denonce-un-projet-liberticide-et-appelle-a-la-mobilisation\/","name":"R\u00c9AM\u00c9NAGEMENT DU GOUVERNEMENT - Le FDR d\u00e9nonce un \"projet liberticide\" et appelle \u00e0 la mobilisation | Nettali.com","isPartOf":{"@id":"https:\/\/www.nettali.com\/#website"},"primaryImageOfPage":{"@id":"https:\/\/www.nettali.com\/2025\/09\/12\/reamenagement-du-gouvernement-le-fdr-denonce-un-projet-liberticide-et-appelle-a-la-mobilisation\/#primaryimage"},"datePublished":"2025-09-12T09:13:06+00:00","dateModified":"2025-09-12T09:13:06+00:00","author":{"@id":"https:\/\/www.nettali.com\/#\/schema\/person\/d8ac7b7e27ddad43f1c0d2ef090d7f71"},"breadcrumb":{"@id":"https:\/\/www.nettali.com\/2025\/09\/12\/reamenagement-du-gouvernement-le-fdr-denonce-un-projet-liberticide-et-appelle-a-la-mobilisation\/#breadcrumb"},"inLanguage":"fr-FR","potentialAction":[{"@type":"ReadAction","target":["https:\/\/www.nettali.com\/2025\/09\/12\/reamenagement-du-gouvernement-le-fdr-denonce-un-projet-liberticide-et-appelle-a-la-mobilisation\/"]}]},{"@type":"BreadcrumbList","@id":"https:\/\/www.nettali.com\/2025\/09\/12\/reamenagement-du-gouvernement-le-fdr-denonce-un-projet-liberticide-et-appelle-a-la-mobilisation\/#breadcrumb","itemListElement":[{"@type":"ListItem","position":1,"name":"Accueil","item":"https:\/\/www.nettali.com\/"},{"@type":"ListItem","position":2,"name":"R\u00c9AM\u00c9NAGEMENT DU GOUVERNEMENT - Le FDR d\u00e9nonce un \"projet liberticide\" et appelle \u00e0 la mobilisation"}]},{"@type":"Person","@id":"https:\/\/www.nettali.com\/#\/schema\/person\/d8ac7b7e27ddad43f1c0d2ef090d7f71","name":"CK","image":{"@type":"ImageObject","@id":"https:\/\/www.nettali.com\/#personlogo","inLanguage":"fr-FR","url":"https:\/\/secure.gravatar.com\/avatar\/1d8d5118b9327d94da7cd4ce7f17fec2?s=96&d=mm&r=g","contentUrl":"https:\/\/secure.gravatar.com\/avatar\/1d8d5118b9327d94da7cd4ce7f17fec2?s=96&d=mm&r=g","caption":"CK"},"sameAs":["https:\/\/www.nettali.com"]}]}},"_links":{"self":[{"href":"https:\/\/www.nettali.com\/rest\/wp\/v2\/posts\/161107"}],"collection":[{"href":"https:\/\/www.nettali.com\/rest\/wp\/v2\/posts"}],"about":[{"href":"https:\/\/www.nettali.com\/rest\/wp\/v2\/types\/post"}],"author":[{"embeddable":true,"href":"https:\/\/www.nettali.com\/rest\/wp\/v2\/users\/2"}],"replies":[{"embeddable":true,"href":"https:\/\/www.nettali.com\/rest\/wp\/v2\/comments?post=161107"}],"version-history":[{"count":1,"href":"https:\/\/www.nettali.com\/rest\/wp\/v2\/posts\/161107\/revisions"}],"predecessor-version":[{"id":161110,"href":"https:\/\/www.nettali.com\/rest\/wp\/v2\/posts\/161107\/revisions\/161110"}],"wp:featuredmedia":[{"embeddable":true,"href":"https:\/\/www.nettali.com\/rest\/wp\/v2\/media\/161109"}],"wp:attachment":[{"href":"https:\/\/www.nettali.com\/rest\/wp\/v2\/media?parent=161107"}],"wp:term":[{"taxonomy":"category","embeddable":true,"href":"https:\/\/www.nettali.com\/rest\/wp\/v2\/categories?post=161107"},{"taxonomy":"post_tag","embeddable":true,"href":"https:\/\/www.nettali.com\/rest\/wp\/v2\/tags?post=161107"}],"curies":[{"name":"wp","href":"https:\/\/api.w.org\/{rel}","templated":true}]}}