{"id":161103,"date":"2025-09-12T07:23:04","date_gmt":"2025-09-12T07:23:04","guid":{"rendered":"https:\/\/www.nettali.com\/?p=161103"},"modified":"2025-09-13T08:49:53","modified_gmt":"2025-09-13T08:49:53","slug":"liberation-de-farba-ngom-pour-raison-medicale-le-juge-oppose-son-veto-et-ordonne-son-transfert-au-pavillon-special","status":"publish","type":"post","link":"https:\/\/www.nettali.com\/2025\/09\/12\/liberation-de-farba-ngom-pour-raison-medicale-le-juge-oppose-son-veto-et-ordonne-son-transfert-au-pavillon-special\/","title":{"rendered":"LIB\u00c9RATION DE FARBA NGOM POUR \"RAISON M\u00c9DICALE\" - Le juge oppose son veto et ordonne son transfert au Pavillon sp\u00e9cial"},"content":{"rendered":"<p data-start=\"196\" data-end=\"533\"><strong>NETTALI.COM - La demande de mise en libert\u00e9 formul\u00e9e par les avocats de Farba Ngom, ancien d\u00e9put\u00e9-maire des Agnam, pour des raisons m\u00e9dicales, a \u00e9t\u00e9 rejet\u00e9e par la justice. Le magistrat saisi du dossier a en effet estim\u00e9 que l\u2019\u00e9tat de sant\u00e9 de l\u2019ex-parlementaire, bien que n\u00e9cessitant un suivi, ne justifiait pas une remise en libert\u00e9 imm\u00e9diate.<\/strong><\/p>\n<p data-start=\"564\" data-end=\"891\">Selon des sources proches du dossier, la d\u00e9fense de Farba Ngom avait plaid\u00e9 que son client souffrait de pathologies s\u00e9rieuses qui n\u00e9cessitaient un traitement en dehors du cadre carc\u00e9ral. Mais le juge a oppos\u00e9 un refus ferme, arguant que les conditions de d\u00e9tention n\u2019emp\u00eachaient pas une prise en charge m\u00e9dicale ad\u00e9quate.<\/p>\n<p data-start=\"941\" data-end=\"1392\">Toutefois, le magistrat a pris acte des pr\u00e9occupations sanitaires soulev\u00e9es par les avocats de l\u2019ancien homme fort des Agnam. Il a ainsi ordonn\u00e9 son transfert au Pavillon sp\u00e9cial de l\u2019H\u00f4pital Aristide Le Dantec, une structure hospitali\u00e8re s\u00e9curis\u00e9e sp\u00e9cialement destin\u00e9e aux d\u00e9tenus malades.<br data-start=\"1236\" data-end=\"1239\" \/>Ce compromis vise, selon les observateurs, \u00e0 concilier les imp\u00e9ratifs de justice et les droits fondamentaux du d\u00e9tenu \u00e0 b\u00e9n\u00e9ficier de soins appropri\u00e9s.<\/p>\n<p data-start=\"1438\" data-end=\"1734\">Depuis son arrestation, plusieurs informations ont circul\u00e9 sur l\u2019\u00e9tat de sant\u00e9 de Farba Ngom, r\u00e9put\u00e9 fragile. Ses proches d\u00e9noncent une d\u00e9gradation rapide due aux conditions de d\u00e9tention, tandis que les autorit\u00e9s judiciaires assurent que son cas est suivi avec \u00ab toute l\u2019attention n\u00e9cessaire \u00bb.<\/p>\n<p data-start=\"1775\" data-end=\"2353\">La situation de Farba Ngom ne se limite pas au seul aspect m\u00e9dical. Figure politique influente, ancien griot attitr\u00e9 de l\u2019ex-pr\u00e9sident Macky Sall et acteur incontournable de la sc\u00e8ne locale dans la r\u00e9gion de Matam, son sort est scrut\u00e9 avec attention par ses partisans comme par ses adversaires.<br data-start=\"2069\" data-end=\"2072\" \/>Pour certains analystes, ce bras de fer judiciaire r\u00e9v\u00e8le les tensions entre le respect des droits des d\u00e9tenus et la volont\u00e9 affich\u00e9e des nouvelles autorit\u00e9s de marquer une rupture avec l\u2019impunit\u00e9 pr\u00e9sum\u00e9e dont jouissaient certaines personnalit\u00e9s politiques sous l\u2019ancien r\u00e9gime.<\/p>\n<p data-start=\"2377\" data-end=\"2688\">En attendant, Farba Ngom demeure sous mandat de d\u00e9p\u00f4t, mais dans des conditions qui devraient permettre un meilleur suivi m\u00e9dical. Son transfert au Pavillon sp\u00e9cial pourrait apaiser provisoirement les inqui\u00e9tudes de son entourage, sans clore pour autant le d\u00e9bat judiciaire et politique autour de son dossier.<\/p>\n<div class='share-to-whatsapp-wrapper'><div class='share-on-whsp'>PARTAGER SUR : <\/div><a data-text='LIB\u00c9RATION DE FARBA NGOM POUR \"RAISON M\u00c9DICALE\" - Le juge oppose son veto et ordonne son transfert au Pavillon sp\u00e9cial' data-link='https:\/\/www.nettali.com\/2025\/09\/12\/liberation-de-farba-ngom-pour-raison-medicale-le-juge-oppose-son-veto-et-ordonne-son-transfert-au-pavillon-special\/' class='whatsapp-button whatsapp-share'>WhatsApp<\/a><div class='clear '><\/div><\/div>","protected":false},"excerpt":{"rendered":"<p>NETTALI.COM - La demande de mise en libert\u00e9 formul\u00e9e par les avocats de Farba Ngom, ancien d\u00e9put\u00e9-maire des Agnam, pour des raisons m\u00e9dicales, a \u00e9t\u00e9 rejet\u00e9e par la justice. Le magistrat saisi du dossier a en effet estim\u00e9 que l\u2019\u00e9tat de sant\u00e9 de l\u2019ex-parlementaire, bien que n\u00e9cessitant un suivi, ne justifiait pas une remise en [&hellip;]<\/p>\n","protected":false},"author":4,"featured_media":99782,"comment_status":"open","ping_status":"open","sticky":false,"template":"","format":"standard","meta":{"_et_pb_use_builder":"","_et_pb_old_content":""},"categories":[3],"tags":[],"yoast_head":"<!-- This site is optimized with the Yoast SEO Premium plugin v17.8 (Yoast SEO v17.8) - https:\/\/yoast.com\/wordpress\/plugins\/seo\/ -->\n<title>LIB\u00c9RATION DE FARBA NGOM POUR &quot;RAISON M\u00c9DICALE&quot; - Le juge oppose son veto et ordonne son transfert au Pavillon sp\u00e9cial | Nettali.com<\/title>\n<meta name=\"robots\" content=\"index, follow, max-snippet:-1, max-image-preview:large, max-video-preview:-1\" \/>\n<link rel=\"canonical\" href=\"https:\/\/www.nettali.com\/2025\/09\/12\/liberation-de-farba-ngom-pour-raison-medicale-le-juge-oppose-son-veto-et-ordonne-son-transfert-au-pavillon-special\/\" \/>\n<meta property=\"og:locale\" content=\"fr_FR\" \/>\n<meta property=\"og:type\" content=\"article\" \/>\n<meta property=\"og:title\" content=\"LIB\u00c9RATION DE FARBA NGOM POUR &quot;RAISON M\u00c9DICALE&quot; - Le juge oppose son veto et ordonne son transfert au Pavillon sp\u00e9cial\" \/>\n<meta property=\"og:description\" content=\"NETTALI.COM - La demande de mise en libert\u00e9 formul\u00e9e par les avocats de Farba Ngom, ancien d\u00e9put\u00e9-maire des Agnam, pour des raisons m\u00e9dicales, a \u00e9t\u00e9 rejet\u00e9e par la justice. Le magistrat saisi du dossier a en effet estim\u00e9 que l\u2019\u00e9tat de sant\u00e9 de l\u2019ex-parlementaire, bien que n\u00e9cessitant un suivi, ne justifiait pas une remise en [&hellip;]\" \/>\n<meta property=\"og:url\" content=\"https:\/\/www.nettali.com\/2025\/09\/12\/liberation-de-farba-ngom-pour-raison-medicale-le-juge-oppose-son-veto-et-ordonne-son-transfert-au-pavillon-special\/\" \/>\n<meta property=\"og:site_name\" content=\"Nettali.com\" \/>\n<meta property=\"article:publisher\" content=\"https:\/\/www.facebook.com\/nettalicom\" \/>\n<meta property=\"article:published_time\" content=\"2025-09-12T07:23:04+00:00\" \/>\n<meta property=\"article:modified_time\" content=\"2025-09-13T08:49:53+00:00\" \/>\n<meta property=\"og:image\" content=\"https:\/\/www.nettali.com\/wp-content\/uploads\/2022\/12\/apr_farbangom_4_0.jpg\" \/>\n\t<meta property=\"og:image:width\" content=\"631\" \/>\n\t<meta property=\"og:image:height\" content=\"425\" \/>\n<meta name=\"twitter:card\" content=\"summary_large_image\" \/>\n<meta name=\"twitter:label1\" content=\"\u00c9crit par\" \/>\n\t<meta name=\"twitter:data1\" content=\"Daouda\" \/>\n\t<meta name=\"twitter:label2\" content=\"Dur\u00e9e de lecture estim\u00e9e\" \/>\n\t<meta name=\"twitter:data2\" content=\"2 minutes\" \/>\n<script type=\"application\/ld+json\" class=\"yoast-schema-graph\">{\"@context\":\"https:\/\/schema.org\",\"@graph\":[{\"@type\":\"WebSite\",\"@id\":\"https:\/\/www.nettali.com\/#website\",\"url\":\"https:\/\/www.nettali.com\/\",\"name\":\"Nettali.com\",\"description\":\"Le rendez-vous critique du Net\",\"potentialAction\":[{\"@type\":\"SearchAction\",\"target\":{\"@type\":\"EntryPoint\",\"urlTemplate\":\"https:\/\/www.nettali.com\/?s={search_term_string}\"},\"query-input\":\"required name=search_term_string\"}],\"inLanguage\":\"fr-FR\"},{\"@type\":\"ImageObject\",\"@id\":\"https:\/\/www.nettali.com\/2025\/09\/12\/liberation-de-farba-ngom-pour-raison-medicale-le-juge-oppose-son-veto-et-ordonne-son-transfert-au-pavillon-special\/#primaryimage\",\"inLanguage\":\"fr-FR\",\"url\":\"https:\/\/www.nettali.com\/wp-content\/uploads\/2022\/12\/apr_farbangom_4_0.jpg\",\"contentUrl\":\"https:\/\/www.nettali.com\/wp-content\/uploads\/2022\/12\/apr_farbangom_4_0.jpg\",\"width\":631,\"height\":425},{\"@type\":\"WebPage\",\"@id\":\"https:\/\/www.nettali.com\/2025\/09\/12\/liberation-de-farba-ngom-pour-raison-medicale-le-juge-oppose-son-veto-et-ordonne-son-transfert-au-pavillon-special\/#webpage\",\"url\":\"https:\/\/www.nettali.com\/2025\/09\/12\/liberation-de-farba-ngom-pour-raison-medicale-le-juge-oppose-son-veto-et-ordonne-son-transfert-au-pavillon-special\/\",\"name\":\"LIB\\u00c9RATION DE FARBA NGOM POUR \\\"RAISON M\\u00c9DICALE\\\" - Le juge oppose son veto et ordonne son transfert au Pavillon sp\\u00e9cial | Nettali.com\",\"isPartOf\":{\"@id\":\"https:\/\/www.nettali.com\/#website\"},\"primaryImageOfPage\":{\"@id\":\"https:\/\/www.nettali.com\/2025\/09\/12\/liberation-de-farba-ngom-pour-raison-medicale-le-juge-oppose-son-veto-et-ordonne-son-transfert-au-pavillon-special\/#primaryimage\"},\"datePublished\":\"2025-09-12T07:23:04+00:00\",\"dateModified\":\"2025-09-13T08:49:53+00:00\",\"author\":{\"@id\":\"https:\/\/www.nettali.com\/#\/schema\/person\/3317e0bb3aa1da309fbf7b2780901bf4\"},\"breadcrumb\":{\"@id\":\"https:\/\/www.nettali.com\/2025\/09\/12\/liberation-de-farba-ngom-pour-raison-medicale-le-juge-oppose-son-veto-et-ordonne-son-transfert-au-pavillon-special\/#breadcrumb\"},\"inLanguage\":\"fr-FR\",\"potentialAction\":[{\"@type\":\"ReadAction\",\"target\":[\"https:\/\/www.nettali.com\/2025\/09\/12\/liberation-de-farba-ngom-pour-raison-medicale-le-juge-oppose-son-veto-et-ordonne-son-transfert-au-pavillon-special\/\"]}]},{\"@type\":\"BreadcrumbList\",\"@id\":\"https:\/\/www.nettali.com\/2025\/09\/12\/liberation-de-farba-ngom-pour-raison-medicale-le-juge-oppose-son-veto-et-ordonne-son-transfert-au-pavillon-special\/#breadcrumb\",\"itemListElement\":[{\"@type\":\"ListItem\",\"position\":1,\"name\":\"Accueil\",\"item\":\"https:\/\/www.nettali.com\/\"},{\"@type\":\"ListItem\",\"position\":2,\"name\":\"LIB\\u00c9RATION DE FARBA NGOM POUR \\\"RAISON M\\u00c9DICALE\\\" - Le juge oppose son veto et ordonne son transfert au Pavillon sp\\u00e9cial\"}]},{\"@type\":\"Person\",\"@id\":\"https:\/\/www.nettali.com\/#\/schema\/person\/3317e0bb3aa1da309fbf7b2780901bf4\",\"name\":\"Daouda\",\"image\":{\"@type\":\"ImageObject\",\"@id\":\"https:\/\/www.nettali.com\/#personlogo\",\"inLanguage\":\"fr-FR\",\"url\":\"https:\/\/secure.gravatar.com\/avatar\/8d143b5a49345098ddcfee1c49c2f47c?s=96&d=mm&r=g\",\"contentUrl\":\"https:\/\/secure.gravatar.com\/avatar\/8d143b5a49345098ddcfee1c49c2f47c?s=96&d=mm&r=g\",\"caption\":\"Daouda\"},\"sameAs\":[\"https:\/\/www.nettali.com\"]}]}<\/script>\n<!-- \/ Yoast SEO Premium plugin. -->","yoast_head_json":{"title":"LIB\u00c9RATION DE FARBA NGOM POUR \"RAISON M\u00c9DICALE\" - Le juge oppose son veto et ordonne son transfert au Pavillon sp\u00e9cial | Nettali.com","robots":{"index":"index","follow":"follow","max-snippet":"max-snippet:-1","max-image-preview":"max-image-preview:large","max-video-preview":"max-video-preview:-1"},"canonical":"https:\/\/www.nettali.com\/2025\/09\/12\/liberation-de-farba-ngom-pour-raison-medicale-le-juge-oppose-son-veto-et-ordonne-son-transfert-au-pavillon-special\/","og_locale":"fr_FR","og_type":"article","og_title":"LIB\u00c9RATION DE FARBA NGOM POUR \"RAISON M\u00c9DICALE\" - Le juge oppose son veto et ordonne son transfert au Pavillon sp\u00e9cial","og_description":"NETTALI.COM - La demande de mise en libert\u00e9 formul\u00e9e par les avocats de Farba Ngom, ancien d\u00e9put\u00e9-maire des Agnam, pour des raisons m\u00e9dicales, a \u00e9t\u00e9 rejet\u00e9e par la justice. Le magistrat saisi du dossier a en effet estim\u00e9 que l\u2019\u00e9tat de sant\u00e9 de l\u2019ex-parlementaire, bien que n\u00e9cessitant un suivi, ne justifiait pas une remise en [&hellip;]","og_url":"https:\/\/www.nettali.com\/2025\/09\/12\/liberation-de-farba-ngom-pour-raison-medicale-le-juge-oppose-son-veto-et-ordonne-son-transfert-au-pavillon-special\/","og_site_name":"Nettali.com","article_publisher":"https:\/\/www.facebook.com\/nettalicom","article_published_time":"2025-09-12T07:23:04+00:00","article_modified_time":"2025-09-13T08:49:53+00:00","og_image":[{"width":631,"height":425,"url":"https:\/\/www.nettali.com\/wp-content\/uploads\/2022\/12\/apr_farbangom_4_0.jpg","type":"image\/jpeg"}],"twitter_card":"summary_large_image","twitter_misc":{"\u00c9crit par":"Daouda","Dur\u00e9e de lecture estim\u00e9e":"2 minutes"},"schema":{"@context":"https:\/\/schema.org","@graph":[{"@type":"WebSite","@id":"https:\/\/www.nettali.com\/#website","url":"https:\/\/www.nettali.com\/","name":"Nettali.com","description":"Le rendez-vous critique du Net","potentialAction":[{"@type":"SearchAction","target":{"@type":"EntryPoint","urlTemplate":"https:\/\/www.nettali.com\/?s={search_term_string}"},"query-input":"required name=search_term_string"}],"inLanguage":"fr-FR"},{"@type":"ImageObject","@id":"https:\/\/www.nettali.com\/2025\/09\/12\/liberation-de-farba-ngom-pour-raison-medicale-le-juge-oppose-son-veto-et-ordonne-son-transfert-au-pavillon-special\/#primaryimage","inLanguage":"fr-FR","url":"https:\/\/www.nettali.com\/wp-content\/uploads\/2022\/12\/apr_farbangom_4_0.jpg","contentUrl":"https:\/\/www.nettali.com\/wp-content\/uploads\/2022\/12\/apr_farbangom_4_0.jpg","width":631,"height":425},{"@type":"WebPage","@id":"https:\/\/www.nettali.com\/2025\/09\/12\/liberation-de-farba-ngom-pour-raison-medicale-le-juge-oppose-son-veto-et-ordonne-son-transfert-au-pavillon-special\/#webpage","url":"https:\/\/www.nettali.com\/2025\/09\/12\/liberation-de-farba-ngom-pour-raison-medicale-le-juge-oppose-son-veto-et-ordonne-son-transfert-au-pavillon-special\/","name":"LIB\u00c9RATION DE FARBA NGOM POUR \"RAISON M\u00c9DICALE\" - Le juge oppose son veto et ordonne son transfert au Pavillon sp\u00e9cial | Nettali.com","isPartOf":{"@id":"https:\/\/www.nettali.com\/#website"},"primaryImageOfPage":{"@id":"https:\/\/www.nettali.com\/2025\/09\/12\/liberation-de-farba-ngom-pour-raison-medicale-le-juge-oppose-son-veto-et-ordonne-son-transfert-au-pavillon-special\/#primaryimage"},"datePublished":"2025-09-12T07:23:04+00:00","dateModified":"2025-09-13T08:49:53+00:00","author":{"@id":"https:\/\/www.nettali.com\/#\/schema\/person\/3317e0bb3aa1da309fbf7b2780901bf4"},"breadcrumb":{"@id":"https:\/\/www.nettali.com\/2025\/09\/12\/liberation-de-farba-ngom-pour-raison-medicale-le-juge-oppose-son-veto-et-ordonne-son-transfert-au-pavillon-special\/#breadcrumb"},"inLanguage":"fr-FR","potentialAction":[{"@type":"ReadAction","target":["https:\/\/www.nettali.com\/2025\/09\/12\/liberation-de-farba-ngom-pour-raison-medicale-le-juge-oppose-son-veto-et-ordonne-son-transfert-au-pavillon-special\/"]}]},{"@type":"BreadcrumbList","@id":"https:\/\/www.nettali.com\/2025\/09\/12\/liberation-de-farba-ngom-pour-raison-medicale-le-juge-oppose-son-veto-et-ordonne-son-transfert-au-pavillon-special\/#breadcrumb","itemListElement":[{"@type":"ListItem","position":1,"name":"Accueil","item":"https:\/\/www.nettali.com\/"},{"@type":"ListItem","position":2,"name":"LIB\u00c9RATION DE FARBA NGOM POUR \"RAISON M\u00c9DICALE\" - Le juge oppose son veto et ordonne son transfert au Pavillon sp\u00e9cial"}]},{"@type":"Person","@id":"https:\/\/www.nettali.com\/#\/schema\/person\/3317e0bb3aa1da309fbf7b2780901bf4","name":"Daouda","image":{"@type":"ImageObject","@id":"https:\/\/www.nettali.com\/#personlogo","inLanguage":"fr-FR","url":"https:\/\/secure.gravatar.com\/avatar\/8d143b5a49345098ddcfee1c49c2f47c?s=96&d=mm&r=g","contentUrl":"https:\/\/secure.gravatar.com\/avatar\/8d143b5a49345098ddcfee1c49c2f47c?s=96&d=mm&r=g","caption":"Daouda"},"sameAs":["https:\/\/www.nettali.com"]}]}},"_links":{"self":[{"href":"https:\/\/www.nettali.com\/rest\/wp\/v2\/posts\/161103"}],"collection":[{"href":"https:\/\/www.nettali.com\/rest\/wp\/v2\/posts"}],"about":[{"href":"https:\/\/www.nettali.com\/rest\/wp\/v2\/types\/post"}],"author":[{"embeddable":true,"href":"https:\/\/www.nettali.com\/rest\/wp\/v2\/users\/4"}],"replies":[{"embeddable":true,"href":"https:\/\/www.nettali.com\/rest\/wp\/v2\/comments?post=161103"}],"version-history":[{"count":1,"href":"https:\/\/www.nettali.com\/rest\/wp\/v2\/posts\/161103\/revisions"}],"predecessor-version":[{"id":161104,"href":"https:\/\/www.nettali.com\/rest\/wp\/v2\/posts\/161103\/revisions\/161104"}],"wp:featuredmedia":[{"embeddable":true,"href":"https:\/\/www.nettali.com\/rest\/wp\/v2\/media\/99782"}],"wp:attachment":[{"href":"https:\/\/www.nettali.com\/rest\/wp\/v2\/media?parent=161103"}],"wp:term":[{"taxonomy":"category","embeddable":true,"href":"https:\/\/www.nettali.com\/rest\/wp\/v2\/categories?post=161103"},{"taxonomy":"post_tag","embeddable":true,"href":"https:\/\/www.nettali.com\/rest\/wp\/v2\/tags?post=161103"}],"curies":[{"name":"wp","href":"https:\/\/api.w.org\/{rel}","templated":true}]}}