{"id":161089,"date":"2025-09-11T00:31:16","date_gmt":"2025-09-11T00:31:16","guid":{"rendered":"https:\/\/www.nettali.com\/?p=161089"},"modified":"2025-09-11T23:33:46","modified_gmt":"2025-09-11T23:33:46","slug":"diourbel-le-tribunal-deboute-le-depute-cheikh-thioro-mbacke-dans-son-proces-contre-moussa-mbaye","status":"publish","type":"post","link":"https:\/\/www.nettali.com\/2025\/09\/11\/diourbel-le-tribunal-deboute-le-depute-cheikh-thioro-mbacke-dans-son-proces-contre-moussa-mbaye\/","title":{"rendered":"DIOURBEL - Le tribunal d\u00e9boute le d\u00e9put\u00e9 Cheikh Thioro Mback\u00e9 dans son proc\u00e8s contre Moussa Mbaye"},"content":{"rendered":"<p data-start=\"205\" data-end=\"445\"><strong>NETTALI.COM - Le Tribunal de grande instance de Diourbel a rendu son verdict ce jeudi 11 septembre 2025 dans l\u2019affaire opposant Serigne Cheikh Thioro Mback\u00e9, d\u00e9put\u00e9 et coordonnateur communal de Pastef \u00e0 Touba, \u00e0 Moussa Mbaye, militant de l\u2019APR.<\/strong><\/p>\n<p data-start=\"447\" data-end=\"597\">Le juge a prononc\u00e9 la relaxe pure et simple de Moussa Mbaye, estimant que les \u00e9l\u00e9ments du dossier ne permettaient pas de retenir sa culpabilit\u00e9.<\/p>\n<p data-start=\"641\" data-end=\"908\">\u00c0 la sortie de l\u2019audience, Me Serigne Diongue, avocat du pr\u00e9venu, s\u2019est f\u00e9licit\u00e9 de la d\u00e9cision du tribunal, affirmant que son client avait \u00e9t\u00e9 \u00ab arbitrairement arr\u00eat\u00e9, alors qu\u2019il n\u2019avait commis aucune infraction \u00bb. Moussa Mbaye avait comparu libre \u00e0 la barre.<\/p>\n<p data-start=\"937\" data-end=\"1205\">Pour rappel, le militant de l\u2019APR avait \u00e9t\u00e9 arr\u00eat\u00e9 en juillet dernier par la brigade de recherches de Touba, \u00e0 la suite d\u2019une plainte du d\u00e9put\u00e9 Cheikh Thioro Mback\u00e9.<br data-start=\"1102\" data-end=\"1105\" \/>Il lui \u00e9tait reproch\u00e9 des faits de diffamation, injures publiques et d\u00e9nonciation calomnieuse.<\/p>\n<p data-start=\"1207\" data-end=\"1394\">D\u00e9f\u00e9r\u00e9 devant le tribunal de Diourbel, Moussa Mbaye avait d\u2019abord \u00e9t\u00e9 plac\u00e9 sous mandat de d\u00e9p\u00f4t, avant de b\u00e9n\u00e9ficier d\u2019une libert\u00e9 provisoire apr\u00e8s le premier renvoi de son proc\u00e8s.<\/p>\n<p data-start=\"1437\" data-end=\"1579\">Ce jugement marque un tournant dans une affaire suivie de pr\u00e8s \u00e0 Touba, o\u00f9 les tensions entre militants de l\u2019APR et de Pastef restent vives.<\/p>\n<div class='share-to-whatsapp-wrapper'><div class='share-on-whsp'>PARTAGER SUR : <\/div><a data-text='DIOURBEL - Le tribunal d\u00e9boute le d\u00e9put\u00e9 Cheikh Thioro Mback\u00e9 dans son proc\u00e8s contre Moussa Mbaye' data-link='https:\/\/www.nettali.com\/2025\/09\/11\/diourbel-le-tribunal-deboute-le-depute-cheikh-thioro-mbacke-dans-son-proces-contre-moussa-mbaye\/' class='whatsapp-button whatsapp-share'>WhatsApp<\/a><div class='clear '><\/div><\/div>","protected":false},"excerpt":{"rendered":"<p>NETTALI.COM - Le Tribunal de grande instance de Diourbel a rendu son verdict ce jeudi 11 septembre 2025 dans l\u2019affaire opposant Serigne Cheikh Thioro Mback\u00e9, d\u00e9put\u00e9 et coordonnateur communal de Pastef \u00e0 Touba, \u00e0 Moussa Mbaye, militant de l\u2019APR. Le juge a prononc\u00e9 la relaxe pure et simple de Moussa Mbaye, estimant que les \u00e9l\u00e9ments [&hellip;]<\/p>\n","protected":false},"author":4,"featured_media":103858,"comment_status":"open","ping_status":"open","sticky":false,"template":"","format":"standard","meta":{"_et_pb_use_builder":"","_et_pb_old_content":""},"categories":[3],"tags":[],"yoast_head":"<!-- This site is optimized with the Yoast SEO Premium plugin v17.8 (Yoast SEO v17.8) - https:\/\/yoast.com\/wordpress\/plugins\/seo\/ -->\n<title>DIOURBEL - Le tribunal d\u00e9boute le d\u00e9put\u00e9 Cheikh Thioro Mback\u00e9 dans son proc\u00e8s contre Moussa Mbaye | Nettali.com<\/title>\n<meta name=\"robots\" content=\"index, follow, max-snippet:-1, max-image-preview:large, max-video-preview:-1\" \/>\n<link rel=\"canonical\" href=\"https:\/\/www.nettali.com\/2025\/09\/11\/diourbel-le-tribunal-deboute-le-depute-cheikh-thioro-mbacke-dans-son-proces-contre-moussa-mbaye\/\" \/>\n<meta property=\"og:locale\" content=\"fr_FR\" \/>\n<meta property=\"og:type\" content=\"article\" \/>\n<meta property=\"og:title\" content=\"DIOURBEL - Le tribunal d\u00e9boute le d\u00e9put\u00e9 Cheikh Thioro Mback\u00e9 dans son proc\u00e8s contre Moussa Mbaye\" \/>\n<meta property=\"og:description\" content=\"NETTALI.COM - Le Tribunal de grande instance de Diourbel a rendu son verdict ce jeudi 11 septembre 2025 dans l\u2019affaire opposant Serigne Cheikh Thioro Mback\u00e9, d\u00e9put\u00e9 et coordonnateur communal de Pastef \u00e0 Touba, \u00e0 Moussa Mbaye, militant de l\u2019APR. Le juge a prononc\u00e9 la relaxe pure et simple de Moussa Mbaye, estimant que les \u00e9l\u00e9ments [&hellip;]\" \/>\n<meta property=\"og:url\" content=\"https:\/\/www.nettali.com\/2025\/09\/11\/diourbel-le-tribunal-deboute-le-depute-cheikh-thioro-mbacke-dans-son-proces-contre-moussa-mbaye\/\" \/>\n<meta property=\"og:site_name\" content=\"Nettali.com\" \/>\n<meta property=\"article:publisher\" content=\"https:\/\/www.facebook.com\/nettalicom\" \/>\n<meta property=\"article:published_time\" content=\"2025-09-11T00:31:16+00:00\" \/>\n<meta property=\"article:modified_time\" content=\"2025-09-11T23:33:46+00:00\" \/>\n<meta property=\"og:image\" content=\"https:\/\/www.nettali.com\/wp-content\/uploads\/2023\/02\/Serigne-Cheikh-Thioro-Mbacke\u0301.jpeg\" \/>\n\t<meta property=\"og:image:width\" content=\"612\" \/>\n\t<meta property=\"og:image:height\" content=\"298\" \/>\n<meta name=\"twitter:card\" content=\"summary_large_image\" \/>\n<meta name=\"twitter:label1\" content=\"\u00c9crit par\" \/>\n\t<meta name=\"twitter:data1\" content=\"Daouda\" \/>\n\t<meta name=\"twitter:label2\" content=\"Dur\u00e9e de lecture estim\u00e9e\" \/>\n\t<meta name=\"twitter:data2\" content=\"2 minutes\" \/>\n<script type=\"application\/ld+json\" class=\"yoast-schema-graph\">{\"@context\":\"https:\/\/schema.org\",\"@graph\":[{\"@type\":\"WebSite\",\"@id\":\"https:\/\/www.nettali.com\/#website\",\"url\":\"https:\/\/www.nettali.com\/\",\"name\":\"Nettali.com\",\"description\":\"Le rendez-vous critique du Net\",\"potentialAction\":[{\"@type\":\"SearchAction\",\"target\":{\"@type\":\"EntryPoint\",\"urlTemplate\":\"https:\/\/www.nettali.com\/?s={search_term_string}\"},\"query-input\":\"required name=search_term_string\"}],\"inLanguage\":\"fr-FR\"},{\"@type\":\"ImageObject\",\"@id\":\"https:\/\/www.nettali.com\/2025\/09\/11\/diourbel-le-tribunal-deboute-le-depute-cheikh-thioro-mbacke-dans-son-proces-contre-moussa-mbaye\/#primaryimage\",\"inLanguage\":\"fr-FR\",\"url\":\"https:\/\/www.nettali.com\/wp-content\/uploads\/2023\/02\/Serigne-Cheikh-Thioro-Mbacke\\u0301.jpeg\",\"contentUrl\":\"https:\/\/www.nettali.com\/wp-content\/uploads\/2023\/02\/Serigne-Cheikh-Thioro-Mbacke\\u0301.jpeg\",\"width\":612,\"height\":298},{\"@type\":\"WebPage\",\"@id\":\"https:\/\/www.nettali.com\/2025\/09\/11\/diourbel-le-tribunal-deboute-le-depute-cheikh-thioro-mbacke-dans-son-proces-contre-moussa-mbaye\/#webpage\",\"url\":\"https:\/\/www.nettali.com\/2025\/09\/11\/diourbel-le-tribunal-deboute-le-depute-cheikh-thioro-mbacke-dans-son-proces-contre-moussa-mbaye\/\",\"name\":\"DIOURBEL - Le tribunal d\\u00e9boute le d\\u00e9put\\u00e9 Cheikh Thioro Mback\\u00e9 dans son proc\\u00e8s contre Moussa Mbaye | Nettali.com\",\"isPartOf\":{\"@id\":\"https:\/\/www.nettali.com\/#website\"},\"primaryImageOfPage\":{\"@id\":\"https:\/\/www.nettali.com\/2025\/09\/11\/diourbel-le-tribunal-deboute-le-depute-cheikh-thioro-mbacke-dans-son-proces-contre-moussa-mbaye\/#primaryimage\"},\"datePublished\":\"2025-09-11T00:31:16+00:00\",\"dateModified\":\"2025-09-11T23:33:46+00:00\",\"author\":{\"@id\":\"https:\/\/www.nettali.com\/#\/schema\/person\/3317e0bb3aa1da309fbf7b2780901bf4\"},\"breadcrumb\":{\"@id\":\"https:\/\/www.nettali.com\/2025\/09\/11\/diourbel-le-tribunal-deboute-le-depute-cheikh-thioro-mbacke-dans-son-proces-contre-moussa-mbaye\/#breadcrumb\"},\"inLanguage\":\"fr-FR\",\"potentialAction\":[{\"@type\":\"ReadAction\",\"target\":[\"https:\/\/www.nettali.com\/2025\/09\/11\/diourbel-le-tribunal-deboute-le-depute-cheikh-thioro-mbacke-dans-son-proces-contre-moussa-mbaye\/\"]}]},{\"@type\":\"BreadcrumbList\",\"@id\":\"https:\/\/www.nettali.com\/2025\/09\/11\/diourbel-le-tribunal-deboute-le-depute-cheikh-thioro-mbacke-dans-son-proces-contre-moussa-mbaye\/#breadcrumb\",\"itemListElement\":[{\"@type\":\"ListItem\",\"position\":1,\"name\":\"Accueil\",\"item\":\"https:\/\/www.nettali.com\/\"},{\"@type\":\"ListItem\",\"position\":2,\"name\":\"DIOURBEL - Le tribunal d\\u00e9boute le d\\u00e9put\\u00e9 Cheikh Thioro Mback\\u00e9 dans son proc\\u00e8s contre Moussa Mbaye\"}]},{\"@type\":\"Person\",\"@id\":\"https:\/\/www.nettali.com\/#\/schema\/person\/3317e0bb3aa1da309fbf7b2780901bf4\",\"name\":\"Daouda\",\"image\":{\"@type\":\"ImageObject\",\"@id\":\"https:\/\/www.nettali.com\/#personlogo\",\"inLanguage\":\"fr-FR\",\"url\":\"https:\/\/secure.gravatar.com\/avatar\/8d143b5a49345098ddcfee1c49c2f47c?s=96&d=mm&r=g\",\"contentUrl\":\"https:\/\/secure.gravatar.com\/avatar\/8d143b5a49345098ddcfee1c49c2f47c?s=96&d=mm&r=g\",\"caption\":\"Daouda\"},\"sameAs\":[\"https:\/\/www.nettali.com\"]}]}<\/script>\n<!-- \/ Yoast SEO Premium plugin. -->","yoast_head_json":{"title":"DIOURBEL - Le tribunal d\u00e9boute le d\u00e9put\u00e9 Cheikh Thioro Mback\u00e9 dans son proc\u00e8s contre Moussa Mbaye | Nettali.com","robots":{"index":"index","follow":"follow","max-snippet":"max-snippet:-1","max-image-preview":"max-image-preview:large","max-video-preview":"max-video-preview:-1"},"canonical":"https:\/\/www.nettali.com\/2025\/09\/11\/diourbel-le-tribunal-deboute-le-depute-cheikh-thioro-mbacke-dans-son-proces-contre-moussa-mbaye\/","og_locale":"fr_FR","og_type":"article","og_title":"DIOURBEL - Le tribunal d\u00e9boute le d\u00e9put\u00e9 Cheikh Thioro Mback\u00e9 dans son proc\u00e8s contre Moussa Mbaye","og_description":"NETTALI.COM - Le Tribunal de grande instance de Diourbel a rendu son verdict ce jeudi 11 septembre 2025 dans l\u2019affaire opposant Serigne Cheikh Thioro Mback\u00e9, d\u00e9put\u00e9 et coordonnateur communal de Pastef \u00e0 Touba, \u00e0 Moussa Mbaye, militant de l\u2019APR. Le juge a prononc\u00e9 la relaxe pure et simple de Moussa Mbaye, estimant que les \u00e9l\u00e9ments [&hellip;]","og_url":"https:\/\/www.nettali.com\/2025\/09\/11\/diourbel-le-tribunal-deboute-le-depute-cheikh-thioro-mbacke-dans-son-proces-contre-moussa-mbaye\/","og_site_name":"Nettali.com","article_publisher":"https:\/\/www.facebook.com\/nettalicom","article_published_time":"2025-09-11T00:31:16+00:00","article_modified_time":"2025-09-11T23:33:46+00:00","og_image":[{"width":612,"height":298,"url":"https:\/\/www.nettali.com\/wp-content\/uploads\/2023\/02\/Serigne-Cheikh-Thioro-Mbacke\u0301.jpeg","type":"image\/jpeg"}],"twitter_card":"summary_large_image","twitter_misc":{"\u00c9crit par":"Daouda","Dur\u00e9e de lecture estim\u00e9e":"2 minutes"},"schema":{"@context":"https:\/\/schema.org","@graph":[{"@type":"WebSite","@id":"https:\/\/www.nettali.com\/#website","url":"https:\/\/www.nettali.com\/","name":"Nettali.com","description":"Le rendez-vous critique du Net","potentialAction":[{"@type":"SearchAction","target":{"@type":"EntryPoint","urlTemplate":"https:\/\/www.nettali.com\/?s={search_term_string}"},"query-input":"required name=search_term_string"}],"inLanguage":"fr-FR"},{"@type":"ImageObject","@id":"https:\/\/www.nettali.com\/2025\/09\/11\/diourbel-le-tribunal-deboute-le-depute-cheikh-thioro-mbacke-dans-son-proces-contre-moussa-mbaye\/#primaryimage","inLanguage":"fr-FR","url":"https:\/\/www.nettali.com\/wp-content\/uploads\/2023\/02\/Serigne-Cheikh-Thioro-Mbacke\u0301.jpeg","contentUrl":"https:\/\/www.nettali.com\/wp-content\/uploads\/2023\/02\/Serigne-Cheikh-Thioro-Mbacke\u0301.jpeg","width":612,"height":298},{"@type":"WebPage","@id":"https:\/\/www.nettali.com\/2025\/09\/11\/diourbel-le-tribunal-deboute-le-depute-cheikh-thioro-mbacke-dans-son-proces-contre-moussa-mbaye\/#webpage","url":"https:\/\/www.nettali.com\/2025\/09\/11\/diourbel-le-tribunal-deboute-le-depute-cheikh-thioro-mbacke-dans-son-proces-contre-moussa-mbaye\/","name":"DIOURBEL - Le tribunal d\u00e9boute le d\u00e9put\u00e9 Cheikh Thioro Mback\u00e9 dans son proc\u00e8s contre Moussa Mbaye | Nettali.com","isPartOf":{"@id":"https:\/\/www.nettali.com\/#website"},"primaryImageOfPage":{"@id":"https:\/\/www.nettali.com\/2025\/09\/11\/diourbel-le-tribunal-deboute-le-depute-cheikh-thioro-mbacke-dans-son-proces-contre-moussa-mbaye\/#primaryimage"},"datePublished":"2025-09-11T00:31:16+00:00","dateModified":"2025-09-11T23:33:46+00:00","author":{"@id":"https:\/\/www.nettali.com\/#\/schema\/person\/3317e0bb3aa1da309fbf7b2780901bf4"},"breadcrumb":{"@id":"https:\/\/www.nettali.com\/2025\/09\/11\/diourbel-le-tribunal-deboute-le-depute-cheikh-thioro-mbacke-dans-son-proces-contre-moussa-mbaye\/#breadcrumb"},"inLanguage":"fr-FR","potentialAction":[{"@type":"ReadAction","target":["https:\/\/www.nettali.com\/2025\/09\/11\/diourbel-le-tribunal-deboute-le-depute-cheikh-thioro-mbacke-dans-son-proces-contre-moussa-mbaye\/"]}]},{"@type":"BreadcrumbList","@id":"https:\/\/www.nettali.com\/2025\/09\/11\/diourbel-le-tribunal-deboute-le-depute-cheikh-thioro-mbacke-dans-son-proces-contre-moussa-mbaye\/#breadcrumb","itemListElement":[{"@type":"ListItem","position":1,"name":"Accueil","item":"https:\/\/www.nettali.com\/"},{"@type":"ListItem","position":2,"name":"DIOURBEL - Le tribunal d\u00e9boute le d\u00e9put\u00e9 Cheikh Thioro Mback\u00e9 dans son proc\u00e8s contre Moussa Mbaye"}]},{"@type":"Person","@id":"https:\/\/www.nettali.com\/#\/schema\/person\/3317e0bb3aa1da309fbf7b2780901bf4","name":"Daouda","image":{"@type":"ImageObject","@id":"https:\/\/www.nettali.com\/#personlogo","inLanguage":"fr-FR","url":"https:\/\/secure.gravatar.com\/avatar\/8d143b5a49345098ddcfee1c49c2f47c?s=96&d=mm&r=g","contentUrl":"https:\/\/secure.gravatar.com\/avatar\/8d143b5a49345098ddcfee1c49c2f47c?s=96&d=mm&r=g","caption":"Daouda"},"sameAs":["https:\/\/www.nettali.com"]}]}},"_links":{"self":[{"href":"https:\/\/www.nettali.com\/rest\/wp\/v2\/posts\/161089"}],"collection":[{"href":"https:\/\/www.nettali.com\/rest\/wp\/v2\/posts"}],"about":[{"href":"https:\/\/www.nettali.com\/rest\/wp\/v2\/types\/post"}],"author":[{"embeddable":true,"href":"https:\/\/www.nettali.com\/rest\/wp\/v2\/users\/4"}],"replies":[{"embeddable":true,"href":"https:\/\/www.nettali.com\/rest\/wp\/v2\/comments?post=161089"}],"version-history":[{"count":1,"href":"https:\/\/www.nettali.com\/rest\/wp\/v2\/posts\/161089\/revisions"}],"predecessor-version":[{"id":161090,"href":"https:\/\/www.nettali.com\/rest\/wp\/v2\/posts\/161089\/revisions\/161090"}],"wp:featuredmedia":[{"embeddable":true,"href":"https:\/\/www.nettali.com\/rest\/wp\/v2\/media\/103858"}],"wp:attachment":[{"href":"https:\/\/www.nettali.com\/rest\/wp\/v2\/media?parent=161089"}],"wp:term":[{"taxonomy":"category","embeddable":true,"href":"https:\/\/www.nettali.com\/rest\/wp\/v2\/categories?post=161089"},{"taxonomy":"post_tag","embeddable":true,"href":"https:\/\/www.nettali.com\/rest\/wp\/v2\/tags?post=161089"}],"curies":[{"name":"wp","href":"https:\/\/api.w.org\/{rel}","templated":true}]}}