{"id":161087,"date":"2025-09-11T23:57:09","date_gmt":"2025-09-11T23:57:09","guid":{"rendered":"https:\/\/www.nettali.com\/?p=161087"},"modified":"2025-09-12T00:04:22","modified_gmt":"2025-09-12T00:04:22","slug":"assemblee-nationale-ouverture-lundi-dune-session-extraordinaire-consacree-aux-reformes-fiscales-et-au-code-des-investissements","status":"publish","type":"post","link":"https:\/\/www.nettali.com\/2025\/09\/11\/assemblee-nationale-ouverture-lundi-dune-session-extraordinaire-consacree-aux-reformes-fiscales-et-au-code-des-investissements\/","title":{"rendered":"ASSEMBL\u00c9E NATIONALE - Ouverture lundi d\u2019une session extraordinaire consacr\u00e9e aux r\u00e9formes fiscales et au Code des investissements"},"content":{"rendered":"<p data-start=\"245\" data-end=\"617\"><strong>NETTALI.COM - Les d\u00e9put\u00e9s s\u00e9n\u00e9galais se r\u00e9uniront \u00e0 partir de lundi pour l\u2019ouverture de la deuxi\u00e8me session extraordinaire de l\u2019ann\u00e9e. \u00c0 l\u2019ordre du jour figurent trois textes majeurs : le nouveau Code des investissements, la r\u00e9forme du Code g\u00e9n\u00e9ral des imp\u00f4ts et la r\u00e9vision de la redevance sur les t\u00e9l\u00e9communications (RUTEL), selon un communiqu\u00e9 de l\u2019Assembl\u00e9e nationale.<\/strong><\/p>\n<p data-start=\"676\" data-end=\"1083\">D\u00e8s la premi\u00e8re journ\u00e9e, pr\u00e9vue lundi \u00e0 10 heures, les parlementaires examineront le projet de loi portant Code des investissements, r\u00e9cemment adopt\u00e9 en Conseil des ministres.<br data-start=\"851\" data-end=\"854\" \/>Ce texte, selon Bakary S\u00e9ga Bathily, directeur g\u00e9n\u00e9ral de l\u2019APIX, vise \u00e0 \u00ab simplifier les proc\u00e9dures \u00bb et \u00e0 instaurer \u00ab un environnement des affaires plus comp\u00e9titif \u00bb, afin d\u2019attirer davantage d\u2019investissements au S\u00e9n\u00e9gal.<\/p>\n<p data-start=\"1134\" data-end=\"1607\">Un autre projet de loi soumis au vote porte sur la modification du Code g\u00e9n\u00e9ral des imp\u00f4ts, adopt\u00e9 initialement le 31 d\u00e9cembre 2012. Cette r\u00e9forme d\u00e9coule des travaux du comit\u00e9 de pilotage mis en place en mai dernier par le Premier ministre Ousmane Sonko.<br data-start=\"1397\" data-end=\"1400\" \/>Elle ambitionne de moderniser et simplifier le syst\u00e8me fiscal, d\u2019\u00e9largir l\u2019assiette sans relever les taux, et d\u2019int\u00e9grer les sp\u00e9cificit\u00e9s des secteurs \u00e9mergents, notamment l\u2019\u00e9conomie num\u00e9rique.<\/p>\n<p data-start=\"1645\" data-end=\"2227\">Les d\u00e9put\u00e9s se pencheront \u00e9galement sur la r\u00e9forme de la Redevance sur l\u2019acc\u00e8s ou l\u2019utilisation du r\u00e9seau des t\u00e9l\u00e9communications publiques (RUTEL), institu\u00e9e en 2008.<br data-start=\"1815\" data-end=\"1818\" \/>Fix\u00e9e d\u2019abord \u00e0 2 % du montant de TVA sur les communications, puis relev\u00e9e \u00e0 5 %, cette taxe avait \u00e9t\u00e9 supprim\u00e9e sous la pr\u00e9sidence de Macky Sall, en 2012.<br data-start=\"1977\" data-end=\"1980\" \/>Lors de sa d\u00e9claration de politique g\u00e9n\u00e9rale en d\u00e9cembre 2024, Ousmane Sonko avait d\u00e9nonc\u00e9 cette suppression comme un \u00ab cadeau fiscal \u00bb et rappel\u00e9 que la RUTEL pouvait g\u00e9n\u00e9rer 50 milliards de FCFA par an de recettes parafiscales pour l\u2019\u00c9tat.<\/p>\n<p data-start=\"2275\" data-end=\"2513\">Ces r\u00e9formes, inscrites dans le cadre du Plan de redressement \u00e9conomique et social (PRES), visent \u00e0 renforcer les capacit\u00e9s financi\u00e8res de l\u2019\u00c9tat, \u00e0 am\u00e9liorer la transparence et \u00e0 cr\u00e9er un cadre propice \u00e0 l\u2019investissement productif.<\/p>\n<div class='share-to-whatsapp-wrapper'><div class='share-on-whsp'>PARTAGER SUR : <\/div><a data-text='ASSEMBL\u00c9E NATIONALE - Ouverture lundi d\u2019une session extraordinaire consacr\u00e9e aux r\u00e9formes fiscales et au Code des investissements' data-link='https:\/\/www.nettali.com\/2025\/09\/11\/assemblee-nationale-ouverture-lundi-dune-session-extraordinaire-consacree-aux-reformes-fiscales-et-au-code-des-investissements\/' class='whatsapp-button whatsapp-share'>WhatsApp<\/a><div class='clear '><\/div><\/div>","protected":false},"excerpt":{"rendered":"<p>NETTALI.COM - Les d\u00e9put\u00e9s s\u00e9n\u00e9galais se r\u00e9uniront \u00e0 partir de lundi pour l\u2019ouverture de la deuxi\u00e8me session extraordinaire de l\u2019ann\u00e9e. \u00c0 l\u2019ordre du jour figurent trois textes majeurs : le nouveau Code des investissements, la r\u00e9forme du Code g\u00e9n\u00e9ral des imp\u00f4ts et la r\u00e9vision de la redevance sur les t\u00e9l\u00e9communications (RUTEL), selon un communiqu\u00e9 de [&hellip;]<\/p>\n","protected":false},"author":4,"featured_media":141215,"comment_status":"open","ping_status":"open","sticky":false,"template":"","format":"standard","meta":{"_et_pb_use_builder":"","_et_pb_old_content":""},"categories":[2],"tags":[],"yoast_head":"<!-- This site is optimized with the Yoast SEO Premium plugin v17.8 (Yoast SEO v17.8) - https:\/\/yoast.com\/wordpress\/plugins\/seo\/ -->\n<title>ASSEMBL\u00c9E NATIONALE - Ouverture lundi d\u2019une session extraordinaire consacr\u00e9e aux r\u00e9formes fiscales et au Code des investissements | Nettali.com<\/title>\n<meta name=\"robots\" content=\"index, follow, max-snippet:-1, max-image-preview:large, max-video-preview:-1\" \/>\n<link rel=\"canonical\" href=\"https:\/\/www.nettali.com\/2025\/09\/11\/assemblee-nationale-ouverture-lundi-dune-session-extraordinaire-consacree-aux-reformes-fiscales-et-au-code-des-investissements\/\" \/>\n<meta property=\"og:locale\" content=\"fr_FR\" \/>\n<meta property=\"og:type\" content=\"article\" \/>\n<meta property=\"og:title\" content=\"ASSEMBL\u00c9E NATIONALE - Ouverture lundi d\u2019une session extraordinaire consacr\u00e9e aux r\u00e9formes fiscales et au Code des investissements\" \/>\n<meta property=\"og:description\" content=\"NETTALI.COM - Les d\u00e9put\u00e9s s\u00e9n\u00e9galais se r\u00e9uniront \u00e0 partir de lundi pour l\u2019ouverture de la deuxi\u00e8me session extraordinaire de l\u2019ann\u00e9e. \u00c0 l\u2019ordre du jour figurent trois textes majeurs : le nouveau Code des investissements, la r\u00e9forme du Code g\u00e9n\u00e9ral des imp\u00f4ts et la r\u00e9vision de la redevance sur les t\u00e9l\u00e9communications (RUTEL), selon un communiqu\u00e9 de [&hellip;]\" \/>\n<meta property=\"og:url\" content=\"https:\/\/www.nettali.com\/2025\/09\/11\/assemblee-nationale-ouverture-lundi-dune-session-extraordinaire-consacree-aux-reformes-fiscales-et-au-code-des-investissements\/\" \/>\n<meta property=\"og:site_name\" content=\"Nettali.com\" \/>\n<meta property=\"article:publisher\" content=\"https:\/\/www.facebook.com\/nettalicom\" \/>\n<meta property=\"article:published_time\" content=\"2025-09-11T23:57:09+00:00\" \/>\n<meta property=\"article:modified_time\" content=\"2025-09-12T00:04:22+00:00\" \/>\n<meta property=\"og:image\" content=\"https:\/\/www.nettali.com\/wp-content\/uploads\/2024\/10\/assemblee-nationale-du-senegal.jpg\" \/>\n\t<meta property=\"og:image:width\" content=\"600\" \/>\n\t<meta property=\"og:image:height\" content=\"400\" \/>\n<meta name=\"twitter:card\" content=\"summary_large_image\" \/>\n<meta name=\"twitter:label1\" content=\"\u00c9crit par\" \/>\n\t<meta name=\"twitter:data1\" content=\"Daouda\" \/>\n\t<meta name=\"twitter:label2\" content=\"Dur\u00e9e de lecture estim\u00e9e\" \/>\n\t<meta name=\"twitter:data2\" content=\"2 minutes\" \/>\n<script type=\"application\/ld+json\" class=\"yoast-schema-graph\">{\"@context\":\"https:\/\/schema.org\",\"@graph\":[{\"@type\":\"WebSite\",\"@id\":\"https:\/\/www.nettali.com\/#website\",\"url\":\"https:\/\/www.nettali.com\/\",\"name\":\"Nettali.com\",\"description\":\"Le rendez-vous critique du Net\",\"potentialAction\":[{\"@type\":\"SearchAction\",\"target\":{\"@type\":\"EntryPoint\",\"urlTemplate\":\"https:\/\/www.nettali.com\/?s={search_term_string}\"},\"query-input\":\"required name=search_term_string\"}],\"inLanguage\":\"fr-FR\"},{\"@type\":\"ImageObject\",\"@id\":\"https:\/\/www.nettali.com\/2025\/09\/11\/assemblee-nationale-ouverture-lundi-dune-session-extraordinaire-consacree-aux-reformes-fiscales-et-au-code-des-investissements\/#primaryimage\",\"inLanguage\":\"fr-FR\",\"url\":\"https:\/\/www.nettali.com\/wp-content\/uploads\/2024\/10\/assemblee-nationale-du-senegal.jpg\",\"contentUrl\":\"https:\/\/www.nettali.com\/wp-content\/uploads\/2024\/10\/assemblee-nationale-du-senegal.jpg\",\"width\":600,\"height\":400},{\"@type\":\"WebPage\",\"@id\":\"https:\/\/www.nettali.com\/2025\/09\/11\/assemblee-nationale-ouverture-lundi-dune-session-extraordinaire-consacree-aux-reformes-fiscales-et-au-code-des-investissements\/#webpage\",\"url\":\"https:\/\/www.nettali.com\/2025\/09\/11\/assemblee-nationale-ouverture-lundi-dune-session-extraordinaire-consacree-aux-reformes-fiscales-et-au-code-des-investissements\/\",\"name\":\"ASSEMBL\\u00c9E NATIONALE - Ouverture lundi d\\u2019une session extraordinaire consacr\\u00e9e aux r\\u00e9formes fiscales et au Code des investissements | Nettali.com\",\"isPartOf\":{\"@id\":\"https:\/\/www.nettali.com\/#website\"},\"primaryImageOfPage\":{\"@id\":\"https:\/\/www.nettali.com\/2025\/09\/11\/assemblee-nationale-ouverture-lundi-dune-session-extraordinaire-consacree-aux-reformes-fiscales-et-au-code-des-investissements\/#primaryimage\"},\"datePublished\":\"2025-09-11T23:57:09+00:00\",\"dateModified\":\"2025-09-12T00:04:22+00:00\",\"author\":{\"@id\":\"https:\/\/www.nettali.com\/#\/schema\/person\/3317e0bb3aa1da309fbf7b2780901bf4\"},\"breadcrumb\":{\"@id\":\"https:\/\/www.nettali.com\/2025\/09\/11\/assemblee-nationale-ouverture-lundi-dune-session-extraordinaire-consacree-aux-reformes-fiscales-et-au-code-des-investissements\/#breadcrumb\"},\"inLanguage\":\"fr-FR\",\"potentialAction\":[{\"@type\":\"ReadAction\",\"target\":[\"https:\/\/www.nettali.com\/2025\/09\/11\/assemblee-nationale-ouverture-lundi-dune-session-extraordinaire-consacree-aux-reformes-fiscales-et-au-code-des-investissements\/\"]}]},{\"@type\":\"BreadcrumbList\",\"@id\":\"https:\/\/www.nettali.com\/2025\/09\/11\/assemblee-nationale-ouverture-lundi-dune-session-extraordinaire-consacree-aux-reformes-fiscales-et-au-code-des-investissements\/#breadcrumb\",\"itemListElement\":[{\"@type\":\"ListItem\",\"position\":1,\"name\":\"Accueil\",\"item\":\"https:\/\/www.nettali.com\/\"},{\"@type\":\"ListItem\",\"position\":2,\"name\":\"ASSEMBL\\u00c9E NATIONALE - Ouverture lundi d\\u2019une session extraordinaire consacr\\u00e9e aux r\\u00e9formes fiscales et au Code des investissements\"}]},{\"@type\":\"Person\",\"@id\":\"https:\/\/www.nettali.com\/#\/schema\/person\/3317e0bb3aa1da309fbf7b2780901bf4\",\"name\":\"Daouda\",\"image\":{\"@type\":\"ImageObject\",\"@id\":\"https:\/\/www.nettali.com\/#personlogo\",\"inLanguage\":\"fr-FR\",\"url\":\"https:\/\/secure.gravatar.com\/avatar\/8d143b5a49345098ddcfee1c49c2f47c?s=96&d=mm&r=g\",\"contentUrl\":\"https:\/\/secure.gravatar.com\/avatar\/8d143b5a49345098ddcfee1c49c2f47c?s=96&d=mm&r=g\",\"caption\":\"Daouda\"},\"sameAs\":[\"https:\/\/www.nettali.com\"]}]}<\/script>\n<!-- \/ Yoast SEO Premium plugin. -->","yoast_head_json":{"title":"ASSEMBL\u00c9E NATIONALE - Ouverture lundi d\u2019une session extraordinaire consacr\u00e9e aux r\u00e9formes fiscales et au Code des investissements | Nettali.com","robots":{"index":"index","follow":"follow","max-snippet":"max-snippet:-1","max-image-preview":"max-image-preview:large","max-video-preview":"max-video-preview:-1"},"canonical":"https:\/\/www.nettali.com\/2025\/09\/11\/assemblee-nationale-ouverture-lundi-dune-session-extraordinaire-consacree-aux-reformes-fiscales-et-au-code-des-investissements\/","og_locale":"fr_FR","og_type":"article","og_title":"ASSEMBL\u00c9E NATIONALE - Ouverture lundi d\u2019une session extraordinaire consacr\u00e9e aux r\u00e9formes fiscales et au Code des investissements","og_description":"NETTALI.COM - Les d\u00e9put\u00e9s s\u00e9n\u00e9galais se r\u00e9uniront \u00e0 partir de lundi pour l\u2019ouverture de la deuxi\u00e8me session extraordinaire de l\u2019ann\u00e9e. \u00c0 l\u2019ordre du jour figurent trois textes majeurs : le nouveau Code des investissements, la r\u00e9forme du Code g\u00e9n\u00e9ral des imp\u00f4ts et la r\u00e9vision de la redevance sur les t\u00e9l\u00e9communications (RUTEL), selon un communiqu\u00e9 de [&hellip;]","og_url":"https:\/\/www.nettali.com\/2025\/09\/11\/assemblee-nationale-ouverture-lundi-dune-session-extraordinaire-consacree-aux-reformes-fiscales-et-au-code-des-investissements\/","og_site_name":"Nettali.com","article_publisher":"https:\/\/www.facebook.com\/nettalicom","article_published_time":"2025-09-11T23:57:09+00:00","article_modified_time":"2025-09-12T00:04:22+00:00","og_image":[{"width":600,"height":400,"url":"https:\/\/www.nettali.com\/wp-content\/uploads\/2024\/10\/assemblee-nationale-du-senegal.jpg","type":"image\/jpeg"}],"twitter_card":"summary_large_image","twitter_misc":{"\u00c9crit par":"Daouda","Dur\u00e9e de lecture estim\u00e9e":"2 minutes"},"schema":{"@context":"https:\/\/schema.org","@graph":[{"@type":"WebSite","@id":"https:\/\/www.nettali.com\/#website","url":"https:\/\/www.nettali.com\/","name":"Nettali.com","description":"Le rendez-vous critique du Net","potentialAction":[{"@type":"SearchAction","target":{"@type":"EntryPoint","urlTemplate":"https:\/\/www.nettali.com\/?s={search_term_string}"},"query-input":"required name=search_term_string"}],"inLanguage":"fr-FR"},{"@type":"ImageObject","@id":"https:\/\/www.nettali.com\/2025\/09\/11\/assemblee-nationale-ouverture-lundi-dune-session-extraordinaire-consacree-aux-reformes-fiscales-et-au-code-des-investissements\/#primaryimage","inLanguage":"fr-FR","url":"https:\/\/www.nettali.com\/wp-content\/uploads\/2024\/10\/assemblee-nationale-du-senegal.jpg","contentUrl":"https:\/\/www.nettali.com\/wp-content\/uploads\/2024\/10\/assemblee-nationale-du-senegal.jpg","width":600,"height":400},{"@type":"WebPage","@id":"https:\/\/www.nettali.com\/2025\/09\/11\/assemblee-nationale-ouverture-lundi-dune-session-extraordinaire-consacree-aux-reformes-fiscales-et-au-code-des-investissements\/#webpage","url":"https:\/\/www.nettali.com\/2025\/09\/11\/assemblee-nationale-ouverture-lundi-dune-session-extraordinaire-consacree-aux-reformes-fiscales-et-au-code-des-investissements\/","name":"ASSEMBL\u00c9E NATIONALE - Ouverture lundi d\u2019une session extraordinaire consacr\u00e9e aux r\u00e9formes fiscales et au Code des investissements | Nettali.com","isPartOf":{"@id":"https:\/\/www.nettali.com\/#website"},"primaryImageOfPage":{"@id":"https:\/\/www.nettali.com\/2025\/09\/11\/assemblee-nationale-ouverture-lundi-dune-session-extraordinaire-consacree-aux-reformes-fiscales-et-au-code-des-investissements\/#primaryimage"},"datePublished":"2025-09-11T23:57:09+00:00","dateModified":"2025-09-12T00:04:22+00:00","author":{"@id":"https:\/\/www.nettali.com\/#\/schema\/person\/3317e0bb3aa1da309fbf7b2780901bf4"},"breadcrumb":{"@id":"https:\/\/www.nettali.com\/2025\/09\/11\/assemblee-nationale-ouverture-lundi-dune-session-extraordinaire-consacree-aux-reformes-fiscales-et-au-code-des-investissements\/#breadcrumb"},"inLanguage":"fr-FR","potentialAction":[{"@type":"ReadAction","target":["https:\/\/www.nettali.com\/2025\/09\/11\/assemblee-nationale-ouverture-lundi-dune-session-extraordinaire-consacree-aux-reformes-fiscales-et-au-code-des-investissements\/"]}]},{"@type":"BreadcrumbList","@id":"https:\/\/www.nettali.com\/2025\/09\/11\/assemblee-nationale-ouverture-lundi-dune-session-extraordinaire-consacree-aux-reformes-fiscales-et-au-code-des-investissements\/#breadcrumb","itemListElement":[{"@type":"ListItem","position":1,"name":"Accueil","item":"https:\/\/www.nettali.com\/"},{"@type":"ListItem","position":2,"name":"ASSEMBL\u00c9E NATIONALE - Ouverture lundi d\u2019une session extraordinaire consacr\u00e9e aux r\u00e9formes fiscales et au Code des investissements"}]},{"@type":"Person","@id":"https:\/\/www.nettali.com\/#\/schema\/person\/3317e0bb3aa1da309fbf7b2780901bf4","name":"Daouda","image":{"@type":"ImageObject","@id":"https:\/\/www.nettali.com\/#personlogo","inLanguage":"fr-FR","url":"https:\/\/secure.gravatar.com\/avatar\/8d143b5a49345098ddcfee1c49c2f47c?s=96&d=mm&r=g","contentUrl":"https:\/\/secure.gravatar.com\/avatar\/8d143b5a49345098ddcfee1c49c2f47c?s=96&d=mm&r=g","caption":"Daouda"},"sameAs":["https:\/\/www.nettali.com"]}]}},"_links":{"self":[{"href":"https:\/\/www.nettali.com\/rest\/wp\/v2\/posts\/161087"}],"collection":[{"href":"https:\/\/www.nettali.com\/rest\/wp\/v2\/posts"}],"about":[{"href":"https:\/\/www.nettali.com\/rest\/wp\/v2\/types\/post"}],"author":[{"embeddable":true,"href":"https:\/\/www.nettali.com\/rest\/wp\/v2\/users\/4"}],"replies":[{"embeddable":true,"href":"https:\/\/www.nettali.com\/rest\/wp\/v2\/comments?post=161087"}],"version-history":[{"count":1,"href":"https:\/\/www.nettali.com\/rest\/wp\/v2\/posts\/161087\/revisions"}],"predecessor-version":[{"id":161088,"href":"https:\/\/www.nettali.com\/rest\/wp\/v2\/posts\/161087\/revisions\/161088"}],"wp:featuredmedia":[{"embeddable":true,"href":"https:\/\/www.nettali.com\/rest\/wp\/v2\/media\/141215"}],"wp:attachment":[{"href":"https:\/\/www.nettali.com\/rest\/wp\/v2\/media?parent=161087"}],"wp:term":[{"taxonomy":"category","embeddable":true,"href":"https:\/\/www.nettali.com\/rest\/wp\/v2\/categories?post=161087"},{"taxonomy":"post_tag","embeddable":true,"href":"https:\/\/www.nettali.com\/rest\/wp\/v2\/tags?post=161087"}],"curies":[{"name":"wp","href":"https:\/\/api.w.org\/{rel}","templated":true}]}}