{"id":161075,"date":"2025-09-11T20:17:22","date_gmt":"2025-09-11T20:17:22","guid":{"rendered":"https:\/\/www.nettali.com\/?p=161075"},"modified":"2025-09-11T20:17:22","modified_gmt":"2025-09-11T20:17:22","slug":"officiel-mandanda-prend-sa-retraite","status":"publish","type":"post","link":"https:\/\/www.nettali.com\/2025\/09\/11\/officiel-mandanda-prend-sa-retraite\/","title":{"rendered":"OFFICIEL - Mandanda prend sa retraite"},"content":{"rendered":"<p><strong>NETTALI.COM - Clap de fin pour Steve Mandanda ! Sans club depuis la fin de son contrat avec Rennes en juin, le gardien fran\u00e7ais de 40 ans a fait le choix de mettre un terme \u00e0 sa carri\u00e8re professionnelle.<\/strong><\/p>\n<p>\"<em>J'ai eu besoin de prendre mon temps pour l'accepter, d\u00e9j\u00e0, parce que ce n'est pas simple, mais oui j'arr\u00eate. (...) J'ai eu une grande p\u00e9riode de r\u00e9flexion parce que j'ai eu beaucoup d'appels, mais j'ai dit non \u00e0 chaque fois<\/em>\", a confi\u00e9 l\u2019ancien international fran\u00e7ais \u00e0 L'Equipe.<\/p>\n<p>Cet \u00e9t\u00e9, Mandanda a \u00e9t\u00e9 contact\u00e9 par des formations de Ligue 2 (Montpellier, Guingamp) mais aussi plusieurs clubs de Ligue 1 (Le Havre, Lorient, Brest), sans que cela ne d\u00e9bouche sur une derni\u00e8re exp\u00e9rience pour le natif de Kinshasa.<\/p>\n<p>Six cent treize (613), c\u2019est le nombre de matches jou\u00e9s par Steve Mandanda avec l\u2019OM. Un record. Quatorze saisons, des milliers d\u2019arr\u00eats et quelques troph\u00e9es ,dont un titre de champion de France en 2010 : la carri\u00e8re du Fran\u00e7ais, \u00e9galement champion du monde en 2018 avec les Bleus, est forc\u00e9ment li\u00e9e au club phoc\u00e9en o\u00f9 il est consid\u00e9r\u00e9 comme une l\u00e9gende.<\/p>\n<div class='share-to-whatsapp-wrapper'><div class='share-on-whsp'>PARTAGER SUR : <\/div><a data-text='OFFICIEL - Mandanda prend sa retraite' data-link='https:\/\/www.nettali.com\/2025\/09\/11\/officiel-mandanda-prend-sa-retraite\/' class='whatsapp-button whatsapp-share'>WhatsApp<\/a><div class='clear '><\/div><\/div>","protected":false},"excerpt":{"rendered":"<p>NETTALI.COM - Clap de fin pour Steve Mandanda ! Sans club depuis la fin de son contrat avec Rennes en juin, le gardien fran\u00e7ais de 40 ans a fait le choix de mettre un terme \u00e0 sa carri\u00e8re professionnelle. \"J'ai eu besoin de prendre mon temps pour l'accepter, d\u00e9j\u00e0, parce que ce n'est pas simple, [&hellip;]<\/p>\n","protected":false},"author":5,"featured_media":161039,"comment_status":"open","ping_status":"open","sticky":false,"template":"","format":"standard","meta":{"_et_pb_use_builder":"","_et_pb_old_content":""},"categories":[6],"tags":[],"yoast_head":"<!-- This site is optimized with the Yoast SEO Premium plugin v17.8 (Yoast SEO v17.8) - https:\/\/yoast.com\/wordpress\/plugins\/seo\/ -->\n<title>OFFICIEL - Mandanda prend sa retraite | Nettali.com<\/title>\n<meta name=\"robots\" content=\"index, follow, max-snippet:-1, max-image-preview:large, max-video-preview:-1\" \/>\n<link rel=\"canonical\" href=\"https:\/\/www.nettali.com\/2025\/09\/11\/officiel-mandanda-prend-sa-retraite\/\" \/>\n<meta property=\"og:locale\" content=\"fr_FR\" \/>\n<meta property=\"og:type\" content=\"article\" \/>\n<meta property=\"og:title\" content=\"OFFICIEL - Mandanda prend sa retraite\" \/>\n<meta property=\"og:description\" content=\"NETTALI.COM - Clap de fin pour Steve Mandanda ! Sans club depuis la fin de son contrat avec Rennes en juin, le gardien fran\u00e7ais de 40 ans a fait le choix de mettre un terme \u00e0 sa carri\u00e8re professionnelle. &quot;J&#039;ai eu besoin de prendre mon temps pour l&#039;accepter, d\u00e9j\u00e0, parce que ce n&#039;est pas simple, [&hellip;]\" \/>\n<meta property=\"og:url\" content=\"https:\/\/www.nettali.com\/2025\/09\/11\/officiel-mandanda-prend-sa-retraite\/\" \/>\n<meta property=\"og:site_name\" content=\"Nettali.com\" \/>\n<meta property=\"article:publisher\" content=\"https:\/\/www.facebook.com\/nettalicom\" \/>\n<meta property=\"article:published_time\" content=\"2025-09-11T20:17:22+00:00\" \/>\n<meta property=\"og:image\" content=\"https:\/\/www.nettali.com\/wp-content\/uploads\/2025\/09\/au-fait-cetait-quoi-steve-mandanda-la-retraite-du-gardien-de-marseille-rennes-et-de-lequipe-de-france-steve-mandanda-expliquee.jpg\" \/>\n\t<meta property=\"og:image:width\" content=\"1400\" \/>\n\t<meta property=\"og:image:height\" content=\"912\" \/>\n<meta name=\"twitter:card\" content=\"summary_large_image\" \/>\n<meta name=\"twitter:label1\" content=\"\u00c9crit par\" \/>\n\t<meta name=\"twitter:data1\" content=\"Ibrahima\" \/>\n\t<meta name=\"twitter:label2\" content=\"Dur\u00e9e de lecture estim\u00e9e\" \/>\n\t<meta name=\"twitter:data2\" content=\"1 minute\" \/>\n<script type=\"application\/ld+json\" class=\"yoast-schema-graph\">{\"@context\":\"https:\/\/schema.org\",\"@graph\":[{\"@type\":\"WebSite\",\"@id\":\"https:\/\/www.nettali.com\/#website\",\"url\":\"https:\/\/www.nettali.com\/\",\"name\":\"Nettali.com\",\"description\":\"Le rendez-vous critique du Net\",\"potentialAction\":[{\"@type\":\"SearchAction\",\"target\":{\"@type\":\"EntryPoint\",\"urlTemplate\":\"https:\/\/www.nettali.com\/?s={search_term_string}\"},\"query-input\":\"required name=search_term_string\"}],\"inLanguage\":\"fr-FR\"},{\"@type\":\"ImageObject\",\"@id\":\"https:\/\/www.nettali.com\/2025\/09\/11\/officiel-mandanda-prend-sa-retraite\/#primaryimage\",\"inLanguage\":\"fr-FR\",\"url\":\"https:\/\/www.nettali.com\/wp-content\/uploads\/2025\/09\/au-fait-cetait-quoi-steve-mandanda-la-retraite-du-gardien-de-marseille-rennes-et-de-lequipe-de-france-steve-mandanda-expliquee.jpg\",\"contentUrl\":\"https:\/\/www.nettali.com\/wp-content\/uploads\/2025\/09\/au-fait-cetait-quoi-steve-mandanda-la-retraite-du-gardien-de-marseille-rennes-et-de-lequipe-de-france-steve-mandanda-expliquee.jpg\",\"width\":1400,\"height\":912},{\"@type\":\"WebPage\",\"@id\":\"https:\/\/www.nettali.com\/2025\/09\/11\/officiel-mandanda-prend-sa-retraite\/#webpage\",\"url\":\"https:\/\/www.nettali.com\/2025\/09\/11\/officiel-mandanda-prend-sa-retraite\/\",\"name\":\"OFFICIEL - Mandanda prend sa retraite | Nettali.com\",\"isPartOf\":{\"@id\":\"https:\/\/www.nettali.com\/#website\"},\"primaryImageOfPage\":{\"@id\":\"https:\/\/www.nettali.com\/2025\/09\/11\/officiel-mandanda-prend-sa-retraite\/#primaryimage\"},\"datePublished\":\"2025-09-11T20:17:22+00:00\",\"dateModified\":\"2025-09-11T20:17:22+00:00\",\"author\":{\"@id\":\"https:\/\/www.nettali.com\/#\/schema\/person\/bb147657c2986240405a608162b9bb23\"},\"breadcrumb\":{\"@id\":\"https:\/\/www.nettali.com\/2025\/09\/11\/officiel-mandanda-prend-sa-retraite\/#breadcrumb\"},\"inLanguage\":\"fr-FR\",\"potentialAction\":[{\"@type\":\"ReadAction\",\"target\":[\"https:\/\/www.nettali.com\/2025\/09\/11\/officiel-mandanda-prend-sa-retraite\/\"]}]},{\"@type\":\"BreadcrumbList\",\"@id\":\"https:\/\/www.nettali.com\/2025\/09\/11\/officiel-mandanda-prend-sa-retraite\/#breadcrumb\",\"itemListElement\":[{\"@type\":\"ListItem\",\"position\":1,\"name\":\"Accueil\",\"item\":\"https:\/\/www.nettali.com\/\"},{\"@type\":\"ListItem\",\"position\":2,\"name\":\"OFFICIEL - Mandanda prend sa retraite\"}]},{\"@type\":\"Person\",\"@id\":\"https:\/\/www.nettali.com\/#\/schema\/person\/bb147657c2986240405a608162b9bb23\",\"name\":\"Ibrahima\",\"image\":{\"@type\":\"ImageObject\",\"@id\":\"https:\/\/www.nettali.com\/#personlogo\",\"inLanguage\":\"fr-FR\",\"url\":\"https:\/\/secure.gravatar.com\/avatar\/26a8a81f09f0dd7624c9d5c36c9ba3a2?s=96&d=mm&r=g\",\"contentUrl\":\"https:\/\/secure.gravatar.com\/avatar\/26a8a81f09f0dd7624c9d5c36c9ba3a2?s=96&d=mm&r=g\",\"caption\":\"Ibrahima\"},\"sameAs\":[\"https:\/\/www.nettali.com\"]}]}<\/script>\n<!-- \/ Yoast SEO Premium plugin. -->","yoast_head_json":{"title":"OFFICIEL - Mandanda prend sa retraite | Nettali.com","robots":{"index":"index","follow":"follow","max-snippet":"max-snippet:-1","max-image-preview":"max-image-preview:large","max-video-preview":"max-video-preview:-1"},"canonical":"https:\/\/www.nettali.com\/2025\/09\/11\/officiel-mandanda-prend-sa-retraite\/","og_locale":"fr_FR","og_type":"article","og_title":"OFFICIEL - Mandanda prend sa retraite","og_description":"NETTALI.COM - Clap de fin pour Steve Mandanda ! Sans club depuis la fin de son contrat avec Rennes en juin, le gardien fran\u00e7ais de 40 ans a fait le choix de mettre un terme \u00e0 sa carri\u00e8re professionnelle. \"J'ai eu besoin de prendre mon temps pour l'accepter, d\u00e9j\u00e0, parce que ce n'est pas simple, [&hellip;]","og_url":"https:\/\/www.nettali.com\/2025\/09\/11\/officiel-mandanda-prend-sa-retraite\/","og_site_name":"Nettali.com","article_publisher":"https:\/\/www.facebook.com\/nettalicom","article_published_time":"2025-09-11T20:17:22+00:00","og_image":[{"width":1400,"height":912,"url":"https:\/\/www.nettali.com\/wp-content\/uploads\/2025\/09\/au-fait-cetait-quoi-steve-mandanda-la-retraite-du-gardien-de-marseille-rennes-et-de-lequipe-de-france-steve-mandanda-expliquee.jpg","type":"image\/jpeg"}],"twitter_card":"summary_large_image","twitter_misc":{"\u00c9crit par":"Ibrahima","Dur\u00e9e de lecture estim\u00e9e":"1 minute"},"schema":{"@context":"https:\/\/schema.org","@graph":[{"@type":"WebSite","@id":"https:\/\/www.nettali.com\/#website","url":"https:\/\/www.nettali.com\/","name":"Nettali.com","description":"Le rendez-vous critique du Net","potentialAction":[{"@type":"SearchAction","target":{"@type":"EntryPoint","urlTemplate":"https:\/\/www.nettali.com\/?s={search_term_string}"},"query-input":"required name=search_term_string"}],"inLanguage":"fr-FR"},{"@type":"ImageObject","@id":"https:\/\/www.nettali.com\/2025\/09\/11\/officiel-mandanda-prend-sa-retraite\/#primaryimage","inLanguage":"fr-FR","url":"https:\/\/www.nettali.com\/wp-content\/uploads\/2025\/09\/au-fait-cetait-quoi-steve-mandanda-la-retraite-du-gardien-de-marseille-rennes-et-de-lequipe-de-france-steve-mandanda-expliquee.jpg","contentUrl":"https:\/\/www.nettali.com\/wp-content\/uploads\/2025\/09\/au-fait-cetait-quoi-steve-mandanda-la-retraite-du-gardien-de-marseille-rennes-et-de-lequipe-de-france-steve-mandanda-expliquee.jpg","width":1400,"height":912},{"@type":"WebPage","@id":"https:\/\/www.nettali.com\/2025\/09\/11\/officiel-mandanda-prend-sa-retraite\/#webpage","url":"https:\/\/www.nettali.com\/2025\/09\/11\/officiel-mandanda-prend-sa-retraite\/","name":"OFFICIEL - Mandanda prend sa retraite | Nettali.com","isPartOf":{"@id":"https:\/\/www.nettali.com\/#website"},"primaryImageOfPage":{"@id":"https:\/\/www.nettali.com\/2025\/09\/11\/officiel-mandanda-prend-sa-retraite\/#primaryimage"},"datePublished":"2025-09-11T20:17:22+00:00","dateModified":"2025-09-11T20:17:22+00:00","author":{"@id":"https:\/\/www.nettali.com\/#\/schema\/person\/bb147657c2986240405a608162b9bb23"},"breadcrumb":{"@id":"https:\/\/www.nettali.com\/2025\/09\/11\/officiel-mandanda-prend-sa-retraite\/#breadcrumb"},"inLanguage":"fr-FR","potentialAction":[{"@type":"ReadAction","target":["https:\/\/www.nettali.com\/2025\/09\/11\/officiel-mandanda-prend-sa-retraite\/"]}]},{"@type":"BreadcrumbList","@id":"https:\/\/www.nettali.com\/2025\/09\/11\/officiel-mandanda-prend-sa-retraite\/#breadcrumb","itemListElement":[{"@type":"ListItem","position":1,"name":"Accueil","item":"https:\/\/www.nettali.com\/"},{"@type":"ListItem","position":2,"name":"OFFICIEL - Mandanda prend sa retraite"}]},{"@type":"Person","@id":"https:\/\/www.nettali.com\/#\/schema\/person\/bb147657c2986240405a608162b9bb23","name":"Ibrahima","image":{"@type":"ImageObject","@id":"https:\/\/www.nettali.com\/#personlogo","inLanguage":"fr-FR","url":"https:\/\/secure.gravatar.com\/avatar\/26a8a81f09f0dd7624c9d5c36c9ba3a2?s=96&d=mm&r=g","contentUrl":"https:\/\/secure.gravatar.com\/avatar\/26a8a81f09f0dd7624c9d5c36c9ba3a2?s=96&d=mm&r=g","caption":"Ibrahima"},"sameAs":["https:\/\/www.nettali.com"]}]}},"_links":{"self":[{"href":"https:\/\/www.nettali.com\/rest\/wp\/v2\/posts\/161075"}],"collection":[{"href":"https:\/\/www.nettali.com\/rest\/wp\/v2\/posts"}],"about":[{"href":"https:\/\/www.nettali.com\/rest\/wp\/v2\/types\/post"}],"author":[{"embeddable":true,"href":"https:\/\/www.nettali.com\/rest\/wp\/v2\/users\/5"}],"replies":[{"embeddable":true,"href":"https:\/\/www.nettali.com\/rest\/wp\/v2\/comments?post=161075"}],"version-history":[{"count":2,"href":"https:\/\/www.nettali.com\/rest\/wp\/v2\/posts\/161075\/revisions"}],"predecessor-version":[{"id":161077,"href":"https:\/\/www.nettali.com\/rest\/wp\/v2\/posts\/161075\/revisions\/161077"}],"wp:featuredmedia":[{"embeddable":true,"href":"https:\/\/www.nettali.com\/rest\/wp\/v2\/media\/161039"}],"wp:attachment":[{"href":"https:\/\/www.nettali.com\/rest\/wp\/v2\/media?parent=161075"}],"wp:term":[{"taxonomy":"category","embeddable":true,"href":"https:\/\/www.nettali.com\/rest\/wp\/v2\/categories?post=161075"},{"taxonomy":"post_tag","embeddable":true,"href":"https:\/\/www.nettali.com\/rest\/wp\/v2\/tags?post=161075"}],"curies":[{"name":"wp","href":"https:\/\/api.w.org\/{rel}","templated":true}]}}