{"id":161069,"date":"2025-09-11T20:22:56","date_gmt":"2025-09-11T20:22:56","guid":{"rendered":"https:\/\/www.nettali.com\/?p=161069"},"modified":"2025-09-11T20:22:56","modified_gmt":"2025-09-11T20:22:56","slug":"crash-de-lavion-medical-de-senegalair-en-2015-trois-prevenus-condamnes-pour-homicide-involontaire","status":"publish","type":"post","link":"https:\/\/www.nettali.com\/2025\/09\/11\/crash-de-lavion-medical-de-senegalair-en-2015-trois-prevenus-condamnes-pour-homicide-involontaire\/","title":{"rendered":"CRASH DE L\u2019AVION M\u00c9DICAL DE S\u00c9N\u00c9GALAIR EN 2015 --Trois pr\u00e9venus condamn\u00e9s pour homicide involontaire\u00a0"},"content":{"rendered":"<p><strong>NETTALI.COM - Le verdict du crash de l\u2019avion m\u00e9dical de la compagnie S\u00e9n\u00e9galair, survenu le 5 septembre 2015, est tomb\u00e9 ce jeudi 11 septembre 2025. Trois anciens responsables de l\u2019ANACIM ont \u00e9t\u00e9 condamn\u00e9s \u00e0 six mois de prison avec sursis et \u00e0 une amende de 500 000 francs CFA chacun. Ils doivent allouer solidairement la somme de 30 millions de FCFA au titre de dommages et int\u00e9r\u00eats. L\u2019Anacim\u00a0 a \u00e9t\u00e9 d\u00e9clar\u00e9e civilement responsable tandis que l\u2019\u00c9tat du S\u00e9n\u00e9gal et l\u2019Asecna ont \u00e9t\u00e9 mis hors de cause.<\/strong><\/p>\n<p>\u200eLe tribunal correctionnel de Dakar a tranch\u00e9 dans l\u2019affaire du crash de l\u2019avion m\u00e9dical de la compagnie S\u00e9n\u00e9galair, survenu le 5 septembre 2015. Il a d\u00e9clar\u00e9 l\u2019action publique \u00e9teinte contre feu G\u00e9rald Gabriel Mare Diop, ancien directeur g\u00e9n\u00e9ral de l\u2019ANACIM d\u00e9c\u00e9d\u00e9 en cours de proc\u00e9dure. El Hadji Mactar Daff a \u00e9t\u00e9 relax\u00e9 de tous les chefs de pr\u00e9vention.<\/p>\n<p>En revanche, Magueye Marame Ndao, Mamadou Sy et Mohamed Mansour Sy ont \u00e9t\u00e9 reconnus coupables d\u2019homicide involontaire. Ils sont disculp\u00e9s de violation du code de l\u2019aviation civile. Pour la sanction, les trois ont \u00e9cop\u00e9 chacun de six mois de prison avec sursis et de 500 000 francs CFA d\u2019amende ferme.<\/p>\n<p>Sur le plan civil, le tribunal s\u2019est d\u00e9clar\u00e9 incomp\u00e9tent pour juger l\u2019action dirig\u00e9e contre S\u00e9n\u00e9galair et son assureur, la SAAR Assurance, mais a reconnu la constitution de partie civile des h\u00e9ritiers du copilote Hichem Berkani, \u00e0\u00a0 qui les pr\u00e9venus sont contraints d\u2019allouer 30 millions de francs CFA pour l\u2019ensemble de leur pr\u00e9judice.<\/p>\n<p>Les trois condamn\u00e9s devront payer solidairement cette somme, l\u2019ANACIM \u00e9tant d\u00e9clar\u00e9e civilement responsable. Le jugement a \u00e9t\u00e9 assorti de l\u2019ex\u00e9cution provisoire et les d\u00e9pens mis \u00e0 la charge des pr\u00e9venus.<\/p>\n<p>Le tribunal s\u2019est d\u00e9clar\u00e9\u00a0 incomp\u00e9tent pour conna\u00eetre de l'action civile dirig\u00e9e contre la compagnie SENEGALAIR et son assureur la soci\u00e9t\u00e9 la Sar Assance. Il a r\u00e9serv\u00e9 les int\u00e9r\u00eats des parties civiles Aissatou Diallo, Awa Ngom, Ndate Yallah Ndiaye, es qualit\u00e9 de ses enfants mineurs et des h\u00e9ritiers respectifs de feux Mohamed Addad, Cheikh Tidiane Niang et C\u00e9line Pilat.\u200e<\/p>\n<p>Le drame remonte au 5 septembre 2015. Ce jour-l\u00e0, un appareil de type Hawker 125-700 immatricul\u00e9 6V-AIM, appartenant \u00e0 la compagnie S\u00e9n\u00e9galair, avait d\u00e9coll\u00e9 de Ouagadougou \u00e0 16h36. \u00c0 bord se trouvaient deux pilotes alg\u00e9riens, Mohamed Addad et Hichem Berkani, un m\u00e9canicien congolais, Ars\u00e8ne Kongolo, un m\u00e9decin s\u00e9n\u00e9galais, le docteur Yahya Diop, deux infirmiers, Cheikh Tidiane Niang et Youssoupha Di\u00e9dhiou, ainsi qu\u2019une patiente fran\u00e7aise, C\u00e9line Pirat. L\u2019avion \u00e9tait attendu \u00e0 l\u2019a\u00e9roport international de Dakar \u00e0 18h30. Mais \u00e0 18h58, l\u2019a\u00e9ronef a \u00e9t\u00e9 localis\u00e9 par radar alors qu\u2019il s\u2019\u00e9loignait de Dakar en direction de l\u2019oc\u00e9an. \u00c0 19h07, l\u2019op\u00e9rateur de service a constat\u00e9 la perte totale de contact avec l\u2019appareil, d\u00e9clenchant les op\u00e9rations de recherche du Centre de coordination des sauvetages. Malheureusement, il \u00e9tait d\u00e9j\u00e0 trop tard : la catastrophe avait caus\u00e9 la mort des sept occupants.<\/p>\n<p>\u200e\u00c0 la barre, les pr\u00e9venus ont plaid\u00e9 non coupables, rejetant la responsabilit\u00e9 sur la compagnie S\u00e9n\u00e9galair et sur l\u2019ASECNA, l\u2019agence de navigation a\u00e9rienne. Selon eux, cette derni\u00e8re n\u2019aurait pas alert\u00e9 \u00e0 temps sur la trajectoire irr\u00e9guli\u00e8re de l\u2019avion, tandis que la compagnie a\u00e9rienne aurait dissimul\u00e9 des informations essentielles concernant la maintenance de ses appareils. Certains ont m\u00eame insinu\u00e9 que la bo\u00eete noire de l\u2019appareil aurait pu \u00eatre trafiqu\u00e9e.<\/p>\n<p>\u200eLeur ligne de d\u00e9fense a toutefois \u00e9t\u00e9 battue en br\u00e8che par le t\u00e9moignage d\u2019Al Hassane Hanne, expert a\u00e9ronautique et ancien chef de maintenance de S\u00e9n\u00e9galair. Ce dernier a affirm\u00e9 avoir adress\u00e9 aux autorit\u00e9s, un rapport circonstanci\u00e9 recommandant la suspension des activit\u00e9s de la compagnie apr\u00e8s inspection, rapport qui est rest\u00e9 lettre morte. Il s\u2019est dit surpris qu\u2019en juillet 2015, malgr\u00e9 deux alertes d\u00e9j\u00e0 \u00e9mises, S\u00e9n\u00e9galair ait obtenu dans un d\u00e9lai qu\u2019il juge \u00ab incompr\u00e9hensible \u00bb un certificat de navigabilit\u00e9 lui permettant de poursuivre ses activit\u00e9s.<\/p>\n<p>Ces propos sont venus conforter l\u2019accusation qui reprochait aux responsables de l\u2019ANACIM leur laxisme, leur absence de r\u00e9action face \u00e0 des signaux alarmants et leur manque de rigueur dans l\u2019application des normes internationales. Le parquet a m\u00eame soulign\u00e9 que S\u00e9n\u00e9galair n\u2019occupait plus ses locaux \u00e0 l\u2019\u00e9poque du drame, preuve suppl\u00e9mentaire d\u2019une compagnie en situation de d\u00e9faillance totale.<\/p>\n<p>\u200eDans son r\u00e9quisitoire, le minist\u00e8re public avait demand\u00e9 une peine exemplaire : deux ans de prison ferme, une amende de 12 millions de francs CFA et la d\u00e9livrance d\u2019un mandat de d\u00e9p\u00f4t contre les quatre pr\u00e9venus.<\/p>\n<p>Les avocats de la d\u00e9fense, pour leur part, ont plaid\u00e9 la relaxe, contestant la l\u00e9gitimit\u00e9 et la comp\u00e9tence du t\u00e9moin principal et rejetant toute responsabilit\u00e9 de leurs clients. Seul Me Youssoupha Camara, conseil de la famille du copilote d\u00e9c\u00e9d\u00e9, a demand\u00e9 au tribunal d\u2019accorder 650 millions de francs CFA de dommages et int\u00e9r\u00eats. Les autres parties civiles ont pr\u00e9f\u00e9r\u00e9 que leurs int\u00e9r\u00eats soient r\u00e9serv\u00e9s pour une proc\u00e9dure ult\u00e9rieure.<\/p>\n<p>\u200eAinsi, dix ans apr\u00e8s le crash de l\u2019avion m\u00e9dical, la justice s\u00e9n\u00e9galaise a livr\u00e9 un verdict qui, s\u2019il \u00e9tablit la responsabilit\u00e9 de l\u2019ANACIM et sanctionne certains de ses responsables, laisse toutefois un go\u00fbt d\u2019inachev\u00e9 pour de nombreuses familles de victimes, qui esp\u00e9raient une condamnation plus lourde et une reconnaissance plus large de leurs droits.<\/p>\n<div class='share-to-whatsapp-wrapper'><div class='share-on-whsp'>PARTAGER SUR : <\/div><a data-text='CRASH DE L\u2019AVION M\u00c9DICAL DE S\u00c9N\u00c9GALAIR EN 2015 --Trois pr\u00e9venus condamn\u00e9s pour homicide involontaire\u00a0' data-link='https:\/\/www.nettali.com\/2025\/09\/11\/crash-de-lavion-medical-de-senegalair-en-2015-trois-prevenus-condamnes-pour-homicide-involontaire\/' class='whatsapp-button whatsapp-share'>WhatsApp<\/a><div class='clear '><\/div><\/div>","protected":false},"excerpt":{"rendered":"<p>NETTALI.COM - Le verdict du crash de l\u2019avion m\u00e9dical de la compagnie S\u00e9n\u00e9galair, survenu le 5 septembre 2015, est tomb\u00e9 ce jeudi 11 septembre 2025. Trois anciens responsables de l\u2019ANACIM ont \u00e9t\u00e9 condamn\u00e9s \u00e0 six mois de prison avec sursis et \u00e0 une amende de 500 000 francs CFA chacun. Ils doivent allouer solidairement la [&hellip;]<\/p>\n","protected":false},"author":6,"featured_media":118374,"comment_status":"open","ping_status":"open","sticky":false,"template":"","format":"standard","meta":{"_et_pb_use_builder":"","_et_pb_old_content":""},"categories":[3],"tags":[],"yoast_head":"<!-- This site is optimized with the Yoast SEO Premium plugin v17.8 (Yoast SEO v17.8) - https:\/\/yoast.com\/wordpress\/plugins\/seo\/ -->\n<title>CRASH DE L\u2019AVION M\u00c9DICAL DE S\u00c9N\u00c9GALAIR EN 2015 --Trois pr\u00e9venus condamn\u00e9s pour homicide involontaire\u00a0 | Nettali.com<\/title>\n<meta name=\"robots\" content=\"index, follow, max-snippet:-1, max-image-preview:large, max-video-preview:-1\" \/>\n<link rel=\"canonical\" href=\"https:\/\/www.nettali.com\/2025\/09\/11\/crash-de-lavion-medical-de-senegalair-en-2015-trois-prevenus-condamnes-pour-homicide-involontaire\/\" \/>\n<meta property=\"og:locale\" content=\"fr_FR\" \/>\n<meta property=\"og:type\" content=\"article\" \/>\n<meta property=\"og:title\" content=\"CRASH DE L\u2019AVION M\u00c9DICAL DE S\u00c9N\u00c9GALAIR EN 2015 --Trois pr\u00e9venus condamn\u00e9s pour homicide involontaire\u00a0\" \/>\n<meta property=\"og:description\" content=\"NETTALI.COM - Le verdict du crash de l\u2019avion m\u00e9dical de la compagnie S\u00e9n\u00e9galair, survenu le 5 septembre 2015, est tomb\u00e9 ce jeudi 11 septembre 2025. Trois anciens responsables de l\u2019ANACIM ont \u00e9t\u00e9 condamn\u00e9s \u00e0 six mois de prison avec sursis et \u00e0 une amende de 500 000 francs CFA chacun. Ils doivent allouer solidairement la [&hellip;]\" \/>\n<meta property=\"og:url\" content=\"https:\/\/www.nettali.com\/2025\/09\/11\/crash-de-lavion-medical-de-senegalair-en-2015-trois-prevenus-condamnes-pour-homicide-involontaire\/\" \/>\n<meta property=\"og:site_name\" content=\"Nettali.com\" \/>\n<meta property=\"article:publisher\" content=\"https:\/\/www.facebook.com\/nettalicom\" \/>\n<meta property=\"article:published_time\" content=\"2025-09-11T20:22:56+00:00\" \/>\n<meta property=\"og:image\" content=\"https:\/\/www.nettali.com\/wp-content\/uploads\/2023\/09\/2023-09-17t025420z_1989111683_rc2w93azeg3j_rtrmadp_3_brazil-plane-crash_1-taille1200_6506b08cdd651.jpg\" \/>\n\t<meta property=\"og:image:width\" content=\"750\" \/>\n\t<meta property=\"og:image:height\" content=\"422\" \/>\n<meta name=\"twitter:card\" content=\"summary_large_image\" \/>\n<meta name=\"twitter:label1\" content=\"\u00c9crit par\" \/>\n\t<meta name=\"twitter:data1\" content=\"Fatou\" \/>\n\t<meta name=\"twitter:label2\" content=\"Dur\u00e9e de lecture estim\u00e9e\" \/>\n\t<meta name=\"twitter:data2\" content=\"5 minutes\" \/>\n<script type=\"application\/ld+json\" class=\"yoast-schema-graph\">{\"@context\":\"https:\/\/schema.org\",\"@graph\":[{\"@type\":\"WebSite\",\"@id\":\"https:\/\/www.nettali.com\/#website\",\"url\":\"https:\/\/www.nettali.com\/\",\"name\":\"Nettali.com\",\"description\":\"Le rendez-vous critique du Net\",\"potentialAction\":[{\"@type\":\"SearchAction\",\"target\":{\"@type\":\"EntryPoint\",\"urlTemplate\":\"https:\/\/www.nettali.com\/?s={search_term_string}\"},\"query-input\":\"required name=search_term_string\"}],\"inLanguage\":\"fr-FR\"},{\"@type\":\"ImageObject\",\"@id\":\"https:\/\/www.nettali.com\/2025\/09\/11\/crash-de-lavion-medical-de-senegalair-en-2015-trois-prevenus-condamnes-pour-homicide-involontaire\/#primaryimage\",\"inLanguage\":\"fr-FR\",\"url\":\"https:\/\/www.nettali.com\/wp-content\/uploads\/2023\/09\/2023-09-17t025420z_1989111683_rc2w93azeg3j_rtrmadp_3_brazil-plane-crash_1-taille1200_6506b08cdd651.jpg\",\"contentUrl\":\"https:\/\/www.nettali.com\/wp-content\/uploads\/2023\/09\/2023-09-17t025420z_1989111683_rc2w93azeg3j_rtrmadp_3_brazil-plane-crash_1-taille1200_6506b08cdd651.jpg\",\"width\":750,\"height\":422},{\"@type\":\"WebPage\",\"@id\":\"https:\/\/www.nettali.com\/2025\/09\/11\/crash-de-lavion-medical-de-senegalair-en-2015-trois-prevenus-condamnes-pour-homicide-involontaire\/#webpage\",\"url\":\"https:\/\/www.nettali.com\/2025\/09\/11\/crash-de-lavion-medical-de-senegalair-en-2015-trois-prevenus-condamnes-pour-homicide-involontaire\/\",\"name\":\"CRASH DE L\\u2019AVION M\\u00c9DICAL DE S\\u00c9N\\u00c9GALAIR EN 2015 --Trois pr\\u00e9venus condamn\\u00e9s pour homicide involontaire\\u00a0 | Nettali.com\",\"isPartOf\":{\"@id\":\"https:\/\/www.nettali.com\/#website\"},\"primaryImageOfPage\":{\"@id\":\"https:\/\/www.nettali.com\/2025\/09\/11\/crash-de-lavion-medical-de-senegalair-en-2015-trois-prevenus-condamnes-pour-homicide-involontaire\/#primaryimage\"},\"datePublished\":\"2025-09-11T20:22:56+00:00\",\"dateModified\":\"2025-09-11T20:22:56+00:00\",\"author\":{\"@id\":\"https:\/\/www.nettali.com\/#\/schema\/person\/418274a86bdf87caff7a3ef476bd0bbf\"},\"breadcrumb\":{\"@id\":\"https:\/\/www.nettali.com\/2025\/09\/11\/crash-de-lavion-medical-de-senegalair-en-2015-trois-prevenus-condamnes-pour-homicide-involontaire\/#breadcrumb\"},\"inLanguage\":\"fr-FR\",\"potentialAction\":[{\"@type\":\"ReadAction\",\"target\":[\"https:\/\/www.nettali.com\/2025\/09\/11\/crash-de-lavion-medical-de-senegalair-en-2015-trois-prevenus-condamnes-pour-homicide-involontaire\/\"]}]},{\"@type\":\"BreadcrumbList\",\"@id\":\"https:\/\/www.nettali.com\/2025\/09\/11\/crash-de-lavion-medical-de-senegalair-en-2015-trois-prevenus-condamnes-pour-homicide-involontaire\/#breadcrumb\",\"itemListElement\":[{\"@type\":\"ListItem\",\"position\":1,\"name\":\"Accueil\",\"item\":\"https:\/\/www.nettali.com\/\"},{\"@type\":\"ListItem\",\"position\":2,\"name\":\"CRASH DE L\\u2019AVION M\\u00c9DICAL DE S\\u00c9N\\u00c9GALAIR EN 2015 --Trois pr\\u00e9venus condamn\\u00e9s pour homicide involontaire\\u00a0\"}]},{\"@type\":\"Person\",\"@id\":\"https:\/\/www.nettali.com\/#\/schema\/person\/418274a86bdf87caff7a3ef476bd0bbf\",\"name\":\"Fatou\",\"image\":{\"@type\":\"ImageObject\",\"@id\":\"https:\/\/www.nettali.com\/#personlogo\",\"inLanguage\":\"fr-FR\",\"url\":\"https:\/\/secure.gravatar.com\/avatar\/5a9442a2bee7b4dcf167cab035858e9a?s=96&d=mm&r=g\",\"contentUrl\":\"https:\/\/secure.gravatar.com\/avatar\/5a9442a2bee7b4dcf167cab035858e9a?s=96&d=mm&r=g\",\"caption\":\"Fatou\"},\"sameAs\":[\"https:\/\/www.nettali.com\"]}]}<\/script>\n<!-- \/ Yoast SEO Premium plugin. -->","yoast_head_json":{"title":"CRASH DE L\u2019AVION M\u00c9DICAL DE S\u00c9N\u00c9GALAIR EN 2015 --Trois pr\u00e9venus condamn\u00e9s pour homicide involontaire\u00a0 | Nettali.com","robots":{"index":"index","follow":"follow","max-snippet":"max-snippet:-1","max-image-preview":"max-image-preview:large","max-video-preview":"max-video-preview:-1"},"canonical":"https:\/\/www.nettali.com\/2025\/09\/11\/crash-de-lavion-medical-de-senegalair-en-2015-trois-prevenus-condamnes-pour-homicide-involontaire\/","og_locale":"fr_FR","og_type":"article","og_title":"CRASH DE L\u2019AVION M\u00c9DICAL DE S\u00c9N\u00c9GALAIR EN 2015 --Trois pr\u00e9venus condamn\u00e9s pour homicide involontaire\u00a0","og_description":"NETTALI.COM - Le verdict du crash de l\u2019avion m\u00e9dical de la compagnie S\u00e9n\u00e9galair, survenu le 5 septembre 2015, est tomb\u00e9 ce jeudi 11 septembre 2025. Trois anciens responsables de l\u2019ANACIM ont \u00e9t\u00e9 condamn\u00e9s \u00e0 six mois de prison avec sursis et \u00e0 une amende de 500 000 francs CFA chacun. Ils doivent allouer solidairement la [&hellip;]","og_url":"https:\/\/www.nettali.com\/2025\/09\/11\/crash-de-lavion-medical-de-senegalair-en-2015-trois-prevenus-condamnes-pour-homicide-involontaire\/","og_site_name":"Nettali.com","article_publisher":"https:\/\/www.facebook.com\/nettalicom","article_published_time":"2025-09-11T20:22:56+00:00","og_image":[{"width":750,"height":422,"url":"https:\/\/www.nettali.com\/wp-content\/uploads\/2023\/09\/2023-09-17t025420z_1989111683_rc2w93azeg3j_rtrmadp_3_brazil-plane-crash_1-taille1200_6506b08cdd651.jpg","type":"image\/jpeg"}],"twitter_card":"summary_large_image","twitter_misc":{"\u00c9crit par":"Fatou","Dur\u00e9e de lecture estim\u00e9e":"5 minutes"},"schema":{"@context":"https:\/\/schema.org","@graph":[{"@type":"WebSite","@id":"https:\/\/www.nettali.com\/#website","url":"https:\/\/www.nettali.com\/","name":"Nettali.com","description":"Le rendez-vous critique du Net","potentialAction":[{"@type":"SearchAction","target":{"@type":"EntryPoint","urlTemplate":"https:\/\/www.nettali.com\/?s={search_term_string}"},"query-input":"required name=search_term_string"}],"inLanguage":"fr-FR"},{"@type":"ImageObject","@id":"https:\/\/www.nettali.com\/2025\/09\/11\/crash-de-lavion-medical-de-senegalair-en-2015-trois-prevenus-condamnes-pour-homicide-involontaire\/#primaryimage","inLanguage":"fr-FR","url":"https:\/\/www.nettali.com\/wp-content\/uploads\/2023\/09\/2023-09-17t025420z_1989111683_rc2w93azeg3j_rtrmadp_3_brazil-plane-crash_1-taille1200_6506b08cdd651.jpg","contentUrl":"https:\/\/www.nettali.com\/wp-content\/uploads\/2023\/09\/2023-09-17t025420z_1989111683_rc2w93azeg3j_rtrmadp_3_brazil-plane-crash_1-taille1200_6506b08cdd651.jpg","width":750,"height":422},{"@type":"WebPage","@id":"https:\/\/www.nettali.com\/2025\/09\/11\/crash-de-lavion-medical-de-senegalair-en-2015-trois-prevenus-condamnes-pour-homicide-involontaire\/#webpage","url":"https:\/\/www.nettali.com\/2025\/09\/11\/crash-de-lavion-medical-de-senegalair-en-2015-trois-prevenus-condamnes-pour-homicide-involontaire\/","name":"CRASH DE L\u2019AVION M\u00c9DICAL DE S\u00c9N\u00c9GALAIR EN 2015 --Trois pr\u00e9venus condamn\u00e9s pour homicide involontaire\u00a0 | Nettali.com","isPartOf":{"@id":"https:\/\/www.nettali.com\/#website"},"primaryImageOfPage":{"@id":"https:\/\/www.nettali.com\/2025\/09\/11\/crash-de-lavion-medical-de-senegalair-en-2015-trois-prevenus-condamnes-pour-homicide-involontaire\/#primaryimage"},"datePublished":"2025-09-11T20:22:56+00:00","dateModified":"2025-09-11T20:22:56+00:00","author":{"@id":"https:\/\/www.nettali.com\/#\/schema\/person\/418274a86bdf87caff7a3ef476bd0bbf"},"breadcrumb":{"@id":"https:\/\/www.nettali.com\/2025\/09\/11\/crash-de-lavion-medical-de-senegalair-en-2015-trois-prevenus-condamnes-pour-homicide-involontaire\/#breadcrumb"},"inLanguage":"fr-FR","potentialAction":[{"@type":"ReadAction","target":["https:\/\/www.nettali.com\/2025\/09\/11\/crash-de-lavion-medical-de-senegalair-en-2015-trois-prevenus-condamnes-pour-homicide-involontaire\/"]}]},{"@type":"BreadcrumbList","@id":"https:\/\/www.nettali.com\/2025\/09\/11\/crash-de-lavion-medical-de-senegalair-en-2015-trois-prevenus-condamnes-pour-homicide-involontaire\/#breadcrumb","itemListElement":[{"@type":"ListItem","position":1,"name":"Accueil","item":"https:\/\/www.nettali.com\/"},{"@type":"ListItem","position":2,"name":"CRASH DE L\u2019AVION M\u00c9DICAL DE S\u00c9N\u00c9GALAIR EN 2015 --Trois pr\u00e9venus condamn\u00e9s pour homicide involontaire\u00a0"}]},{"@type":"Person","@id":"https:\/\/www.nettali.com\/#\/schema\/person\/418274a86bdf87caff7a3ef476bd0bbf","name":"Fatou","image":{"@type":"ImageObject","@id":"https:\/\/www.nettali.com\/#personlogo","inLanguage":"fr-FR","url":"https:\/\/secure.gravatar.com\/avatar\/5a9442a2bee7b4dcf167cab035858e9a?s=96&d=mm&r=g","contentUrl":"https:\/\/secure.gravatar.com\/avatar\/5a9442a2bee7b4dcf167cab035858e9a?s=96&d=mm&r=g","caption":"Fatou"},"sameAs":["https:\/\/www.nettali.com"]}]}},"_links":{"self":[{"href":"https:\/\/www.nettali.com\/rest\/wp\/v2\/posts\/161069"}],"collection":[{"href":"https:\/\/www.nettali.com\/rest\/wp\/v2\/posts"}],"about":[{"href":"https:\/\/www.nettali.com\/rest\/wp\/v2\/types\/post"}],"author":[{"embeddable":true,"href":"https:\/\/www.nettali.com\/rest\/wp\/v2\/users\/6"}],"replies":[{"embeddable":true,"href":"https:\/\/www.nettali.com\/rest\/wp\/v2\/comments?post=161069"}],"version-history":[{"count":5,"href":"https:\/\/www.nettali.com\/rest\/wp\/v2\/posts\/161069\/revisions"}],"predecessor-version":[{"id":161081,"href":"https:\/\/www.nettali.com\/rest\/wp\/v2\/posts\/161069\/revisions\/161081"}],"wp:featuredmedia":[{"embeddable":true,"href":"https:\/\/www.nettali.com\/rest\/wp\/v2\/media\/118374"}],"wp:attachment":[{"href":"https:\/\/www.nettali.com\/rest\/wp\/v2\/media?parent=161069"}],"wp:term":[{"taxonomy":"category","embeddable":true,"href":"https:\/\/www.nettali.com\/rest\/wp\/v2\/categories?post=161069"},{"taxonomy":"post_tag","embeddable":true,"href":"https:\/\/www.nettali.com\/rest\/wp\/v2\/tags?post=161069"}],"curies":[{"name":"wp","href":"https:\/\/api.w.org\/{rel}","templated":true}]}}