{"id":161059,"date":"2025-09-11T09:14:34","date_gmt":"2025-09-11T09:14:34","guid":{"rendered":"https:\/\/www.nettali.com\/?p=161059"},"modified":"2025-09-11T09:14:34","modified_gmt":"2025-09-11T09:14:34","slug":"manifestations-politiques-paris-sous-tension","status":"publish","type":"post","link":"https:\/\/www.nettali.com\/2025\/09\/11\/manifestations-politiques-paris-sous-tension\/","title":{"rendered":"MANIFESTATIONS POLITIQUES - Paris sous tension"},"content":{"rendered":"<p class=\"p3\"><strong>NETTALI.COM - Alors qu\u2019elle peine, depuis juillet 2024, \u00e0 avoir un gouvernement stable, la France doit maintenant faire face \u00e0 la col\u00e8re populaire, avec des milliers de manifestants qui descendent dans la rue pour exiger la d\u00e9mission d\u2019Emmanuel Macron. Des manifestations qui interviennent dans un contexte de flou politique total.<\/strong><\/p>\n<p>Comme promis, les Fran\u00e7ais ont r\u00e9pondu, le mercredi 10 Ao\u00fbt, par milliers \u00e0 l\u2019appel du mouvement Bloquons tout. Selon les chiffres du minist\u00e8re de l\u2019Int\u00e9rieur, c\u2019est environ 175 000 personnes \u00e0 travers le pays ; 250 000 selon la Conf\u00e9d\u00e9ration g\u00e9n\u00e9rale du travail (CGT). Les images tournaient en boucle sur les r\u00e9seaux sociaux et dans les m\u00e9dias. \u00c0 plusieurs endroits de la capitale, des manifestants ont \u00e9rig\u00e9 des barricades compos\u00e9es de poubelles et de d\u00e9chets. Certaines ont \u00e9t\u00e9 incendi\u00e9es, enflant l\u2019atmosph\u00e8re d\u00e9j\u00e0 tendue. Avec des affrontements violents entre manifestants et forces de l\u2019ordre.<\/p>\n<p>Des images largement relay\u00e9es et comment\u00e9es sur certaines pages s\u00e9n\u00e9galaises. Beaucoup d\u2019internautes faisant le parall\u00e8le avec ce qui s\u2019est pass\u00e9 au S\u00e9n\u00e9gal entre 2021 et 2024. Alors que les uns d\u00e9noncent avec ironie la violence de la r\u00e9pression polici\u00e8re, d\u2019autres mettent l\u2019accent sur le fait que, malgr\u00e9 la violence des manifestions, les forces de l\u2019ordre ont su faire preuve de ma\u00eetrise, \u00e9vitant ainsi les grabuges.<\/p>\n<p>Faisant le bilan le soir, le ministre de l\u2019Int\u00e9rieur a surtout salu\u00e9 l\u2019action des forces de l\u2019ordre qui ont mis en \u00e9chec, selon ses mots, les initiateurs de ces manifestations de masse. \u201c<em>La journ\u00e9e a \u00e9t\u00e9 tr\u00e8s longue ; elle a commenc\u00e9 \u00e0 l'aube et elle se poursuit. Le premier constat que l\u2019on peut faire, c\u2019est la mise en \u00e9chec de ceux qui voulaient bloquer le pays. Les bloqueurs n'ont pas bloqu\u00e9 la France<\/em>\u201d.<\/p>\n<p>\u00c0 l\u2019en croire, il y a eu de tr\u00e8s nombreuses tentatives, parfois violentes, de blocage. \u201c<em>Mais gr\u00e2ce \u00e0 la r\u00e9activit\u00e9 et aux instructions qui ont \u00e9t\u00e9 donn\u00e9es \u00e0 la police, force est rest\u00e9e \u00e0 la loi<\/em>\u201d, s\u2019est r\u00e9joui Bruno Retailleau, non sans d\u00e9noncer ce qu\u2019il consid\u00e8re comme des tentatives de manipulation de la col\u00e8re populaire.<\/p>\n<p>\u201c<em>Il y a certes des compatriotes qui sont en col\u00e8re \u00e0 cause des fins du mois difficiles, une col\u00e8re qu'ils peuvent l\u00e9gitimement exprimer, mais on voit qu'il y a eu une confiscation, un d\u00e9tournement, notamment de leur mobilisation par la mouvance extr\u00eame gauche et ultra gauche<\/em>\u201d, accuse le ministre de l\u2019Int\u00e9rieur.<\/p>\n<p>Pendant ce temps, le leader de La France insoumise, Jean-Luc M\u00e9lenchon, fustige la violence polici\u00e8re et magnifie le comportement \u201cpacifiste\u201d des manifestants. \u201c<em>Remarquable sang-froid des rassembl\u00e9s sous une violente agression polici\u00e8re destin\u00e9e \u00e0 provoquer des incidents en cha\u00eene pour justifier les arrestations et les titres de la presse<\/em>\u201d, a-t-il r\u00e9agi sur son compte X, avec en illustration des images de confrontations entre forces de l\u2019ordre et manifestants.<\/p>\n<p>Au ministre qui taxe les manifestants de violents, M\u00e9lenchon r\u00e9torque que c\u2019est plut\u00f4t du c\u00f4t\u00e9 des flics qu\u2019il faut chercher les auteurs d\u2019actes violents. \u201c<em>\u00c0 Br\u00e9tigny, ce sont les policiers qui allument l\u2019incendie du terre-plein. \u00c0 Paris, l\u2019incendie d\u2019une fa\u00e7ade leur est peut-\u00eatre d\u00fb\u2026 En tout cas, les manifestants n\u2019y sont pour rien, nonobstant les jacasseries des cha\u00eenes d\u2019info \u00e0 genoux devant chaque cageot en feu quand il y en a<\/em>\u201d, ajoute le leader de la LFI.<\/p>\n<p>Pour M\u00e9lenchon, la demande de destitution de Macron est d\u00e9sormais ancr\u00e9e et elle fut cri\u00e9e partout. \u201c<em>Tout le monde conna\u00eet notre point de vue : le coupable de la situation, c\u2019est Macron. Le chaos, c\u2019est lui et ses d\u00e9cisions. Il ne fait pas le moindre effort pour montrer qu\u2019il re\u00e7oit ou entend les messages qui lui viennent de l\u2019Assembl\u00e9e nationale ou du pays. Au contraire, il force le trait par bravade pour montrer qu\u2019il reste le ma\u00eetre de ses \u00e9tranges plans absurdes<\/em>\u201d, charge l\u2019opposant, avant trancher : \u201c<em>Il doit partir. Il partira parce qu\u2019il n\u2019a aucun moyen politique de rester, ni lui, ni aucun de ses clones, ni aucun des opportunistes qui jouent la com\u00e9die de \u2018la stabilit\u00e9\u2019 en aggravant la confusion pour mieux en tirer profit personnel en places et postes. Macron doit partir et le pouvoir du peuple doit \u00eatre r\u00e9tabli pour prendre les d\u00e9cisions refondatrices dont le pays a besoin, qu\u2019elles soient ceci ou cela<\/em>\u201d.<\/p>\n<p>Pour parer \u00e0 toutes les \u00e9ventualit\u00e9s et \u00e9viter que le pays soit paralys\u00e9, le gouvernement a mobilis\u00e9 des milliers policiers et gendarmes sur toute l\u2019\u00e9tendue du territoire. On parle de 80 000 \u00e9l\u00e9ments mobilis\u00e9s, dont 6 000 \u00e0 Paris. Un dispositif exceptionnel qui a permis, selon le minist\u00e8re de l\u2019Int\u00e9rieur, de contenir les plus de 850 actions men\u00e9es et pr\u00e8s de 200 000 manifestants.<\/p>\n<p>Au total, informe BFM dans un article mis en ligne vers les coups de 23 h, plus de 540 interpellations ont \u00e9t\u00e9 not\u00e9es dans tout le pays, dont 211 \u00e0 Paris ; 415 personnes ont \u00e9t\u00e9 plac\u00e9es en position de garde \u00e0 vue, dont 110 dans la capitale. Du c\u00f4t\u00e9 des forces de l'ordre, il a \u00e9t\u00e9 enregistr\u00e9 23 bless\u00e9s, selon les derniers bilans publi\u00e9s dans la soir\u00e9e.<\/p>\n<p class=\"p2\"><strong>Le flou politique <\/strong><\/p>\n<p class=\"p2\">Ces manifestations interviennent dans un contexte marqu\u00e9 par l\u2019instabilit\u00e9 institutionnelle et politique que traverse le pays depuis les derni\u00e8res \u00e9lections l\u00e9gislatives en juin-juillet 2024, avec quatre gouvernements successifs et des dur\u00e9es de vie tr\u00e8s limit\u00e9es.<\/p>\n<p class=\"p2\">Depuis ces L\u00e9gislatives, en effet, aucun des groupes qui composent l\u2019Assembl\u00e9e nationale n\u2019a la majorit\u00e9 n\u00e9cessaire pour gouverner seul. Et les diff\u00e9rentes forces en pr\u00e9sence, n\u2019arrivent pas \u00e0 s\u2019entendre autour d\u2019un programme pour d\u00e9passer ces situations de blocage.<\/p>\n<p class=\"p2\">\u00c0 la suite de la d\u00e9mission de Gabriel Attal en juillet, Emmanuel Macron avait d\u2019abord nomm\u00e9 Michel Bargnier pour composer le premier gouvernement post-l\u00e9gislatives. Celui-ci ne durera qu\u2019environ 91 jours avant d\u2019\u00eatre dissout.<\/p>\n<p class=\"p2\">En d\u00e9cembre 2024, Fran\u00e7ois Bayrou acc\u00e8de \u00e0 Matignon, mais lui non plus n\u2019\u00e9chappera pas aux querelles politiques. Apr\u00e8s avoir surv\u00e9cu \u00e0 une premi\u00e8re motion, il finit par tomber le 8 septembre 2025, avec 364 voix contre 194, dans un vote de confiance qu\u2019il a lui-m\u00eame provoqu\u00e9. Il a \u00e9t\u00e9 remplac\u00e9 par S\u00e9bastien Lecornu, proche de Macron, dont la nomination suscite encore plus de vagues et qui risque de conna\u00eetre le m\u00eame sort que ses devanciers.<\/p>\n<p class=\"p2\">\u00c0 cause de cette situation in\u00e9dite, deux options reviennent r\u00e9guli\u00e8rement dans le d\u00e9bat public. Soit le pr\u00e9sident de la R\u00e9publique d\u00e9missionne et provoque une \u00e9lection pr\u00e9sidentielle anticip\u00e9e comme le r\u00e9clame le leader de la LFI, soit il dissout \u00e0 nouveau l\u2019Assembl\u00e9e et organise de nouvelles \u00e9lections l\u00e9gislatives. La deuxi\u00e8me option semble avoir la faveur des pronostics.<\/p>\n<p class=\"p2\">Pour rappel, c\u2019est le 9 juin 2024 que le pr\u00e9sident fran\u00e7ais avait dissout pour la premi\u00e8re fois l\u2019assembl\u00e9e, \u00e0 la suite de la d\u00e9faite de son camp aux \u00e9lections europ\u00e9ennes et au triomphe de l\u2019extr\u00eame droite. Il esp\u00e9rait ainsi renforcer sa majorit\u00e9, mais a r\u00e9colt\u00e9 l\u2019effet inverse. Une nouvelle dissolution serait donc la deuxi\u00e8me en moins de deux ans.<\/p>\n<p>EnQu\u00eate<\/p>\n<div class='share-to-whatsapp-wrapper'><div class='share-on-whsp'>PARTAGER SUR : <\/div><a data-text='MANIFESTATIONS POLITIQUES - Paris sous tension' data-link='https:\/\/www.nettali.com\/2025\/09\/11\/manifestations-politiques-paris-sous-tension\/' class='whatsapp-button whatsapp-share'>WhatsApp<\/a><div class='clear '><\/div><\/div>","protected":false},"excerpt":{"rendered":"<p>NETTALI.COM - Alors qu\u2019elle peine, depuis juillet 2024, \u00e0 avoir un gouvernement stable, la France doit maintenant faire face \u00e0 la col\u00e8re populaire, avec des milliers de manifestants qui descendent dans la rue pour exiger la d\u00e9mission d\u2019Emmanuel Macron. Des manifestations qui interviennent dans un contexte de flou politique total. Comme promis, les Fran\u00e7ais ont [&hellip;]<\/p>\n","protected":false},"author":2,"featured_media":161060,"comment_status":"open","ping_status":"open","sticky":false,"template":"","format":"standard","meta":{"_et_pb_use_builder":"","_et_pb_old_content":""},"categories":[8],"tags":[],"yoast_head":"<!-- This site is optimized with the Yoast SEO Premium plugin v17.8 (Yoast SEO v17.8) - https:\/\/yoast.com\/wordpress\/plugins\/seo\/ -->\n<title>MANIFESTATIONS POLITIQUES - Paris sous tension | Nettali.com<\/title>\n<meta name=\"robots\" content=\"index, follow, max-snippet:-1, max-image-preview:large, max-video-preview:-1\" \/>\n<link rel=\"canonical\" href=\"https:\/\/www.nettali.com\/2025\/09\/11\/manifestations-politiques-paris-sous-tension\/\" \/>\n<meta property=\"og:locale\" content=\"fr_FR\" \/>\n<meta property=\"og:type\" content=\"article\" \/>\n<meta property=\"og:title\" content=\"MANIFESTATIONS POLITIQUES - Paris sous tension\" \/>\n<meta property=\"og:description\" content=\"NETTALI.COM - Alors qu\u2019elle peine, depuis juillet 2024, \u00e0 avoir un gouvernement stable, la France doit maintenant faire face \u00e0 la col\u00e8re populaire, avec des milliers de manifestants qui descendent dans la rue pour exiger la d\u00e9mission d\u2019Emmanuel Macron. Des manifestations qui interviennent dans un contexte de flou politique total. Comme promis, les Fran\u00e7ais ont [&hellip;]\" \/>\n<meta property=\"og:url\" content=\"https:\/\/www.nettali.com\/2025\/09\/11\/manifestations-politiques-paris-sous-tension\/\" \/>\n<meta property=\"og:site_name\" content=\"Nettali.com\" \/>\n<meta property=\"article:publisher\" content=\"https:\/\/www.facebook.com\/nettalicom\" \/>\n<meta property=\"article:published_time\" content=\"2025-09-11T09:14:34+00:00\" \/>\n<meta property=\"og:image\" content=\"https:\/\/www.nettali.com\/wp-content\/uploads\/2025\/09\/images-3.jpeg\" \/>\n\t<meta property=\"og:image:width\" content=\"310\" \/>\n\t<meta property=\"og:image:height\" content=\"163\" \/>\n<meta name=\"twitter:card\" content=\"summary_large_image\" \/>\n<meta name=\"twitter:label1\" content=\"\u00c9crit par\" \/>\n\t<meta name=\"twitter:data1\" content=\"CK\" \/>\n\t<meta name=\"twitter:label2\" content=\"Dur\u00e9e de lecture estim\u00e9e\" \/>\n\t<meta name=\"twitter:data2\" content=\"6 minutes\" \/>\n<script type=\"application\/ld+json\" class=\"yoast-schema-graph\">{\"@context\":\"https:\/\/schema.org\",\"@graph\":[{\"@type\":\"WebSite\",\"@id\":\"https:\/\/www.nettali.com\/#website\",\"url\":\"https:\/\/www.nettali.com\/\",\"name\":\"Nettali.com\",\"description\":\"Le rendez-vous critique du Net\",\"potentialAction\":[{\"@type\":\"SearchAction\",\"target\":{\"@type\":\"EntryPoint\",\"urlTemplate\":\"https:\/\/www.nettali.com\/?s={search_term_string}\"},\"query-input\":\"required name=search_term_string\"}],\"inLanguage\":\"fr-FR\"},{\"@type\":\"ImageObject\",\"@id\":\"https:\/\/www.nettali.com\/2025\/09\/11\/manifestations-politiques-paris-sous-tension\/#primaryimage\",\"inLanguage\":\"fr-FR\",\"url\":\"https:\/\/www.nettali.com\/wp-content\/uploads\/2025\/09\/images-3.jpeg\",\"contentUrl\":\"https:\/\/www.nettali.com\/wp-content\/uploads\/2025\/09\/images-3.jpeg\",\"width\":310,\"height\":163},{\"@type\":\"WebPage\",\"@id\":\"https:\/\/www.nettali.com\/2025\/09\/11\/manifestations-politiques-paris-sous-tension\/#webpage\",\"url\":\"https:\/\/www.nettali.com\/2025\/09\/11\/manifestations-politiques-paris-sous-tension\/\",\"name\":\"MANIFESTATIONS POLITIQUES - Paris sous tension | Nettali.com\",\"isPartOf\":{\"@id\":\"https:\/\/www.nettali.com\/#website\"},\"primaryImageOfPage\":{\"@id\":\"https:\/\/www.nettali.com\/2025\/09\/11\/manifestations-politiques-paris-sous-tension\/#primaryimage\"},\"datePublished\":\"2025-09-11T09:14:34+00:00\",\"dateModified\":\"2025-09-11T09:14:34+00:00\",\"author\":{\"@id\":\"https:\/\/www.nettali.com\/#\/schema\/person\/d8ac7b7e27ddad43f1c0d2ef090d7f71\"},\"breadcrumb\":{\"@id\":\"https:\/\/www.nettali.com\/2025\/09\/11\/manifestations-politiques-paris-sous-tension\/#breadcrumb\"},\"inLanguage\":\"fr-FR\",\"potentialAction\":[{\"@type\":\"ReadAction\",\"target\":[\"https:\/\/www.nettali.com\/2025\/09\/11\/manifestations-politiques-paris-sous-tension\/\"]}]},{\"@type\":\"BreadcrumbList\",\"@id\":\"https:\/\/www.nettali.com\/2025\/09\/11\/manifestations-politiques-paris-sous-tension\/#breadcrumb\",\"itemListElement\":[{\"@type\":\"ListItem\",\"position\":1,\"name\":\"Accueil\",\"item\":\"https:\/\/www.nettali.com\/\"},{\"@type\":\"ListItem\",\"position\":2,\"name\":\"MANIFESTATIONS POLITIQUES - Paris sous tension\"}]},{\"@type\":\"Person\",\"@id\":\"https:\/\/www.nettali.com\/#\/schema\/person\/d8ac7b7e27ddad43f1c0d2ef090d7f71\",\"name\":\"CK\",\"image\":{\"@type\":\"ImageObject\",\"@id\":\"https:\/\/www.nettali.com\/#personlogo\",\"inLanguage\":\"fr-FR\",\"url\":\"https:\/\/secure.gravatar.com\/avatar\/1d8d5118b9327d94da7cd4ce7f17fec2?s=96&d=mm&r=g\",\"contentUrl\":\"https:\/\/secure.gravatar.com\/avatar\/1d8d5118b9327d94da7cd4ce7f17fec2?s=96&d=mm&r=g\",\"caption\":\"CK\"},\"sameAs\":[\"https:\/\/www.nettali.com\"]}]}<\/script>\n<!-- \/ Yoast SEO Premium plugin. -->","yoast_head_json":{"title":"MANIFESTATIONS POLITIQUES - Paris sous tension | Nettali.com","robots":{"index":"index","follow":"follow","max-snippet":"max-snippet:-1","max-image-preview":"max-image-preview:large","max-video-preview":"max-video-preview:-1"},"canonical":"https:\/\/www.nettali.com\/2025\/09\/11\/manifestations-politiques-paris-sous-tension\/","og_locale":"fr_FR","og_type":"article","og_title":"MANIFESTATIONS POLITIQUES - Paris sous tension","og_description":"NETTALI.COM - Alors qu\u2019elle peine, depuis juillet 2024, \u00e0 avoir un gouvernement stable, la France doit maintenant faire face \u00e0 la col\u00e8re populaire, avec des milliers de manifestants qui descendent dans la rue pour exiger la d\u00e9mission d\u2019Emmanuel Macron. Des manifestations qui interviennent dans un contexte de flou politique total. Comme promis, les Fran\u00e7ais ont [&hellip;]","og_url":"https:\/\/www.nettali.com\/2025\/09\/11\/manifestations-politiques-paris-sous-tension\/","og_site_name":"Nettali.com","article_publisher":"https:\/\/www.facebook.com\/nettalicom","article_published_time":"2025-09-11T09:14:34+00:00","og_image":[{"width":310,"height":163,"url":"https:\/\/www.nettali.com\/wp-content\/uploads\/2025\/09\/images-3.jpeg","type":"image\/jpeg"}],"twitter_card":"summary_large_image","twitter_misc":{"\u00c9crit par":"CK","Dur\u00e9e de lecture estim\u00e9e":"6 minutes"},"schema":{"@context":"https:\/\/schema.org","@graph":[{"@type":"WebSite","@id":"https:\/\/www.nettali.com\/#website","url":"https:\/\/www.nettali.com\/","name":"Nettali.com","description":"Le rendez-vous critique du Net","potentialAction":[{"@type":"SearchAction","target":{"@type":"EntryPoint","urlTemplate":"https:\/\/www.nettali.com\/?s={search_term_string}"},"query-input":"required name=search_term_string"}],"inLanguage":"fr-FR"},{"@type":"ImageObject","@id":"https:\/\/www.nettali.com\/2025\/09\/11\/manifestations-politiques-paris-sous-tension\/#primaryimage","inLanguage":"fr-FR","url":"https:\/\/www.nettali.com\/wp-content\/uploads\/2025\/09\/images-3.jpeg","contentUrl":"https:\/\/www.nettali.com\/wp-content\/uploads\/2025\/09\/images-3.jpeg","width":310,"height":163},{"@type":"WebPage","@id":"https:\/\/www.nettali.com\/2025\/09\/11\/manifestations-politiques-paris-sous-tension\/#webpage","url":"https:\/\/www.nettali.com\/2025\/09\/11\/manifestations-politiques-paris-sous-tension\/","name":"MANIFESTATIONS POLITIQUES - Paris sous tension | Nettali.com","isPartOf":{"@id":"https:\/\/www.nettali.com\/#website"},"primaryImageOfPage":{"@id":"https:\/\/www.nettali.com\/2025\/09\/11\/manifestations-politiques-paris-sous-tension\/#primaryimage"},"datePublished":"2025-09-11T09:14:34+00:00","dateModified":"2025-09-11T09:14:34+00:00","author":{"@id":"https:\/\/www.nettali.com\/#\/schema\/person\/d8ac7b7e27ddad43f1c0d2ef090d7f71"},"breadcrumb":{"@id":"https:\/\/www.nettali.com\/2025\/09\/11\/manifestations-politiques-paris-sous-tension\/#breadcrumb"},"inLanguage":"fr-FR","potentialAction":[{"@type":"ReadAction","target":["https:\/\/www.nettali.com\/2025\/09\/11\/manifestations-politiques-paris-sous-tension\/"]}]},{"@type":"BreadcrumbList","@id":"https:\/\/www.nettali.com\/2025\/09\/11\/manifestations-politiques-paris-sous-tension\/#breadcrumb","itemListElement":[{"@type":"ListItem","position":1,"name":"Accueil","item":"https:\/\/www.nettali.com\/"},{"@type":"ListItem","position":2,"name":"MANIFESTATIONS POLITIQUES - Paris sous tension"}]},{"@type":"Person","@id":"https:\/\/www.nettali.com\/#\/schema\/person\/d8ac7b7e27ddad43f1c0d2ef090d7f71","name":"CK","image":{"@type":"ImageObject","@id":"https:\/\/www.nettali.com\/#personlogo","inLanguage":"fr-FR","url":"https:\/\/secure.gravatar.com\/avatar\/1d8d5118b9327d94da7cd4ce7f17fec2?s=96&d=mm&r=g","contentUrl":"https:\/\/secure.gravatar.com\/avatar\/1d8d5118b9327d94da7cd4ce7f17fec2?s=96&d=mm&r=g","caption":"CK"},"sameAs":["https:\/\/www.nettali.com"]}]}},"_links":{"self":[{"href":"https:\/\/www.nettali.com\/rest\/wp\/v2\/posts\/161059"}],"collection":[{"href":"https:\/\/www.nettali.com\/rest\/wp\/v2\/posts"}],"about":[{"href":"https:\/\/www.nettali.com\/rest\/wp\/v2\/types\/post"}],"author":[{"embeddable":true,"href":"https:\/\/www.nettali.com\/rest\/wp\/v2\/users\/2"}],"replies":[{"embeddable":true,"href":"https:\/\/www.nettali.com\/rest\/wp\/v2\/comments?post=161059"}],"version-history":[{"count":1,"href":"https:\/\/www.nettali.com\/rest\/wp\/v2\/posts\/161059\/revisions"}],"predecessor-version":[{"id":161061,"href":"https:\/\/www.nettali.com\/rest\/wp\/v2\/posts\/161059\/revisions\/161061"}],"wp:featuredmedia":[{"embeddable":true,"href":"https:\/\/www.nettali.com\/rest\/wp\/v2\/media\/161060"}],"wp:attachment":[{"href":"https:\/\/www.nettali.com\/rest\/wp\/v2\/media?parent=161059"}],"wp:term":[{"taxonomy":"category","embeddable":true,"href":"https:\/\/www.nettali.com\/rest\/wp\/v2\/categories?post=161059"},{"taxonomy":"post_tag","embeddable":true,"href":"https:\/\/www.nettali.com\/rest\/wp\/v2\/tags?post=161059"}],"curies":[{"name":"wp","href":"https:\/\/api.w.org\/{rel}","templated":true}]}}