{"id":161042,"date":"2025-09-11T08:45:33","date_gmt":"2025-09-11T08:45:33","guid":{"rendered":"https:\/\/www.nettali.com\/?p=161042"},"modified":"2025-09-11T08:45:33","modified_gmt":"2025-09-11T08:45:33","slug":"onze-dor-ousmane-dembele-sacre","status":"publish","type":"post","link":"https:\/\/www.nettali.com\/2025\/09\/11\/onze-dor-ousmane-dembele-sacre\/","title":{"rendered":"ONZE D'OR - Ousmane Demb\u00e9l\u00e9 sacr\u00e9"},"content":{"rendered":"<p><strong>NETTALI.COM - Nomm\u00e9 parmi les grands favoris du prochain \"Ballon d'Or\", Ousmane Demb\u00e9l\u00e9 a remport\u00e9 un premier troph\u00e9e individuel, ce mercredi en d\u00e9crochant le Onze d'Or, une r\u00e9compense d\u00e9cern\u00e9e par les lecteurs de \"Onze Mondial\".<\/strong><\/p>\n<p>Avec 32,5% des votes, l'attaquant du Paris Saint-Germain et de l'\u00e9quipe de France a devanc\u00e9 l'Espagnol du FC Barcelone Lamine Yamal (30%) et le Fran\u00e7ais du Real Madrid Kylian Mbapp\u00e9 (12,5%).<\/p>\n<p>\"<em>Je suis fier, \u00e7a prouve que tu as bien travaill\u00e9 durant toute la saison, et je vais m\u00eame plus loin, durant toutes ces ann\u00e9es pour remporter des troph\u00e9es individuels. \u00c7a me touche, mes sacrifices et mes performances sont reconnus<\/em>\", a d\u00e9clar\u00e9 le Parisien apr\u00e8s avoir re\u00e7u son prix.<\/p>\n<p>Au palmar\u00e8s, Demb\u00e9l\u00e9 succ\u00e8de au Br\u00e9silien Vinicius Junior (2024), au Norv\u00e9gien Erling Haaland (2023) ou encore \u00e0 son compatriote Karim Benzema (2021 et 2022).<\/p>\n<div class='share-to-whatsapp-wrapper'><div class='share-on-whsp'>PARTAGER SUR : <\/div><a data-text='ONZE D'OR - Ousmane Demb\u00e9l\u00e9 sacr\u00e9' data-link='https:\/\/www.nettali.com\/2025\/09\/11\/onze-dor-ousmane-dembele-sacre\/' class='whatsapp-button whatsapp-share'>WhatsApp<\/a><div class='clear '><\/div><\/div>","protected":false},"excerpt":{"rendered":"<p>NETTALI.COM - Nomm\u00e9 parmi les grands favoris du prochain \"Ballon d'Or\", Ousmane Demb\u00e9l\u00e9 a remport\u00e9 un premier troph\u00e9e individuel, ce mercredi en d\u00e9crochant le Onze d'Or, une r\u00e9compense d\u00e9cern\u00e9e par les lecteurs de \"Onze Mondial\". Avec 32,5% des votes, l'attaquant du Paris Saint-Germain et de l'\u00e9quipe de France a devanc\u00e9 l'Espagnol du FC Barcelone Lamine [&hellip;]<\/p>\n","protected":false},"author":5,"featured_media":161043,"comment_status":"open","ping_status":"open","sticky":false,"template":"","format":"standard","meta":{"_et_pb_use_builder":"","_et_pb_old_content":""},"categories":[6],"tags":[],"yoast_head":"<!-- This site is optimized with the Yoast SEO Premium plugin v17.8 (Yoast SEO v17.8) - https:\/\/yoast.com\/wordpress\/plugins\/seo\/ -->\n<title>ONZE D&#039;OR - Ousmane Demb\u00e9l\u00e9 sacr\u00e9 | Nettali.com<\/title>\n<meta name=\"robots\" content=\"index, follow, max-snippet:-1, max-image-preview:large, max-video-preview:-1\" \/>\n<link rel=\"canonical\" href=\"https:\/\/www.nettali.com\/2025\/09\/11\/onze-dor-ousmane-dembele-sacre\/\" \/>\n<meta property=\"og:locale\" content=\"fr_FR\" \/>\n<meta property=\"og:type\" content=\"article\" \/>\n<meta property=\"og:title\" content=\"ONZE D&#039;OR - Ousmane Demb\u00e9l\u00e9 sacr\u00e9\" \/>\n<meta property=\"og:description\" content=\"NETTALI.COM - Nomm\u00e9 parmi les grands favoris du prochain &quot;Ballon d&#039;Or&quot;, Ousmane Demb\u00e9l\u00e9 a remport\u00e9 un premier troph\u00e9e individuel, ce mercredi en d\u00e9crochant le Onze d&#039;Or, une r\u00e9compense d\u00e9cern\u00e9e par les lecteurs de &quot;Onze Mondial&quot;. Avec 32,5% des votes, l&#039;attaquant du Paris Saint-Germain et de l&#039;\u00e9quipe de France a devanc\u00e9 l&#039;Espagnol du FC Barcelone Lamine [&hellip;]\" \/>\n<meta property=\"og:url\" content=\"https:\/\/www.nettali.com\/2025\/09\/11\/onze-dor-ousmane-dembele-sacre\/\" \/>\n<meta property=\"og:site_name\" content=\"Nettali.com\" \/>\n<meta property=\"article:publisher\" content=\"https:\/\/www.facebook.com\/nettalicom\" \/>\n<meta property=\"article:published_time\" content=\"2025-09-11T08:45:33+00:00\" \/>\n<meta property=\"og:image\" content=\"https:\/\/www.nettali.com\/wp-content\/uploads\/2025\/09\/1200-L-le-classement-complet-du-onze-d-or-2025.jpg\" \/>\n\t<meta property=\"og:image:width\" content=\"1200\" \/>\n\t<meta property=\"og:image:height\" content=\"640\" \/>\n<meta name=\"twitter:card\" content=\"summary_large_image\" \/>\n<meta name=\"twitter:label1\" content=\"\u00c9crit par\" \/>\n\t<meta name=\"twitter:data1\" content=\"Ibrahima\" \/>\n\t<meta name=\"twitter:label2\" content=\"Dur\u00e9e de lecture estim\u00e9e\" \/>\n\t<meta name=\"twitter:data2\" content=\"1 minute\" \/>\n<script type=\"application\/ld+json\" class=\"yoast-schema-graph\">{\"@context\":\"https:\/\/schema.org\",\"@graph\":[{\"@type\":\"WebSite\",\"@id\":\"https:\/\/www.nettali.com\/#website\",\"url\":\"https:\/\/www.nettali.com\/\",\"name\":\"Nettali.com\",\"description\":\"Le rendez-vous critique du Net\",\"potentialAction\":[{\"@type\":\"SearchAction\",\"target\":{\"@type\":\"EntryPoint\",\"urlTemplate\":\"https:\/\/www.nettali.com\/?s={search_term_string}\"},\"query-input\":\"required name=search_term_string\"}],\"inLanguage\":\"fr-FR\"},{\"@type\":\"ImageObject\",\"@id\":\"https:\/\/www.nettali.com\/2025\/09\/11\/onze-dor-ousmane-dembele-sacre\/#primaryimage\",\"inLanguage\":\"fr-FR\",\"url\":\"https:\/\/www.nettali.com\/wp-content\/uploads\/2025\/09\/1200-L-le-classement-complet-du-onze-d-or-2025.jpg\",\"contentUrl\":\"https:\/\/www.nettali.com\/wp-content\/uploads\/2025\/09\/1200-L-le-classement-complet-du-onze-d-or-2025.jpg\",\"width\":1200,\"height\":640},{\"@type\":\"WebPage\",\"@id\":\"https:\/\/www.nettali.com\/2025\/09\/11\/onze-dor-ousmane-dembele-sacre\/#webpage\",\"url\":\"https:\/\/www.nettali.com\/2025\/09\/11\/onze-dor-ousmane-dembele-sacre\/\",\"name\":\"ONZE D'OR - Ousmane Demb\\u00e9l\\u00e9 sacr\\u00e9 | Nettali.com\",\"isPartOf\":{\"@id\":\"https:\/\/www.nettali.com\/#website\"},\"primaryImageOfPage\":{\"@id\":\"https:\/\/www.nettali.com\/2025\/09\/11\/onze-dor-ousmane-dembele-sacre\/#primaryimage\"},\"datePublished\":\"2025-09-11T08:45:33+00:00\",\"dateModified\":\"2025-09-11T08:45:33+00:00\",\"author\":{\"@id\":\"https:\/\/www.nettali.com\/#\/schema\/person\/bb147657c2986240405a608162b9bb23\"},\"breadcrumb\":{\"@id\":\"https:\/\/www.nettali.com\/2025\/09\/11\/onze-dor-ousmane-dembele-sacre\/#breadcrumb\"},\"inLanguage\":\"fr-FR\",\"potentialAction\":[{\"@type\":\"ReadAction\",\"target\":[\"https:\/\/www.nettali.com\/2025\/09\/11\/onze-dor-ousmane-dembele-sacre\/\"]}]},{\"@type\":\"BreadcrumbList\",\"@id\":\"https:\/\/www.nettali.com\/2025\/09\/11\/onze-dor-ousmane-dembele-sacre\/#breadcrumb\",\"itemListElement\":[{\"@type\":\"ListItem\",\"position\":1,\"name\":\"Accueil\",\"item\":\"https:\/\/www.nettali.com\/\"},{\"@type\":\"ListItem\",\"position\":2,\"name\":\"ONZE D'OR - Ousmane Demb\\u00e9l\\u00e9 sacr\\u00e9\"}]},{\"@type\":\"Person\",\"@id\":\"https:\/\/www.nettali.com\/#\/schema\/person\/bb147657c2986240405a608162b9bb23\",\"name\":\"Ibrahima\",\"image\":{\"@type\":\"ImageObject\",\"@id\":\"https:\/\/www.nettali.com\/#personlogo\",\"inLanguage\":\"fr-FR\",\"url\":\"https:\/\/secure.gravatar.com\/avatar\/26a8a81f09f0dd7624c9d5c36c9ba3a2?s=96&d=mm&r=g\",\"contentUrl\":\"https:\/\/secure.gravatar.com\/avatar\/26a8a81f09f0dd7624c9d5c36c9ba3a2?s=96&d=mm&r=g\",\"caption\":\"Ibrahima\"},\"sameAs\":[\"https:\/\/www.nettali.com\"]}]}<\/script>\n<!-- \/ Yoast SEO Premium plugin. -->","yoast_head_json":{"title":"ONZE D'OR - Ousmane Demb\u00e9l\u00e9 sacr\u00e9 | Nettali.com","robots":{"index":"index","follow":"follow","max-snippet":"max-snippet:-1","max-image-preview":"max-image-preview:large","max-video-preview":"max-video-preview:-1"},"canonical":"https:\/\/www.nettali.com\/2025\/09\/11\/onze-dor-ousmane-dembele-sacre\/","og_locale":"fr_FR","og_type":"article","og_title":"ONZE D'OR - Ousmane Demb\u00e9l\u00e9 sacr\u00e9","og_description":"NETTALI.COM - Nomm\u00e9 parmi les grands favoris du prochain \"Ballon d'Or\", Ousmane Demb\u00e9l\u00e9 a remport\u00e9 un premier troph\u00e9e individuel, ce mercredi en d\u00e9crochant le Onze d'Or, une r\u00e9compense d\u00e9cern\u00e9e par les lecteurs de \"Onze Mondial\". Avec 32,5% des votes, l'attaquant du Paris Saint-Germain et de l'\u00e9quipe de France a devanc\u00e9 l'Espagnol du FC Barcelone Lamine [&hellip;]","og_url":"https:\/\/www.nettali.com\/2025\/09\/11\/onze-dor-ousmane-dembele-sacre\/","og_site_name":"Nettali.com","article_publisher":"https:\/\/www.facebook.com\/nettalicom","article_published_time":"2025-09-11T08:45:33+00:00","og_image":[{"width":1200,"height":640,"url":"https:\/\/www.nettali.com\/wp-content\/uploads\/2025\/09\/1200-L-le-classement-complet-du-onze-d-or-2025.jpg","type":"image\/jpeg"}],"twitter_card":"summary_large_image","twitter_misc":{"\u00c9crit par":"Ibrahima","Dur\u00e9e de lecture estim\u00e9e":"1 minute"},"schema":{"@context":"https:\/\/schema.org","@graph":[{"@type":"WebSite","@id":"https:\/\/www.nettali.com\/#website","url":"https:\/\/www.nettali.com\/","name":"Nettali.com","description":"Le rendez-vous critique du Net","potentialAction":[{"@type":"SearchAction","target":{"@type":"EntryPoint","urlTemplate":"https:\/\/www.nettali.com\/?s={search_term_string}"},"query-input":"required name=search_term_string"}],"inLanguage":"fr-FR"},{"@type":"ImageObject","@id":"https:\/\/www.nettali.com\/2025\/09\/11\/onze-dor-ousmane-dembele-sacre\/#primaryimage","inLanguage":"fr-FR","url":"https:\/\/www.nettali.com\/wp-content\/uploads\/2025\/09\/1200-L-le-classement-complet-du-onze-d-or-2025.jpg","contentUrl":"https:\/\/www.nettali.com\/wp-content\/uploads\/2025\/09\/1200-L-le-classement-complet-du-onze-d-or-2025.jpg","width":1200,"height":640},{"@type":"WebPage","@id":"https:\/\/www.nettali.com\/2025\/09\/11\/onze-dor-ousmane-dembele-sacre\/#webpage","url":"https:\/\/www.nettali.com\/2025\/09\/11\/onze-dor-ousmane-dembele-sacre\/","name":"ONZE D'OR - Ousmane Demb\u00e9l\u00e9 sacr\u00e9 | Nettali.com","isPartOf":{"@id":"https:\/\/www.nettali.com\/#website"},"primaryImageOfPage":{"@id":"https:\/\/www.nettali.com\/2025\/09\/11\/onze-dor-ousmane-dembele-sacre\/#primaryimage"},"datePublished":"2025-09-11T08:45:33+00:00","dateModified":"2025-09-11T08:45:33+00:00","author":{"@id":"https:\/\/www.nettali.com\/#\/schema\/person\/bb147657c2986240405a608162b9bb23"},"breadcrumb":{"@id":"https:\/\/www.nettali.com\/2025\/09\/11\/onze-dor-ousmane-dembele-sacre\/#breadcrumb"},"inLanguage":"fr-FR","potentialAction":[{"@type":"ReadAction","target":["https:\/\/www.nettali.com\/2025\/09\/11\/onze-dor-ousmane-dembele-sacre\/"]}]},{"@type":"BreadcrumbList","@id":"https:\/\/www.nettali.com\/2025\/09\/11\/onze-dor-ousmane-dembele-sacre\/#breadcrumb","itemListElement":[{"@type":"ListItem","position":1,"name":"Accueil","item":"https:\/\/www.nettali.com\/"},{"@type":"ListItem","position":2,"name":"ONZE D'OR - Ousmane Demb\u00e9l\u00e9 sacr\u00e9"}]},{"@type":"Person","@id":"https:\/\/www.nettali.com\/#\/schema\/person\/bb147657c2986240405a608162b9bb23","name":"Ibrahima","image":{"@type":"ImageObject","@id":"https:\/\/www.nettali.com\/#personlogo","inLanguage":"fr-FR","url":"https:\/\/secure.gravatar.com\/avatar\/26a8a81f09f0dd7624c9d5c36c9ba3a2?s=96&d=mm&r=g","contentUrl":"https:\/\/secure.gravatar.com\/avatar\/26a8a81f09f0dd7624c9d5c36c9ba3a2?s=96&d=mm&r=g","caption":"Ibrahima"},"sameAs":["https:\/\/www.nettali.com"]}]}},"_links":{"self":[{"href":"https:\/\/www.nettali.com\/rest\/wp\/v2\/posts\/161042"}],"collection":[{"href":"https:\/\/www.nettali.com\/rest\/wp\/v2\/posts"}],"about":[{"href":"https:\/\/www.nettali.com\/rest\/wp\/v2\/types\/post"}],"author":[{"embeddable":true,"href":"https:\/\/www.nettali.com\/rest\/wp\/v2\/users\/5"}],"replies":[{"embeddable":true,"href":"https:\/\/www.nettali.com\/rest\/wp\/v2\/comments?post=161042"}],"version-history":[{"count":3,"href":"https:\/\/www.nettali.com\/rest\/wp\/v2\/posts\/161042\/revisions"}],"predecessor-version":[{"id":161052,"href":"https:\/\/www.nettali.com\/rest\/wp\/v2\/posts\/161042\/revisions\/161052"}],"wp:featuredmedia":[{"embeddable":true,"href":"https:\/\/www.nettali.com\/rest\/wp\/v2\/media\/161043"}],"wp:attachment":[{"href":"https:\/\/www.nettali.com\/rest\/wp\/v2\/media?parent=161042"}],"wp:term":[{"taxonomy":"category","embeddable":true,"href":"https:\/\/www.nettali.com\/rest\/wp\/v2\/categories?post=161042"},{"taxonomy":"post_tag","embeddable":true,"href":"https:\/\/www.nettali.com\/rest\/wp\/v2\/tags?post=161042"}],"curies":[{"name":"wp","href":"https:\/\/api.w.org\/{rel}","templated":true}]}}