{"id":161036,"date":"2025-09-11T08:42:57","date_gmt":"2025-09-11T08:42:57","guid":{"rendered":"https:\/\/www.nettali.com\/?p=161036"},"modified":"2025-09-11T08:53:43","modified_gmt":"2025-09-11T08:53:43","slug":"conseil-des-ministres-le-president-fixe-les-priorites-budgetaires-et-sociales-pour-2026","status":"publish","type":"post","link":"https:\/\/www.nettali.com\/2025\/09\/11\/conseil-des-ministres-le-president-fixe-les-priorites-budgetaires-et-sociales-pour-2026\/","title":{"rendered":"CONSEIL DES MINISTRES -\u00a0Le pr\u00e9sident fixe les priorit\u00e9s budg\u00e9taires et sociales pour 2026"},"content":{"rendered":"<p><strong>NETTALI.COM - Au cours du Conseil des ministres, le chef de l\u2019\u00c9tat a instruit le gouvernement d\u2019acc\u00e9l\u00e9rer les arbitrages pour la loi de finances 2026. Il a \u00e9galement insist\u00e9 sur la territorialisation des politiques publiques, la ma\u00eetrise des prix, la s\u00e9curit\u00e9 et la cr\u00e9ation d\u2019emplois pour les jeunes.<\/strong><\/p>\n<p>\u200e\u200eR\u00e9uni autour du Premier ministre et des membres du gouvernement, le pr\u00e9sident de la R\u00e9publique a plac\u00e9 l\u2019ann\u00e9e 2026 sous le signe de l\u2019efficacit\u00e9 et de la proximit\u00e9. Budget, s\u00e9curit\u00e9, questions sociales et emploi des jeunes figurent d\u00e9sormais au c\u0153ur des priorit\u00e9s.<\/p>\n<p>\u200eLe chef de l\u2019\u00c9tat a d\u2019abord interpell\u00e9 directement le ministre des Finances et du Budget, en l\u2019invitant \u00e0 travailler \u00ab <em>avec le ministre de l\u2019\u00c9conomie, du Plan et de la Coop\u00e9ration, ainsi que les ministres sectoriels, en vue de la finalisation ad\u00e9quate avec le Premier ministre, de tous les arbitrages concernant le projet de loi de finances pour l\u2019ann\u00e9e 2026<\/em> \u00bb.<\/p>\n<p>\u200eAu-del\u00e0 de l\u2019\u00e9quilibre budg\u00e9taire, le pr\u00e9sident a rappel\u00e9 l\u2019importance d\u2019\u00ab <em>asseoir un ancrage territorial des actions minist\u00e9rielles et interminist\u00e9rielles, en liaison avec la politique de territorialisation des politiques publiques<\/em> \u00bb. Il s\u2019agit, selon lui, de rapprocher davantage l\u2019action publique des populations et de renforcer son efficacit\u00e9 sur le terrain.<\/p>\n<p>\u200eLe chef de l\u2019\u00c9tat a insist\u00e9 sur la n\u00e9cessit\u00e9 de veiller \u00ab <em>sans rel\u00e2che \u00e0 la prise en charge des probl\u00e9matiques s\u00e9curitaires<\/em> \u00bb, mais aussi sur les urgences sociales li\u00e9es \u00e0 l\u2019\u00e9ducation, l\u2019enseignement sup\u00e9rieur, la sant\u00e9, la jeunesse et surtout \u00ab <em>l\u2019am\u00e9lioration du pouvoir d\u2019achat des populations<\/em> \u00bb. Pour y parvenir, il a demand\u00e9 au gouvernement de s\u2019atteler \u00e0 \u00ab <em>la ma\u00eetrise des circuits de commercialisation et des prix des denr\u00e9es et produits essentiels<\/em> \u00bb.<\/p>\n<p>\u200eEnfin, il a insist\u00e9 sur la relance \u00e9conomique et la promotion de l\u2019emploi, appelant \u00e0 intensifier les investissements productifs, l\u2019entrepreneuriat et les grands travaux. \u00ab <em>Les travaux publics \u00e0 haute intensit\u00e9 de main d\u2019\u0153uvre, notamment dans le logement et les constructions, doivent \u00eatre acc\u00e9l\u00e9r\u00e9s afin de promouvoir l\u2019employabilit\u00e9 et l\u2019emploi des jeunes : une priorit\u00e9 nationale<\/em> \u00bb, a martel\u00e9 le Pr\u00e9sident Bassirou Diomaye Faye.<\/p>\n<div class='share-to-whatsapp-wrapper'><div class='share-on-whsp'>PARTAGER SUR : <\/div><a data-text='CONSEIL DES MINISTRES -\u00a0Le pr\u00e9sident fixe les priorit\u00e9s budg\u00e9taires et sociales pour 2026' data-link='https:\/\/www.nettali.com\/2025\/09\/11\/conseil-des-ministres-le-president-fixe-les-priorites-budgetaires-et-sociales-pour-2026\/' class='whatsapp-button whatsapp-share'>WhatsApp<\/a><div class='clear '><\/div><\/div>","protected":false},"excerpt":{"rendered":"<p>NETTALI.COM - Au cours du Conseil des ministres, le chef de l\u2019\u00c9tat a instruit le gouvernement d\u2019acc\u00e9l\u00e9rer les arbitrages pour la loi de finances 2026. Il a \u00e9galement insist\u00e9 sur la territorialisation des politiques publiques, la ma\u00eetrise des prix, la s\u00e9curit\u00e9 et la cr\u00e9ation d\u2019emplois pour les jeunes. \u200e\u200eR\u00e9uni autour du Premier ministre et des [&hellip;]<\/p>\n","protected":false},"author":6,"featured_media":161029,"comment_status":"open","ping_status":"open","sticky":false,"template":"","format":"standard","meta":{"_et_pb_use_builder":"","_et_pb_old_content":""},"categories":[4],"tags":[],"yoast_head":"<!-- This site is optimized with the Yoast SEO Premium plugin v17.8 (Yoast SEO v17.8) - https:\/\/yoast.com\/wordpress\/plugins\/seo\/ -->\n<title>CONSEIL DES MINISTRES -\u00a0Le pr\u00e9sident fixe les priorit\u00e9s budg\u00e9taires et sociales pour 2026 | Nettali.com<\/title>\n<meta name=\"robots\" content=\"index, follow, max-snippet:-1, max-image-preview:large, max-video-preview:-1\" \/>\n<link rel=\"canonical\" href=\"https:\/\/www.nettali.com\/2025\/09\/11\/conseil-des-ministres-le-president-fixe-les-priorites-budgetaires-et-sociales-pour-2026\/\" \/>\n<meta property=\"og:locale\" content=\"fr_FR\" \/>\n<meta property=\"og:type\" content=\"article\" \/>\n<meta property=\"og:title\" content=\"CONSEIL DES MINISTRES -\u00a0Le pr\u00e9sident fixe les priorit\u00e9s budg\u00e9taires et sociales pour 2026\" \/>\n<meta property=\"og:description\" content=\"NETTALI.COM - Au cours du Conseil des ministres, le chef de l\u2019\u00c9tat a instruit le gouvernement d\u2019acc\u00e9l\u00e9rer les arbitrages pour la loi de finances 2026. Il a \u00e9galement insist\u00e9 sur la territorialisation des politiques publiques, la ma\u00eetrise des prix, la s\u00e9curit\u00e9 et la cr\u00e9ation d\u2019emplois pour les jeunes. \u200e\u200eR\u00e9uni autour du Premier ministre et des [&hellip;]\" \/>\n<meta property=\"og:url\" content=\"https:\/\/www.nettali.com\/2025\/09\/11\/conseil-des-ministres-le-president-fixe-les-priorites-budgetaires-et-sociales-pour-2026\/\" \/>\n<meta property=\"og:site_name\" content=\"Nettali.com\" \/>\n<meta property=\"article:publisher\" content=\"https:\/\/www.facebook.com\/nettalicom\" \/>\n<meta property=\"article:published_time\" content=\"2025-09-11T08:42:57+00:00\" \/>\n<meta property=\"article:modified_time\" content=\"2025-09-11T08:53:43+00:00\" \/>\n<meta property=\"og:image\" content=\"https:\/\/www.nettali.com\/wp-content\/uploads\/2025\/09\/FB_IMG_1757546420062.jpg\" \/>\n\t<meta property=\"og:image:width\" content=\"1280\" \/>\n\t<meta property=\"og:image:height\" content=\"853\" \/>\n<meta name=\"twitter:card\" content=\"summary_large_image\" \/>\n<meta name=\"twitter:label1\" content=\"\u00c9crit par\" \/>\n\t<meta name=\"twitter:data1\" content=\"Fatou\" \/>\n\t<meta name=\"twitter:label2\" content=\"Dur\u00e9e de lecture estim\u00e9e\" \/>\n\t<meta name=\"twitter:data2\" content=\"2 minutes\" \/>\n<script type=\"application\/ld+json\" class=\"yoast-schema-graph\">{\"@context\":\"https:\/\/schema.org\",\"@graph\":[{\"@type\":\"WebSite\",\"@id\":\"https:\/\/www.nettali.com\/#website\",\"url\":\"https:\/\/www.nettali.com\/\",\"name\":\"Nettali.com\",\"description\":\"Le rendez-vous critique du Net\",\"potentialAction\":[{\"@type\":\"SearchAction\",\"target\":{\"@type\":\"EntryPoint\",\"urlTemplate\":\"https:\/\/www.nettali.com\/?s={search_term_string}\"},\"query-input\":\"required name=search_term_string\"}],\"inLanguage\":\"fr-FR\"},{\"@type\":\"ImageObject\",\"@id\":\"https:\/\/www.nettali.com\/2025\/09\/11\/conseil-des-ministres-le-president-fixe-les-priorites-budgetaires-et-sociales-pour-2026\/#primaryimage\",\"inLanguage\":\"fr-FR\",\"url\":\"https:\/\/www.nettali.com\/wp-content\/uploads\/2025\/09\/FB_IMG_1757546420062.jpg\",\"contentUrl\":\"https:\/\/www.nettali.com\/wp-content\/uploads\/2025\/09\/FB_IMG_1757546420062.jpg\",\"width\":1280,\"height\":853},{\"@type\":\"WebPage\",\"@id\":\"https:\/\/www.nettali.com\/2025\/09\/11\/conseil-des-ministres-le-president-fixe-les-priorites-budgetaires-et-sociales-pour-2026\/#webpage\",\"url\":\"https:\/\/www.nettali.com\/2025\/09\/11\/conseil-des-ministres-le-president-fixe-les-priorites-budgetaires-et-sociales-pour-2026\/\",\"name\":\"CONSEIL DES MINISTRES -\\u00a0Le pr\\u00e9sident fixe les priorit\\u00e9s budg\\u00e9taires et sociales pour 2026 | Nettali.com\",\"isPartOf\":{\"@id\":\"https:\/\/www.nettali.com\/#website\"},\"primaryImageOfPage\":{\"@id\":\"https:\/\/www.nettali.com\/2025\/09\/11\/conseil-des-ministres-le-president-fixe-les-priorites-budgetaires-et-sociales-pour-2026\/#primaryimage\"},\"datePublished\":\"2025-09-11T08:42:57+00:00\",\"dateModified\":\"2025-09-11T08:53:43+00:00\",\"author\":{\"@id\":\"https:\/\/www.nettali.com\/#\/schema\/person\/418274a86bdf87caff7a3ef476bd0bbf\"},\"breadcrumb\":{\"@id\":\"https:\/\/www.nettali.com\/2025\/09\/11\/conseil-des-ministres-le-president-fixe-les-priorites-budgetaires-et-sociales-pour-2026\/#breadcrumb\"},\"inLanguage\":\"fr-FR\",\"potentialAction\":[{\"@type\":\"ReadAction\",\"target\":[\"https:\/\/www.nettali.com\/2025\/09\/11\/conseil-des-ministres-le-president-fixe-les-priorites-budgetaires-et-sociales-pour-2026\/\"]}]},{\"@type\":\"BreadcrumbList\",\"@id\":\"https:\/\/www.nettali.com\/2025\/09\/11\/conseil-des-ministres-le-president-fixe-les-priorites-budgetaires-et-sociales-pour-2026\/#breadcrumb\",\"itemListElement\":[{\"@type\":\"ListItem\",\"position\":1,\"name\":\"Accueil\",\"item\":\"https:\/\/www.nettali.com\/\"},{\"@type\":\"ListItem\",\"position\":2,\"name\":\"CONSEIL DES MINISTRES -\\u00a0Le pr\\u00e9sident fixe les priorit\\u00e9s budg\\u00e9taires et sociales pour 2026\"}]},{\"@type\":\"Person\",\"@id\":\"https:\/\/www.nettali.com\/#\/schema\/person\/418274a86bdf87caff7a3ef476bd0bbf\",\"name\":\"Fatou\",\"image\":{\"@type\":\"ImageObject\",\"@id\":\"https:\/\/www.nettali.com\/#personlogo\",\"inLanguage\":\"fr-FR\",\"url\":\"https:\/\/secure.gravatar.com\/avatar\/5a9442a2bee7b4dcf167cab035858e9a?s=96&d=mm&r=g\",\"contentUrl\":\"https:\/\/secure.gravatar.com\/avatar\/5a9442a2bee7b4dcf167cab035858e9a?s=96&d=mm&r=g\",\"caption\":\"Fatou\"},\"sameAs\":[\"https:\/\/www.nettali.com\"]}]}<\/script>\n<!-- \/ Yoast SEO Premium plugin. -->","yoast_head_json":{"title":"CONSEIL DES MINISTRES -\u00a0Le pr\u00e9sident fixe les priorit\u00e9s budg\u00e9taires et sociales pour 2026 | Nettali.com","robots":{"index":"index","follow":"follow","max-snippet":"max-snippet:-1","max-image-preview":"max-image-preview:large","max-video-preview":"max-video-preview:-1"},"canonical":"https:\/\/www.nettali.com\/2025\/09\/11\/conseil-des-ministres-le-president-fixe-les-priorites-budgetaires-et-sociales-pour-2026\/","og_locale":"fr_FR","og_type":"article","og_title":"CONSEIL DES MINISTRES -\u00a0Le pr\u00e9sident fixe les priorit\u00e9s budg\u00e9taires et sociales pour 2026","og_description":"NETTALI.COM - Au cours du Conseil des ministres, le chef de l\u2019\u00c9tat a instruit le gouvernement d\u2019acc\u00e9l\u00e9rer les arbitrages pour la loi de finances 2026. Il a \u00e9galement insist\u00e9 sur la territorialisation des politiques publiques, la ma\u00eetrise des prix, la s\u00e9curit\u00e9 et la cr\u00e9ation d\u2019emplois pour les jeunes. \u200e\u200eR\u00e9uni autour du Premier ministre et des [&hellip;]","og_url":"https:\/\/www.nettali.com\/2025\/09\/11\/conseil-des-ministres-le-president-fixe-les-priorites-budgetaires-et-sociales-pour-2026\/","og_site_name":"Nettali.com","article_publisher":"https:\/\/www.facebook.com\/nettalicom","article_published_time":"2025-09-11T08:42:57+00:00","article_modified_time":"2025-09-11T08:53:43+00:00","og_image":[{"width":1280,"height":853,"url":"https:\/\/www.nettali.com\/wp-content\/uploads\/2025\/09\/FB_IMG_1757546420062.jpg","type":"image\/jpeg"}],"twitter_card":"summary_large_image","twitter_misc":{"\u00c9crit par":"Fatou","Dur\u00e9e de lecture estim\u00e9e":"2 minutes"},"schema":{"@context":"https:\/\/schema.org","@graph":[{"@type":"WebSite","@id":"https:\/\/www.nettali.com\/#website","url":"https:\/\/www.nettali.com\/","name":"Nettali.com","description":"Le rendez-vous critique du Net","potentialAction":[{"@type":"SearchAction","target":{"@type":"EntryPoint","urlTemplate":"https:\/\/www.nettali.com\/?s={search_term_string}"},"query-input":"required name=search_term_string"}],"inLanguage":"fr-FR"},{"@type":"ImageObject","@id":"https:\/\/www.nettali.com\/2025\/09\/11\/conseil-des-ministres-le-president-fixe-les-priorites-budgetaires-et-sociales-pour-2026\/#primaryimage","inLanguage":"fr-FR","url":"https:\/\/www.nettali.com\/wp-content\/uploads\/2025\/09\/FB_IMG_1757546420062.jpg","contentUrl":"https:\/\/www.nettali.com\/wp-content\/uploads\/2025\/09\/FB_IMG_1757546420062.jpg","width":1280,"height":853},{"@type":"WebPage","@id":"https:\/\/www.nettali.com\/2025\/09\/11\/conseil-des-ministres-le-president-fixe-les-priorites-budgetaires-et-sociales-pour-2026\/#webpage","url":"https:\/\/www.nettali.com\/2025\/09\/11\/conseil-des-ministres-le-president-fixe-les-priorites-budgetaires-et-sociales-pour-2026\/","name":"CONSEIL DES MINISTRES -\u00a0Le pr\u00e9sident fixe les priorit\u00e9s budg\u00e9taires et sociales pour 2026 | Nettali.com","isPartOf":{"@id":"https:\/\/www.nettali.com\/#website"},"primaryImageOfPage":{"@id":"https:\/\/www.nettali.com\/2025\/09\/11\/conseil-des-ministres-le-president-fixe-les-priorites-budgetaires-et-sociales-pour-2026\/#primaryimage"},"datePublished":"2025-09-11T08:42:57+00:00","dateModified":"2025-09-11T08:53:43+00:00","author":{"@id":"https:\/\/www.nettali.com\/#\/schema\/person\/418274a86bdf87caff7a3ef476bd0bbf"},"breadcrumb":{"@id":"https:\/\/www.nettali.com\/2025\/09\/11\/conseil-des-ministres-le-president-fixe-les-priorites-budgetaires-et-sociales-pour-2026\/#breadcrumb"},"inLanguage":"fr-FR","potentialAction":[{"@type":"ReadAction","target":["https:\/\/www.nettali.com\/2025\/09\/11\/conseil-des-ministres-le-president-fixe-les-priorites-budgetaires-et-sociales-pour-2026\/"]}]},{"@type":"BreadcrumbList","@id":"https:\/\/www.nettali.com\/2025\/09\/11\/conseil-des-ministres-le-president-fixe-les-priorites-budgetaires-et-sociales-pour-2026\/#breadcrumb","itemListElement":[{"@type":"ListItem","position":1,"name":"Accueil","item":"https:\/\/www.nettali.com\/"},{"@type":"ListItem","position":2,"name":"CONSEIL DES MINISTRES -\u00a0Le pr\u00e9sident fixe les priorit\u00e9s budg\u00e9taires et sociales pour 2026"}]},{"@type":"Person","@id":"https:\/\/www.nettali.com\/#\/schema\/person\/418274a86bdf87caff7a3ef476bd0bbf","name":"Fatou","image":{"@type":"ImageObject","@id":"https:\/\/www.nettali.com\/#personlogo","inLanguage":"fr-FR","url":"https:\/\/secure.gravatar.com\/avatar\/5a9442a2bee7b4dcf167cab035858e9a?s=96&d=mm&r=g","contentUrl":"https:\/\/secure.gravatar.com\/avatar\/5a9442a2bee7b4dcf167cab035858e9a?s=96&d=mm&r=g","caption":"Fatou"},"sameAs":["https:\/\/www.nettali.com"]}]}},"_links":{"self":[{"href":"https:\/\/www.nettali.com\/rest\/wp\/v2\/posts\/161036"}],"collection":[{"href":"https:\/\/www.nettali.com\/rest\/wp\/v2\/posts"}],"about":[{"href":"https:\/\/www.nettali.com\/rest\/wp\/v2\/types\/post"}],"author":[{"embeddable":true,"href":"https:\/\/www.nettali.com\/rest\/wp\/v2\/users\/6"}],"replies":[{"embeddable":true,"href":"https:\/\/www.nettali.com\/rest\/wp\/v2\/comments?post=161036"}],"version-history":[{"count":3,"href":"https:\/\/www.nettali.com\/rest\/wp\/v2\/posts\/161036\/revisions"}],"predecessor-version":[{"id":161050,"href":"https:\/\/www.nettali.com\/rest\/wp\/v2\/posts\/161036\/revisions\/161050"}],"wp:featuredmedia":[{"embeddable":true,"href":"https:\/\/www.nettali.com\/rest\/wp\/v2\/media\/161029"}],"wp:attachment":[{"href":"https:\/\/www.nettali.com\/rest\/wp\/v2\/media?parent=161036"}],"wp:term":[{"taxonomy":"category","embeddable":true,"href":"https:\/\/www.nettali.com\/rest\/wp\/v2\/categories?post=161036"},{"taxonomy":"post_tag","embeddable":true,"href":"https:\/\/www.nettali.com\/rest\/wp\/v2\/tags?post=161036"}],"curies":[{"name":"wp","href":"https:\/\/api.w.org\/{rel}","templated":true}]}}