{"id":161026,"date":"2025-09-11T08:48:31","date_gmt":"2025-09-11T08:48:31","guid":{"rendered":"https:\/\/www.nettali.com\/?p=161026"},"modified":"2025-09-11T08:50:22","modified_gmt":"2025-09-11T08:50:22","slug":"alphabetisation-le-president-relance-les-programmes-et-la-promotion-des-langues-nationales","status":"publish","type":"post","link":"https:\/\/www.nettali.com\/2025\/09\/11\/alphabetisation-le-president-relance-les-programmes-et-la-promotion-des-langues-nationales\/","title":{"rendered":"ALPHABETISATION - Le Pr\u00e9sident relance les programmes et renforce la promotion des langues nationales"},"content":{"rendered":"<p><strong>NETTALI.COM - \u00c0 l\u2019occasion du mois de l\u2019alphab\u00e9tisation lanc\u00e9 le lundi 8 septembre, le chef de l\u2019\u00c9tat a salu\u00e9 les efforts des acteurs de terrain et a demand\u00e9 un renforcement des initiatives en faveur des langues nationales. Il a rappel\u00e9 que leur valorisation est une condition essentielle pour b\u00e2tir un S\u00e9n\u00e9gal souverain et prosp\u00e8re.<\/strong><\/p>\n<p>\u200eLors du Conseil des ministres, le pr\u00e9sident de la R\u00e9publique a mis en avant la n\u00e9cessit\u00e9 de relancer les programmes d\u2019alphab\u00e9tisation et d\u2019acc\u00e9l\u00e9rer la promotion des langues nationales. Un chantier qu\u2019il consid\u00e8re comme central dans le projet de construction d\u2019une nation forte et inclusive.<\/p>\n<p>\u200eLe chef de l\u2019\u00c9tat a ainsi saisi l\u2019occasion du mois de l\u2019alphab\u00e9tisation, une initiative qu\u2019il avait lanc\u00e9e en 2024, pour adresser ses f\u00e9licitations \u00ab <em>aux acteurs et op\u00e9rateurs en alphab\u00e9tisation pour leur travail remarquable \u00e0 l\u2019\u00e9chelle de toutes les collectivit\u00e9s territoriales du S\u00e9n\u00e9gal<\/em> \u00bb.<\/p>\n<p>\u200eSoucieux de consolider ces acquis, il a demand\u00e9 au ministre de l\u2019\u00c9ducation nationale \u00ab <em>d\u2019accentuer, \u00e0 tous les niveaux, la mise en \u0153uvre inclusive et optimale des projets et programmes d\u2019alphab\u00e9tisation<\/em> \u00bb. L\u2019accent doit \u00eatre mis sur les langues nationales, dont la vulgarisation \u00ab <em>dans notre syst\u00e8me \u00e9ducatif et universitaire, et dans les secteurs public et priv\u00e9, demeure une exigence essentielle<\/em> \u00bb.<\/p>\n<p>\u200ePour le chef de l\u2019\u00c9tat, la promotion de l\u2019alphab\u00e9tisation et des langues nationales d\u00e9passe une simple question p\u00e9dagogique : elle constitue un levier strat\u00e9gique pour l\u2019avenir. \u00ab <em>C\u2019est une condition incontournable \u00e0 la r\u00e9alisation du projet d\u2019un S\u00e9n\u00e9gal souverain, juste et prosp\u00e8re<\/em> \u00bb, a-t-il insist\u00e9.<\/p>\n<p>\u200eEn repla\u00e7ant l\u2019alphab\u00e9tisation au c\u0153ur des priorit\u00e9s gouvernementales, le pr\u00e9sident de la R\u00e9publique veut faire de la ma\u00eetrise des langues nationales un socle de d\u00e9veloppement, d\u2019inclusion sociale et de souverainet\u00e9 culturelle.<\/p>\n<div class='share-to-whatsapp-wrapper'><div class='share-on-whsp'>PARTAGER SUR : <\/div><a data-text='ALPHABETISATION - Le Pr\u00e9sident relance les programmes et renforce la promotion des langues nationales' data-link='https:\/\/www.nettali.com\/2025\/09\/11\/alphabetisation-le-president-relance-les-programmes-et-la-promotion-des-langues-nationales\/' class='whatsapp-button whatsapp-share'>WhatsApp<\/a><div class='clear '><\/div><\/div>","protected":false},"excerpt":{"rendered":"<p>NETTALI.COM - \u00c0 l\u2019occasion du mois de l\u2019alphab\u00e9tisation lanc\u00e9 le lundi 8 septembre, le chef de l\u2019\u00c9tat a salu\u00e9 les efforts des acteurs de terrain et a demand\u00e9 un renforcement des initiatives en faveur des langues nationales. Il a rappel\u00e9 que leur valorisation est une condition essentielle pour b\u00e2tir un S\u00e9n\u00e9gal souverain et prosp\u00e8re. \u200eLors [&hellip;]<\/p>\n","protected":false},"author":6,"featured_media":161029,"comment_status":"open","ping_status":"open","sticky":false,"template":"","format":"standard","meta":{"_et_pb_use_builder":"","_et_pb_old_content":""},"categories":[3],"tags":[],"yoast_head":"<!-- This site is optimized with the Yoast SEO Premium plugin v17.8 (Yoast SEO v17.8) - https:\/\/yoast.com\/wordpress\/plugins\/seo\/ -->\n<title>ALPHABETISATION - Le Pr\u00e9sident relance les programmes et renforce la promotion des langues nationales | Nettali.com<\/title>\n<meta name=\"robots\" content=\"index, follow, max-snippet:-1, max-image-preview:large, max-video-preview:-1\" \/>\n<link rel=\"canonical\" href=\"https:\/\/www.nettali.com\/2025\/09\/11\/alphabetisation-le-president-relance-les-programmes-et-la-promotion-des-langues-nationales\/\" \/>\n<meta property=\"og:locale\" content=\"fr_FR\" \/>\n<meta property=\"og:type\" content=\"article\" \/>\n<meta property=\"og:title\" content=\"ALPHABETISATION - Le Pr\u00e9sident relance les programmes et renforce la promotion des langues nationales\" \/>\n<meta property=\"og:description\" content=\"NETTALI.COM - \u00c0 l\u2019occasion du mois de l\u2019alphab\u00e9tisation lanc\u00e9 le lundi 8 septembre, le chef de l\u2019\u00c9tat a salu\u00e9 les efforts des acteurs de terrain et a demand\u00e9 un renforcement des initiatives en faveur des langues nationales. Il a rappel\u00e9 que leur valorisation est une condition essentielle pour b\u00e2tir un S\u00e9n\u00e9gal souverain et prosp\u00e8re. \u200eLors [&hellip;]\" \/>\n<meta property=\"og:url\" content=\"https:\/\/www.nettali.com\/2025\/09\/11\/alphabetisation-le-president-relance-les-programmes-et-la-promotion-des-langues-nationales\/\" \/>\n<meta property=\"og:site_name\" content=\"Nettali.com\" \/>\n<meta property=\"article:publisher\" content=\"https:\/\/www.facebook.com\/nettalicom\" \/>\n<meta property=\"article:published_time\" content=\"2025-09-11T08:48:31+00:00\" \/>\n<meta property=\"article:modified_time\" content=\"2025-09-11T08:50:22+00:00\" \/>\n<meta property=\"og:image\" content=\"https:\/\/www.nettali.com\/wp-content\/uploads\/2025\/09\/FB_IMG_1757546420062.jpg\" \/>\n\t<meta property=\"og:image:width\" content=\"1280\" \/>\n\t<meta property=\"og:image:height\" content=\"853\" \/>\n<meta name=\"twitter:card\" content=\"summary_large_image\" \/>\n<meta name=\"twitter:label1\" content=\"\u00c9crit par\" \/>\n\t<meta name=\"twitter:data1\" content=\"Fatou\" \/>\n\t<meta name=\"twitter:label2\" content=\"Dur\u00e9e de lecture estim\u00e9e\" \/>\n\t<meta name=\"twitter:data2\" content=\"2 minutes\" \/>\n<script type=\"application\/ld+json\" class=\"yoast-schema-graph\">{\"@context\":\"https:\/\/schema.org\",\"@graph\":[{\"@type\":\"WebSite\",\"@id\":\"https:\/\/www.nettali.com\/#website\",\"url\":\"https:\/\/www.nettali.com\/\",\"name\":\"Nettali.com\",\"description\":\"Le rendez-vous critique du Net\",\"potentialAction\":[{\"@type\":\"SearchAction\",\"target\":{\"@type\":\"EntryPoint\",\"urlTemplate\":\"https:\/\/www.nettali.com\/?s={search_term_string}\"},\"query-input\":\"required name=search_term_string\"}],\"inLanguage\":\"fr-FR\"},{\"@type\":\"ImageObject\",\"@id\":\"https:\/\/www.nettali.com\/2025\/09\/11\/alphabetisation-le-president-relance-les-programmes-et-la-promotion-des-langues-nationales\/#primaryimage\",\"inLanguage\":\"fr-FR\",\"url\":\"https:\/\/www.nettali.com\/wp-content\/uploads\/2025\/09\/FB_IMG_1757546420062.jpg\",\"contentUrl\":\"https:\/\/www.nettali.com\/wp-content\/uploads\/2025\/09\/FB_IMG_1757546420062.jpg\",\"width\":1280,\"height\":853},{\"@type\":\"WebPage\",\"@id\":\"https:\/\/www.nettali.com\/2025\/09\/11\/alphabetisation-le-president-relance-les-programmes-et-la-promotion-des-langues-nationales\/#webpage\",\"url\":\"https:\/\/www.nettali.com\/2025\/09\/11\/alphabetisation-le-president-relance-les-programmes-et-la-promotion-des-langues-nationales\/\",\"name\":\"ALPHABETISATION - Le Pr\\u00e9sident relance les programmes et renforce la promotion des langues nationales | Nettali.com\",\"isPartOf\":{\"@id\":\"https:\/\/www.nettali.com\/#website\"},\"primaryImageOfPage\":{\"@id\":\"https:\/\/www.nettali.com\/2025\/09\/11\/alphabetisation-le-president-relance-les-programmes-et-la-promotion-des-langues-nationales\/#primaryimage\"},\"datePublished\":\"2025-09-11T08:48:31+00:00\",\"dateModified\":\"2025-09-11T08:50:22+00:00\",\"author\":{\"@id\":\"https:\/\/www.nettali.com\/#\/schema\/person\/418274a86bdf87caff7a3ef476bd0bbf\"},\"breadcrumb\":{\"@id\":\"https:\/\/www.nettali.com\/2025\/09\/11\/alphabetisation-le-president-relance-les-programmes-et-la-promotion-des-langues-nationales\/#breadcrumb\"},\"inLanguage\":\"fr-FR\",\"potentialAction\":[{\"@type\":\"ReadAction\",\"target\":[\"https:\/\/www.nettali.com\/2025\/09\/11\/alphabetisation-le-president-relance-les-programmes-et-la-promotion-des-langues-nationales\/\"]}]},{\"@type\":\"BreadcrumbList\",\"@id\":\"https:\/\/www.nettali.com\/2025\/09\/11\/alphabetisation-le-president-relance-les-programmes-et-la-promotion-des-langues-nationales\/#breadcrumb\",\"itemListElement\":[{\"@type\":\"ListItem\",\"position\":1,\"name\":\"Accueil\",\"item\":\"https:\/\/www.nettali.com\/\"},{\"@type\":\"ListItem\",\"position\":2,\"name\":\"ALPHABETISATION - Le Pr\\u00e9sident relance les programmes et renforce la promotion des langues nationales\"}]},{\"@type\":\"Person\",\"@id\":\"https:\/\/www.nettali.com\/#\/schema\/person\/418274a86bdf87caff7a3ef476bd0bbf\",\"name\":\"Fatou\",\"image\":{\"@type\":\"ImageObject\",\"@id\":\"https:\/\/www.nettali.com\/#personlogo\",\"inLanguage\":\"fr-FR\",\"url\":\"https:\/\/secure.gravatar.com\/avatar\/5a9442a2bee7b4dcf167cab035858e9a?s=96&d=mm&r=g\",\"contentUrl\":\"https:\/\/secure.gravatar.com\/avatar\/5a9442a2bee7b4dcf167cab035858e9a?s=96&d=mm&r=g\",\"caption\":\"Fatou\"},\"sameAs\":[\"https:\/\/www.nettali.com\"]}]}<\/script>\n<!-- \/ Yoast SEO Premium plugin. -->","yoast_head_json":{"title":"ALPHABETISATION - Le Pr\u00e9sident relance les programmes et renforce la promotion des langues nationales | Nettali.com","robots":{"index":"index","follow":"follow","max-snippet":"max-snippet:-1","max-image-preview":"max-image-preview:large","max-video-preview":"max-video-preview:-1"},"canonical":"https:\/\/www.nettali.com\/2025\/09\/11\/alphabetisation-le-president-relance-les-programmes-et-la-promotion-des-langues-nationales\/","og_locale":"fr_FR","og_type":"article","og_title":"ALPHABETISATION - Le Pr\u00e9sident relance les programmes et renforce la promotion des langues nationales","og_description":"NETTALI.COM - \u00c0 l\u2019occasion du mois de l\u2019alphab\u00e9tisation lanc\u00e9 le lundi 8 septembre, le chef de l\u2019\u00c9tat a salu\u00e9 les efforts des acteurs de terrain et a demand\u00e9 un renforcement des initiatives en faveur des langues nationales. Il a rappel\u00e9 que leur valorisation est une condition essentielle pour b\u00e2tir un S\u00e9n\u00e9gal souverain et prosp\u00e8re. \u200eLors [&hellip;]","og_url":"https:\/\/www.nettali.com\/2025\/09\/11\/alphabetisation-le-president-relance-les-programmes-et-la-promotion-des-langues-nationales\/","og_site_name":"Nettali.com","article_publisher":"https:\/\/www.facebook.com\/nettalicom","article_published_time":"2025-09-11T08:48:31+00:00","article_modified_time":"2025-09-11T08:50:22+00:00","og_image":[{"width":1280,"height":853,"url":"https:\/\/www.nettali.com\/wp-content\/uploads\/2025\/09\/FB_IMG_1757546420062.jpg","type":"image\/jpeg"}],"twitter_card":"summary_large_image","twitter_misc":{"\u00c9crit par":"Fatou","Dur\u00e9e de lecture estim\u00e9e":"2 minutes"},"schema":{"@context":"https:\/\/schema.org","@graph":[{"@type":"WebSite","@id":"https:\/\/www.nettali.com\/#website","url":"https:\/\/www.nettali.com\/","name":"Nettali.com","description":"Le rendez-vous critique du Net","potentialAction":[{"@type":"SearchAction","target":{"@type":"EntryPoint","urlTemplate":"https:\/\/www.nettali.com\/?s={search_term_string}"},"query-input":"required name=search_term_string"}],"inLanguage":"fr-FR"},{"@type":"ImageObject","@id":"https:\/\/www.nettali.com\/2025\/09\/11\/alphabetisation-le-president-relance-les-programmes-et-la-promotion-des-langues-nationales\/#primaryimage","inLanguage":"fr-FR","url":"https:\/\/www.nettali.com\/wp-content\/uploads\/2025\/09\/FB_IMG_1757546420062.jpg","contentUrl":"https:\/\/www.nettali.com\/wp-content\/uploads\/2025\/09\/FB_IMG_1757546420062.jpg","width":1280,"height":853},{"@type":"WebPage","@id":"https:\/\/www.nettali.com\/2025\/09\/11\/alphabetisation-le-president-relance-les-programmes-et-la-promotion-des-langues-nationales\/#webpage","url":"https:\/\/www.nettali.com\/2025\/09\/11\/alphabetisation-le-president-relance-les-programmes-et-la-promotion-des-langues-nationales\/","name":"ALPHABETISATION - Le Pr\u00e9sident relance les programmes et renforce la promotion des langues nationales | Nettali.com","isPartOf":{"@id":"https:\/\/www.nettali.com\/#website"},"primaryImageOfPage":{"@id":"https:\/\/www.nettali.com\/2025\/09\/11\/alphabetisation-le-president-relance-les-programmes-et-la-promotion-des-langues-nationales\/#primaryimage"},"datePublished":"2025-09-11T08:48:31+00:00","dateModified":"2025-09-11T08:50:22+00:00","author":{"@id":"https:\/\/www.nettali.com\/#\/schema\/person\/418274a86bdf87caff7a3ef476bd0bbf"},"breadcrumb":{"@id":"https:\/\/www.nettali.com\/2025\/09\/11\/alphabetisation-le-president-relance-les-programmes-et-la-promotion-des-langues-nationales\/#breadcrumb"},"inLanguage":"fr-FR","potentialAction":[{"@type":"ReadAction","target":["https:\/\/www.nettali.com\/2025\/09\/11\/alphabetisation-le-president-relance-les-programmes-et-la-promotion-des-langues-nationales\/"]}]},{"@type":"BreadcrumbList","@id":"https:\/\/www.nettali.com\/2025\/09\/11\/alphabetisation-le-president-relance-les-programmes-et-la-promotion-des-langues-nationales\/#breadcrumb","itemListElement":[{"@type":"ListItem","position":1,"name":"Accueil","item":"https:\/\/www.nettali.com\/"},{"@type":"ListItem","position":2,"name":"ALPHABETISATION - Le Pr\u00e9sident relance les programmes et renforce la promotion des langues nationales"}]},{"@type":"Person","@id":"https:\/\/www.nettali.com\/#\/schema\/person\/418274a86bdf87caff7a3ef476bd0bbf","name":"Fatou","image":{"@type":"ImageObject","@id":"https:\/\/www.nettali.com\/#personlogo","inLanguage":"fr-FR","url":"https:\/\/secure.gravatar.com\/avatar\/5a9442a2bee7b4dcf167cab035858e9a?s=96&d=mm&r=g","contentUrl":"https:\/\/secure.gravatar.com\/avatar\/5a9442a2bee7b4dcf167cab035858e9a?s=96&d=mm&r=g","caption":"Fatou"},"sameAs":["https:\/\/www.nettali.com"]}]}},"_links":{"self":[{"href":"https:\/\/www.nettali.com\/rest\/wp\/v2\/posts\/161026"}],"collection":[{"href":"https:\/\/www.nettali.com\/rest\/wp\/v2\/posts"}],"about":[{"href":"https:\/\/www.nettali.com\/rest\/wp\/v2\/types\/post"}],"author":[{"embeddable":true,"href":"https:\/\/www.nettali.com\/rest\/wp\/v2\/users\/6"}],"replies":[{"embeddable":true,"href":"https:\/\/www.nettali.com\/rest\/wp\/v2\/comments?post=161026"}],"version-history":[{"count":4,"href":"https:\/\/www.nettali.com\/rest\/wp\/v2\/posts\/161026\/revisions"}],"predecessor-version":[{"id":161055,"href":"https:\/\/www.nettali.com\/rest\/wp\/v2\/posts\/161026\/revisions\/161055"}],"wp:featuredmedia":[{"embeddable":true,"href":"https:\/\/www.nettali.com\/rest\/wp\/v2\/media\/161029"}],"wp:attachment":[{"href":"https:\/\/www.nettali.com\/rest\/wp\/v2\/media?parent=161026"}],"wp:term":[{"taxonomy":"category","embeddable":true,"href":"https:\/\/www.nettali.com\/rest\/wp\/v2\/categories?post=161026"},{"taxonomy":"post_tag","embeddable":true,"href":"https:\/\/www.nettali.com\/rest\/wp\/v2\/tags?post=161026"}],"curies":[{"name":"wp","href":"https:\/\/api.w.org\/{rel}","templated":true}]}}