{"id":161024,"date":"2025-09-11T08:53:08","date_gmt":"2025-09-11T08:53:08","guid":{"rendered":"https:\/\/www.nettali.com\/?p=161024"},"modified":"2025-09-12T07:24:37","modified_gmt":"2025-09-12T07:24:37","slug":"gestion-du-pays-le-president-diomaye-fixe-le-cap-et-appelle-le-nouveau-gouvernement-a-laction","status":"publish","type":"post","link":"https:\/\/www.nettali.com\/2025\/09\/11\/gestion-du-pays-le-president-diomaye-fixe-le-cap-et-appelle-le-nouveau-gouvernement-a-laction\/","title":{"rendered":"GESTION DU PAYS-\u00a0 Le Pr\u00e9sident Diomaye fixe le cap et appelle le nouveau gouvernement \u00e0 l\u2019action"},"content":{"rendered":"<p><strong>NETTALI.COM - Lors de la premi\u00e8re r\u00e9union du Conseil des ministres du nouveau gouvernement, le chef de l\u2019\u00c9tat a rappel\u00e9 aux ministres et secr\u00e9taires d\u2019\u00c9tat leurs responsabilit\u00e9s nationales. Il a insist\u00e9 sur la sacralit\u00e9 de l\u2019\u00c9tat, le culte du service public et l\u2019urgence d\u2019une gestion ax\u00e9e sur les r\u00e9sultats.<\/strong><\/p>\n<p>\u200eR\u00e9uni au Palais de la R\u00e9publique, le Conseil des ministres a \u00e9t\u00e9 marqu\u00e9 par une communication solennelle du pr\u00e9sident de la R\u00e9publique. Ce dernier a f\u00e9licit\u00e9 les nouveaux membres de l\u2019\u00e9quipe gouvernementale, exprim\u00e9 sa reconnaissance aux sortants et fix\u00e9 les priorit\u00e9s de l\u2019action publique.<\/p>\n<p>\u200eD\u00e8s l\u2019entame de sa communication, le chef de l\u2019\u00c9tat a \u00e9voqu\u00e9 le d\u00e9cret n\u00b02025-1430 du 6 septembre 2025 portant nomination des ministres et secr\u00e9taires d\u2019\u00c9tat. \u00c0 cette occasion, il a tenu \u00e0 \u00ab <em>remercier les ministres sortants qui n\u2019ont m\u00e9nag\u00e9 aucun effort pour mettre en \u0153uvre la politique gouvernementale sous la conduite du Premier ministre Ousmane Sonko<\/em> \u00bb.<\/p>\n<p>\u200eLe Pr\u00e9sident Diomaye\u00a0 a \u00e9galement adress\u00e9 ses f\u00e9licitations aux reconduits et encourag\u00e9 les nouveaux entrants. \u00ab <em>\u00catre ministre ou secr\u00e9taire d\u2019\u00c9tat est une responsabilit\u00e9 nationale primordiale<\/em> \u00bb, a-t-il affirm\u00e9, rappelant que cette fonction repose sur \u00ab <em>une confiance exceptionnelle, au service des populations et de l\u2019int\u00e9r\u00eat g\u00e9n\u00e9ral<\/em> \u00bb.<\/p>\n<p>\u200eLe Pr\u00e9sident a insist\u00e9 sur l\u2019imp\u00e9ratif pour chaque membre du gouvernement, \u00ab <em>d\u2019incarner \u00e0 tout instant la sacralit\u00e9 de l\u2019\u00c9tat, le culte du service public, l\u2019engagement patriotique, l\u2019int\u00e9grit\u00e9 et l\u2019efficacit\u00e9<\/em> \u00bb. Selon lui, le gouvernement doit \u00eatre \u00ab <em>une institution de la R\u00e9publique marqu\u00e9e du sceau de l\u2019action<\/em> \u00bb, une \u00e9quipe \u00ab <em>coll\u00e9giale et solidaire, force collective de propositions et de r\u00e9alisations au service des attentes et des aspirations des populations<\/em> \u00bb.<\/p>\n<p>\u200eDans la m\u00eame veine, le chef de l\u2019\u00c9tat a exhort\u00e9 ses ministres \u00e0 mat\u00e9rialiser le projet politique patriotique pl\u00e9biscit\u00e9 par le peuple s\u00e9n\u00e9galais, en combinant \u00ab <em>d\u00e9termination, engagement, ma\u00eetrise de la communication et sens du travail dans la diligence, la qualit\u00e9 et la proximit\u00e9<\/em> \u00bb.<\/p>\n<p>\u200eEnfin, il a rappel\u00e9 l\u2019urgence de la mise en \u0153uvre des r\u00e9formes et programmes strat\u00e9giques. Chaque ministre est invit\u00e9 \u00e0 s\u2019attacher \u00ab <em>avec m\u00e9thode \u00e0 la gestion ax\u00e9e sur les r\u00e9sultats<\/em> \u00bb et \u00e0 acc\u00e9l\u00e9rer le d\u00e9ploiement du Plan de redressement \u00e9conomique et social (PRES), en coh\u00e9rence avec l\u2019Agenda national de transformation. \u00ab <em>L\u2019efficacit\u00e9 de l\u2019action gouvernementale sera appr\u00e9ci\u00e9e \u00e0 l\u2019aune des r\u00e9sultats concrets<\/em> \u00bb, a martel\u00e9 le pr\u00e9sident.<\/p>\n<div class='share-to-whatsapp-wrapper'><div class='share-on-whsp'>PARTAGER SUR : <\/div><a data-text='GESTION DU PAYS-\u00a0 Le Pr\u00e9sident Diomaye fixe le cap et appelle le nouveau gouvernement \u00e0 l\u2019action' data-link='https:\/\/www.nettali.com\/2025\/09\/11\/gestion-du-pays-le-president-diomaye-fixe-le-cap-et-appelle-le-nouveau-gouvernement-a-laction\/' class='whatsapp-button whatsapp-share'>WhatsApp<\/a><div class='clear '><\/div><\/div>","protected":false},"excerpt":{"rendered":"<p>NETTALI.COM - Lors de la premi\u00e8re r\u00e9union du Conseil des ministres du nouveau gouvernement, le chef de l\u2019\u00c9tat a rappel\u00e9 aux ministres et secr\u00e9taires d\u2019\u00c9tat leurs responsabilit\u00e9s nationales. Il a insist\u00e9 sur la sacralit\u00e9 de l\u2019\u00c9tat, le culte du service public et l\u2019urgence d\u2019une gestion ax\u00e9e sur les r\u00e9sultats. \u200eR\u00e9uni au Palais de la R\u00e9publique, [&hellip;]<\/p>\n","protected":false},"author":6,"featured_media":139001,"comment_status":"open","ping_status":"open","sticky":false,"template":"","format":"standard","meta":{"_et_pb_use_builder":"","_et_pb_old_content":""},"categories":[2],"tags":[],"yoast_head":"<!-- This site is optimized with the Yoast SEO Premium plugin v17.8 (Yoast SEO v17.8) - https:\/\/yoast.com\/wordpress\/plugins\/seo\/ -->\n<title>GESTION DU PAYS-\u00a0 Le Pr\u00e9sident Diomaye fixe le cap et appelle le nouveau gouvernement \u00e0 l\u2019action | Nettali.com<\/title>\n<meta name=\"robots\" content=\"index, follow, max-snippet:-1, max-image-preview:large, max-video-preview:-1\" \/>\n<link rel=\"canonical\" href=\"https:\/\/www.nettali.com\/2025\/09\/11\/gestion-du-pays-le-president-diomaye-fixe-le-cap-et-appelle-le-nouveau-gouvernement-a-laction\/\" \/>\n<meta property=\"og:locale\" content=\"fr_FR\" \/>\n<meta property=\"og:type\" content=\"article\" \/>\n<meta property=\"og:title\" content=\"GESTION DU PAYS-\u00a0 Le Pr\u00e9sident Diomaye fixe le cap et appelle le nouveau gouvernement \u00e0 l\u2019action\" \/>\n<meta property=\"og:description\" content=\"NETTALI.COM - Lors de la premi\u00e8re r\u00e9union du Conseil des ministres du nouveau gouvernement, le chef de l\u2019\u00c9tat a rappel\u00e9 aux ministres et secr\u00e9taires d\u2019\u00c9tat leurs responsabilit\u00e9s nationales. Il a insist\u00e9 sur la sacralit\u00e9 de l\u2019\u00c9tat, le culte du service public et l\u2019urgence d\u2019une gestion ax\u00e9e sur les r\u00e9sultats. \u200eR\u00e9uni au Palais de la R\u00e9publique, [&hellip;]\" \/>\n<meta property=\"og:url\" content=\"https:\/\/www.nettali.com\/2025\/09\/11\/gestion-du-pays-le-president-diomaye-fixe-le-cap-et-appelle-le-nouveau-gouvernement-a-laction\/\" \/>\n<meta property=\"og:site_name\" content=\"Nettali.com\" \/>\n<meta property=\"article:publisher\" content=\"https:\/\/www.facebook.com\/nettalicom\" \/>\n<meta property=\"article:published_time\" content=\"2025-09-11T08:53:08+00:00\" \/>\n<meta property=\"article:modified_time\" content=\"2025-09-12T07:24:37+00:00\" \/>\n<meta property=\"og:image\" content=\"https:\/\/www.nettali.com\/wp-content\/uploads\/2024\/08\/senegal-les-grandes-decisions-prises-lors-du-premier-conseil-des-ministres-de-diomaye-faye-1024x682-1.jpg\" \/>\n\t<meta property=\"og:image:width\" content=\"900\" \/>\n\t<meta property=\"og:image:height\" content=\"599\" \/>\n<meta name=\"twitter:card\" content=\"summary_large_image\" \/>\n<meta name=\"twitter:label1\" content=\"\u00c9crit par\" \/>\n\t<meta name=\"twitter:data1\" content=\"Fatou\" \/>\n\t<meta name=\"twitter:label2\" content=\"Dur\u00e9e de lecture estim\u00e9e\" \/>\n\t<meta name=\"twitter:data2\" content=\"2 minutes\" \/>\n<script type=\"application\/ld+json\" class=\"yoast-schema-graph\">{\"@context\":\"https:\/\/schema.org\",\"@graph\":[{\"@type\":\"WebSite\",\"@id\":\"https:\/\/www.nettali.com\/#website\",\"url\":\"https:\/\/www.nettali.com\/\",\"name\":\"Nettali.com\",\"description\":\"Le rendez-vous critique du Net\",\"potentialAction\":[{\"@type\":\"SearchAction\",\"target\":{\"@type\":\"EntryPoint\",\"urlTemplate\":\"https:\/\/www.nettali.com\/?s={search_term_string}\"},\"query-input\":\"required name=search_term_string\"}],\"inLanguage\":\"fr-FR\"},{\"@type\":\"ImageObject\",\"@id\":\"https:\/\/www.nettali.com\/2025\/09\/11\/gestion-du-pays-le-president-diomaye-fixe-le-cap-et-appelle-le-nouveau-gouvernement-a-laction\/#primaryimage\",\"inLanguage\":\"fr-FR\",\"url\":\"https:\/\/www.nettali.com\/wp-content\/uploads\/2024\/08\/senegal-les-grandes-decisions-prises-lors-du-premier-conseil-des-ministres-de-diomaye-faye-1024x682-1.jpg\",\"contentUrl\":\"https:\/\/www.nettali.com\/wp-content\/uploads\/2024\/08\/senegal-les-grandes-decisions-prises-lors-du-premier-conseil-des-ministres-de-diomaye-faye-1024x682-1.jpg\",\"width\":900,\"height\":599},{\"@type\":\"WebPage\",\"@id\":\"https:\/\/www.nettali.com\/2025\/09\/11\/gestion-du-pays-le-president-diomaye-fixe-le-cap-et-appelle-le-nouveau-gouvernement-a-laction\/#webpage\",\"url\":\"https:\/\/www.nettali.com\/2025\/09\/11\/gestion-du-pays-le-president-diomaye-fixe-le-cap-et-appelle-le-nouveau-gouvernement-a-laction\/\",\"name\":\"GESTION DU PAYS-\\u00a0 Le Pr\\u00e9sident Diomaye fixe le cap et appelle le nouveau gouvernement \\u00e0 l\\u2019action | Nettali.com\",\"isPartOf\":{\"@id\":\"https:\/\/www.nettali.com\/#website\"},\"primaryImageOfPage\":{\"@id\":\"https:\/\/www.nettali.com\/2025\/09\/11\/gestion-du-pays-le-president-diomaye-fixe-le-cap-et-appelle-le-nouveau-gouvernement-a-laction\/#primaryimage\"},\"datePublished\":\"2025-09-11T08:53:08+00:00\",\"dateModified\":\"2025-09-12T07:24:37+00:00\",\"author\":{\"@id\":\"https:\/\/www.nettali.com\/#\/schema\/person\/418274a86bdf87caff7a3ef476bd0bbf\"},\"breadcrumb\":{\"@id\":\"https:\/\/www.nettali.com\/2025\/09\/11\/gestion-du-pays-le-president-diomaye-fixe-le-cap-et-appelle-le-nouveau-gouvernement-a-laction\/#breadcrumb\"},\"inLanguage\":\"fr-FR\",\"potentialAction\":[{\"@type\":\"ReadAction\",\"target\":[\"https:\/\/www.nettali.com\/2025\/09\/11\/gestion-du-pays-le-president-diomaye-fixe-le-cap-et-appelle-le-nouveau-gouvernement-a-laction\/\"]}]},{\"@type\":\"BreadcrumbList\",\"@id\":\"https:\/\/www.nettali.com\/2025\/09\/11\/gestion-du-pays-le-president-diomaye-fixe-le-cap-et-appelle-le-nouveau-gouvernement-a-laction\/#breadcrumb\",\"itemListElement\":[{\"@type\":\"ListItem\",\"position\":1,\"name\":\"Accueil\",\"item\":\"https:\/\/www.nettali.com\/\"},{\"@type\":\"ListItem\",\"position\":2,\"name\":\"GESTION DU PAYS-\\u00a0 Le Pr\\u00e9sident Diomaye fixe le cap et appelle le nouveau gouvernement \\u00e0 l\\u2019action\"}]},{\"@type\":\"Person\",\"@id\":\"https:\/\/www.nettali.com\/#\/schema\/person\/418274a86bdf87caff7a3ef476bd0bbf\",\"name\":\"Fatou\",\"image\":{\"@type\":\"ImageObject\",\"@id\":\"https:\/\/www.nettali.com\/#personlogo\",\"inLanguage\":\"fr-FR\",\"url\":\"https:\/\/secure.gravatar.com\/avatar\/5a9442a2bee7b4dcf167cab035858e9a?s=96&d=mm&r=g\",\"contentUrl\":\"https:\/\/secure.gravatar.com\/avatar\/5a9442a2bee7b4dcf167cab035858e9a?s=96&d=mm&r=g\",\"caption\":\"Fatou\"},\"sameAs\":[\"https:\/\/www.nettali.com\"]}]}<\/script>\n<!-- \/ Yoast SEO Premium plugin. -->","yoast_head_json":{"title":"GESTION DU PAYS-\u00a0 Le Pr\u00e9sident Diomaye fixe le cap et appelle le nouveau gouvernement \u00e0 l\u2019action | Nettali.com","robots":{"index":"index","follow":"follow","max-snippet":"max-snippet:-1","max-image-preview":"max-image-preview:large","max-video-preview":"max-video-preview:-1"},"canonical":"https:\/\/www.nettali.com\/2025\/09\/11\/gestion-du-pays-le-president-diomaye-fixe-le-cap-et-appelle-le-nouveau-gouvernement-a-laction\/","og_locale":"fr_FR","og_type":"article","og_title":"GESTION DU PAYS-\u00a0 Le Pr\u00e9sident Diomaye fixe le cap et appelle le nouveau gouvernement \u00e0 l\u2019action","og_description":"NETTALI.COM - Lors de la premi\u00e8re r\u00e9union du Conseil des ministres du nouveau gouvernement, le chef de l\u2019\u00c9tat a rappel\u00e9 aux ministres et secr\u00e9taires d\u2019\u00c9tat leurs responsabilit\u00e9s nationales. Il a insist\u00e9 sur la sacralit\u00e9 de l\u2019\u00c9tat, le culte du service public et l\u2019urgence d\u2019une gestion ax\u00e9e sur les r\u00e9sultats. \u200eR\u00e9uni au Palais de la R\u00e9publique, [&hellip;]","og_url":"https:\/\/www.nettali.com\/2025\/09\/11\/gestion-du-pays-le-president-diomaye-fixe-le-cap-et-appelle-le-nouveau-gouvernement-a-laction\/","og_site_name":"Nettali.com","article_publisher":"https:\/\/www.facebook.com\/nettalicom","article_published_time":"2025-09-11T08:53:08+00:00","article_modified_time":"2025-09-12T07:24:37+00:00","og_image":[{"width":900,"height":599,"url":"https:\/\/www.nettali.com\/wp-content\/uploads\/2024\/08\/senegal-les-grandes-decisions-prises-lors-du-premier-conseil-des-ministres-de-diomaye-faye-1024x682-1.jpg","type":"image\/jpeg"}],"twitter_card":"summary_large_image","twitter_misc":{"\u00c9crit par":"Fatou","Dur\u00e9e de lecture estim\u00e9e":"2 minutes"},"schema":{"@context":"https:\/\/schema.org","@graph":[{"@type":"WebSite","@id":"https:\/\/www.nettali.com\/#website","url":"https:\/\/www.nettali.com\/","name":"Nettali.com","description":"Le rendez-vous critique du Net","potentialAction":[{"@type":"SearchAction","target":{"@type":"EntryPoint","urlTemplate":"https:\/\/www.nettali.com\/?s={search_term_string}"},"query-input":"required name=search_term_string"}],"inLanguage":"fr-FR"},{"@type":"ImageObject","@id":"https:\/\/www.nettali.com\/2025\/09\/11\/gestion-du-pays-le-president-diomaye-fixe-le-cap-et-appelle-le-nouveau-gouvernement-a-laction\/#primaryimage","inLanguage":"fr-FR","url":"https:\/\/www.nettali.com\/wp-content\/uploads\/2024\/08\/senegal-les-grandes-decisions-prises-lors-du-premier-conseil-des-ministres-de-diomaye-faye-1024x682-1.jpg","contentUrl":"https:\/\/www.nettali.com\/wp-content\/uploads\/2024\/08\/senegal-les-grandes-decisions-prises-lors-du-premier-conseil-des-ministres-de-diomaye-faye-1024x682-1.jpg","width":900,"height":599},{"@type":"WebPage","@id":"https:\/\/www.nettali.com\/2025\/09\/11\/gestion-du-pays-le-president-diomaye-fixe-le-cap-et-appelle-le-nouveau-gouvernement-a-laction\/#webpage","url":"https:\/\/www.nettali.com\/2025\/09\/11\/gestion-du-pays-le-president-diomaye-fixe-le-cap-et-appelle-le-nouveau-gouvernement-a-laction\/","name":"GESTION DU PAYS-\u00a0 Le Pr\u00e9sident Diomaye fixe le cap et appelle le nouveau gouvernement \u00e0 l\u2019action | Nettali.com","isPartOf":{"@id":"https:\/\/www.nettali.com\/#website"},"primaryImageOfPage":{"@id":"https:\/\/www.nettali.com\/2025\/09\/11\/gestion-du-pays-le-president-diomaye-fixe-le-cap-et-appelle-le-nouveau-gouvernement-a-laction\/#primaryimage"},"datePublished":"2025-09-11T08:53:08+00:00","dateModified":"2025-09-12T07:24:37+00:00","author":{"@id":"https:\/\/www.nettali.com\/#\/schema\/person\/418274a86bdf87caff7a3ef476bd0bbf"},"breadcrumb":{"@id":"https:\/\/www.nettali.com\/2025\/09\/11\/gestion-du-pays-le-president-diomaye-fixe-le-cap-et-appelle-le-nouveau-gouvernement-a-laction\/#breadcrumb"},"inLanguage":"fr-FR","potentialAction":[{"@type":"ReadAction","target":["https:\/\/www.nettali.com\/2025\/09\/11\/gestion-du-pays-le-president-diomaye-fixe-le-cap-et-appelle-le-nouveau-gouvernement-a-laction\/"]}]},{"@type":"BreadcrumbList","@id":"https:\/\/www.nettali.com\/2025\/09\/11\/gestion-du-pays-le-president-diomaye-fixe-le-cap-et-appelle-le-nouveau-gouvernement-a-laction\/#breadcrumb","itemListElement":[{"@type":"ListItem","position":1,"name":"Accueil","item":"https:\/\/www.nettali.com\/"},{"@type":"ListItem","position":2,"name":"GESTION DU PAYS-\u00a0 Le Pr\u00e9sident Diomaye fixe le cap et appelle le nouveau gouvernement \u00e0 l\u2019action"}]},{"@type":"Person","@id":"https:\/\/www.nettali.com\/#\/schema\/person\/418274a86bdf87caff7a3ef476bd0bbf","name":"Fatou","image":{"@type":"ImageObject","@id":"https:\/\/www.nettali.com\/#personlogo","inLanguage":"fr-FR","url":"https:\/\/secure.gravatar.com\/avatar\/5a9442a2bee7b4dcf167cab035858e9a?s=96&d=mm&r=g","contentUrl":"https:\/\/secure.gravatar.com\/avatar\/5a9442a2bee7b4dcf167cab035858e9a?s=96&d=mm&r=g","caption":"Fatou"},"sameAs":["https:\/\/www.nettali.com"]}]}},"_links":{"self":[{"href":"https:\/\/www.nettali.com\/rest\/wp\/v2\/posts\/161024"}],"collection":[{"href":"https:\/\/www.nettali.com\/rest\/wp\/v2\/posts"}],"about":[{"href":"https:\/\/www.nettali.com\/rest\/wp\/v2\/types\/post"}],"author":[{"embeddable":true,"href":"https:\/\/www.nettali.com\/rest\/wp\/v2\/users\/6"}],"replies":[{"embeddable":true,"href":"https:\/\/www.nettali.com\/rest\/wp\/v2\/comments?post=161024"}],"version-history":[{"count":3,"href":"https:\/\/www.nettali.com\/rest\/wp\/v2\/posts\/161024\/revisions"}],"predecessor-version":[{"id":161058,"href":"https:\/\/www.nettali.com\/rest\/wp\/v2\/posts\/161024\/revisions\/161058"}],"wp:featuredmedia":[{"embeddable":true,"href":"https:\/\/www.nettali.com\/rest\/wp\/v2\/media\/139001"}],"wp:attachment":[{"href":"https:\/\/www.nettali.com\/rest\/wp\/v2\/media?parent=161024"}],"wp:term":[{"taxonomy":"category","embeddable":true,"href":"https:\/\/www.nettali.com\/rest\/wp\/v2\/categories?post=161024"},{"taxonomy":"post_tag","embeddable":true,"href":"https:\/\/www.nettali.com\/rest\/wp\/v2\/tags?post=161024"}],"curies":[{"name":"wp","href":"https:\/\/api.w.org\/{rel}","templated":true}]}}