{"id":161004,"date":"2025-09-10T13:08:14","date_gmt":"2025-09-10T13:08:14","guid":{"rendered":"https:\/\/www.nettali.com\/?p=161004"},"modified":"2025-09-10T13:08:14","modified_gmt":"2025-09-10T13:08:14","slug":"bloquons-tout-en-france-pres-de-300-arrestations-des-manifestation-dans-plusieurs-villes","status":"publish","type":"post","link":"https:\/\/www.nettali.com\/2025\/09\/10\/bloquons-tout-en-france-pres-de-300-arrestations-des-manifestation-dans-plusieurs-villes\/","title":{"rendered":"\u00abBLOQUONS TOUT\u00bb EN FRANCE - Pr\u00e8s de 300 arrestations, des manifestation dans plusieurs villes"},"content":{"rendered":"<p class=\"t-content__chapo\"><strong>NETTALI.COM - Blocages d'infrastructures de transports, de sites symboliques ou de lyc\u00e9es, de manifestations, gr\u00e8ve de la carte bancaire : le mouvement \u00ab <em>Bloquons tout<\/em>\u00a0\u00bb a lanc\u00e9 une myriade d'actions mercredi 10 septembre pour protester contre la politique du pr\u00e9sident Emmanuel Macron et la situation socio\u00e9conomique en France.\u00a0<\/strong><\/p>\n<p>La France conna\u00eet une\u00a0journ\u00e9e de mobilisation nationale\u00a0ce mercredi 10 septembre du mouvement \u00ab\u00a0Bloquons tout \u00bb, n\u00e9\u00a0sur les r\u00e9seaux sociaux cet \u00e9t\u00e9 pour exprimer son \u00ab ras-le-bol \u00bb de la situation \u00e9conomique, sociale et politique du pays.<\/p>\n<p>De premi\u00e8res actions ont d\u00e9but\u00e9\u00a0t\u00f4t ce mercredi un peu partout sur le territoire, mais sans toucher des cibles strat\u00e9giques et sans d\u00e9bordements notables. Des centaines de blocages ou tentatives se sont heurt\u00e9es le plus souvent \u00e0 l'action pr\u00e9ventive des forces de l'ordre.\u00a0Des rassemblements sont organis\u00e9s\u00a0cet apr\u00e8s-midi dans plusieurs grandes villes.<\/p>\n<p>Pr\u00e8s de 300 interpellations ont eu lieu depuis ce matin, dont 183 en r\u00e9gion parisienne.<\/p>\n<p>Le ministre de l\u2019Int\u00e9rieur d\u00e9missionnaire Bruno Retailleau a rappel\u00e9 la\u00a0forte mobilisation des forces de l\u2019ordre,\u00a0<em>\u00ab\u00a080\u00a0000 gendarmes et policiers\u00a0\u00bb<\/em>\u00a0en France, dont 6\u00a0000 \u00e0 Paris, avec la consigne\u00a0<em>\u00ab\u00a0de ne pas tol\u00e9rer de violence, de d\u00e9gradation, de blocage, d\u2019occupation des infrastructures essentielles de notre nation\u00a0\u00bb<\/em>.<\/p>\n<p>Cette mobilisation intervient\u00a0apr\u00e8s la nomination\u00a0mardi\u00a09 septembre\u00a0de S\u00e9bastien Lecornu comme Premier ministre, apr\u00e8s l'\u00e9viction de Fran\u00e7ois Bayrou.<\/p>\n<div class='share-to-whatsapp-wrapper'><div class='share-on-whsp'>PARTAGER SUR : <\/div><a data-text='\u00abBLOQUONS TOUT\u00bb EN FRANCE - Pr\u00e8s de 300 arrestations, des manifestation dans plusieurs villes' data-link='https:\/\/www.nettali.com\/2025\/09\/10\/bloquons-tout-en-france-pres-de-300-arrestations-des-manifestation-dans-plusieurs-villes\/' class='whatsapp-button whatsapp-share'>WhatsApp<\/a><div class='clear '><\/div><\/div>","protected":false},"excerpt":{"rendered":"<p>NETTALI.COM - Blocages d'infrastructures de transports, de sites symboliques ou de lyc\u00e9es, de manifestations, gr\u00e8ve de la carte bancaire : le mouvement \u00ab Bloquons tout\u00a0\u00bb a lanc\u00e9 une myriade d'actions mercredi 10 septembre pour protester contre la politique du pr\u00e9sident Emmanuel Macron et la situation socio\u00e9conomique en France.\u00a0 La France conna\u00eet une\u00a0journ\u00e9e de mobilisation nationale\u00a0ce [&hellip;]<\/p>\n","protected":false},"author":4,"featured_media":161005,"comment_status":"open","ping_status":"open","sticky":false,"template":"","format":"standard","meta":{"_et_pb_use_builder":"","_et_pb_old_content":""},"categories":[3],"tags":[],"yoast_head":"<!-- This site is optimized with the Yoast SEO Premium plugin v17.8 (Yoast SEO v17.8) - https:\/\/yoast.com\/wordpress\/plugins\/seo\/ -->\n<title>\u00abBLOQUONS TOUT\u00bb EN FRANCE - Pr\u00e8s de 300 arrestations, des manifestation dans plusieurs villes | Nettali.com<\/title>\n<meta name=\"robots\" content=\"index, follow, max-snippet:-1, max-image-preview:large, max-video-preview:-1\" \/>\n<link rel=\"canonical\" href=\"https:\/\/www.nettali.com\/2025\/09\/10\/bloquons-tout-en-france-pres-de-300-arrestations-des-manifestation-dans-plusieurs-villes\/\" \/>\n<meta property=\"og:locale\" content=\"fr_FR\" \/>\n<meta property=\"og:type\" content=\"article\" \/>\n<meta property=\"og:title\" content=\"\u00abBLOQUONS TOUT\u00bb EN FRANCE - Pr\u00e8s de 300 arrestations, des manifestation dans plusieurs villes\" \/>\n<meta property=\"og:description\" content=\"NETTALI.COM - Blocages d&#039;infrastructures de transports, de sites symboliques ou de lyc\u00e9es, de manifestations, gr\u00e8ve de la carte bancaire : le mouvement \u00ab Bloquons tout\u00a0\u00bb a lanc\u00e9 une myriade d&#039;actions mercredi 10 septembre pour protester contre la politique du pr\u00e9sident Emmanuel Macron et la situation socio\u00e9conomique en France.\u00a0 La France conna\u00eet une\u00a0journ\u00e9e de mobilisation nationale\u00a0ce [&hellip;]\" \/>\n<meta property=\"og:url\" content=\"https:\/\/www.nettali.com\/2025\/09\/10\/bloquons-tout-en-france-pres-de-300-arrestations-des-manifestation-dans-plusieurs-villes\/\" \/>\n<meta property=\"og:site_name\" content=\"Nettali.com\" \/>\n<meta property=\"article:publisher\" content=\"https:\/\/www.facebook.com\/nettalicom\" \/>\n<meta property=\"article:published_time\" content=\"2025-09-10T13:08:14+00:00\" \/>\n<meta property=\"og:image\" content=\"https:\/\/www.nettali.com\/wp-content\/uploads\/2025\/09\/Capture-de\u0301cran-2025-09-10-a\u0300-13.01.14.png\" \/>\n\t<meta property=\"og:image:width\" content=\"1086\" \/>\n\t<meta property=\"og:image:height\" content=\"542\" \/>\n<meta name=\"twitter:card\" content=\"summary_large_image\" \/>\n<meta name=\"twitter:label1\" content=\"\u00c9crit par\" \/>\n\t<meta name=\"twitter:data1\" content=\"Daouda\" \/>\n\t<meta name=\"twitter:label2\" content=\"Dur\u00e9e de lecture estim\u00e9e\" \/>\n\t<meta name=\"twitter:data2\" content=\"2 minutes\" \/>\n<script type=\"application\/ld+json\" class=\"yoast-schema-graph\">{\"@context\":\"https:\/\/schema.org\",\"@graph\":[{\"@type\":\"WebSite\",\"@id\":\"https:\/\/www.nettali.com\/#website\",\"url\":\"https:\/\/www.nettali.com\/\",\"name\":\"Nettali.com\",\"description\":\"Le rendez-vous critique du Net\",\"potentialAction\":[{\"@type\":\"SearchAction\",\"target\":{\"@type\":\"EntryPoint\",\"urlTemplate\":\"https:\/\/www.nettali.com\/?s={search_term_string}\"},\"query-input\":\"required name=search_term_string\"}],\"inLanguage\":\"fr-FR\"},{\"@type\":\"ImageObject\",\"@id\":\"https:\/\/www.nettali.com\/2025\/09\/10\/bloquons-tout-en-france-pres-de-300-arrestations-des-manifestation-dans-plusieurs-villes\/#primaryimage\",\"inLanguage\":\"fr-FR\",\"url\":\"https:\/\/www.nettali.com\/wp-content\/uploads\/2025\/09\/Capture-de\\u0301cran-2025-09-10-a\\u0300-13.01.14.png\",\"contentUrl\":\"https:\/\/www.nettali.com\/wp-content\/uploads\/2025\/09\/Capture-de\\u0301cran-2025-09-10-a\\u0300-13.01.14.png\",\"width\":1086,\"height\":542},{\"@type\":\"WebPage\",\"@id\":\"https:\/\/www.nettali.com\/2025\/09\/10\/bloquons-tout-en-france-pres-de-300-arrestations-des-manifestation-dans-plusieurs-villes\/#webpage\",\"url\":\"https:\/\/www.nettali.com\/2025\/09\/10\/bloquons-tout-en-france-pres-de-300-arrestations-des-manifestation-dans-plusieurs-villes\/\",\"name\":\"\\u00abBLOQUONS TOUT\\u00bb EN FRANCE - Pr\\u00e8s de 300 arrestations, des manifestation dans plusieurs villes | Nettali.com\",\"isPartOf\":{\"@id\":\"https:\/\/www.nettali.com\/#website\"},\"primaryImageOfPage\":{\"@id\":\"https:\/\/www.nettali.com\/2025\/09\/10\/bloquons-tout-en-france-pres-de-300-arrestations-des-manifestation-dans-plusieurs-villes\/#primaryimage\"},\"datePublished\":\"2025-09-10T13:08:14+00:00\",\"dateModified\":\"2025-09-10T13:08:14+00:00\",\"author\":{\"@id\":\"https:\/\/www.nettali.com\/#\/schema\/person\/3317e0bb3aa1da309fbf7b2780901bf4\"},\"breadcrumb\":{\"@id\":\"https:\/\/www.nettali.com\/2025\/09\/10\/bloquons-tout-en-france-pres-de-300-arrestations-des-manifestation-dans-plusieurs-villes\/#breadcrumb\"},\"inLanguage\":\"fr-FR\",\"potentialAction\":[{\"@type\":\"ReadAction\",\"target\":[\"https:\/\/www.nettali.com\/2025\/09\/10\/bloquons-tout-en-france-pres-de-300-arrestations-des-manifestation-dans-plusieurs-villes\/\"]}]},{\"@type\":\"BreadcrumbList\",\"@id\":\"https:\/\/www.nettali.com\/2025\/09\/10\/bloquons-tout-en-france-pres-de-300-arrestations-des-manifestation-dans-plusieurs-villes\/#breadcrumb\",\"itemListElement\":[{\"@type\":\"ListItem\",\"position\":1,\"name\":\"Accueil\",\"item\":\"https:\/\/www.nettali.com\/\"},{\"@type\":\"ListItem\",\"position\":2,\"name\":\"\\u00abBLOQUONS TOUT\\u00bb EN FRANCE - Pr\\u00e8s de 300 arrestations, des manifestation dans plusieurs villes\"}]},{\"@type\":\"Person\",\"@id\":\"https:\/\/www.nettali.com\/#\/schema\/person\/3317e0bb3aa1da309fbf7b2780901bf4\",\"name\":\"Daouda\",\"image\":{\"@type\":\"ImageObject\",\"@id\":\"https:\/\/www.nettali.com\/#personlogo\",\"inLanguage\":\"fr-FR\",\"url\":\"https:\/\/secure.gravatar.com\/avatar\/8d143b5a49345098ddcfee1c49c2f47c?s=96&d=mm&r=g\",\"contentUrl\":\"https:\/\/secure.gravatar.com\/avatar\/8d143b5a49345098ddcfee1c49c2f47c?s=96&d=mm&r=g\",\"caption\":\"Daouda\"},\"sameAs\":[\"https:\/\/www.nettali.com\"]}]}<\/script>\n<!-- \/ Yoast SEO Premium plugin. -->","yoast_head_json":{"title":"\u00abBLOQUONS TOUT\u00bb EN FRANCE - Pr\u00e8s de 300 arrestations, des manifestation dans plusieurs villes | Nettali.com","robots":{"index":"index","follow":"follow","max-snippet":"max-snippet:-1","max-image-preview":"max-image-preview:large","max-video-preview":"max-video-preview:-1"},"canonical":"https:\/\/www.nettali.com\/2025\/09\/10\/bloquons-tout-en-france-pres-de-300-arrestations-des-manifestation-dans-plusieurs-villes\/","og_locale":"fr_FR","og_type":"article","og_title":"\u00abBLOQUONS TOUT\u00bb EN FRANCE - Pr\u00e8s de 300 arrestations, des manifestation dans plusieurs villes","og_description":"NETTALI.COM - Blocages d'infrastructures de transports, de sites symboliques ou de lyc\u00e9es, de manifestations, gr\u00e8ve de la carte bancaire : le mouvement \u00ab Bloquons tout\u00a0\u00bb a lanc\u00e9 une myriade d'actions mercredi 10 septembre pour protester contre la politique du pr\u00e9sident Emmanuel Macron et la situation socio\u00e9conomique en France.\u00a0 La France conna\u00eet une\u00a0journ\u00e9e de mobilisation nationale\u00a0ce [&hellip;]","og_url":"https:\/\/www.nettali.com\/2025\/09\/10\/bloquons-tout-en-france-pres-de-300-arrestations-des-manifestation-dans-plusieurs-villes\/","og_site_name":"Nettali.com","article_publisher":"https:\/\/www.facebook.com\/nettalicom","article_published_time":"2025-09-10T13:08:14+00:00","og_image":[{"width":1086,"height":542,"url":"https:\/\/www.nettali.com\/wp-content\/uploads\/2025\/09\/Capture-de\u0301cran-2025-09-10-a\u0300-13.01.14.png","type":"image\/png"}],"twitter_card":"summary_large_image","twitter_misc":{"\u00c9crit par":"Daouda","Dur\u00e9e de lecture estim\u00e9e":"2 minutes"},"schema":{"@context":"https:\/\/schema.org","@graph":[{"@type":"WebSite","@id":"https:\/\/www.nettali.com\/#website","url":"https:\/\/www.nettali.com\/","name":"Nettali.com","description":"Le rendez-vous critique du Net","potentialAction":[{"@type":"SearchAction","target":{"@type":"EntryPoint","urlTemplate":"https:\/\/www.nettali.com\/?s={search_term_string}"},"query-input":"required name=search_term_string"}],"inLanguage":"fr-FR"},{"@type":"ImageObject","@id":"https:\/\/www.nettali.com\/2025\/09\/10\/bloquons-tout-en-france-pres-de-300-arrestations-des-manifestation-dans-plusieurs-villes\/#primaryimage","inLanguage":"fr-FR","url":"https:\/\/www.nettali.com\/wp-content\/uploads\/2025\/09\/Capture-de\u0301cran-2025-09-10-a\u0300-13.01.14.png","contentUrl":"https:\/\/www.nettali.com\/wp-content\/uploads\/2025\/09\/Capture-de\u0301cran-2025-09-10-a\u0300-13.01.14.png","width":1086,"height":542},{"@type":"WebPage","@id":"https:\/\/www.nettali.com\/2025\/09\/10\/bloquons-tout-en-france-pres-de-300-arrestations-des-manifestation-dans-plusieurs-villes\/#webpage","url":"https:\/\/www.nettali.com\/2025\/09\/10\/bloquons-tout-en-france-pres-de-300-arrestations-des-manifestation-dans-plusieurs-villes\/","name":"\u00abBLOQUONS TOUT\u00bb EN FRANCE - Pr\u00e8s de 300 arrestations, des manifestation dans plusieurs villes | Nettali.com","isPartOf":{"@id":"https:\/\/www.nettali.com\/#website"},"primaryImageOfPage":{"@id":"https:\/\/www.nettali.com\/2025\/09\/10\/bloquons-tout-en-france-pres-de-300-arrestations-des-manifestation-dans-plusieurs-villes\/#primaryimage"},"datePublished":"2025-09-10T13:08:14+00:00","dateModified":"2025-09-10T13:08:14+00:00","author":{"@id":"https:\/\/www.nettali.com\/#\/schema\/person\/3317e0bb3aa1da309fbf7b2780901bf4"},"breadcrumb":{"@id":"https:\/\/www.nettali.com\/2025\/09\/10\/bloquons-tout-en-france-pres-de-300-arrestations-des-manifestation-dans-plusieurs-villes\/#breadcrumb"},"inLanguage":"fr-FR","potentialAction":[{"@type":"ReadAction","target":["https:\/\/www.nettali.com\/2025\/09\/10\/bloquons-tout-en-france-pres-de-300-arrestations-des-manifestation-dans-plusieurs-villes\/"]}]},{"@type":"BreadcrumbList","@id":"https:\/\/www.nettali.com\/2025\/09\/10\/bloquons-tout-en-france-pres-de-300-arrestations-des-manifestation-dans-plusieurs-villes\/#breadcrumb","itemListElement":[{"@type":"ListItem","position":1,"name":"Accueil","item":"https:\/\/www.nettali.com\/"},{"@type":"ListItem","position":2,"name":"\u00abBLOQUONS TOUT\u00bb EN FRANCE - Pr\u00e8s de 300 arrestations, des manifestation dans plusieurs villes"}]},{"@type":"Person","@id":"https:\/\/www.nettali.com\/#\/schema\/person\/3317e0bb3aa1da309fbf7b2780901bf4","name":"Daouda","image":{"@type":"ImageObject","@id":"https:\/\/www.nettali.com\/#personlogo","inLanguage":"fr-FR","url":"https:\/\/secure.gravatar.com\/avatar\/8d143b5a49345098ddcfee1c49c2f47c?s=96&d=mm&r=g","contentUrl":"https:\/\/secure.gravatar.com\/avatar\/8d143b5a49345098ddcfee1c49c2f47c?s=96&d=mm&r=g","caption":"Daouda"},"sameAs":["https:\/\/www.nettali.com"]}]}},"_links":{"self":[{"href":"https:\/\/www.nettali.com\/rest\/wp\/v2\/posts\/161004"}],"collection":[{"href":"https:\/\/www.nettali.com\/rest\/wp\/v2\/posts"}],"about":[{"href":"https:\/\/www.nettali.com\/rest\/wp\/v2\/types\/post"}],"author":[{"embeddable":true,"href":"https:\/\/www.nettali.com\/rest\/wp\/v2\/users\/4"}],"replies":[{"embeddable":true,"href":"https:\/\/www.nettali.com\/rest\/wp\/v2\/comments?post=161004"}],"version-history":[{"count":1,"href":"https:\/\/www.nettali.com\/rest\/wp\/v2\/posts\/161004\/revisions"}],"predecessor-version":[{"id":161006,"href":"https:\/\/www.nettali.com\/rest\/wp\/v2\/posts\/161004\/revisions\/161006"}],"wp:featuredmedia":[{"embeddable":true,"href":"https:\/\/www.nettali.com\/rest\/wp\/v2\/media\/161005"}],"wp:attachment":[{"href":"https:\/\/www.nettali.com\/rest\/wp\/v2\/media?parent=161004"}],"wp:term":[{"taxonomy":"category","embeddable":true,"href":"https:\/\/www.nettali.com\/rest\/wp\/v2\/categories?post=161004"},{"taxonomy":"post_tag","embeddable":true,"href":"https:\/\/www.nettali.com\/rest\/wp\/v2\/tags?post=161004"}],"curies":[{"name":"wp","href":"https:\/\/api.w.org\/{rel}","templated":true}]}}