{"id":161001,"date":"2025-09-10T12:59:26","date_gmt":"2025-09-10T12:59:26","guid":{"rendered":"https:\/\/www.nettali.com\/?p=161001"},"modified":"2025-09-10T12:59:26","modified_gmt":"2025-09-10T12:59:26","slug":"mairie-de-dakar-abass-fall-officiellement-installe-a-la-tete-de-linstitution-municipale","status":"publish","type":"post","link":"https:\/\/www.nettali.com\/2025\/09\/10\/mairie-de-dakar-abass-fall-officiellement-installe-a-la-tete-de-linstitution-municipale\/","title":{"rendered":"MAIRIE DE DAKAR - Abass Fall officiellement install\u00e9 \u00e0 la t\u00eate de l\u2019institution municipale"},"content":{"rendered":"<p data-start=\"190\" data-end=\"580\"><strong>NETTALI.COM - La capitale s\u00e9n\u00e9galaise a un nouveau patron \u00e0 la t\u00eate de son institution municipale. Abass Fall a officiellement pris fonction ce mercredi matin \u00e0 l\u2019H\u00f4tel de Ville de Dakar, lors d\u2019une c\u00e9r\u00e9monie de passation de service avec le maire int\u00e9rimaire Ngon\u00e9 Mbengue. La rencontre s\u2019est d\u00e9roul\u00e9e en pr\u00e9sence du pr\u00e9fet de Dakar, garant de la r\u00e9gularit\u00e9 de la proc\u00e9dure administrative.<\/strong><\/p>\n<p data-start=\"629\" data-end=\"1046\">La passation de service a marqu\u00e9 le transfert officiel des charges et des responsabilit\u00e9s de l\u2019ex\u00e9cutif municipal. Devant les cadres de la mairie, le personnel administratif et plusieurs invit\u00e9s, Ngon\u00e9 Mbengue a symboliquement remis les cl\u00e9s de l\u2019institution \u00e0 son successeur. Le pr\u00e9fet de Dakar a rappel\u00e9, \u00e0 cette occasion, l\u2019importance du respect des r\u00e8gles de continuit\u00e9 de l\u2019\u00c9tat et de bonne gouvernance locale.<\/p>\n<p data-start=\"1105\" data-end=\"1440\">D\u00e8s son installation, Abass Fall a exprim\u00e9 sa volont\u00e9 de travailler dans un esprit d\u2019ouverture et de rigueur. Il a soulign\u00e9 les d\u00e9fis majeurs de la capitale, notamment la modernisation des infrastructures urbaines, l\u2019am\u00e9lioration de la mobilit\u00e9, la gestion des d\u00e9chets et le renforcement des services de proximit\u00e9 pour les Dakarois.<\/p>\n<p data-start=\"1442\" data-end=\"1619\"><em>\u00ab La Ville de Dakar est un patrimoine commun. Elle doit \u00eatre g\u00e9r\u00e9e dans la transparence, au service exclusif des citoyens \u00bb<\/em>, a-t-il d\u00e9clar\u00e9 dans son premier discours officiel.<\/p>\n<p data-start=\"1663\" data-end=\"2000\">Cette prise de fonction intervient dans un contexte particulier, marqu\u00e9 par des d\u00e9bats autour de la gouvernance de la Ville et des enjeux politiques li\u00e9s \u00e0 la gestion municipale. Abass Fall h\u00e9rite d\u2019une institution strat\u00e9gique, dont les choix budg\u00e9taires et administratifs ont un impact direct sur le quotidien des habitants de Dakar.<\/p>\n<p data-start=\"2044\" data-end=\"2367\">La c\u00e9r\u00e9monie de passation s\u2019est d\u00e9roul\u00e9e dans un climat institutionnel apais\u00e9, symbolisant la continuit\u00e9 du service public. Abass Fall est d\u00e9sormais attendu sur la mise en \u0153uvre de ses engagements, alors que la population dakaroise nourrit de grandes attentes en mati\u00e8re de d\u00e9veloppement urbain et de gouvernance locale.<\/p>\n<div class='share-to-whatsapp-wrapper'><div class='share-on-whsp'>PARTAGER SUR : <\/div><a data-text='MAIRIE DE DAKAR - Abass Fall officiellement install\u00e9 \u00e0 la t\u00eate de l\u2019institution municipale' data-link='https:\/\/www.nettali.com\/2025\/09\/10\/mairie-de-dakar-abass-fall-officiellement-installe-a-la-tete-de-linstitution-municipale\/' class='whatsapp-button whatsapp-share'>WhatsApp<\/a><div class='clear '><\/div><\/div>","protected":false},"excerpt":{"rendered":"<p>NETTALI.COM - La capitale s\u00e9n\u00e9galaise a un nouveau patron \u00e0 la t\u00eate de son institution municipale. Abass Fall a officiellement pris fonction ce mercredi matin \u00e0 l\u2019H\u00f4tel de Ville de Dakar, lors d\u2019une c\u00e9r\u00e9monie de passation de service avec le maire int\u00e9rimaire Ngon\u00e9 Mbengue. La rencontre s\u2019est d\u00e9roul\u00e9e en pr\u00e9sence du pr\u00e9fet de Dakar, garant [&hellip;]<\/p>\n","protected":false},"author":4,"featured_media":161002,"comment_status":"open","ping_status":"open","sticky":false,"template":"","format":"standard","meta":{"_et_pb_use_builder":"","_et_pb_old_content":""},"categories":[2],"tags":[],"yoast_head":"<!-- This site is optimized with the Yoast SEO Premium plugin v17.8 (Yoast SEO v17.8) - https:\/\/yoast.com\/wordpress\/plugins\/seo\/ -->\n<title>MAIRIE DE DAKAR - Abass Fall officiellement install\u00e9 \u00e0 la t\u00eate de l\u2019institution municipale | Nettali.com<\/title>\n<meta name=\"robots\" content=\"index, follow, max-snippet:-1, max-image-preview:large, max-video-preview:-1\" \/>\n<link rel=\"canonical\" href=\"https:\/\/www.nettali.com\/2025\/09\/10\/mairie-de-dakar-abass-fall-officiellement-installe-a-la-tete-de-linstitution-municipale\/\" \/>\n<meta property=\"og:locale\" content=\"fr_FR\" \/>\n<meta property=\"og:type\" content=\"article\" \/>\n<meta property=\"og:title\" content=\"MAIRIE DE DAKAR - Abass Fall officiellement install\u00e9 \u00e0 la t\u00eate de l\u2019institution municipale\" \/>\n<meta property=\"og:description\" content=\"NETTALI.COM - La capitale s\u00e9n\u00e9galaise a un nouveau patron \u00e0 la t\u00eate de son institution municipale. Abass Fall a officiellement pris fonction ce mercredi matin \u00e0 l\u2019H\u00f4tel de Ville de Dakar, lors d\u2019une c\u00e9r\u00e9monie de passation de service avec le maire int\u00e9rimaire Ngon\u00e9 Mbengue. La rencontre s\u2019est d\u00e9roul\u00e9e en pr\u00e9sence du pr\u00e9fet de Dakar, garant [&hellip;]\" \/>\n<meta property=\"og:url\" content=\"https:\/\/www.nettali.com\/2025\/09\/10\/mairie-de-dakar-abass-fall-officiellement-installe-a-la-tete-de-linstitution-municipale\/\" \/>\n<meta property=\"og:site_name\" content=\"Nettali.com\" \/>\n<meta property=\"article:publisher\" content=\"https:\/\/www.facebook.com\/nettalicom\" \/>\n<meta property=\"article:published_time\" content=\"2025-09-10T12:59:26+00:00\" \/>\n<meta property=\"og:image\" content=\"https:\/\/www.nettali.com\/wp-content\/uploads\/2025\/09\/ABASS-FALL.jpg\" \/>\n\t<meta property=\"og:image:width\" content=\"567\" \/>\n\t<meta property=\"og:image:height\" content=\"360\" \/>\n<meta name=\"twitter:card\" content=\"summary_large_image\" \/>\n<meta name=\"twitter:label1\" content=\"\u00c9crit par\" \/>\n\t<meta name=\"twitter:data1\" content=\"Daouda\" \/>\n\t<meta name=\"twitter:label2\" content=\"Dur\u00e9e de lecture estim\u00e9e\" \/>\n\t<meta name=\"twitter:data2\" content=\"2 minutes\" \/>\n<script type=\"application\/ld+json\" class=\"yoast-schema-graph\">{\"@context\":\"https:\/\/schema.org\",\"@graph\":[{\"@type\":\"WebSite\",\"@id\":\"https:\/\/www.nettali.com\/#website\",\"url\":\"https:\/\/www.nettali.com\/\",\"name\":\"Nettali.com\",\"description\":\"Le rendez-vous critique du Net\",\"potentialAction\":[{\"@type\":\"SearchAction\",\"target\":{\"@type\":\"EntryPoint\",\"urlTemplate\":\"https:\/\/www.nettali.com\/?s={search_term_string}\"},\"query-input\":\"required name=search_term_string\"}],\"inLanguage\":\"fr-FR\"},{\"@type\":\"ImageObject\",\"@id\":\"https:\/\/www.nettali.com\/2025\/09\/10\/mairie-de-dakar-abass-fall-officiellement-installe-a-la-tete-de-linstitution-municipale\/#primaryimage\",\"inLanguage\":\"fr-FR\",\"url\":\"https:\/\/www.nettali.com\/wp-content\/uploads\/2025\/09\/ABASS-FALL.jpg\",\"contentUrl\":\"https:\/\/www.nettali.com\/wp-content\/uploads\/2025\/09\/ABASS-FALL.jpg\",\"width\":567,\"height\":360},{\"@type\":\"WebPage\",\"@id\":\"https:\/\/www.nettali.com\/2025\/09\/10\/mairie-de-dakar-abass-fall-officiellement-installe-a-la-tete-de-linstitution-municipale\/#webpage\",\"url\":\"https:\/\/www.nettali.com\/2025\/09\/10\/mairie-de-dakar-abass-fall-officiellement-installe-a-la-tete-de-linstitution-municipale\/\",\"name\":\"MAIRIE DE DAKAR - Abass Fall officiellement install\\u00e9 \\u00e0 la t\\u00eate de l\\u2019institution municipale | Nettali.com\",\"isPartOf\":{\"@id\":\"https:\/\/www.nettali.com\/#website\"},\"primaryImageOfPage\":{\"@id\":\"https:\/\/www.nettali.com\/2025\/09\/10\/mairie-de-dakar-abass-fall-officiellement-installe-a-la-tete-de-linstitution-municipale\/#primaryimage\"},\"datePublished\":\"2025-09-10T12:59:26+00:00\",\"dateModified\":\"2025-09-10T12:59:26+00:00\",\"author\":{\"@id\":\"https:\/\/www.nettali.com\/#\/schema\/person\/3317e0bb3aa1da309fbf7b2780901bf4\"},\"breadcrumb\":{\"@id\":\"https:\/\/www.nettali.com\/2025\/09\/10\/mairie-de-dakar-abass-fall-officiellement-installe-a-la-tete-de-linstitution-municipale\/#breadcrumb\"},\"inLanguage\":\"fr-FR\",\"potentialAction\":[{\"@type\":\"ReadAction\",\"target\":[\"https:\/\/www.nettali.com\/2025\/09\/10\/mairie-de-dakar-abass-fall-officiellement-installe-a-la-tete-de-linstitution-municipale\/\"]}]},{\"@type\":\"BreadcrumbList\",\"@id\":\"https:\/\/www.nettali.com\/2025\/09\/10\/mairie-de-dakar-abass-fall-officiellement-installe-a-la-tete-de-linstitution-municipale\/#breadcrumb\",\"itemListElement\":[{\"@type\":\"ListItem\",\"position\":1,\"name\":\"Accueil\",\"item\":\"https:\/\/www.nettali.com\/\"},{\"@type\":\"ListItem\",\"position\":2,\"name\":\"MAIRIE DE DAKAR - Abass Fall officiellement install\\u00e9 \\u00e0 la t\\u00eate de l\\u2019institution municipale\"}]},{\"@type\":\"Person\",\"@id\":\"https:\/\/www.nettali.com\/#\/schema\/person\/3317e0bb3aa1da309fbf7b2780901bf4\",\"name\":\"Daouda\",\"image\":{\"@type\":\"ImageObject\",\"@id\":\"https:\/\/www.nettali.com\/#personlogo\",\"inLanguage\":\"fr-FR\",\"url\":\"https:\/\/secure.gravatar.com\/avatar\/8d143b5a49345098ddcfee1c49c2f47c?s=96&d=mm&r=g\",\"contentUrl\":\"https:\/\/secure.gravatar.com\/avatar\/8d143b5a49345098ddcfee1c49c2f47c?s=96&d=mm&r=g\",\"caption\":\"Daouda\"},\"sameAs\":[\"https:\/\/www.nettali.com\"]}]}<\/script>\n<!-- \/ Yoast SEO Premium plugin. -->","yoast_head_json":{"title":"MAIRIE DE DAKAR - Abass Fall officiellement install\u00e9 \u00e0 la t\u00eate de l\u2019institution municipale | Nettali.com","robots":{"index":"index","follow":"follow","max-snippet":"max-snippet:-1","max-image-preview":"max-image-preview:large","max-video-preview":"max-video-preview:-1"},"canonical":"https:\/\/www.nettali.com\/2025\/09\/10\/mairie-de-dakar-abass-fall-officiellement-installe-a-la-tete-de-linstitution-municipale\/","og_locale":"fr_FR","og_type":"article","og_title":"MAIRIE DE DAKAR - Abass Fall officiellement install\u00e9 \u00e0 la t\u00eate de l\u2019institution municipale","og_description":"NETTALI.COM - La capitale s\u00e9n\u00e9galaise a un nouveau patron \u00e0 la t\u00eate de son institution municipale. Abass Fall a officiellement pris fonction ce mercredi matin \u00e0 l\u2019H\u00f4tel de Ville de Dakar, lors d\u2019une c\u00e9r\u00e9monie de passation de service avec le maire int\u00e9rimaire Ngon\u00e9 Mbengue. La rencontre s\u2019est d\u00e9roul\u00e9e en pr\u00e9sence du pr\u00e9fet de Dakar, garant [&hellip;]","og_url":"https:\/\/www.nettali.com\/2025\/09\/10\/mairie-de-dakar-abass-fall-officiellement-installe-a-la-tete-de-linstitution-municipale\/","og_site_name":"Nettali.com","article_publisher":"https:\/\/www.facebook.com\/nettalicom","article_published_time":"2025-09-10T12:59:26+00:00","og_image":[{"width":567,"height":360,"url":"https:\/\/www.nettali.com\/wp-content\/uploads\/2025\/09\/ABASS-FALL.jpg","type":"image\/jpeg"}],"twitter_card":"summary_large_image","twitter_misc":{"\u00c9crit par":"Daouda","Dur\u00e9e de lecture estim\u00e9e":"2 minutes"},"schema":{"@context":"https:\/\/schema.org","@graph":[{"@type":"WebSite","@id":"https:\/\/www.nettali.com\/#website","url":"https:\/\/www.nettali.com\/","name":"Nettali.com","description":"Le rendez-vous critique du Net","potentialAction":[{"@type":"SearchAction","target":{"@type":"EntryPoint","urlTemplate":"https:\/\/www.nettali.com\/?s={search_term_string}"},"query-input":"required name=search_term_string"}],"inLanguage":"fr-FR"},{"@type":"ImageObject","@id":"https:\/\/www.nettali.com\/2025\/09\/10\/mairie-de-dakar-abass-fall-officiellement-installe-a-la-tete-de-linstitution-municipale\/#primaryimage","inLanguage":"fr-FR","url":"https:\/\/www.nettali.com\/wp-content\/uploads\/2025\/09\/ABASS-FALL.jpg","contentUrl":"https:\/\/www.nettali.com\/wp-content\/uploads\/2025\/09\/ABASS-FALL.jpg","width":567,"height":360},{"@type":"WebPage","@id":"https:\/\/www.nettali.com\/2025\/09\/10\/mairie-de-dakar-abass-fall-officiellement-installe-a-la-tete-de-linstitution-municipale\/#webpage","url":"https:\/\/www.nettali.com\/2025\/09\/10\/mairie-de-dakar-abass-fall-officiellement-installe-a-la-tete-de-linstitution-municipale\/","name":"MAIRIE DE DAKAR - Abass Fall officiellement install\u00e9 \u00e0 la t\u00eate de l\u2019institution municipale | Nettali.com","isPartOf":{"@id":"https:\/\/www.nettali.com\/#website"},"primaryImageOfPage":{"@id":"https:\/\/www.nettali.com\/2025\/09\/10\/mairie-de-dakar-abass-fall-officiellement-installe-a-la-tete-de-linstitution-municipale\/#primaryimage"},"datePublished":"2025-09-10T12:59:26+00:00","dateModified":"2025-09-10T12:59:26+00:00","author":{"@id":"https:\/\/www.nettali.com\/#\/schema\/person\/3317e0bb3aa1da309fbf7b2780901bf4"},"breadcrumb":{"@id":"https:\/\/www.nettali.com\/2025\/09\/10\/mairie-de-dakar-abass-fall-officiellement-installe-a-la-tete-de-linstitution-municipale\/#breadcrumb"},"inLanguage":"fr-FR","potentialAction":[{"@type":"ReadAction","target":["https:\/\/www.nettali.com\/2025\/09\/10\/mairie-de-dakar-abass-fall-officiellement-installe-a-la-tete-de-linstitution-municipale\/"]}]},{"@type":"BreadcrumbList","@id":"https:\/\/www.nettali.com\/2025\/09\/10\/mairie-de-dakar-abass-fall-officiellement-installe-a-la-tete-de-linstitution-municipale\/#breadcrumb","itemListElement":[{"@type":"ListItem","position":1,"name":"Accueil","item":"https:\/\/www.nettali.com\/"},{"@type":"ListItem","position":2,"name":"MAIRIE DE DAKAR - Abass Fall officiellement install\u00e9 \u00e0 la t\u00eate de l\u2019institution municipale"}]},{"@type":"Person","@id":"https:\/\/www.nettali.com\/#\/schema\/person\/3317e0bb3aa1da309fbf7b2780901bf4","name":"Daouda","image":{"@type":"ImageObject","@id":"https:\/\/www.nettali.com\/#personlogo","inLanguage":"fr-FR","url":"https:\/\/secure.gravatar.com\/avatar\/8d143b5a49345098ddcfee1c49c2f47c?s=96&d=mm&r=g","contentUrl":"https:\/\/secure.gravatar.com\/avatar\/8d143b5a49345098ddcfee1c49c2f47c?s=96&d=mm&r=g","caption":"Daouda"},"sameAs":["https:\/\/www.nettali.com"]}]}},"_links":{"self":[{"href":"https:\/\/www.nettali.com\/rest\/wp\/v2\/posts\/161001"}],"collection":[{"href":"https:\/\/www.nettali.com\/rest\/wp\/v2\/posts"}],"about":[{"href":"https:\/\/www.nettali.com\/rest\/wp\/v2\/types\/post"}],"author":[{"embeddable":true,"href":"https:\/\/www.nettali.com\/rest\/wp\/v2\/users\/4"}],"replies":[{"embeddable":true,"href":"https:\/\/www.nettali.com\/rest\/wp\/v2\/comments?post=161001"}],"version-history":[{"count":1,"href":"https:\/\/www.nettali.com\/rest\/wp\/v2\/posts\/161001\/revisions"}],"predecessor-version":[{"id":161003,"href":"https:\/\/www.nettali.com\/rest\/wp\/v2\/posts\/161001\/revisions\/161003"}],"wp:featuredmedia":[{"embeddable":true,"href":"https:\/\/www.nettali.com\/rest\/wp\/v2\/media\/161002"}],"wp:attachment":[{"href":"https:\/\/www.nettali.com\/rest\/wp\/v2\/media?parent=161001"}],"wp:term":[{"taxonomy":"category","embeddable":true,"href":"https:\/\/www.nettali.com\/rest\/wp\/v2\/categories?post=161001"},{"taxonomy":"post_tag","embeddable":true,"href":"https:\/\/www.nettali.com\/rest\/wp\/v2\/tags?post=161001"}],"curies":[{"name":"wp","href":"https:\/\/api.w.org\/{rel}","templated":true}]}}