{"id":160984,"date":"2025-09-10T16:09:14","date_gmt":"2025-09-10T16:09:14","guid":{"rendered":"https:\/\/www.nettali.com\/?p=160984"},"modified":"2025-09-10T08:12:14","modified_gmt":"2025-09-10T08:12:14","slug":"metz-habib-diallo-justifie-son-retour","status":"publish","type":"post","link":"https:\/\/www.nettali.com\/2025\/09\/10\/metz-habib-diallo-justifie-son-retour\/","title":{"rendered":"METZ - Habib Diallo justifie son retour"},"content":{"rendered":"<p><strong>NETTALI.COM -<\/strong> Lib\u00e9r\u00e9 par Al-Shabab, l'avant-centre Habib Diallo (30 ans) a r\u00e9alis\u00e9 son grand retour au FC Metz, \u00e0 l'occasion du dernier mercato d'\u00e9t\u00e9. Pr\u00e9sent devant les m\u00e9dias ce mardi, l'international s\u00e9n\u00e9galais a justifi\u00e9 sa d\u00e9cision de revenir chez les Grenats.<\/p>\n<p>\u201c<em>Cela fait plaisir de revenir l\u00e0 o\u00f9 j'ai d\u00e9but\u00e9 ma carri\u00e8re. J'ai ma fille et toute ma famille ici. J'ai eu d'autres propositions, mais j'ai pr\u00e9f\u00e9r\u00e9 revenir \u00e0 Metz. (...) Je suis l\u00e0 pour que le club reste en Ligue 1. Mais une personne ne peut rien faire seule. On est 11 sur le terrain, et on doit compter sur tout le monde. Je ne vais pas maintenir le club tout seul, si Metz se maintient, ce sera gr\u00e2ce \u00e0 tout le monde, m\u00eame les rempla\u00e7ants<\/em>\u201d, a pr\u00e9venu l'ancien Strasbourgeois. Un renfort int\u00e9ressant pour le FCM.<\/p>\n<div class='share-to-whatsapp-wrapper'><div class='share-on-whsp'>PARTAGER SUR : <\/div><a data-text='METZ - Habib Diallo justifie son retour' data-link='https:\/\/www.nettali.com\/2025\/09\/10\/metz-habib-diallo-justifie-son-retour\/' class='whatsapp-button whatsapp-share'>WhatsApp<\/a><div class='clear '><\/div><\/div>","protected":false},"excerpt":{"rendered":"<p>NETTALI.COM - Lib\u00e9r\u00e9 par Al-Shabab, l'avant-centre Habib Diallo (30 ans) a r\u00e9alis\u00e9 son grand retour au FC Metz, \u00e0 l'occasion du dernier mercato d'\u00e9t\u00e9. Pr\u00e9sent devant les m\u00e9dias ce mardi, l'international s\u00e9n\u00e9galais a justifi\u00e9 sa d\u00e9cision de revenir chez les Grenats. \u201cCela fait plaisir de revenir l\u00e0 o\u00f9 j'ai d\u00e9but\u00e9 ma carri\u00e8re. J'ai ma fille [&hellip;]<\/p>\n","protected":false},"author":2,"featured_media":160985,"comment_status":"open","ping_status":"open","sticky":false,"template":"","format":"standard","meta":{"_et_pb_use_builder":"","_et_pb_old_content":""},"categories":[6],"tags":[],"yoast_head":"<!-- This site is optimized with the Yoast SEO Premium plugin v17.8 (Yoast SEO v17.8) - https:\/\/yoast.com\/wordpress\/plugins\/seo\/ -->\n<title>METZ - Habib Diallo justifie son retour | Nettali.com<\/title>\n<meta name=\"robots\" content=\"index, follow, max-snippet:-1, max-image-preview:large, max-video-preview:-1\" \/>\n<link rel=\"canonical\" href=\"https:\/\/www.nettali.com\/2025\/09\/10\/metz-habib-diallo-justifie-son-retour\/\" \/>\n<meta property=\"og:locale\" content=\"fr_FR\" \/>\n<meta property=\"og:type\" content=\"article\" \/>\n<meta property=\"og:title\" content=\"METZ - Habib Diallo justifie son retour\" \/>\n<meta property=\"og:description\" content=\"NETTALI.COM - Lib\u00e9r\u00e9 par Al-Shabab, l&#039;avant-centre Habib Diallo (30 ans) a r\u00e9alis\u00e9 son grand retour au FC Metz, \u00e0 l&#039;occasion du dernier mercato d&#039;\u00e9t\u00e9. Pr\u00e9sent devant les m\u00e9dias ce mardi, l&#039;international s\u00e9n\u00e9galais a justifi\u00e9 sa d\u00e9cision de revenir chez les Grenats. \u201cCela fait plaisir de revenir l\u00e0 o\u00f9 j&#039;ai d\u00e9but\u00e9 ma carri\u00e8re. J&#039;ai ma fille [&hellip;]\" \/>\n<meta property=\"og:url\" content=\"https:\/\/www.nettali.com\/2025\/09\/10\/metz-habib-diallo-justifie-son-retour\/\" \/>\n<meta property=\"og:site_name\" content=\"Nettali.com\" \/>\n<meta property=\"article:publisher\" content=\"https:\/\/www.facebook.com\/nettalicom\" \/>\n<meta property=\"article:published_time\" content=\"2025-09-10T16:09:14+00:00\" \/>\n<meta property=\"article:modified_time\" content=\"2025-09-10T08:12:14+00:00\" \/>\n<meta property=\"og:image\" content=\"https:\/\/www.nettali.com\/wp-content\/uploads\/2025\/09\/thumb_1260x800_68a70fef6bed3_dQTHjdcsVK.jpg\" \/>\n\t<meta property=\"og:image:width\" content=\"1260\" \/>\n\t<meta property=\"og:image:height\" content=\"800\" \/>\n<meta name=\"twitter:card\" content=\"summary_large_image\" \/>\n<meta name=\"twitter:label1\" content=\"\u00c9crit par\" \/>\n\t<meta name=\"twitter:data1\" content=\"CK\" \/>\n\t<meta name=\"twitter:label2\" content=\"Dur\u00e9e de lecture estim\u00e9e\" \/>\n\t<meta name=\"twitter:data2\" content=\"1 minute\" \/>\n<script type=\"application\/ld+json\" class=\"yoast-schema-graph\">{\"@context\":\"https:\/\/schema.org\",\"@graph\":[{\"@type\":\"WebSite\",\"@id\":\"https:\/\/www.nettali.com\/#website\",\"url\":\"https:\/\/www.nettali.com\/\",\"name\":\"Nettali.com\",\"description\":\"Le rendez-vous critique du Net\",\"potentialAction\":[{\"@type\":\"SearchAction\",\"target\":{\"@type\":\"EntryPoint\",\"urlTemplate\":\"https:\/\/www.nettali.com\/?s={search_term_string}\"},\"query-input\":\"required name=search_term_string\"}],\"inLanguage\":\"fr-FR\"},{\"@type\":\"ImageObject\",\"@id\":\"https:\/\/www.nettali.com\/2025\/09\/10\/metz-habib-diallo-justifie-son-retour\/#primaryimage\",\"inLanguage\":\"fr-FR\",\"url\":\"https:\/\/www.nettali.com\/wp-content\/uploads\/2025\/09\/thumb_1260x800_68a70fef6bed3_dQTHjdcsVK.jpg\",\"contentUrl\":\"https:\/\/www.nettali.com\/wp-content\/uploads\/2025\/09\/thumb_1260x800_68a70fef6bed3_dQTHjdcsVK.jpg\",\"width\":1260,\"height\":800},{\"@type\":\"WebPage\",\"@id\":\"https:\/\/www.nettali.com\/2025\/09\/10\/metz-habib-diallo-justifie-son-retour\/#webpage\",\"url\":\"https:\/\/www.nettali.com\/2025\/09\/10\/metz-habib-diallo-justifie-son-retour\/\",\"name\":\"METZ - Habib Diallo justifie son retour | Nettali.com\",\"isPartOf\":{\"@id\":\"https:\/\/www.nettali.com\/#website\"},\"primaryImageOfPage\":{\"@id\":\"https:\/\/www.nettali.com\/2025\/09\/10\/metz-habib-diallo-justifie-son-retour\/#primaryimage\"},\"datePublished\":\"2025-09-10T16:09:14+00:00\",\"dateModified\":\"2025-09-10T08:12:14+00:00\",\"author\":{\"@id\":\"https:\/\/www.nettali.com\/#\/schema\/person\/d8ac7b7e27ddad43f1c0d2ef090d7f71\"},\"breadcrumb\":{\"@id\":\"https:\/\/www.nettali.com\/2025\/09\/10\/metz-habib-diallo-justifie-son-retour\/#breadcrumb\"},\"inLanguage\":\"fr-FR\",\"potentialAction\":[{\"@type\":\"ReadAction\",\"target\":[\"https:\/\/www.nettali.com\/2025\/09\/10\/metz-habib-diallo-justifie-son-retour\/\"]}]},{\"@type\":\"BreadcrumbList\",\"@id\":\"https:\/\/www.nettali.com\/2025\/09\/10\/metz-habib-diallo-justifie-son-retour\/#breadcrumb\",\"itemListElement\":[{\"@type\":\"ListItem\",\"position\":1,\"name\":\"Accueil\",\"item\":\"https:\/\/www.nettali.com\/\"},{\"@type\":\"ListItem\",\"position\":2,\"name\":\"METZ - Habib Diallo justifie son retour\"}]},{\"@type\":\"Person\",\"@id\":\"https:\/\/www.nettali.com\/#\/schema\/person\/d8ac7b7e27ddad43f1c0d2ef090d7f71\",\"name\":\"CK\",\"image\":{\"@type\":\"ImageObject\",\"@id\":\"https:\/\/www.nettali.com\/#personlogo\",\"inLanguage\":\"fr-FR\",\"url\":\"https:\/\/secure.gravatar.com\/avatar\/1d8d5118b9327d94da7cd4ce7f17fec2?s=96&d=mm&r=g\",\"contentUrl\":\"https:\/\/secure.gravatar.com\/avatar\/1d8d5118b9327d94da7cd4ce7f17fec2?s=96&d=mm&r=g\",\"caption\":\"CK\"},\"sameAs\":[\"https:\/\/www.nettali.com\"]}]}<\/script>\n<!-- \/ Yoast SEO Premium plugin. -->","yoast_head_json":{"title":"METZ - Habib Diallo justifie son retour | Nettali.com","robots":{"index":"index","follow":"follow","max-snippet":"max-snippet:-1","max-image-preview":"max-image-preview:large","max-video-preview":"max-video-preview:-1"},"canonical":"https:\/\/www.nettali.com\/2025\/09\/10\/metz-habib-diallo-justifie-son-retour\/","og_locale":"fr_FR","og_type":"article","og_title":"METZ - Habib Diallo justifie son retour","og_description":"NETTALI.COM - Lib\u00e9r\u00e9 par Al-Shabab, l'avant-centre Habib Diallo (30 ans) a r\u00e9alis\u00e9 son grand retour au FC Metz, \u00e0 l'occasion du dernier mercato d'\u00e9t\u00e9. Pr\u00e9sent devant les m\u00e9dias ce mardi, l'international s\u00e9n\u00e9galais a justifi\u00e9 sa d\u00e9cision de revenir chez les Grenats. \u201cCela fait plaisir de revenir l\u00e0 o\u00f9 j'ai d\u00e9but\u00e9 ma carri\u00e8re. J'ai ma fille [&hellip;]","og_url":"https:\/\/www.nettali.com\/2025\/09\/10\/metz-habib-diallo-justifie-son-retour\/","og_site_name":"Nettali.com","article_publisher":"https:\/\/www.facebook.com\/nettalicom","article_published_time":"2025-09-10T16:09:14+00:00","article_modified_time":"2025-09-10T08:12:14+00:00","og_image":[{"width":1260,"height":800,"url":"https:\/\/www.nettali.com\/wp-content\/uploads\/2025\/09\/thumb_1260x800_68a70fef6bed3_dQTHjdcsVK.jpg","type":"image\/jpeg"}],"twitter_card":"summary_large_image","twitter_misc":{"\u00c9crit par":"CK","Dur\u00e9e de lecture estim\u00e9e":"1 minute"},"schema":{"@context":"https:\/\/schema.org","@graph":[{"@type":"WebSite","@id":"https:\/\/www.nettali.com\/#website","url":"https:\/\/www.nettali.com\/","name":"Nettali.com","description":"Le rendez-vous critique du Net","potentialAction":[{"@type":"SearchAction","target":{"@type":"EntryPoint","urlTemplate":"https:\/\/www.nettali.com\/?s={search_term_string}"},"query-input":"required name=search_term_string"}],"inLanguage":"fr-FR"},{"@type":"ImageObject","@id":"https:\/\/www.nettali.com\/2025\/09\/10\/metz-habib-diallo-justifie-son-retour\/#primaryimage","inLanguage":"fr-FR","url":"https:\/\/www.nettali.com\/wp-content\/uploads\/2025\/09\/thumb_1260x800_68a70fef6bed3_dQTHjdcsVK.jpg","contentUrl":"https:\/\/www.nettali.com\/wp-content\/uploads\/2025\/09\/thumb_1260x800_68a70fef6bed3_dQTHjdcsVK.jpg","width":1260,"height":800},{"@type":"WebPage","@id":"https:\/\/www.nettali.com\/2025\/09\/10\/metz-habib-diallo-justifie-son-retour\/#webpage","url":"https:\/\/www.nettali.com\/2025\/09\/10\/metz-habib-diallo-justifie-son-retour\/","name":"METZ - Habib Diallo justifie son retour | Nettali.com","isPartOf":{"@id":"https:\/\/www.nettali.com\/#website"},"primaryImageOfPage":{"@id":"https:\/\/www.nettali.com\/2025\/09\/10\/metz-habib-diallo-justifie-son-retour\/#primaryimage"},"datePublished":"2025-09-10T16:09:14+00:00","dateModified":"2025-09-10T08:12:14+00:00","author":{"@id":"https:\/\/www.nettali.com\/#\/schema\/person\/d8ac7b7e27ddad43f1c0d2ef090d7f71"},"breadcrumb":{"@id":"https:\/\/www.nettali.com\/2025\/09\/10\/metz-habib-diallo-justifie-son-retour\/#breadcrumb"},"inLanguage":"fr-FR","potentialAction":[{"@type":"ReadAction","target":["https:\/\/www.nettali.com\/2025\/09\/10\/metz-habib-diallo-justifie-son-retour\/"]}]},{"@type":"BreadcrumbList","@id":"https:\/\/www.nettali.com\/2025\/09\/10\/metz-habib-diallo-justifie-son-retour\/#breadcrumb","itemListElement":[{"@type":"ListItem","position":1,"name":"Accueil","item":"https:\/\/www.nettali.com\/"},{"@type":"ListItem","position":2,"name":"METZ - Habib Diallo justifie son retour"}]},{"@type":"Person","@id":"https:\/\/www.nettali.com\/#\/schema\/person\/d8ac7b7e27ddad43f1c0d2ef090d7f71","name":"CK","image":{"@type":"ImageObject","@id":"https:\/\/www.nettali.com\/#personlogo","inLanguage":"fr-FR","url":"https:\/\/secure.gravatar.com\/avatar\/1d8d5118b9327d94da7cd4ce7f17fec2?s=96&d=mm&r=g","contentUrl":"https:\/\/secure.gravatar.com\/avatar\/1d8d5118b9327d94da7cd4ce7f17fec2?s=96&d=mm&r=g","caption":"CK"},"sameAs":["https:\/\/www.nettali.com"]}]}},"_links":{"self":[{"href":"https:\/\/www.nettali.com\/rest\/wp\/v2\/posts\/160984"}],"collection":[{"href":"https:\/\/www.nettali.com\/rest\/wp\/v2\/posts"}],"about":[{"href":"https:\/\/www.nettali.com\/rest\/wp\/v2\/types\/post"}],"author":[{"embeddable":true,"href":"https:\/\/www.nettali.com\/rest\/wp\/v2\/users\/2"}],"replies":[{"embeddable":true,"href":"https:\/\/www.nettali.com\/rest\/wp\/v2\/comments?post=160984"}],"version-history":[{"count":1,"href":"https:\/\/www.nettali.com\/rest\/wp\/v2\/posts\/160984\/revisions"}],"predecessor-version":[{"id":160986,"href":"https:\/\/www.nettali.com\/rest\/wp\/v2\/posts\/160984\/revisions\/160986"}],"wp:featuredmedia":[{"embeddable":true,"href":"https:\/\/www.nettali.com\/rest\/wp\/v2\/media\/160985"}],"wp:attachment":[{"href":"https:\/\/www.nettali.com\/rest\/wp\/v2\/media?parent=160984"}],"wp:term":[{"taxonomy":"category","embeddable":true,"href":"https:\/\/www.nettali.com\/rest\/wp\/v2\/categories?post=160984"},{"taxonomy":"post_tag","embeddable":true,"href":"https:\/\/www.nettali.com\/rest\/wp\/v2\/tags?post=160984"}],"curies":[{"name":"wp","href":"https:\/\/api.w.org\/{rel}","templated":true}]}}