{"id":160974,"date":"2025-09-10T11:15:32","date_gmt":"2025-09-10T11:15:32","guid":{"rendered":"https:\/\/www.nettali.com\/?p=160974"},"modified":"2025-09-10T07:17:36","modified_gmt":"2025-09-10T07:17:36","slug":"alphabetisation-le-senegal-remporte-le-prix-unesco-roi-sejong-2025","status":"publish","type":"post","link":"https:\/\/www.nettali.com\/2025\/09\/10\/alphabetisation-le-senegal-remporte-le-prix-unesco-roi-sejong-2025\/","title":{"rendered":"ALPHAB\u00c9TISATION - Le S\u00e9n\u00e9gal remporte le Prix Unesco-Roi Sejong 2025"},"content":{"rendered":"<p data-start=\"175\" data-end=\"372\"><strong>NETTALI.COM - Le S\u00e9n\u00e9gal a \u00e9t\u00e9 distingu\u00e9 par le Prix Unesco-Roi Sejong d\u2019alphab\u00e9tisation 2025, remis le lundi 8 septembre \u00e0 Paris \u00e0 Aliou Fall, directeur de l\u2019alphab\u00e9tisation et des langues nationales.<\/strong><\/p>\n<p data-start=\"374\" data-end=\"585\">Cr\u00e9\u00e9 en 1989 avec l\u2019appui du gouvernement de la R\u00e9publique de Cor\u00e9e, ce prix prestigieux r\u00e9compense les initiatives innovantes en mati\u00e8re d\u2019alphab\u00e9tisation, notamment celles valorisant les langues maternelles.<\/p>\n<p data-start=\"587\" data-end=\"996\">Le S\u00e9n\u00e9gal doit cette distinction \u00e0 un programme in\u00e9dit lanc\u00e9 en 2016 : le Programme d\u2019alphab\u00e9tisation des non-voyants, mis en \u0153uvre dans le cadre du Programme national d\u2019\u00e9ducation de base des jeunes et des adultes analphab\u00e8tes (Pnebja). Ce dispositif combine langues nationales, braille et outils num\u00e9riques, afin de favoriser l\u2019inclusion, l\u2019autonomie et l\u2019insertion socio-\u00e9conomique des b\u00e9n\u00e9ficiaires.<\/p>\n<p data-start=\"998\" data-end=\"1465\">Selon Aliou Fall, ce programme contribue directement aux Objectifs de d\u00e9veloppement durable (ODD 4.6), relatifs \u00e0 l\u2019alphab\u00e9tisation des adultes, tout en renfor\u00e7ant l\u2019inclusion sociale et la formation professionnelle. Chaque apprenant acquiert des comp\u00e9tences en lecture et \u00e9criture en braille, en calcul fonctionnel et en num\u00e9rique de base. L\u2019objectif est d\u2019atteindre 2 250 b\u00e9n\u00e9ficiaires d\u2019ici 2030, avec un rythme de 500 apprenants par an \u00e0 partir de 2026.<\/p>\n<p data-start=\"1467\" data-end=\"1720\"><em>\u00ab C\u2019est une grande reconnaissance de nos efforts, mais surtout de ceux de l\u2019ensemble des collaborateurs qui, souvent dans l\u2019ombre, s\u2019investissent avec d\u00e9vouement \u00bb<\/em>, a confi\u00e9 Aliou Fall, exprimant sa fiert\u00e9 et son \u00ab profond sentiment de satisfaction \u00bb.<\/p>\n<div class='share-to-whatsapp-wrapper'><div class='share-on-whsp'>PARTAGER SUR : <\/div><a data-text='ALPHAB\u00c9TISATION - Le S\u00e9n\u00e9gal remporte le Prix Unesco-Roi Sejong 2025' data-link='https:\/\/www.nettali.com\/2025\/09\/10\/alphabetisation-le-senegal-remporte-le-prix-unesco-roi-sejong-2025\/' class='whatsapp-button whatsapp-share'>WhatsApp<\/a><div class='clear '><\/div><\/div>","protected":false},"excerpt":{"rendered":"<p>NETTALI.COM - Le S\u00e9n\u00e9gal a \u00e9t\u00e9 distingu\u00e9 par le Prix Unesco-Roi Sejong d\u2019alphab\u00e9tisation 2025, remis le lundi 8 septembre \u00e0 Paris \u00e0 Aliou Fall, directeur de l\u2019alphab\u00e9tisation et des langues nationales. Cr\u00e9\u00e9 en 1989 avec l\u2019appui du gouvernement de la R\u00e9publique de Cor\u00e9e, ce prix prestigieux r\u00e9compense les initiatives innovantes en mati\u00e8re d\u2019alphab\u00e9tisation, notamment celles [&hellip;]<\/p>\n","protected":false},"author":4,"featured_media":160975,"comment_status":"open","ping_status":"open","sticky":false,"template":"","format":"standard","meta":{"_et_pb_use_builder":"","_et_pb_old_content":""},"categories":[3],"tags":[],"yoast_head":"<!-- This site is optimized with the Yoast SEO Premium plugin v17.8 (Yoast SEO v17.8) - https:\/\/yoast.com\/wordpress\/plugins\/seo\/ -->\n<title>ALPHAB\u00c9TISATION - Le S\u00e9n\u00e9gal remporte le Prix Unesco-Roi Sejong 2025 | Nettali.com<\/title>\n<meta name=\"robots\" content=\"index, follow, max-snippet:-1, max-image-preview:large, max-video-preview:-1\" \/>\n<link rel=\"canonical\" href=\"https:\/\/www.nettali.com\/2025\/09\/10\/alphabetisation-le-senegal-remporte-le-prix-unesco-roi-sejong-2025\/\" \/>\n<meta property=\"og:locale\" content=\"fr_FR\" \/>\n<meta property=\"og:type\" content=\"article\" \/>\n<meta property=\"og:title\" content=\"ALPHAB\u00c9TISATION - Le S\u00e9n\u00e9gal remporte le Prix Unesco-Roi Sejong 2025\" \/>\n<meta property=\"og:description\" content=\"NETTALI.COM - Le S\u00e9n\u00e9gal a \u00e9t\u00e9 distingu\u00e9 par le Prix Unesco-Roi Sejong d\u2019alphab\u00e9tisation 2025, remis le lundi 8 septembre \u00e0 Paris \u00e0 Aliou Fall, directeur de l\u2019alphab\u00e9tisation et des langues nationales. Cr\u00e9\u00e9 en 1989 avec l\u2019appui du gouvernement de la R\u00e9publique de Cor\u00e9e, ce prix prestigieux r\u00e9compense les initiatives innovantes en mati\u00e8re d\u2019alphab\u00e9tisation, notamment celles [&hellip;]\" \/>\n<meta property=\"og:url\" content=\"https:\/\/www.nettali.com\/2025\/09\/10\/alphabetisation-le-senegal-remporte-le-prix-unesco-roi-sejong-2025\/\" \/>\n<meta property=\"og:site_name\" content=\"Nettali.com\" \/>\n<meta property=\"article:publisher\" content=\"https:\/\/www.facebook.com\/nettalicom\" \/>\n<meta property=\"article:published_time\" content=\"2025-09-10T11:15:32+00:00\" \/>\n<meta property=\"article:modified_time\" content=\"2025-09-10T07:17:36+00:00\" \/>\n<meta property=\"og:image\" content=\"https:\/\/www.nettali.com\/wp-content\/uploads\/2025\/09\/Capture-de\u0301cran-2025-09-10-a\u0300-07.14.32.png\" \/>\n\t<meta property=\"og:image:width\" content=\"892\" \/>\n\t<meta property=\"og:image:height\" content=\"431\" \/>\n<meta name=\"twitter:card\" content=\"summary_large_image\" \/>\n<meta name=\"twitter:label1\" content=\"\u00c9crit par\" \/>\n\t<meta name=\"twitter:data1\" content=\"Daouda\" \/>\n\t<meta name=\"twitter:label2\" content=\"Dur\u00e9e de lecture estim\u00e9e\" \/>\n\t<meta name=\"twitter:data2\" content=\"2 minutes\" \/>\n<script type=\"application\/ld+json\" class=\"yoast-schema-graph\">{\"@context\":\"https:\/\/schema.org\",\"@graph\":[{\"@type\":\"WebSite\",\"@id\":\"https:\/\/www.nettali.com\/#website\",\"url\":\"https:\/\/www.nettali.com\/\",\"name\":\"Nettali.com\",\"description\":\"Le rendez-vous critique du Net\",\"potentialAction\":[{\"@type\":\"SearchAction\",\"target\":{\"@type\":\"EntryPoint\",\"urlTemplate\":\"https:\/\/www.nettali.com\/?s={search_term_string}\"},\"query-input\":\"required name=search_term_string\"}],\"inLanguage\":\"fr-FR\"},{\"@type\":\"ImageObject\",\"@id\":\"https:\/\/www.nettali.com\/2025\/09\/10\/alphabetisation-le-senegal-remporte-le-prix-unesco-roi-sejong-2025\/#primaryimage\",\"inLanguage\":\"fr-FR\",\"url\":\"https:\/\/www.nettali.com\/wp-content\/uploads\/2025\/09\/Capture-de\\u0301cran-2025-09-10-a\\u0300-07.14.32.png\",\"contentUrl\":\"https:\/\/www.nettali.com\/wp-content\/uploads\/2025\/09\/Capture-de\\u0301cran-2025-09-10-a\\u0300-07.14.32.png\",\"width\":892,\"height\":431},{\"@type\":\"WebPage\",\"@id\":\"https:\/\/www.nettali.com\/2025\/09\/10\/alphabetisation-le-senegal-remporte-le-prix-unesco-roi-sejong-2025\/#webpage\",\"url\":\"https:\/\/www.nettali.com\/2025\/09\/10\/alphabetisation-le-senegal-remporte-le-prix-unesco-roi-sejong-2025\/\",\"name\":\"ALPHAB\\u00c9TISATION - Le S\\u00e9n\\u00e9gal remporte le Prix Unesco-Roi Sejong 2025 | Nettali.com\",\"isPartOf\":{\"@id\":\"https:\/\/www.nettali.com\/#website\"},\"primaryImageOfPage\":{\"@id\":\"https:\/\/www.nettali.com\/2025\/09\/10\/alphabetisation-le-senegal-remporte-le-prix-unesco-roi-sejong-2025\/#primaryimage\"},\"datePublished\":\"2025-09-10T11:15:32+00:00\",\"dateModified\":\"2025-09-10T07:17:36+00:00\",\"author\":{\"@id\":\"https:\/\/www.nettali.com\/#\/schema\/person\/3317e0bb3aa1da309fbf7b2780901bf4\"},\"breadcrumb\":{\"@id\":\"https:\/\/www.nettali.com\/2025\/09\/10\/alphabetisation-le-senegal-remporte-le-prix-unesco-roi-sejong-2025\/#breadcrumb\"},\"inLanguage\":\"fr-FR\",\"potentialAction\":[{\"@type\":\"ReadAction\",\"target\":[\"https:\/\/www.nettali.com\/2025\/09\/10\/alphabetisation-le-senegal-remporte-le-prix-unesco-roi-sejong-2025\/\"]}]},{\"@type\":\"BreadcrumbList\",\"@id\":\"https:\/\/www.nettali.com\/2025\/09\/10\/alphabetisation-le-senegal-remporte-le-prix-unesco-roi-sejong-2025\/#breadcrumb\",\"itemListElement\":[{\"@type\":\"ListItem\",\"position\":1,\"name\":\"Accueil\",\"item\":\"https:\/\/www.nettali.com\/\"},{\"@type\":\"ListItem\",\"position\":2,\"name\":\"ALPHAB\\u00c9TISATION - Le S\\u00e9n\\u00e9gal remporte le Prix Unesco-Roi Sejong 2025\"}]},{\"@type\":\"Person\",\"@id\":\"https:\/\/www.nettali.com\/#\/schema\/person\/3317e0bb3aa1da309fbf7b2780901bf4\",\"name\":\"Daouda\",\"image\":{\"@type\":\"ImageObject\",\"@id\":\"https:\/\/www.nettali.com\/#personlogo\",\"inLanguage\":\"fr-FR\",\"url\":\"https:\/\/secure.gravatar.com\/avatar\/8d143b5a49345098ddcfee1c49c2f47c?s=96&d=mm&r=g\",\"contentUrl\":\"https:\/\/secure.gravatar.com\/avatar\/8d143b5a49345098ddcfee1c49c2f47c?s=96&d=mm&r=g\",\"caption\":\"Daouda\"},\"sameAs\":[\"https:\/\/www.nettali.com\"]}]}<\/script>\n<!-- \/ Yoast SEO Premium plugin. -->","yoast_head_json":{"title":"ALPHAB\u00c9TISATION - Le S\u00e9n\u00e9gal remporte le Prix Unesco-Roi Sejong 2025 | Nettali.com","robots":{"index":"index","follow":"follow","max-snippet":"max-snippet:-1","max-image-preview":"max-image-preview:large","max-video-preview":"max-video-preview:-1"},"canonical":"https:\/\/www.nettali.com\/2025\/09\/10\/alphabetisation-le-senegal-remporte-le-prix-unesco-roi-sejong-2025\/","og_locale":"fr_FR","og_type":"article","og_title":"ALPHAB\u00c9TISATION - Le S\u00e9n\u00e9gal remporte le Prix Unesco-Roi Sejong 2025","og_description":"NETTALI.COM - Le S\u00e9n\u00e9gal a \u00e9t\u00e9 distingu\u00e9 par le Prix Unesco-Roi Sejong d\u2019alphab\u00e9tisation 2025, remis le lundi 8 septembre \u00e0 Paris \u00e0 Aliou Fall, directeur de l\u2019alphab\u00e9tisation et des langues nationales. Cr\u00e9\u00e9 en 1989 avec l\u2019appui du gouvernement de la R\u00e9publique de Cor\u00e9e, ce prix prestigieux r\u00e9compense les initiatives innovantes en mati\u00e8re d\u2019alphab\u00e9tisation, notamment celles [&hellip;]","og_url":"https:\/\/www.nettali.com\/2025\/09\/10\/alphabetisation-le-senegal-remporte-le-prix-unesco-roi-sejong-2025\/","og_site_name":"Nettali.com","article_publisher":"https:\/\/www.facebook.com\/nettalicom","article_published_time":"2025-09-10T11:15:32+00:00","article_modified_time":"2025-09-10T07:17:36+00:00","og_image":[{"width":892,"height":431,"url":"https:\/\/www.nettali.com\/wp-content\/uploads\/2025\/09\/Capture-de\u0301cran-2025-09-10-a\u0300-07.14.32.png","type":"image\/png"}],"twitter_card":"summary_large_image","twitter_misc":{"\u00c9crit par":"Daouda","Dur\u00e9e de lecture estim\u00e9e":"2 minutes"},"schema":{"@context":"https:\/\/schema.org","@graph":[{"@type":"WebSite","@id":"https:\/\/www.nettali.com\/#website","url":"https:\/\/www.nettali.com\/","name":"Nettali.com","description":"Le rendez-vous critique du Net","potentialAction":[{"@type":"SearchAction","target":{"@type":"EntryPoint","urlTemplate":"https:\/\/www.nettali.com\/?s={search_term_string}"},"query-input":"required name=search_term_string"}],"inLanguage":"fr-FR"},{"@type":"ImageObject","@id":"https:\/\/www.nettali.com\/2025\/09\/10\/alphabetisation-le-senegal-remporte-le-prix-unesco-roi-sejong-2025\/#primaryimage","inLanguage":"fr-FR","url":"https:\/\/www.nettali.com\/wp-content\/uploads\/2025\/09\/Capture-de\u0301cran-2025-09-10-a\u0300-07.14.32.png","contentUrl":"https:\/\/www.nettali.com\/wp-content\/uploads\/2025\/09\/Capture-de\u0301cran-2025-09-10-a\u0300-07.14.32.png","width":892,"height":431},{"@type":"WebPage","@id":"https:\/\/www.nettali.com\/2025\/09\/10\/alphabetisation-le-senegal-remporte-le-prix-unesco-roi-sejong-2025\/#webpage","url":"https:\/\/www.nettali.com\/2025\/09\/10\/alphabetisation-le-senegal-remporte-le-prix-unesco-roi-sejong-2025\/","name":"ALPHAB\u00c9TISATION - Le S\u00e9n\u00e9gal remporte le Prix Unesco-Roi Sejong 2025 | Nettali.com","isPartOf":{"@id":"https:\/\/www.nettali.com\/#website"},"primaryImageOfPage":{"@id":"https:\/\/www.nettali.com\/2025\/09\/10\/alphabetisation-le-senegal-remporte-le-prix-unesco-roi-sejong-2025\/#primaryimage"},"datePublished":"2025-09-10T11:15:32+00:00","dateModified":"2025-09-10T07:17:36+00:00","author":{"@id":"https:\/\/www.nettali.com\/#\/schema\/person\/3317e0bb3aa1da309fbf7b2780901bf4"},"breadcrumb":{"@id":"https:\/\/www.nettali.com\/2025\/09\/10\/alphabetisation-le-senegal-remporte-le-prix-unesco-roi-sejong-2025\/#breadcrumb"},"inLanguage":"fr-FR","potentialAction":[{"@type":"ReadAction","target":["https:\/\/www.nettali.com\/2025\/09\/10\/alphabetisation-le-senegal-remporte-le-prix-unesco-roi-sejong-2025\/"]}]},{"@type":"BreadcrumbList","@id":"https:\/\/www.nettali.com\/2025\/09\/10\/alphabetisation-le-senegal-remporte-le-prix-unesco-roi-sejong-2025\/#breadcrumb","itemListElement":[{"@type":"ListItem","position":1,"name":"Accueil","item":"https:\/\/www.nettali.com\/"},{"@type":"ListItem","position":2,"name":"ALPHAB\u00c9TISATION - Le S\u00e9n\u00e9gal remporte le Prix Unesco-Roi Sejong 2025"}]},{"@type":"Person","@id":"https:\/\/www.nettali.com\/#\/schema\/person\/3317e0bb3aa1da309fbf7b2780901bf4","name":"Daouda","image":{"@type":"ImageObject","@id":"https:\/\/www.nettali.com\/#personlogo","inLanguage":"fr-FR","url":"https:\/\/secure.gravatar.com\/avatar\/8d143b5a49345098ddcfee1c49c2f47c?s=96&d=mm&r=g","contentUrl":"https:\/\/secure.gravatar.com\/avatar\/8d143b5a49345098ddcfee1c49c2f47c?s=96&d=mm&r=g","caption":"Daouda"},"sameAs":["https:\/\/www.nettali.com"]}]}},"_links":{"self":[{"href":"https:\/\/www.nettali.com\/rest\/wp\/v2\/posts\/160974"}],"collection":[{"href":"https:\/\/www.nettali.com\/rest\/wp\/v2\/posts"}],"about":[{"href":"https:\/\/www.nettali.com\/rest\/wp\/v2\/types\/post"}],"author":[{"embeddable":true,"href":"https:\/\/www.nettali.com\/rest\/wp\/v2\/users\/4"}],"replies":[{"embeddable":true,"href":"https:\/\/www.nettali.com\/rest\/wp\/v2\/comments?post=160974"}],"version-history":[{"count":1,"href":"https:\/\/www.nettali.com\/rest\/wp\/v2\/posts\/160974\/revisions"}],"predecessor-version":[{"id":160976,"href":"https:\/\/www.nettali.com\/rest\/wp\/v2\/posts\/160974\/revisions\/160976"}],"wp:featuredmedia":[{"embeddable":true,"href":"https:\/\/www.nettali.com\/rest\/wp\/v2\/media\/160975"}],"wp:attachment":[{"href":"https:\/\/www.nettali.com\/rest\/wp\/v2\/media?parent=160974"}],"wp:term":[{"taxonomy":"category","embeddable":true,"href":"https:\/\/www.nettali.com\/rest\/wp\/v2\/categories?post=160974"},{"taxonomy":"post_tag","embeddable":true,"href":"https:\/\/www.nettali.com\/rest\/wp\/v2\/tags?post=160974"}],"curies":[{"name":"wp","href":"https:\/\/api.w.org\/{rel}","templated":true}]}}