{"id":160972,"date":"2025-09-10T07:11:43","date_gmt":"2025-09-10T07:11:43","guid":{"rendered":"https:\/\/www.nettali.com\/?p=160972"},"modified":"2025-09-10T07:11:43","modified_gmt":"2025-09-10T07:11:43","slug":"diffamation-aissatou-diop-fall-entendue-par-la-dsc","status":"publish","type":"post","link":"https:\/\/www.nettali.com\/2025\/09\/10\/diffamation-aissatou-diop-fall-entendue-par-la-dsc\/","title":{"rendered":"DIFFAMATION - A\u00efssatou Diop Fall entendue par la DSC"},"content":{"rendered":"<p data-start=\"136\" data-end=\"381\"><strong>NETTALI.COM - Convoqu\u00e9e ce mardi 9 septembre par la Division sp\u00e9ciale de la cybers\u00e9curit\u00e9 (DSC), la journaliste A\u00efssatou Diop Fall a \u00e9t\u00e9 auditionn\u00e9e plusieurs heures dans le cadre d\u2019une plainte pour diffamation d\u00e9pos\u00e9e par sa cons\u0153ur Thioro Mandela.<\/strong><\/p>\n<p data-start=\"383\" data-end=\"619\">L\u2019audition, men\u00e9e en pr\u00e9sence de ses avocats, s\u2019est d\u00e9roul\u00e9e dans le calme. \u00c0 sa sortie, la journaliste a \u00e9t\u00e9 accueillie par de nombreux proches, coll\u00e8gues et sympathisants venus lui t\u00e9moigner leur soutien devant les locaux de la DSC.<\/p>\n<p data-start=\"621\" data-end=\"929\">Aucune mesure restrictive n\u2019a \u00e9t\u00e9 prise \u00e0 son encontre, et elle a pu regagner son domicile en fin de journ\u00e9e. L\u2019enqu\u00eate se poursuit afin d\u2019examiner la plainte de Thioro Mandela, qui d\u00e9nonce une atteinte \u00e0 son honneur et \u00e0 sa r\u00e9putation apr\u00e8s des propos tenus dans une \u00e9mission diffus\u00e9e sur Publicsn TV.<\/p>\n<div class='share-to-whatsapp-wrapper'><div class='share-on-whsp'>PARTAGER SUR : <\/div><a data-text='DIFFAMATION - A\u00efssatou Diop Fall entendue par la DSC' data-link='https:\/\/www.nettali.com\/2025\/09\/10\/diffamation-aissatou-diop-fall-entendue-par-la-dsc\/' class='whatsapp-button whatsapp-share'>WhatsApp<\/a><div class='clear '><\/div><\/div>","protected":false},"excerpt":{"rendered":"<p>NETTALI.COM - Convoqu\u00e9e ce mardi 9 septembre par la Division sp\u00e9ciale de la cybers\u00e9curit\u00e9 (DSC), la journaliste A\u00efssatou Diop Fall a \u00e9t\u00e9 auditionn\u00e9e plusieurs heures dans le cadre d\u2019une plainte pour diffamation d\u00e9pos\u00e9e par sa cons\u0153ur Thioro Mandela. L\u2019audition, men\u00e9e en pr\u00e9sence de ses avocats, s\u2019est d\u00e9roul\u00e9e dans le calme. \u00c0 sa sortie, la journaliste [&hellip;]<\/p>\n","protected":false},"author":4,"featured_media":40749,"comment_status":"open","ping_status":"open","sticky":false,"template":"","format":"standard","meta":{"_et_pb_use_builder":"","_et_pb_old_content":""},"categories":[3],"tags":[],"yoast_head":"<!-- This site is optimized with the Yoast SEO Premium plugin v17.8 (Yoast SEO v17.8) - https:\/\/yoast.com\/wordpress\/plugins\/seo\/ -->\n<title>DIFFAMATION - A\u00efssatou Diop Fall entendue par la DSC | Nettali.com<\/title>\n<meta name=\"robots\" content=\"index, follow, max-snippet:-1, max-image-preview:large, max-video-preview:-1\" \/>\n<link rel=\"canonical\" href=\"https:\/\/www.nettali.com\/2025\/09\/10\/diffamation-aissatou-diop-fall-entendue-par-la-dsc\/\" \/>\n<meta property=\"og:locale\" content=\"fr_FR\" \/>\n<meta property=\"og:type\" content=\"article\" \/>\n<meta property=\"og:title\" content=\"DIFFAMATION - A\u00efssatou Diop Fall entendue par la DSC\" \/>\n<meta property=\"og:description\" content=\"NETTALI.COM - Convoqu\u00e9e ce mardi 9 septembre par la Division sp\u00e9ciale de la cybers\u00e9curit\u00e9 (DSC), la journaliste A\u00efssatou Diop Fall a \u00e9t\u00e9 auditionn\u00e9e plusieurs heures dans le cadre d\u2019une plainte pour diffamation d\u00e9pos\u00e9e par sa cons\u0153ur Thioro Mandela. L\u2019audition, men\u00e9e en pr\u00e9sence de ses avocats, s\u2019est d\u00e9roul\u00e9e dans le calme. \u00c0 sa sortie, la journaliste [&hellip;]\" \/>\n<meta property=\"og:url\" content=\"https:\/\/www.nettali.com\/2025\/09\/10\/diffamation-aissatou-diop-fall-entendue-par-la-dsc\/\" \/>\n<meta property=\"og:site_name\" content=\"Nettali.com\" \/>\n<meta property=\"article:publisher\" content=\"https:\/\/www.facebook.com\/nettalicom\" \/>\n<meta property=\"article:published_time\" content=\"2025-09-10T07:11:43+00:00\" \/>\n<meta property=\"og:image\" content=\"https:\/\/www.nettali.com\/wp-content\/uploads\/2020\/07\/aissatou-diop-fall.jpg\" \/>\n\t<meta property=\"og:image:width\" content=\"800\" \/>\n\t<meta property=\"og:image:height\" content=\"444\" \/>\n<meta name=\"twitter:card\" content=\"summary_large_image\" \/>\n<meta name=\"twitter:label1\" content=\"\u00c9crit par\" \/>\n\t<meta name=\"twitter:data1\" content=\"Daouda\" \/>\n\t<meta name=\"twitter:label2\" content=\"Dur\u00e9e de lecture estim\u00e9e\" \/>\n\t<meta name=\"twitter:data2\" content=\"1 minute\" \/>\n<script type=\"application\/ld+json\" class=\"yoast-schema-graph\">{\"@context\":\"https:\/\/schema.org\",\"@graph\":[{\"@type\":\"WebSite\",\"@id\":\"https:\/\/www.nettali.com\/#website\",\"url\":\"https:\/\/www.nettali.com\/\",\"name\":\"Nettali.com\",\"description\":\"Le rendez-vous critique du Net\",\"potentialAction\":[{\"@type\":\"SearchAction\",\"target\":{\"@type\":\"EntryPoint\",\"urlTemplate\":\"https:\/\/www.nettali.com\/?s={search_term_string}\"},\"query-input\":\"required name=search_term_string\"}],\"inLanguage\":\"fr-FR\"},{\"@type\":\"ImageObject\",\"@id\":\"https:\/\/www.nettali.com\/2025\/09\/10\/diffamation-aissatou-diop-fall-entendue-par-la-dsc\/#primaryimage\",\"inLanguage\":\"fr-FR\",\"url\":\"https:\/\/www.nettali.com\/wp-content\/uploads\/2020\/07\/aissatou-diop-fall.jpg\",\"contentUrl\":\"https:\/\/www.nettali.com\/wp-content\/uploads\/2020\/07\/aissatou-diop-fall.jpg\",\"width\":800,\"height\":444},{\"@type\":\"WebPage\",\"@id\":\"https:\/\/www.nettali.com\/2025\/09\/10\/diffamation-aissatou-diop-fall-entendue-par-la-dsc\/#webpage\",\"url\":\"https:\/\/www.nettali.com\/2025\/09\/10\/diffamation-aissatou-diop-fall-entendue-par-la-dsc\/\",\"name\":\"DIFFAMATION - A\\u00efssatou Diop Fall entendue par la DSC | Nettali.com\",\"isPartOf\":{\"@id\":\"https:\/\/www.nettali.com\/#website\"},\"primaryImageOfPage\":{\"@id\":\"https:\/\/www.nettali.com\/2025\/09\/10\/diffamation-aissatou-diop-fall-entendue-par-la-dsc\/#primaryimage\"},\"datePublished\":\"2025-09-10T07:11:43+00:00\",\"dateModified\":\"2025-09-10T07:11:43+00:00\",\"author\":{\"@id\":\"https:\/\/www.nettali.com\/#\/schema\/person\/3317e0bb3aa1da309fbf7b2780901bf4\"},\"breadcrumb\":{\"@id\":\"https:\/\/www.nettali.com\/2025\/09\/10\/diffamation-aissatou-diop-fall-entendue-par-la-dsc\/#breadcrumb\"},\"inLanguage\":\"fr-FR\",\"potentialAction\":[{\"@type\":\"ReadAction\",\"target\":[\"https:\/\/www.nettali.com\/2025\/09\/10\/diffamation-aissatou-diop-fall-entendue-par-la-dsc\/\"]}]},{\"@type\":\"BreadcrumbList\",\"@id\":\"https:\/\/www.nettali.com\/2025\/09\/10\/diffamation-aissatou-diop-fall-entendue-par-la-dsc\/#breadcrumb\",\"itemListElement\":[{\"@type\":\"ListItem\",\"position\":1,\"name\":\"Accueil\",\"item\":\"https:\/\/www.nettali.com\/\"},{\"@type\":\"ListItem\",\"position\":2,\"name\":\"DIFFAMATION - A\\u00efssatou Diop Fall entendue par la DSC\"}]},{\"@type\":\"Person\",\"@id\":\"https:\/\/www.nettali.com\/#\/schema\/person\/3317e0bb3aa1da309fbf7b2780901bf4\",\"name\":\"Daouda\",\"image\":{\"@type\":\"ImageObject\",\"@id\":\"https:\/\/www.nettali.com\/#personlogo\",\"inLanguage\":\"fr-FR\",\"url\":\"https:\/\/secure.gravatar.com\/avatar\/8d143b5a49345098ddcfee1c49c2f47c?s=96&d=mm&r=g\",\"contentUrl\":\"https:\/\/secure.gravatar.com\/avatar\/8d143b5a49345098ddcfee1c49c2f47c?s=96&d=mm&r=g\",\"caption\":\"Daouda\"},\"sameAs\":[\"https:\/\/www.nettali.com\"]}]}<\/script>\n<!-- \/ Yoast SEO Premium plugin. -->","yoast_head_json":{"title":"DIFFAMATION - A\u00efssatou Diop Fall entendue par la DSC | Nettali.com","robots":{"index":"index","follow":"follow","max-snippet":"max-snippet:-1","max-image-preview":"max-image-preview:large","max-video-preview":"max-video-preview:-1"},"canonical":"https:\/\/www.nettali.com\/2025\/09\/10\/diffamation-aissatou-diop-fall-entendue-par-la-dsc\/","og_locale":"fr_FR","og_type":"article","og_title":"DIFFAMATION - A\u00efssatou Diop Fall entendue par la DSC","og_description":"NETTALI.COM - Convoqu\u00e9e ce mardi 9 septembre par la Division sp\u00e9ciale de la cybers\u00e9curit\u00e9 (DSC), la journaliste A\u00efssatou Diop Fall a \u00e9t\u00e9 auditionn\u00e9e plusieurs heures dans le cadre d\u2019une plainte pour diffamation d\u00e9pos\u00e9e par sa cons\u0153ur Thioro Mandela. L\u2019audition, men\u00e9e en pr\u00e9sence de ses avocats, s\u2019est d\u00e9roul\u00e9e dans le calme. \u00c0 sa sortie, la journaliste [&hellip;]","og_url":"https:\/\/www.nettali.com\/2025\/09\/10\/diffamation-aissatou-diop-fall-entendue-par-la-dsc\/","og_site_name":"Nettali.com","article_publisher":"https:\/\/www.facebook.com\/nettalicom","article_published_time":"2025-09-10T07:11:43+00:00","og_image":[{"width":800,"height":444,"url":"https:\/\/www.nettali.com\/wp-content\/uploads\/2020\/07\/aissatou-diop-fall.jpg","type":"image\/jpeg"}],"twitter_card":"summary_large_image","twitter_misc":{"\u00c9crit par":"Daouda","Dur\u00e9e de lecture estim\u00e9e":"1 minute"},"schema":{"@context":"https:\/\/schema.org","@graph":[{"@type":"WebSite","@id":"https:\/\/www.nettali.com\/#website","url":"https:\/\/www.nettali.com\/","name":"Nettali.com","description":"Le rendez-vous critique du Net","potentialAction":[{"@type":"SearchAction","target":{"@type":"EntryPoint","urlTemplate":"https:\/\/www.nettali.com\/?s={search_term_string}"},"query-input":"required name=search_term_string"}],"inLanguage":"fr-FR"},{"@type":"ImageObject","@id":"https:\/\/www.nettali.com\/2025\/09\/10\/diffamation-aissatou-diop-fall-entendue-par-la-dsc\/#primaryimage","inLanguage":"fr-FR","url":"https:\/\/www.nettali.com\/wp-content\/uploads\/2020\/07\/aissatou-diop-fall.jpg","contentUrl":"https:\/\/www.nettali.com\/wp-content\/uploads\/2020\/07\/aissatou-diop-fall.jpg","width":800,"height":444},{"@type":"WebPage","@id":"https:\/\/www.nettali.com\/2025\/09\/10\/diffamation-aissatou-diop-fall-entendue-par-la-dsc\/#webpage","url":"https:\/\/www.nettali.com\/2025\/09\/10\/diffamation-aissatou-diop-fall-entendue-par-la-dsc\/","name":"DIFFAMATION - A\u00efssatou Diop Fall entendue par la DSC | Nettali.com","isPartOf":{"@id":"https:\/\/www.nettali.com\/#website"},"primaryImageOfPage":{"@id":"https:\/\/www.nettali.com\/2025\/09\/10\/diffamation-aissatou-diop-fall-entendue-par-la-dsc\/#primaryimage"},"datePublished":"2025-09-10T07:11:43+00:00","dateModified":"2025-09-10T07:11:43+00:00","author":{"@id":"https:\/\/www.nettali.com\/#\/schema\/person\/3317e0bb3aa1da309fbf7b2780901bf4"},"breadcrumb":{"@id":"https:\/\/www.nettali.com\/2025\/09\/10\/diffamation-aissatou-diop-fall-entendue-par-la-dsc\/#breadcrumb"},"inLanguage":"fr-FR","potentialAction":[{"@type":"ReadAction","target":["https:\/\/www.nettali.com\/2025\/09\/10\/diffamation-aissatou-diop-fall-entendue-par-la-dsc\/"]}]},{"@type":"BreadcrumbList","@id":"https:\/\/www.nettali.com\/2025\/09\/10\/diffamation-aissatou-diop-fall-entendue-par-la-dsc\/#breadcrumb","itemListElement":[{"@type":"ListItem","position":1,"name":"Accueil","item":"https:\/\/www.nettali.com\/"},{"@type":"ListItem","position":2,"name":"DIFFAMATION - A\u00efssatou Diop Fall entendue par la DSC"}]},{"@type":"Person","@id":"https:\/\/www.nettali.com\/#\/schema\/person\/3317e0bb3aa1da309fbf7b2780901bf4","name":"Daouda","image":{"@type":"ImageObject","@id":"https:\/\/www.nettali.com\/#personlogo","inLanguage":"fr-FR","url":"https:\/\/secure.gravatar.com\/avatar\/8d143b5a49345098ddcfee1c49c2f47c?s=96&d=mm&r=g","contentUrl":"https:\/\/secure.gravatar.com\/avatar\/8d143b5a49345098ddcfee1c49c2f47c?s=96&d=mm&r=g","caption":"Daouda"},"sameAs":["https:\/\/www.nettali.com"]}]}},"_links":{"self":[{"href":"https:\/\/www.nettali.com\/rest\/wp\/v2\/posts\/160972"}],"collection":[{"href":"https:\/\/www.nettali.com\/rest\/wp\/v2\/posts"}],"about":[{"href":"https:\/\/www.nettali.com\/rest\/wp\/v2\/types\/post"}],"author":[{"embeddable":true,"href":"https:\/\/www.nettali.com\/rest\/wp\/v2\/users\/4"}],"replies":[{"embeddable":true,"href":"https:\/\/www.nettali.com\/rest\/wp\/v2\/comments?post=160972"}],"version-history":[{"count":1,"href":"https:\/\/www.nettali.com\/rest\/wp\/v2\/posts\/160972\/revisions"}],"predecessor-version":[{"id":160973,"href":"https:\/\/www.nettali.com\/rest\/wp\/v2\/posts\/160972\/revisions\/160973"}],"wp:featuredmedia":[{"embeddable":true,"href":"https:\/\/www.nettali.com\/rest\/wp\/v2\/media\/40749"}],"wp:attachment":[{"href":"https:\/\/www.nettali.com\/rest\/wp\/v2\/media?parent=160972"}],"wp:term":[{"taxonomy":"category","embeddable":true,"href":"https:\/\/www.nettali.com\/rest\/wp\/v2\/categories?post=160972"},{"taxonomy":"post_tag","embeddable":true,"href":"https:\/\/www.nettali.com\/rest\/wp\/v2\/tags?post=160972"}],"curies":[{"name":"wp","href":"https:\/\/api.w.org\/{rel}","templated":true}]}}