{"id":160969,"date":"2025-09-10T07:09:29","date_gmt":"2025-09-10T07:09:29","guid":{"rendered":"https:\/\/www.nettali.com\/?p=160969"},"modified":"2025-09-10T07:09:29","modified_gmt":"2025-09-10T07:09:29","slug":"france-passation-de-pouvoir-a-matignon-ce-mercredi-a-midi","status":"publish","type":"post","link":"https:\/\/www.nettali.com\/2025\/09\/10\/france-passation-de-pouvoir-a-matignon-ce-mercredi-a-midi\/","title":{"rendered":"FRANCE - Passation de pouvoir \u00e0 Matignon ce mercredi \u00e0 midi"},"content":{"rendered":"<p data-start=\"136\" data-end=\"325\"><strong>NETTALI.COM - La passation de pouvoir entre Fran\u00e7ois Bayrou et son successeur, S\u00e9bastien Lecornu, se tiendra ce mercredi \u00e0 12 heures \u00e0 Matignon, ont annonc\u00e9 mardi soir les services du gouvernement.<\/strong><\/p>\n<p data-start=\"327\" data-end=\"454\">Cette c\u00e9r\u00e9monie intervient dans un contexte tendu, marqu\u00e9 par une journ\u00e9e nationale de mobilisation visant \u00e0 bloquer le pays.<\/p>\n<p data-start=\"456\" data-end=\"721\">S\u00e9bastien Lecornu, d\u00e9j\u00e0 pressenti pour Matignon l\u2019an dernier, avait alors \u00e9t\u00e9 \u00e9cart\u00e9 au profit de Fran\u00e7ois Bayrou, impos\u00e9 de haute lutte. Ce dernier a finalement \u00e9t\u00e9 renvers\u00e9 par un vote de l\u2019Assembl\u00e9e nationale, apr\u00e8s environ neuf mois \u00e0 la t\u00eate du gouvernement.<\/p>\n<div class='share-to-whatsapp-wrapper'><div class='share-on-whsp'>PARTAGER SUR : <\/div><a data-text='FRANCE - Passation de pouvoir \u00e0 Matignon ce mercredi \u00e0 midi' data-link='https:\/\/www.nettali.com\/2025\/09\/10\/france-passation-de-pouvoir-a-matignon-ce-mercredi-a-midi\/' class='whatsapp-button whatsapp-share'>WhatsApp<\/a><div class='clear '><\/div><\/div>","protected":false},"excerpt":{"rendered":"<p>NETTALI.COM - La passation de pouvoir entre Fran\u00e7ois Bayrou et son successeur, S\u00e9bastien Lecornu, se tiendra ce mercredi \u00e0 12 heures \u00e0 Matignon, ont annonc\u00e9 mardi soir les services du gouvernement. Cette c\u00e9r\u00e9monie intervient dans un contexte tendu, marqu\u00e9 par une journ\u00e9e nationale de mobilisation visant \u00e0 bloquer le pays. S\u00e9bastien Lecornu, d\u00e9j\u00e0 pressenti pour [&hellip;]<\/p>\n","protected":false},"author":4,"featured_media":160970,"comment_status":"open","ping_status":"open","sticky":false,"template":"","format":"standard","meta":{"_et_pb_use_builder":"","_et_pb_old_content":""},"categories":[2],"tags":[],"yoast_head":"<!-- This site is optimized with the Yoast SEO Premium plugin v17.8 (Yoast SEO v17.8) - https:\/\/yoast.com\/wordpress\/plugins\/seo\/ -->\n<title>FRANCE - Passation de pouvoir \u00e0 Matignon ce mercredi \u00e0 midi | Nettali.com<\/title>\n<meta name=\"robots\" content=\"index, follow, max-snippet:-1, max-image-preview:large, max-video-preview:-1\" \/>\n<link rel=\"canonical\" href=\"https:\/\/www.nettali.com\/2025\/09\/10\/france-passation-de-pouvoir-a-matignon-ce-mercredi-a-midi\/\" \/>\n<meta property=\"og:locale\" content=\"fr_FR\" \/>\n<meta property=\"og:type\" content=\"article\" \/>\n<meta property=\"og:title\" content=\"FRANCE - Passation de pouvoir \u00e0 Matignon ce mercredi \u00e0 midi\" \/>\n<meta property=\"og:description\" content=\"NETTALI.COM - La passation de pouvoir entre Fran\u00e7ois Bayrou et son successeur, S\u00e9bastien Lecornu, se tiendra ce mercredi \u00e0 12 heures \u00e0 Matignon, ont annonc\u00e9 mardi soir les services du gouvernement. Cette c\u00e9r\u00e9monie intervient dans un contexte tendu, marqu\u00e9 par une journ\u00e9e nationale de mobilisation visant \u00e0 bloquer le pays. S\u00e9bastien Lecornu, d\u00e9j\u00e0 pressenti pour [&hellip;]\" \/>\n<meta property=\"og:url\" content=\"https:\/\/www.nettali.com\/2025\/09\/10\/france-passation-de-pouvoir-a-matignon-ce-mercredi-a-midi\/\" \/>\n<meta property=\"og:site_name\" content=\"Nettali.com\" \/>\n<meta property=\"article:publisher\" content=\"https:\/\/www.facebook.com\/nettalicom\" \/>\n<meta property=\"article:published_time\" content=\"2025-09-10T07:09:29+00:00\" \/>\n<meta property=\"og:image\" content=\"https:\/\/www.nettali.com\/wp-content\/uploads\/2025\/09\/France.jpg\" \/>\n\t<meta property=\"og:image:width\" content=\"1665\" \/>\n\t<meta property=\"og:image:height\" content=\"896\" \/>\n<meta name=\"twitter:card\" content=\"summary_large_image\" \/>\n<meta name=\"twitter:label1\" content=\"\u00c9crit par\" \/>\n\t<meta name=\"twitter:data1\" content=\"Daouda\" \/>\n\t<meta name=\"twitter:label2\" content=\"Dur\u00e9e de lecture estim\u00e9e\" \/>\n\t<meta name=\"twitter:data2\" content=\"1 minute\" \/>\n<script type=\"application\/ld+json\" class=\"yoast-schema-graph\">{\"@context\":\"https:\/\/schema.org\",\"@graph\":[{\"@type\":\"WebSite\",\"@id\":\"https:\/\/www.nettali.com\/#website\",\"url\":\"https:\/\/www.nettali.com\/\",\"name\":\"Nettali.com\",\"description\":\"Le rendez-vous critique du Net\",\"potentialAction\":[{\"@type\":\"SearchAction\",\"target\":{\"@type\":\"EntryPoint\",\"urlTemplate\":\"https:\/\/www.nettali.com\/?s={search_term_string}\"},\"query-input\":\"required name=search_term_string\"}],\"inLanguage\":\"fr-FR\"},{\"@type\":\"ImageObject\",\"@id\":\"https:\/\/www.nettali.com\/2025\/09\/10\/france-passation-de-pouvoir-a-matignon-ce-mercredi-a-midi\/#primaryimage\",\"inLanguage\":\"fr-FR\",\"url\":\"https:\/\/www.nettali.com\/wp-content\/uploads\/2025\/09\/France.jpg\",\"contentUrl\":\"https:\/\/www.nettali.com\/wp-content\/uploads\/2025\/09\/France.jpg\",\"width\":1665,\"height\":896},{\"@type\":\"WebPage\",\"@id\":\"https:\/\/www.nettali.com\/2025\/09\/10\/france-passation-de-pouvoir-a-matignon-ce-mercredi-a-midi\/#webpage\",\"url\":\"https:\/\/www.nettali.com\/2025\/09\/10\/france-passation-de-pouvoir-a-matignon-ce-mercredi-a-midi\/\",\"name\":\"FRANCE - Passation de pouvoir \\u00e0 Matignon ce mercredi \\u00e0 midi | Nettali.com\",\"isPartOf\":{\"@id\":\"https:\/\/www.nettali.com\/#website\"},\"primaryImageOfPage\":{\"@id\":\"https:\/\/www.nettali.com\/2025\/09\/10\/france-passation-de-pouvoir-a-matignon-ce-mercredi-a-midi\/#primaryimage\"},\"datePublished\":\"2025-09-10T07:09:29+00:00\",\"dateModified\":\"2025-09-10T07:09:29+00:00\",\"author\":{\"@id\":\"https:\/\/www.nettali.com\/#\/schema\/person\/3317e0bb3aa1da309fbf7b2780901bf4\"},\"breadcrumb\":{\"@id\":\"https:\/\/www.nettali.com\/2025\/09\/10\/france-passation-de-pouvoir-a-matignon-ce-mercredi-a-midi\/#breadcrumb\"},\"inLanguage\":\"fr-FR\",\"potentialAction\":[{\"@type\":\"ReadAction\",\"target\":[\"https:\/\/www.nettali.com\/2025\/09\/10\/france-passation-de-pouvoir-a-matignon-ce-mercredi-a-midi\/\"]}]},{\"@type\":\"BreadcrumbList\",\"@id\":\"https:\/\/www.nettali.com\/2025\/09\/10\/france-passation-de-pouvoir-a-matignon-ce-mercredi-a-midi\/#breadcrumb\",\"itemListElement\":[{\"@type\":\"ListItem\",\"position\":1,\"name\":\"Accueil\",\"item\":\"https:\/\/www.nettali.com\/\"},{\"@type\":\"ListItem\",\"position\":2,\"name\":\"FRANCE - Passation de pouvoir \\u00e0 Matignon ce mercredi \\u00e0 midi\"}]},{\"@type\":\"Person\",\"@id\":\"https:\/\/www.nettali.com\/#\/schema\/person\/3317e0bb3aa1da309fbf7b2780901bf4\",\"name\":\"Daouda\",\"image\":{\"@type\":\"ImageObject\",\"@id\":\"https:\/\/www.nettali.com\/#personlogo\",\"inLanguage\":\"fr-FR\",\"url\":\"https:\/\/secure.gravatar.com\/avatar\/8d143b5a49345098ddcfee1c49c2f47c?s=96&d=mm&r=g\",\"contentUrl\":\"https:\/\/secure.gravatar.com\/avatar\/8d143b5a49345098ddcfee1c49c2f47c?s=96&d=mm&r=g\",\"caption\":\"Daouda\"},\"sameAs\":[\"https:\/\/www.nettali.com\"]}]}<\/script>\n<!-- \/ Yoast SEO Premium plugin. -->","yoast_head_json":{"title":"FRANCE - Passation de pouvoir \u00e0 Matignon ce mercredi \u00e0 midi | Nettali.com","robots":{"index":"index","follow":"follow","max-snippet":"max-snippet:-1","max-image-preview":"max-image-preview:large","max-video-preview":"max-video-preview:-1"},"canonical":"https:\/\/www.nettali.com\/2025\/09\/10\/france-passation-de-pouvoir-a-matignon-ce-mercredi-a-midi\/","og_locale":"fr_FR","og_type":"article","og_title":"FRANCE - Passation de pouvoir \u00e0 Matignon ce mercredi \u00e0 midi","og_description":"NETTALI.COM - La passation de pouvoir entre Fran\u00e7ois Bayrou et son successeur, S\u00e9bastien Lecornu, se tiendra ce mercredi \u00e0 12 heures \u00e0 Matignon, ont annonc\u00e9 mardi soir les services du gouvernement. Cette c\u00e9r\u00e9monie intervient dans un contexte tendu, marqu\u00e9 par une journ\u00e9e nationale de mobilisation visant \u00e0 bloquer le pays. S\u00e9bastien Lecornu, d\u00e9j\u00e0 pressenti pour [&hellip;]","og_url":"https:\/\/www.nettali.com\/2025\/09\/10\/france-passation-de-pouvoir-a-matignon-ce-mercredi-a-midi\/","og_site_name":"Nettali.com","article_publisher":"https:\/\/www.facebook.com\/nettalicom","article_published_time":"2025-09-10T07:09:29+00:00","og_image":[{"width":1665,"height":896,"url":"https:\/\/www.nettali.com\/wp-content\/uploads\/2025\/09\/France.jpg","type":"image\/jpeg"}],"twitter_card":"summary_large_image","twitter_misc":{"\u00c9crit par":"Daouda","Dur\u00e9e de lecture estim\u00e9e":"1 minute"},"schema":{"@context":"https:\/\/schema.org","@graph":[{"@type":"WebSite","@id":"https:\/\/www.nettali.com\/#website","url":"https:\/\/www.nettali.com\/","name":"Nettali.com","description":"Le rendez-vous critique du Net","potentialAction":[{"@type":"SearchAction","target":{"@type":"EntryPoint","urlTemplate":"https:\/\/www.nettali.com\/?s={search_term_string}"},"query-input":"required name=search_term_string"}],"inLanguage":"fr-FR"},{"@type":"ImageObject","@id":"https:\/\/www.nettali.com\/2025\/09\/10\/france-passation-de-pouvoir-a-matignon-ce-mercredi-a-midi\/#primaryimage","inLanguage":"fr-FR","url":"https:\/\/www.nettali.com\/wp-content\/uploads\/2025\/09\/France.jpg","contentUrl":"https:\/\/www.nettali.com\/wp-content\/uploads\/2025\/09\/France.jpg","width":1665,"height":896},{"@type":"WebPage","@id":"https:\/\/www.nettali.com\/2025\/09\/10\/france-passation-de-pouvoir-a-matignon-ce-mercredi-a-midi\/#webpage","url":"https:\/\/www.nettali.com\/2025\/09\/10\/france-passation-de-pouvoir-a-matignon-ce-mercredi-a-midi\/","name":"FRANCE - Passation de pouvoir \u00e0 Matignon ce mercredi \u00e0 midi | Nettali.com","isPartOf":{"@id":"https:\/\/www.nettali.com\/#website"},"primaryImageOfPage":{"@id":"https:\/\/www.nettali.com\/2025\/09\/10\/france-passation-de-pouvoir-a-matignon-ce-mercredi-a-midi\/#primaryimage"},"datePublished":"2025-09-10T07:09:29+00:00","dateModified":"2025-09-10T07:09:29+00:00","author":{"@id":"https:\/\/www.nettali.com\/#\/schema\/person\/3317e0bb3aa1da309fbf7b2780901bf4"},"breadcrumb":{"@id":"https:\/\/www.nettali.com\/2025\/09\/10\/france-passation-de-pouvoir-a-matignon-ce-mercredi-a-midi\/#breadcrumb"},"inLanguage":"fr-FR","potentialAction":[{"@type":"ReadAction","target":["https:\/\/www.nettali.com\/2025\/09\/10\/france-passation-de-pouvoir-a-matignon-ce-mercredi-a-midi\/"]}]},{"@type":"BreadcrumbList","@id":"https:\/\/www.nettali.com\/2025\/09\/10\/france-passation-de-pouvoir-a-matignon-ce-mercredi-a-midi\/#breadcrumb","itemListElement":[{"@type":"ListItem","position":1,"name":"Accueil","item":"https:\/\/www.nettali.com\/"},{"@type":"ListItem","position":2,"name":"FRANCE - Passation de pouvoir \u00e0 Matignon ce mercredi \u00e0 midi"}]},{"@type":"Person","@id":"https:\/\/www.nettali.com\/#\/schema\/person\/3317e0bb3aa1da309fbf7b2780901bf4","name":"Daouda","image":{"@type":"ImageObject","@id":"https:\/\/www.nettali.com\/#personlogo","inLanguage":"fr-FR","url":"https:\/\/secure.gravatar.com\/avatar\/8d143b5a49345098ddcfee1c49c2f47c?s=96&d=mm&r=g","contentUrl":"https:\/\/secure.gravatar.com\/avatar\/8d143b5a49345098ddcfee1c49c2f47c?s=96&d=mm&r=g","caption":"Daouda"},"sameAs":["https:\/\/www.nettali.com"]}]}},"_links":{"self":[{"href":"https:\/\/www.nettali.com\/rest\/wp\/v2\/posts\/160969"}],"collection":[{"href":"https:\/\/www.nettali.com\/rest\/wp\/v2\/posts"}],"about":[{"href":"https:\/\/www.nettali.com\/rest\/wp\/v2\/types\/post"}],"author":[{"embeddable":true,"href":"https:\/\/www.nettali.com\/rest\/wp\/v2\/users\/4"}],"replies":[{"embeddable":true,"href":"https:\/\/www.nettali.com\/rest\/wp\/v2\/comments?post=160969"}],"version-history":[{"count":1,"href":"https:\/\/www.nettali.com\/rest\/wp\/v2\/posts\/160969\/revisions"}],"predecessor-version":[{"id":160971,"href":"https:\/\/www.nettali.com\/rest\/wp\/v2\/posts\/160969\/revisions\/160971"}],"wp:featuredmedia":[{"embeddable":true,"href":"https:\/\/www.nettali.com\/rest\/wp\/v2\/media\/160970"}],"wp:attachment":[{"href":"https:\/\/www.nettali.com\/rest\/wp\/v2\/media?parent=160969"}],"wp:term":[{"taxonomy":"category","embeddable":true,"href":"https:\/\/www.nettali.com\/rest\/wp\/v2\/categories?post=160969"},{"taxonomy":"post_tag","embeddable":true,"href":"https:\/\/www.nettali.com\/rest\/wp\/v2\/tags?post=160969"}],"curies":[{"name":"wp","href":"https:\/\/api.w.org\/{rel}","templated":true}]}}