{"id":160902,"date":"2025-09-08T18:26:46","date_gmt":"2025-09-08T18:26:46","guid":{"rendered":"https:\/\/www.nettali.com\/?p=160902"},"modified":"2025-09-08T18:26:46","modified_gmt":"2025-09-08T18:26:46","slug":"diplomatie-ousmane-sonko-en-visite-officielle-aux-emirats-arabes-unis","status":"publish","type":"post","link":"https:\/\/www.nettali.com\/2025\/09\/08\/diplomatie-ousmane-sonko-en-visite-officielle-aux-emirats-arabes-unis\/","title":{"rendered":"DIPLOMATIE - Ousmane Sonko en visite officielle aux \u00c9mirats arabes unis"},"content":{"rendered":"<p data-start=\"191\" data-end=\"418\"><strong>NETTALI.COM - Le Premier ministre s\u00e9n\u00e9galais, Ousmane Sonko, a quitt\u00e9 Dakar ce dimanche pour Abu Dhabi, capitale des \u00c9mirats arabes unis, o\u00f9 il entame une visite officielle de six jours, du 8 au 12 septembre 2025.<\/strong><\/p>\n<p data-start=\"420\" data-end=\"640\">Au cours de son s\u00e9jour, le chef du gouvernement sera re\u00e7u par Son Altesse Sheikh Mohamed Bin Zayed Al Nahyan, pr\u00e9sident des \u00c9mirats arabes unis, f\u00e9d\u00e9ration compos\u00e9e de sept \u00e9mirats au c\u0153ur de la p\u00e9ninsule arabique.<\/p>\n<p data-start=\"642\" data-end=\"853\">Cette visite s\u2019inscrit dans la volont\u00e9 de Dakar de renforcer ses relations bilat\u00e9rales avec les pays du Golfe, notamment dans les domaines de l\u2019investissement, de l\u2019\u00e9nergie et de la coop\u00e9ration \u00e9conomique.<\/p>\n<p data-start=\"894\" data-end=\"1159\">Il s\u2019agit du troisi\u00e8me d\u00e9placement d\u2019Ousmane Sonko hors du continent africain, apr\u00e8s la Chine et la Turquie. Le Premier ministre est accompagn\u00e9 d\u2019une d\u00e9l\u00e9gation d\u2019officiels s\u00e9n\u00e9galais, traduisant l\u2019importance strat\u00e9gique de cette mission pour le gouvernement.<\/p>\n<p data-start=\"1161\" data-end=\"1596\">\u00c0 l\u2019issue de cette \u00e9tape au Moyen-Orient, M. Sonko se rendra en Italie le 13 septembre, o\u00f9 il doit rencontrer la diaspora s\u00e9n\u00e9galaise d\u2019Europe. Selon la Primature, cette rencontre sera l\u2019occasion d\u2019\u00e9changer sur les grands chantiers de la gouvernance, le Plan de redressement \u00e9conomique et social, ainsi que sur le r\u00f4le et la place de la diaspora dans la Vision S\u00e9n\u00e9gal 2050 et l\u2019Agenda national de transformation.<\/p>\n<div class='share-to-whatsapp-wrapper'><div class='share-on-whsp'>PARTAGER SUR : <\/div><a data-text='DIPLOMATIE - Ousmane Sonko en visite officielle aux \u00c9mirats arabes unis' data-link='https:\/\/www.nettali.com\/2025\/09\/08\/diplomatie-ousmane-sonko-en-visite-officielle-aux-emirats-arabes-unis\/' class='whatsapp-button whatsapp-share'>WhatsApp<\/a><div class='clear '><\/div><\/div>","protected":false},"excerpt":{"rendered":"<p>NETTALI.COM - Le Premier ministre s\u00e9n\u00e9galais, Ousmane Sonko, a quitt\u00e9 Dakar ce dimanche pour Abu Dhabi, capitale des \u00c9mirats arabes unis, o\u00f9 il entame une visite officielle de six jours, du 8 au 12 septembre 2025. Au cours de son s\u00e9jour, le chef du gouvernement sera re\u00e7u par Son Altesse Sheikh Mohamed Bin Zayed Al [&hellip;]<\/p>\n","protected":false},"author":4,"featured_media":158943,"comment_status":"open","ping_status":"open","sticky":false,"template":"","format":"standard","meta":{"_et_pb_use_builder":"","_et_pb_old_content":""},"categories":[2],"tags":[],"yoast_head":"<!-- This site is optimized with the Yoast SEO Premium plugin v17.8 (Yoast SEO v17.8) - https:\/\/yoast.com\/wordpress\/plugins\/seo\/ -->\n<title>DIPLOMATIE - Ousmane Sonko en visite officielle aux \u00c9mirats arabes unis | Nettali.com<\/title>\n<meta name=\"robots\" content=\"index, follow, max-snippet:-1, max-image-preview:large, max-video-preview:-1\" \/>\n<link rel=\"canonical\" href=\"https:\/\/www.nettali.com\/2025\/09\/08\/diplomatie-ousmane-sonko-en-visite-officielle-aux-emirats-arabes-unis\/\" \/>\n<meta property=\"og:locale\" content=\"fr_FR\" \/>\n<meta property=\"og:type\" content=\"article\" \/>\n<meta property=\"og:title\" content=\"DIPLOMATIE - Ousmane Sonko en visite officielle aux \u00c9mirats arabes unis\" \/>\n<meta property=\"og:description\" content=\"NETTALI.COM - Le Premier ministre s\u00e9n\u00e9galais, Ousmane Sonko, a quitt\u00e9 Dakar ce dimanche pour Abu Dhabi, capitale des \u00c9mirats arabes unis, o\u00f9 il entame une visite officielle de six jours, du 8 au 12 septembre 2025. Au cours de son s\u00e9jour, le chef du gouvernement sera re\u00e7u par Son Altesse Sheikh Mohamed Bin Zayed Al [&hellip;]\" \/>\n<meta property=\"og:url\" content=\"https:\/\/www.nettali.com\/2025\/09\/08\/diplomatie-ousmane-sonko-en-visite-officielle-aux-emirats-arabes-unis\/\" \/>\n<meta property=\"og:site_name\" content=\"Nettali.com\" \/>\n<meta property=\"article:publisher\" content=\"https:\/\/www.facebook.com\/nettalicom\" \/>\n<meta property=\"article:published_time\" content=\"2025-09-08T18:26:46+00:00\" \/>\n<meta property=\"og:image\" content=\"https:\/\/www.nettali.com\/wp-content\/uploads\/2025\/08\/ousmane-sonko-avion-voyage-e1754408790971.jpg\" \/>\n\t<meta property=\"og:image:width\" content=\"1600\" \/>\n\t<meta property=\"og:image:height\" content=\"820\" \/>\n<meta name=\"twitter:card\" content=\"summary_large_image\" \/>\n<meta name=\"twitter:label1\" content=\"\u00c9crit par\" \/>\n\t<meta name=\"twitter:data1\" content=\"Daouda\" \/>\n\t<meta name=\"twitter:label2\" content=\"Dur\u00e9e de lecture estim\u00e9e\" \/>\n\t<meta name=\"twitter:data2\" content=\"2 minutes\" \/>\n<script type=\"application\/ld+json\" class=\"yoast-schema-graph\">{\"@context\":\"https:\/\/schema.org\",\"@graph\":[{\"@type\":\"WebSite\",\"@id\":\"https:\/\/www.nettali.com\/#website\",\"url\":\"https:\/\/www.nettali.com\/\",\"name\":\"Nettali.com\",\"description\":\"Le rendez-vous critique du Net\",\"potentialAction\":[{\"@type\":\"SearchAction\",\"target\":{\"@type\":\"EntryPoint\",\"urlTemplate\":\"https:\/\/www.nettali.com\/?s={search_term_string}\"},\"query-input\":\"required name=search_term_string\"}],\"inLanguage\":\"fr-FR\"},{\"@type\":\"ImageObject\",\"@id\":\"https:\/\/www.nettali.com\/2025\/09\/08\/diplomatie-ousmane-sonko-en-visite-officielle-aux-emirats-arabes-unis\/#primaryimage\",\"inLanguage\":\"fr-FR\",\"url\":\"https:\/\/www.nettali.com\/wp-content\/uploads\/2025\/08\/ousmane-sonko-avion-voyage-e1754408790971.jpg\",\"contentUrl\":\"https:\/\/www.nettali.com\/wp-content\/uploads\/2025\/08\/ousmane-sonko-avion-voyage-e1754408790971.jpg\",\"width\":1600,\"height\":820},{\"@type\":\"WebPage\",\"@id\":\"https:\/\/www.nettali.com\/2025\/09\/08\/diplomatie-ousmane-sonko-en-visite-officielle-aux-emirats-arabes-unis\/#webpage\",\"url\":\"https:\/\/www.nettali.com\/2025\/09\/08\/diplomatie-ousmane-sonko-en-visite-officielle-aux-emirats-arabes-unis\/\",\"name\":\"DIPLOMATIE - Ousmane Sonko en visite officielle aux \\u00c9mirats arabes unis | Nettali.com\",\"isPartOf\":{\"@id\":\"https:\/\/www.nettali.com\/#website\"},\"primaryImageOfPage\":{\"@id\":\"https:\/\/www.nettali.com\/2025\/09\/08\/diplomatie-ousmane-sonko-en-visite-officielle-aux-emirats-arabes-unis\/#primaryimage\"},\"datePublished\":\"2025-09-08T18:26:46+00:00\",\"dateModified\":\"2025-09-08T18:26:46+00:00\",\"author\":{\"@id\":\"https:\/\/www.nettali.com\/#\/schema\/person\/3317e0bb3aa1da309fbf7b2780901bf4\"},\"breadcrumb\":{\"@id\":\"https:\/\/www.nettali.com\/2025\/09\/08\/diplomatie-ousmane-sonko-en-visite-officielle-aux-emirats-arabes-unis\/#breadcrumb\"},\"inLanguage\":\"fr-FR\",\"potentialAction\":[{\"@type\":\"ReadAction\",\"target\":[\"https:\/\/www.nettali.com\/2025\/09\/08\/diplomatie-ousmane-sonko-en-visite-officielle-aux-emirats-arabes-unis\/\"]}]},{\"@type\":\"BreadcrumbList\",\"@id\":\"https:\/\/www.nettali.com\/2025\/09\/08\/diplomatie-ousmane-sonko-en-visite-officielle-aux-emirats-arabes-unis\/#breadcrumb\",\"itemListElement\":[{\"@type\":\"ListItem\",\"position\":1,\"name\":\"Accueil\",\"item\":\"https:\/\/www.nettali.com\/\"},{\"@type\":\"ListItem\",\"position\":2,\"name\":\"DIPLOMATIE - Ousmane Sonko en visite officielle aux \\u00c9mirats arabes unis\"}]},{\"@type\":\"Person\",\"@id\":\"https:\/\/www.nettali.com\/#\/schema\/person\/3317e0bb3aa1da309fbf7b2780901bf4\",\"name\":\"Daouda\",\"image\":{\"@type\":\"ImageObject\",\"@id\":\"https:\/\/www.nettali.com\/#personlogo\",\"inLanguage\":\"fr-FR\",\"url\":\"https:\/\/secure.gravatar.com\/avatar\/8d143b5a49345098ddcfee1c49c2f47c?s=96&d=mm&r=g\",\"contentUrl\":\"https:\/\/secure.gravatar.com\/avatar\/8d143b5a49345098ddcfee1c49c2f47c?s=96&d=mm&r=g\",\"caption\":\"Daouda\"},\"sameAs\":[\"https:\/\/www.nettali.com\"]}]}<\/script>\n<!-- \/ Yoast SEO Premium plugin. -->","yoast_head_json":{"title":"DIPLOMATIE - Ousmane Sonko en visite officielle aux \u00c9mirats arabes unis | Nettali.com","robots":{"index":"index","follow":"follow","max-snippet":"max-snippet:-1","max-image-preview":"max-image-preview:large","max-video-preview":"max-video-preview:-1"},"canonical":"https:\/\/www.nettali.com\/2025\/09\/08\/diplomatie-ousmane-sonko-en-visite-officielle-aux-emirats-arabes-unis\/","og_locale":"fr_FR","og_type":"article","og_title":"DIPLOMATIE - Ousmane Sonko en visite officielle aux \u00c9mirats arabes unis","og_description":"NETTALI.COM - Le Premier ministre s\u00e9n\u00e9galais, Ousmane Sonko, a quitt\u00e9 Dakar ce dimanche pour Abu Dhabi, capitale des \u00c9mirats arabes unis, o\u00f9 il entame une visite officielle de six jours, du 8 au 12 septembre 2025. Au cours de son s\u00e9jour, le chef du gouvernement sera re\u00e7u par Son Altesse Sheikh Mohamed Bin Zayed Al [&hellip;]","og_url":"https:\/\/www.nettali.com\/2025\/09\/08\/diplomatie-ousmane-sonko-en-visite-officielle-aux-emirats-arabes-unis\/","og_site_name":"Nettali.com","article_publisher":"https:\/\/www.facebook.com\/nettalicom","article_published_time":"2025-09-08T18:26:46+00:00","og_image":[{"width":1600,"height":820,"url":"https:\/\/www.nettali.com\/wp-content\/uploads\/2025\/08\/ousmane-sonko-avion-voyage-e1754408790971.jpg","type":"image\/jpeg"}],"twitter_card":"summary_large_image","twitter_misc":{"\u00c9crit par":"Daouda","Dur\u00e9e de lecture estim\u00e9e":"2 minutes"},"schema":{"@context":"https:\/\/schema.org","@graph":[{"@type":"WebSite","@id":"https:\/\/www.nettali.com\/#website","url":"https:\/\/www.nettali.com\/","name":"Nettali.com","description":"Le rendez-vous critique du Net","potentialAction":[{"@type":"SearchAction","target":{"@type":"EntryPoint","urlTemplate":"https:\/\/www.nettali.com\/?s={search_term_string}"},"query-input":"required name=search_term_string"}],"inLanguage":"fr-FR"},{"@type":"ImageObject","@id":"https:\/\/www.nettali.com\/2025\/09\/08\/diplomatie-ousmane-sonko-en-visite-officielle-aux-emirats-arabes-unis\/#primaryimage","inLanguage":"fr-FR","url":"https:\/\/www.nettali.com\/wp-content\/uploads\/2025\/08\/ousmane-sonko-avion-voyage-e1754408790971.jpg","contentUrl":"https:\/\/www.nettali.com\/wp-content\/uploads\/2025\/08\/ousmane-sonko-avion-voyage-e1754408790971.jpg","width":1600,"height":820},{"@type":"WebPage","@id":"https:\/\/www.nettali.com\/2025\/09\/08\/diplomatie-ousmane-sonko-en-visite-officielle-aux-emirats-arabes-unis\/#webpage","url":"https:\/\/www.nettali.com\/2025\/09\/08\/diplomatie-ousmane-sonko-en-visite-officielle-aux-emirats-arabes-unis\/","name":"DIPLOMATIE - Ousmane Sonko en visite officielle aux \u00c9mirats arabes unis | Nettali.com","isPartOf":{"@id":"https:\/\/www.nettali.com\/#website"},"primaryImageOfPage":{"@id":"https:\/\/www.nettali.com\/2025\/09\/08\/diplomatie-ousmane-sonko-en-visite-officielle-aux-emirats-arabes-unis\/#primaryimage"},"datePublished":"2025-09-08T18:26:46+00:00","dateModified":"2025-09-08T18:26:46+00:00","author":{"@id":"https:\/\/www.nettali.com\/#\/schema\/person\/3317e0bb3aa1da309fbf7b2780901bf4"},"breadcrumb":{"@id":"https:\/\/www.nettali.com\/2025\/09\/08\/diplomatie-ousmane-sonko-en-visite-officielle-aux-emirats-arabes-unis\/#breadcrumb"},"inLanguage":"fr-FR","potentialAction":[{"@type":"ReadAction","target":["https:\/\/www.nettali.com\/2025\/09\/08\/diplomatie-ousmane-sonko-en-visite-officielle-aux-emirats-arabes-unis\/"]}]},{"@type":"BreadcrumbList","@id":"https:\/\/www.nettali.com\/2025\/09\/08\/diplomatie-ousmane-sonko-en-visite-officielle-aux-emirats-arabes-unis\/#breadcrumb","itemListElement":[{"@type":"ListItem","position":1,"name":"Accueil","item":"https:\/\/www.nettali.com\/"},{"@type":"ListItem","position":2,"name":"DIPLOMATIE - Ousmane Sonko en visite officielle aux \u00c9mirats arabes unis"}]},{"@type":"Person","@id":"https:\/\/www.nettali.com\/#\/schema\/person\/3317e0bb3aa1da309fbf7b2780901bf4","name":"Daouda","image":{"@type":"ImageObject","@id":"https:\/\/www.nettali.com\/#personlogo","inLanguage":"fr-FR","url":"https:\/\/secure.gravatar.com\/avatar\/8d143b5a49345098ddcfee1c49c2f47c?s=96&d=mm&r=g","contentUrl":"https:\/\/secure.gravatar.com\/avatar\/8d143b5a49345098ddcfee1c49c2f47c?s=96&d=mm&r=g","caption":"Daouda"},"sameAs":["https:\/\/www.nettali.com"]}]}},"_links":{"self":[{"href":"https:\/\/www.nettali.com\/rest\/wp\/v2\/posts\/160902"}],"collection":[{"href":"https:\/\/www.nettali.com\/rest\/wp\/v2\/posts"}],"about":[{"href":"https:\/\/www.nettali.com\/rest\/wp\/v2\/types\/post"}],"author":[{"embeddable":true,"href":"https:\/\/www.nettali.com\/rest\/wp\/v2\/users\/4"}],"replies":[{"embeddable":true,"href":"https:\/\/www.nettali.com\/rest\/wp\/v2\/comments?post=160902"}],"version-history":[{"count":1,"href":"https:\/\/www.nettali.com\/rest\/wp\/v2\/posts\/160902\/revisions"}],"predecessor-version":[{"id":160903,"href":"https:\/\/www.nettali.com\/rest\/wp\/v2\/posts\/160902\/revisions\/160903"}],"wp:featuredmedia":[{"embeddable":true,"href":"https:\/\/www.nettali.com\/rest\/wp\/v2\/media\/158943"}],"wp:attachment":[{"href":"https:\/\/www.nettali.com\/rest\/wp\/v2\/media?parent=160902"}],"wp:term":[{"taxonomy":"category","embeddable":true,"href":"https:\/\/www.nettali.com\/rest\/wp\/v2\/categories?post=160902"},{"taxonomy":"post_tag","embeddable":true,"href":"https:\/\/www.nettali.com\/rest\/wp\/v2\/tags?post=160902"}],"curies":[{"name":"wp","href":"https:\/\/api.w.org\/{rel}","templated":true}]}}