{"id":160881,"date":"2025-09-08T16:37:51","date_gmt":"2025-09-08T16:37:51","guid":{"rendered":"https:\/\/www.nettali.com\/?p=160881"},"modified":"2025-09-08T14:39:01","modified_gmt":"2025-09-08T14:39:01","slug":"rdc-vs-senegal-un-arbitre-somalien-au-sifflet","status":"publish","type":"post","link":"https:\/\/www.nettali.com\/2025\/09\/08\/rdc-vs-senegal-un-arbitre-somalien-au-sifflet\/","title":{"rendered":"RDC VS S\u00c9N\u00c9GAL- Un arbitre somalien au sifflet"},"content":{"rendered":"<p><strong>NETTALI.COM - Le choc de la 8e journ\u00e9e des \u00e9liminatoires de la Coupe du monde 2026 Zone Afrique entre la RDC et le S\u00e9n\u00e9gal, ce mardi au stade des Martyrs de Kinshasa, sera dirig\u00e9 par Omar Abdelkadir Artan. \u00c0 33 ans et international FIFA depuis 2018, le Somalien repr\u00e9sente un choix audacieux pour la CAF.<\/strong><\/p>\n<p>\"<em>Pour un match \u00e0 haut risque comme celui-ci, on pouvait s\u2019attendre \u00e0 ce que des arbitres exp\u00e9riment\u00e9s comme le Sud-Africain Victor Gomes ou le Mauritanien Dehane Beida soient d\u00e9sign\u00e9s<\/em>\", note un observateur de l\u2019arbitrage africain. Gomes et Beida ont offici\u00e9 les finales de la CAN 2021 et 2023, tandis qu\u2019Artan n\u2019a dirig\u00e9 sa premi\u00e8re rencontre de CAN chez les seniors qu\u2019en janvier 2024.<\/p>\n<p>N\u00e9 \u00e0 Mogadiscio, Abdelkadir Artan s\u2019est rapidement impos\u00e9 comme une \u00e9toile montante : il a offici\u00e9 Tunisie vs Namibie et Alg\u00e9rie vs Mauritanie lors de la CAN 2024, et plus r\u00e9cemment la finale retour de la Ligue des champions africaine entre Pyramids et Mamelodi Sundowns. Mais malgr\u00e9 ces exp\u00e9riences, son palmar\u00e8s reste limit\u00e9 face \u00e0 l\u2019enjeu de cette rencontre cruciale de la Poule B.<\/p>\n<p>Le choix de la CAF est donc per\u00e7u comme un pari : confier \u00e0 un arbitre jeune mais prometteur un match o\u00f9 la pression sera immense, et o\u00f9 chaque d\u00e9cision pourra faire la diff\u00e9rence.<\/p>\n<p>Pour Omar Abdelkadir, c\u2019est l\u2019occasion de confirmer son talent sur la sc\u00e8ne africaine et d\u2019\u00e9crire un nouveau chapitre dans l\u2019histoire de l\u2019arbitrage somalien. Il sera assist\u00e9 par ses compatriotes Abdi Hagi, Ali Mahamud et Hussein Ahmed (4e arbitre).<\/p>\n<div class='share-to-whatsapp-wrapper'><div class='share-on-whsp'>PARTAGER SUR : <\/div><a data-text='RDC VS S\u00c9N\u00c9GAL- Un arbitre somalien au sifflet' data-link='https:\/\/www.nettali.com\/2025\/09\/08\/rdc-vs-senegal-un-arbitre-somalien-au-sifflet\/' class='whatsapp-button whatsapp-share'>WhatsApp<\/a><div class='clear '><\/div><\/div>","protected":false},"excerpt":{"rendered":"<p>NETTALI.COM - Le choc de la 8e journ\u00e9e des \u00e9liminatoires de la Coupe du monde 2026 Zone Afrique entre la RDC et le S\u00e9n\u00e9gal, ce mardi au stade des Martyrs de Kinshasa, sera dirig\u00e9 par Omar Abdelkadir Artan. \u00c0 33 ans et international FIFA depuis 2018, le Somalien repr\u00e9sente un choix audacieux pour la CAF. [&hellip;]<\/p>\n","protected":false},"author":5,"featured_media":160882,"comment_status":"open","ping_status":"open","sticky":false,"template":"","format":"standard","meta":{"_et_pb_use_builder":"","_et_pb_old_content":""},"categories":[6],"tags":[],"yoast_head":"<!-- This site is optimized with the Yoast SEO Premium plugin v17.8 (Yoast SEO v17.8) - https:\/\/yoast.com\/wordpress\/plugins\/seo\/ -->\n<title>RDC VS S\u00c9N\u00c9GAL- Un arbitre somalien au sifflet | Nettali.com<\/title>\n<meta name=\"robots\" content=\"index, follow, max-snippet:-1, max-image-preview:large, max-video-preview:-1\" \/>\n<link rel=\"canonical\" href=\"https:\/\/www.nettali.com\/2025\/09\/08\/rdc-vs-senegal-un-arbitre-somalien-au-sifflet\/\" \/>\n<meta property=\"og:locale\" content=\"fr_FR\" \/>\n<meta property=\"og:type\" content=\"article\" \/>\n<meta property=\"og:title\" content=\"RDC VS S\u00c9N\u00c9GAL- Un arbitre somalien au sifflet\" \/>\n<meta property=\"og:description\" content=\"NETTALI.COM - Le choc de la 8e journ\u00e9e des \u00e9liminatoires de la Coupe du monde 2026 Zone Afrique entre la RDC et le S\u00e9n\u00e9gal, ce mardi au stade des Martyrs de Kinshasa, sera dirig\u00e9 par Omar Abdelkadir Artan. \u00c0 33 ans et international FIFA depuis 2018, le Somalien repr\u00e9sente un choix audacieux pour la CAF. [&hellip;]\" \/>\n<meta property=\"og:url\" content=\"https:\/\/www.nettali.com\/2025\/09\/08\/rdc-vs-senegal-un-arbitre-somalien-au-sifflet\/\" \/>\n<meta property=\"og:site_name\" content=\"Nettali.com\" \/>\n<meta property=\"article:publisher\" content=\"https:\/\/www.facebook.com\/nettalicom\" \/>\n<meta property=\"article:published_time\" content=\"2025-09-08T16:37:51+00:00\" \/>\n<meta property=\"article:modified_time\" content=\"2025-09-08T14:39:01+00:00\" \/>\n<meta property=\"og:image\" content=\"https:\/\/www.nettali.com\/wp-content\/uploads\/2025\/09\/CAN-2023-Un-arbitre-somalien-pour-diriger-la-rencontre-de-lAlgerie-contre-la-Mauritanie.jpg\" \/>\n\t<meta property=\"og:image:width\" content=\"1218\" \/>\n\t<meta property=\"og:image:height\" content=\"784\" \/>\n<meta name=\"twitter:card\" content=\"summary_large_image\" \/>\n<meta name=\"twitter:label1\" content=\"\u00c9crit par\" \/>\n\t<meta name=\"twitter:data1\" content=\"Ibrahima\" \/>\n\t<meta name=\"twitter:label2\" content=\"Dur\u00e9e de lecture estim\u00e9e\" \/>\n\t<meta name=\"twitter:data2\" content=\"2 minutes\" \/>\n<script type=\"application\/ld+json\" class=\"yoast-schema-graph\">{\"@context\":\"https:\/\/schema.org\",\"@graph\":[{\"@type\":\"WebSite\",\"@id\":\"https:\/\/www.nettali.com\/#website\",\"url\":\"https:\/\/www.nettali.com\/\",\"name\":\"Nettali.com\",\"description\":\"Le rendez-vous critique du Net\",\"potentialAction\":[{\"@type\":\"SearchAction\",\"target\":{\"@type\":\"EntryPoint\",\"urlTemplate\":\"https:\/\/www.nettali.com\/?s={search_term_string}\"},\"query-input\":\"required name=search_term_string\"}],\"inLanguage\":\"fr-FR\"},{\"@type\":\"ImageObject\",\"@id\":\"https:\/\/www.nettali.com\/2025\/09\/08\/rdc-vs-senegal-un-arbitre-somalien-au-sifflet\/#primaryimage\",\"inLanguage\":\"fr-FR\",\"url\":\"https:\/\/www.nettali.com\/wp-content\/uploads\/2025\/09\/CAN-2023-Un-arbitre-somalien-pour-diriger-la-rencontre-de-lAlgerie-contre-la-Mauritanie.jpg\",\"contentUrl\":\"https:\/\/www.nettali.com\/wp-content\/uploads\/2025\/09\/CAN-2023-Un-arbitre-somalien-pour-diriger-la-rencontre-de-lAlgerie-contre-la-Mauritanie.jpg\",\"width\":1218,\"height\":784},{\"@type\":\"WebPage\",\"@id\":\"https:\/\/www.nettali.com\/2025\/09\/08\/rdc-vs-senegal-un-arbitre-somalien-au-sifflet\/#webpage\",\"url\":\"https:\/\/www.nettali.com\/2025\/09\/08\/rdc-vs-senegal-un-arbitre-somalien-au-sifflet\/\",\"name\":\"RDC VS S\\u00c9N\\u00c9GAL- Un arbitre somalien au sifflet | Nettali.com\",\"isPartOf\":{\"@id\":\"https:\/\/www.nettali.com\/#website\"},\"primaryImageOfPage\":{\"@id\":\"https:\/\/www.nettali.com\/2025\/09\/08\/rdc-vs-senegal-un-arbitre-somalien-au-sifflet\/#primaryimage\"},\"datePublished\":\"2025-09-08T16:37:51+00:00\",\"dateModified\":\"2025-09-08T14:39:01+00:00\",\"author\":{\"@id\":\"https:\/\/www.nettali.com\/#\/schema\/person\/bb147657c2986240405a608162b9bb23\"},\"breadcrumb\":{\"@id\":\"https:\/\/www.nettali.com\/2025\/09\/08\/rdc-vs-senegal-un-arbitre-somalien-au-sifflet\/#breadcrumb\"},\"inLanguage\":\"fr-FR\",\"potentialAction\":[{\"@type\":\"ReadAction\",\"target\":[\"https:\/\/www.nettali.com\/2025\/09\/08\/rdc-vs-senegal-un-arbitre-somalien-au-sifflet\/\"]}]},{\"@type\":\"BreadcrumbList\",\"@id\":\"https:\/\/www.nettali.com\/2025\/09\/08\/rdc-vs-senegal-un-arbitre-somalien-au-sifflet\/#breadcrumb\",\"itemListElement\":[{\"@type\":\"ListItem\",\"position\":1,\"name\":\"Accueil\",\"item\":\"https:\/\/www.nettali.com\/\"},{\"@type\":\"ListItem\",\"position\":2,\"name\":\"RDC VS S\\u00c9N\\u00c9GAL- Un arbitre somalien au sifflet\"}]},{\"@type\":\"Person\",\"@id\":\"https:\/\/www.nettali.com\/#\/schema\/person\/bb147657c2986240405a608162b9bb23\",\"name\":\"Ibrahima\",\"image\":{\"@type\":\"ImageObject\",\"@id\":\"https:\/\/www.nettali.com\/#personlogo\",\"inLanguage\":\"fr-FR\",\"url\":\"https:\/\/secure.gravatar.com\/avatar\/26a8a81f09f0dd7624c9d5c36c9ba3a2?s=96&d=mm&r=g\",\"contentUrl\":\"https:\/\/secure.gravatar.com\/avatar\/26a8a81f09f0dd7624c9d5c36c9ba3a2?s=96&d=mm&r=g\",\"caption\":\"Ibrahima\"},\"sameAs\":[\"https:\/\/www.nettali.com\"]}]}<\/script>\n<!-- \/ Yoast SEO Premium plugin. -->","yoast_head_json":{"title":"RDC VS S\u00c9N\u00c9GAL- Un arbitre somalien au sifflet | Nettali.com","robots":{"index":"index","follow":"follow","max-snippet":"max-snippet:-1","max-image-preview":"max-image-preview:large","max-video-preview":"max-video-preview:-1"},"canonical":"https:\/\/www.nettali.com\/2025\/09\/08\/rdc-vs-senegal-un-arbitre-somalien-au-sifflet\/","og_locale":"fr_FR","og_type":"article","og_title":"RDC VS S\u00c9N\u00c9GAL- Un arbitre somalien au sifflet","og_description":"NETTALI.COM - Le choc de la 8e journ\u00e9e des \u00e9liminatoires de la Coupe du monde 2026 Zone Afrique entre la RDC et le S\u00e9n\u00e9gal, ce mardi au stade des Martyrs de Kinshasa, sera dirig\u00e9 par Omar Abdelkadir Artan. \u00c0 33 ans et international FIFA depuis 2018, le Somalien repr\u00e9sente un choix audacieux pour la CAF. [&hellip;]","og_url":"https:\/\/www.nettali.com\/2025\/09\/08\/rdc-vs-senegal-un-arbitre-somalien-au-sifflet\/","og_site_name":"Nettali.com","article_publisher":"https:\/\/www.facebook.com\/nettalicom","article_published_time":"2025-09-08T16:37:51+00:00","article_modified_time":"2025-09-08T14:39:01+00:00","og_image":[{"width":1218,"height":784,"url":"https:\/\/www.nettali.com\/wp-content\/uploads\/2025\/09\/CAN-2023-Un-arbitre-somalien-pour-diriger-la-rencontre-de-lAlgerie-contre-la-Mauritanie.jpg","type":"image\/jpeg"}],"twitter_card":"summary_large_image","twitter_misc":{"\u00c9crit par":"Ibrahima","Dur\u00e9e de lecture estim\u00e9e":"2 minutes"},"schema":{"@context":"https:\/\/schema.org","@graph":[{"@type":"WebSite","@id":"https:\/\/www.nettali.com\/#website","url":"https:\/\/www.nettali.com\/","name":"Nettali.com","description":"Le rendez-vous critique du Net","potentialAction":[{"@type":"SearchAction","target":{"@type":"EntryPoint","urlTemplate":"https:\/\/www.nettali.com\/?s={search_term_string}"},"query-input":"required name=search_term_string"}],"inLanguage":"fr-FR"},{"@type":"ImageObject","@id":"https:\/\/www.nettali.com\/2025\/09\/08\/rdc-vs-senegal-un-arbitre-somalien-au-sifflet\/#primaryimage","inLanguage":"fr-FR","url":"https:\/\/www.nettali.com\/wp-content\/uploads\/2025\/09\/CAN-2023-Un-arbitre-somalien-pour-diriger-la-rencontre-de-lAlgerie-contre-la-Mauritanie.jpg","contentUrl":"https:\/\/www.nettali.com\/wp-content\/uploads\/2025\/09\/CAN-2023-Un-arbitre-somalien-pour-diriger-la-rencontre-de-lAlgerie-contre-la-Mauritanie.jpg","width":1218,"height":784},{"@type":"WebPage","@id":"https:\/\/www.nettali.com\/2025\/09\/08\/rdc-vs-senegal-un-arbitre-somalien-au-sifflet\/#webpage","url":"https:\/\/www.nettali.com\/2025\/09\/08\/rdc-vs-senegal-un-arbitre-somalien-au-sifflet\/","name":"RDC VS S\u00c9N\u00c9GAL- Un arbitre somalien au sifflet | Nettali.com","isPartOf":{"@id":"https:\/\/www.nettali.com\/#website"},"primaryImageOfPage":{"@id":"https:\/\/www.nettali.com\/2025\/09\/08\/rdc-vs-senegal-un-arbitre-somalien-au-sifflet\/#primaryimage"},"datePublished":"2025-09-08T16:37:51+00:00","dateModified":"2025-09-08T14:39:01+00:00","author":{"@id":"https:\/\/www.nettali.com\/#\/schema\/person\/bb147657c2986240405a608162b9bb23"},"breadcrumb":{"@id":"https:\/\/www.nettali.com\/2025\/09\/08\/rdc-vs-senegal-un-arbitre-somalien-au-sifflet\/#breadcrumb"},"inLanguage":"fr-FR","potentialAction":[{"@type":"ReadAction","target":["https:\/\/www.nettali.com\/2025\/09\/08\/rdc-vs-senegal-un-arbitre-somalien-au-sifflet\/"]}]},{"@type":"BreadcrumbList","@id":"https:\/\/www.nettali.com\/2025\/09\/08\/rdc-vs-senegal-un-arbitre-somalien-au-sifflet\/#breadcrumb","itemListElement":[{"@type":"ListItem","position":1,"name":"Accueil","item":"https:\/\/www.nettali.com\/"},{"@type":"ListItem","position":2,"name":"RDC VS S\u00c9N\u00c9GAL- Un arbitre somalien au sifflet"}]},{"@type":"Person","@id":"https:\/\/www.nettali.com\/#\/schema\/person\/bb147657c2986240405a608162b9bb23","name":"Ibrahima","image":{"@type":"ImageObject","@id":"https:\/\/www.nettali.com\/#personlogo","inLanguage":"fr-FR","url":"https:\/\/secure.gravatar.com\/avatar\/26a8a81f09f0dd7624c9d5c36c9ba3a2?s=96&d=mm&r=g","contentUrl":"https:\/\/secure.gravatar.com\/avatar\/26a8a81f09f0dd7624c9d5c36c9ba3a2?s=96&d=mm&r=g","caption":"Ibrahima"},"sameAs":["https:\/\/www.nettali.com"]}]}},"_links":{"self":[{"href":"https:\/\/www.nettali.com\/rest\/wp\/v2\/posts\/160881"}],"collection":[{"href":"https:\/\/www.nettali.com\/rest\/wp\/v2\/posts"}],"about":[{"href":"https:\/\/www.nettali.com\/rest\/wp\/v2\/types\/post"}],"author":[{"embeddable":true,"href":"https:\/\/www.nettali.com\/rest\/wp\/v2\/users\/5"}],"replies":[{"embeddable":true,"href":"https:\/\/www.nettali.com\/rest\/wp\/v2\/comments?post=160881"}],"version-history":[{"count":1,"href":"https:\/\/www.nettali.com\/rest\/wp\/v2\/posts\/160881\/revisions"}],"predecessor-version":[{"id":160883,"href":"https:\/\/www.nettali.com\/rest\/wp\/v2\/posts\/160881\/revisions\/160883"}],"wp:featuredmedia":[{"embeddable":true,"href":"https:\/\/www.nettali.com\/rest\/wp\/v2\/media\/160882"}],"wp:attachment":[{"href":"https:\/\/www.nettali.com\/rest\/wp\/v2\/media?parent=160881"}],"wp:term":[{"taxonomy":"category","embeddable":true,"href":"https:\/\/www.nettali.com\/rest\/wp\/v2\/categories?post=160881"},{"taxonomy":"post_tag","embeddable":true,"href":"https:\/\/www.nettali.com\/rest\/wp\/v2\/tags?post=160881"}],"curies":[{"name":"wp","href":"https:\/\/api.w.org\/{rel}","templated":true}]}}