{"id":160876,"date":"2025-09-08T23:21:47","date_gmt":"2025-09-08T23:21:47","guid":{"rendered":"https:\/\/www.nettali.com\/?p=160876"},"modified":"2025-09-08T18:22:00","modified_gmt":"2025-09-08T18:22:00","slug":"me-bamba-cisse-au-ministere-de-linterieur-lavocat-des-pretoires-face-aux-defis-de-letat","status":"publish","type":"post","link":"https:\/\/www.nettali.com\/2025\/09\/08\/me-bamba-cisse-au-ministere-de-linterieur-lavocat-des-pretoires-face-aux-defis-de-letat\/","title":{"rendered":"Me BAMBA CISS\u00c9 AU MINIST\u00c8RE DE L'INT\u00c9RIEUR - L\u2019avocat des pr\u00e9toires face aux d\u00e9fis de l\u2019\u00c9tat"},"content":{"rendered":"<p data-start=\"208\" data-end=\"613\"><strong>NETTALI.COM - Le remaniement minist\u00e9riel du samedi dernier a r\u00e9serv\u00e9 une surprise de taille : Me Mouhamadou Bamba Ciss\u00e9 est d\u00e9sormais ministre de l\u2019Int\u00e9rieur et de la S\u00e9curit\u00e9 publique. L\u2019avocat, connu pour son \u00e9loquence dans les salles d\u2019audience et sa pr\u00e9sence remarqu\u00e9e dans les m\u00e9dias, succ\u00e8de au G\u00e9n\u00e9ral Jean-Baptiste Tine, en poste depuis la formation du premier gouvernement de l\u2019\u00e8re Bassirou Diomaye Faye.<\/strong><\/p>\n<p data-start=\"658\" data-end=\"1246\">Inscrit au Barreau en 2003, laur\u00e9at du premier prix des Barreaux francophones d\u2019Afrique et ancien secr\u00e9taire de conf\u00e9rence, Bamba Ciss\u00e9 s\u2019est illustr\u00e9 dans des dossiers retentissants. Aux c\u00f4t\u00e9s de Me Cir\u00e9 Cl\u00e9dor Ly, il a d\u00e9fendu Cheikh B\u00e9thio Thioune dans l\u2019affaire Madinatoul Salam. Dans le proc\u00e8s de la Caisse d\u2019avance, il a conseill\u00e9 Mbaye Tour\u00e9, co-accus\u00e9 de Khalifa Sall. Plus r\u00e9cemment, c\u2019est lui que le juge constitutionnel Cheikh Ndiaye a sollicit\u00e9 pour porter plainte apr\u00e8s avoir \u00e9t\u00e9 accus\u00e9 de corruption dans le cadre de l\u2019invalidation de la candidature de Karim Wade en 2024.<\/p>\n<p data-start=\"1248\" data-end=\"1416\">Sa r\u00e9putation d\u2019as des joutes oratoires, maniant citations de grands penseurs et rigueur juridique, en a fait l\u2019une des robes noires les plus m\u00e9diatis\u00e9es du pays.<\/p>\n<h3 data-start=\"1418\" data-end=\"1456\">Une proximit\u00e9 assum\u00e9e avec Sonko<\/h3>\n<p data-start=\"1457\" data-end=\"1794\">Le nouveau ministre de l\u2019Int\u00e9rieur est aussi une vieille connaissance du Premier ministre. Me Ciss\u00e9 aime rappeler qu\u2019il a rencontr\u00e9 Ousmane Sonko en 2002 \u00e0 l\u2019UCAD, lors d\u2019un doctorat en droit. Depuis, leurs trajectoires se sont crois\u00e9es \u00e0 plusieurs reprises, notamment lorsque Me Ciss\u00e9 a d\u00e9fendu Sonko dans ses d\u00e9m\u00eal\u00e9s judiciaires.<\/p>\n<p data-start=\"1796\" data-end=\"2090\">En 2024, il avait qualifi\u00e9 le leader de PASTEF de <em data-start=\"1846\" data-end=\"1871\">\u00ab ph\u00e9nom\u00e8ne politique \u00bb<\/em> et <em data-start=\"1875\" data-end=\"1943\">\u00ab l\u2019homme le plus remarquable de l\u2019histoire politique du S\u00e9n\u00e9gal \u00bb<\/em>. Une proximit\u00e9 qui alimente d\u00e9j\u00e0 les critiques de l\u2019opposition, certains mettant en doute sa neutralit\u00e9 pour organiser les prochaines \u00e9lections.<\/p>\n<p data-start=\"2143\" data-end=\"2500\">Habitu\u00e9 \u00e0 manier le code p\u00e9nal et le code de proc\u00e9dure, Me Bamba Ciss\u00e9 passe aujourd\u2019hui dans un autre registre : celui de la gestion s\u00e9curitaire et politique de l\u2019\u00c9tat. \u00c0 lui de superviser la police, la gendarmerie, l\u2019organisation mat\u00e9rielle des \u00e9lections et la s\u00e9curit\u00e9 publique dans un contexte o\u00f9 les tensions sociales et politiques restent vives.<\/p>\n<p data-start=\"2502\" data-end=\"2917\">Ses d\u00e9tracteurs rappellent qu\u2019il n\u2019a pas l\u2019exp\u00e9rience administrative d\u2019un g\u00e9n\u00e9ral ou d\u2019un haut fonctionnaire, mais ses partisans saluent un esprit brillant, rigoureux et profond\u00e9ment attach\u00e9 au civisme. L\u2019avocat, qui partageait r\u00e9guli\u00e8rement sur Facebook des extraits du code p\u00e9nal pour sensibiliser les citoyens \u00e0 la propret\u00e9 et au respect de l\u2019ordre public, s\u2019\u00e9tait taill\u00e9 l\u2019image d\u2019un \u00ab avocat du peuple \u00bb.<\/p>\n<h3 data-start=\"2919\" data-end=\"2943\">Les premiers d\u00e9fis<\/h3>\n<p data-start=\"2944\" data-end=\"3001\">\u00c0 l\u2019Int\u00e9rieur, Me Ciss\u00e9 devra rapidement faire face \u00e0 :<\/p>\n<ul data-start=\"3002\" data-end=\"3374\">\n<li data-start=\"3002\" data-end=\"3086\">\n<p data-start=\"3004\" data-end=\"3086\">L\u2019organisation des scrutins \u00e0 venir, dans un climat politique sous tension ;<\/p>\n<\/li>\n<li data-start=\"3087\" data-end=\"3194\">\n<p data-start=\"3089\" data-end=\"3194\">La garantie de la s\u00e9curit\u00e9 publique face aux menaces r\u00e9gionales, notamment le terrorisme au Sahel ;<\/p>\n<\/li>\n<li data-start=\"3195\" data-end=\"3277\">\n<p data-start=\"3197\" data-end=\"3277\">La gestion des forces de l\u2019ordre, souvent critiqu\u00e9es pour leur brutalit\u00e9 ;<\/p>\n<\/li>\n<li data-start=\"3278\" data-end=\"3374\">\n<p data-start=\"3280\" data-end=\"3374\">La reconqu\u00eate de la confiance de l\u2019opposition, qui redoute un minist\u00e8re instrumentalis\u00e9.<\/p>\n<\/li>\n<\/ul>\n<h3 data-start=\"3376\" data-end=\"3413\">Un ministre attendu au tournant<\/h3>\n<p data-start=\"3414\" data-end=\"3748\">Me Bamba Ciss\u00e9 disait en 2015 que <em data-start=\"3448\" data-end=\"3495\">\u00ab la politique est une affaire de seigneurs \u00bb<\/em>, o\u00f9 respect et d\u00e9passement doivent primer sur les invectives. Il lui faudra mettre en pratique cette philosophie dans un portefeuille hautement sensible, o\u00f9 chaque d\u00e9cision sera scrut\u00e9e et o\u00f9 l\u2019\u00e9quilibre entre autorit\u00e9 et neutralit\u00e9 sera d\u00e9terminant.<\/p>\n<p data-start=\"3414\" data-end=\"3748\">Le pari de Sonko est audacieux : confier l\u2019Int\u00e9rieur \u00e0 un avocat brillant mais novice dans la gestion s\u00e9curitaire. Si Me Ciss\u00e9 parvient \u00e0 transposer son sens du droit et sa rigueur intellectuelle \u00e0 la conduite d\u2019un minist\u00e8re aussi strat\u00e9gique, il pourrait incarner une nouvelle approche. Sinon, ses adversaires ne manqueront pas de lui rappeler que le pr\u00e9toire et la place Washington ne rel\u00e8vent pas du m\u00eame registre.<\/p>\n<div class='share-to-whatsapp-wrapper'><div class='share-on-whsp'>PARTAGER SUR : <\/div><a data-text='Me BAMBA CISS\u00c9 AU MINIST\u00c8RE DE L'INT\u00c9RIEUR - L\u2019avocat des pr\u00e9toires face aux d\u00e9fis de l\u2019\u00c9tat' data-link='https:\/\/www.nettali.com\/2025\/09\/08\/me-bamba-cisse-au-ministere-de-linterieur-lavocat-des-pretoires-face-aux-defis-de-letat\/' class='whatsapp-button whatsapp-share'>WhatsApp<\/a><div class='clear '><\/div><\/div>","protected":false},"excerpt":{"rendered":"<p>NETTALI.COM - Le remaniement minist\u00e9riel du samedi dernier a r\u00e9serv\u00e9 une surprise de taille : Me Mouhamadou Bamba Ciss\u00e9 est d\u00e9sormais ministre de l\u2019Int\u00e9rieur et de la S\u00e9curit\u00e9 publique. L\u2019avocat, connu pour son \u00e9loquence dans les salles d\u2019audience et sa pr\u00e9sence remarqu\u00e9e dans les m\u00e9dias, succ\u00e8de au G\u00e9n\u00e9ral Jean-Baptiste Tine, en poste depuis la formation [&hellip;]<\/p>\n","protected":false},"author":4,"featured_media":145068,"comment_status":"open","ping_status":"open","sticky":false,"template":"","format":"standard","meta":{"_et_pb_use_builder":"","_et_pb_old_content":""},"categories":[3],"tags":[],"yoast_head":"<!-- This site is optimized with the Yoast SEO Premium plugin v17.8 (Yoast SEO v17.8) - https:\/\/yoast.com\/wordpress\/plugins\/seo\/ -->\n<title>Me BAMBA CISS\u00c9 AU MINIST\u00c8RE DE L&#039;INT\u00c9RIEUR - L\u2019avocat des pr\u00e9toires face aux d\u00e9fis de l\u2019\u00c9tat | Nettali.com<\/title>\n<meta name=\"robots\" content=\"index, follow, max-snippet:-1, max-image-preview:large, max-video-preview:-1\" \/>\n<link rel=\"canonical\" href=\"https:\/\/www.nettali.com\/2025\/09\/08\/me-bamba-cisse-au-ministere-de-linterieur-lavocat-des-pretoires-face-aux-defis-de-letat\/\" \/>\n<meta property=\"og:locale\" content=\"fr_FR\" \/>\n<meta property=\"og:type\" content=\"article\" \/>\n<meta property=\"og:title\" content=\"Me BAMBA CISS\u00c9 AU MINIST\u00c8RE DE L&#039;INT\u00c9RIEUR - L\u2019avocat des pr\u00e9toires face aux d\u00e9fis de l\u2019\u00c9tat\" \/>\n<meta property=\"og:description\" content=\"NETTALI.COM - Le remaniement minist\u00e9riel du samedi dernier a r\u00e9serv\u00e9 une surprise de taille : Me Mouhamadou Bamba Ciss\u00e9 est d\u00e9sormais ministre de l\u2019Int\u00e9rieur et de la S\u00e9curit\u00e9 publique. L\u2019avocat, connu pour son \u00e9loquence dans les salles d\u2019audience et sa pr\u00e9sence remarqu\u00e9e dans les m\u00e9dias, succ\u00e8de au G\u00e9n\u00e9ral Jean-Baptiste Tine, en poste depuis la formation [&hellip;]\" \/>\n<meta property=\"og:url\" content=\"https:\/\/www.nettali.com\/2025\/09\/08\/me-bamba-cisse-au-ministere-de-linterieur-lavocat-des-pretoires-face-aux-defis-de-letat\/\" \/>\n<meta property=\"og:site_name\" content=\"Nettali.com\" \/>\n<meta property=\"article:publisher\" content=\"https:\/\/www.facebook.com\/nettalicom\" \/>\n<meta property=\"article:published_time\" content=\"2025-09-08T23:21:47+00:00\" \/>\n<meta property=\"article:modified_time\" content=\"2025-09-08T18:22:00+00:00\" \/>\n<meta property=\"og:image\" content=\"https:\/\/www.nettali.com\/wp-content\/uploads\/2024\/12\/Me-Bamba-Cisse.jpg\" \/>\n\t<meta property=\"og:image:width\" content=\"755\" \/>\n\t<meta property=\"og:image:height\" content=\"449\" \/>\n<meta name=\"twitter:card\" content=\"summary_large_image\" \/>\n<meta name=\"twitter:label1\" content=\"\u00c9crit par\" \/>\n\t<meta name=\"twitter:data1\" content=\"Daouda\" \/>\n\t<meta name=\"twitter:label2\" content=\"Dur\u00e9e de lecture estim\u00e9e\" \/>\n\t<meta name=\"twitter:data2\" content=\"3 minutes\" \/>\n<script type=\"application\/ld+json\" class=\"yoast-schema-graph\">{\"@context\":\"https:\/\/schema.org\",\"@graph\":[{\"@type\":\"WebSite\",\"@id\":\"https:\/\/www.nettali.com\/#website\",\"url\":\"https:\/\/www.nettali.com\/\",\"name\":\"Nettali.com\",\"description\":\"Le rendez-vous critique du Net\",\"potentialAction\":[{\"@type\":\"SearchAction\",\"target\":{\"@type\":\"EntryPoint\",\"urlTemplate\":\"https:\/\/www.nettali.com\/?s={search_term_string}\"},\"query-input\":\"required name=search_term_string\"}],\"inLanguage\":\"fr-FR\"},{\"@type\":\"ImageObject\",\"@id\":\"https:\/\/www.nettali.com\/2025\/09\/08\/me-bamba-cisse-au-ministere-de-linterieur-lavocat-des-pretoires-face-aux-defis-de-letat\/#primaryimage\",\"inLanguage\":\"fr-FR\",\"url\":\"https:\/\/www.nettali.com\/wp-content\/uploads\/2024\/12\/Me-Bamba-Cisse.jpg\",\"contentUrl\":\"https:\/\/www.nettali.com\/wp-content\/uploads\/2024\/12\/Me-Bamba-Cisse.jpg\",\"width\":755,\"height\":449},{\"@type\":\"WebPage\",\"@id\":\"https:\/\/www.nettali.com\/2025\/09\/08\/me-bamba-cisse-au-ministere-de-linterieur-lavocat-des-pretoires-face-aux-defis-de-letat\/#webpage\",\"url\":\"https:\/\/www.nettali.com\/2025\/09\/08\/me-bamba-cisse-au-ministere-de-linterieur-lavocat-des-pretoires-face-aux-defis-de-letat\/\",\"name\":\"Me BAMBA CISS\\u00c9 AU MINIST\\u00c8RE DE L'INT\\u00c9RIEUR - L\\u2019avocat des pr\\u00e9toires face aux d\\u00e9fis de l\\u2019\\u00c9tat | Nettali.com\",\"isPartOf\":{\"@id\":\"https:\/\/www.nettali.com\/#website\"},\"primaryImageOfPage\":{\"@id\":\"https:\/\/www.nettali.com\/2025\/09\/08\/me-bamba-cisse-au-ministere-de-linterieur-lavocat-des-pretoires-face-aux-defis-de-letat\/#primaryimage\"},\"datePublished\":\"2025-09-08T23:21:47+00:00\",\"dateModified\":\"2025-09-08T18:22:00+00:00\",\"author\":{\"@id\":\"https:\/\/www.nettali.com\/#\/schema\/person\/3317e0bb3aa1da309fbf7b2780901bf4\"},\"breadcrumb\":{\"@id\":\"https:\/\/www.nettali.com\/2025\/09\/08\/me-bamba-cisse-au-ministere-de-linterieur-lavocat-des-pretoires-face-aux-defis-de-letat\/#breadcrumb\"},\"inLanguage\":\"fr-FR\",\"potentialAction\":[{\"@type\":\"ReadAction\",\"target\":[\"https:\/\/www.nettali.com\/2025\/09\/08\/me-bamba-cisse-au-ministere-de-linterieur-lavocat-des-pretoires-face-aux-defis-de-letat\/\"]}]},{\"@type\":\"BreadcrumbList\",\"@id\":\"https:\/\/www.nettali.com\/2025\/09\/08\/me-bamba-cisse-au-ministere-de-linterieur-lavocat-des-pretoires-face-aux-defis-de-letat\/#breadcrumb\",\"itemListElement\":[{\"@type\":\"ListItem\",\"position\":1,\"name\":\"Accueil\",\"item\":\"https:\/\/www.nettali.com\/\"},{\"@type\":\"ListItem\",\"position\":2,\"name\":\"Me BAMBA CISS\\u00c9 AU MINIST\\u00c8RE DE L'INT\\u00c9RIEUR - L\\u2019avocat des pr\\u00e9toires face aux d\\u00e9fis de l\\u2019\\u00c9tat\"}]},{\"@type\":\"Person\",\"@id\":\"https:\/\/www.nettali.com\/#\/schema\/person\/3317e0bb3aa1da309fbf7b2780901bf4\",\"name\":\"Daouda\",\"image\":{\"@type\":\"ImageObject\",\"@id\":\"https:\/\/www.nettali.com\/#personlogo\",\"inLanguage\":\"fr-FR\",\"url\":\"https:\/\/secure.gravatar.com\/avatar\/8d143b5a49345098ddcfee1c49c2f47c?s=96&d=mm&r=g\",\"contentUrl\":\"https:\/\/secure.gravatar.com\/avatar\/8d143b5a49345098ddcfee1c49c2f47c?s=96&d=mm&r=g\",\"caption\":\"Daouda\"},\"sameAs\":[\"https:\/\/www.nettali.com\"]}]}<\/script>\n<!-- \/ Yoast SEO Premium plugin. -->","yoast_head_json":{"title":"Me BAMBA CISS\u00c9 AU MINIST\u00c8RE DE L'INT\u00c9RIEUR - L\u2019avocat des pr\u00e9toires face aux d\u00e9fis de l\u2019\u00c9tat | Nettali.com","robots":{"index":"index","follow":"follow","max-snippet":"max-snippet:-1","max-image-preview":"max-image-preview:large","max-video-preview":"max-video-preview:-1"},"canonical":"https:\/\/www.nettali.com\/2025\/09\/08\/me-bamba-cisse-au-ministere-de-linterieur-lavocat-des-pretoires-face-aux-defis-de-letat\/","og_locale":"fr_FR","og_type":"article","og_title":"Me BAMBA CISS\u00c9 AU MINIST\u00c8RE DE L'INT\u00c9RIEUR - L\u2019avocat des pr\u00e9toires face aux d\u00e9fis de l\u2019\u00c9tat","og_description":"NETTALI.COM - Le remaniement minist\u00e9riel du samedi dernier a r\u00e9serv\u00e9 une surprise de taille : Me Mouhamadou Bamba Ciss\u00e9 est d\u00e9sormais ministre de l\u2019Int\u00e9rieur et de la S\u00e9curit\u00e9 publique. L\u2019avocat, connu pour son \u00e9loquence dans les salles d\u2019audience et sa pr\u00e9sence remarqu\u00e9e dans les m\u00e9dias, succ\u00e8de au G\u00e9n\u00e9ral Jean-Baptiste Tine, en poste depuis la formation [&hellip;]","og_url":"https:\/\/www.nettali.com\/2025\/09\/08\/me-bamba-cisse-au-ministere-de-linterieur-lavocat-des-pretoires-face-aux-defis-de-letat\/","og_site_name":"Nettali.com","article_publisher":"https:\/\/www.facebook.com\/nettalicom","article_published_time":"2025-09-08T23:21:47+00:00","article_modified_time":"2025-09-08T18:22:00+00:00","og_image":[{"width":755,"height":449,"url":"https:\/\/www.nettali.com\/wp-content\/uploads\/2024\/12\/Me-Bamba-Cisse.jpg","type":"image\/jpeg"}],"twitter_card":"summary_large_image","twitter_misc":{"\u00c9crit par":"Daouda","Dur\u00e9e de lecture estim\u00e9e":"3 minutes"},"schema":{"@context":"https:\/\/schema.org","@graph":[{"@type":"WebSite","@id":"https:\/\/www.nettali.com\/#website","url":"https:\/\/www.nettali.com\/","name":"Nettali.com","description":"Le rendez-vous critique du Net","potentialAction":[{"@type":"SearchAction","target":{"@type":"EntryPoint","urlTemplate":"https:\/\/www.nettali.com\/?s={search_term_string}"},"query-input":"required name=search_term_string"}],"inLanguage":"fr-FR"},{"@type":"ImageObject","@id":"https:\/\/www.nettali.com\/2025\/09\/08\/me-bamba-cisse-au-ministere-de-linterieur-lavocat-des-pretoires-face-aux-defis-de-letat\/#primaryimage","inLanguage":"fr-FR","url":"https:\/\/www.nettali.com\/wp-content\/uploads\/2024\/12\/Me-Bamba-Cisse.jpg","contentUrl":"https:\/\/www.nettali.com\/wp-content\/uploads\/2024\/12\/Me-Bamba-Cisse.jpg","width":755,"height":449},{"@type":"WebPage","@id":"https:\/\/www.nettali.com\/2025\/09\/08\/me-bamba-cisse-au-ministere-de-linterieur-lavocat-des-pretoires-face-aux-defis-de-letat\/#webpage","url":"https:\/\/www.nettali.com\/2025\/09\/08\/me-bamba-cisse-au-ministere-de-linterieur-lavocat-des-pretoires-face-aux-defis-de-letat\/","name":"Me BAMBA CISS\u00c9 AU MINIST\u00c8RE DE L'INT\u00c9RIEUR - L\u2019avocat des pr\u00e9toires face aux d\u00e9fis de l\u2019\u00c9tat | Nettali.com","isPartOf":{"@id":"https:\/\/www.nettali.com\/#website"},"primaryImageOfPage":{"@id":"https:\/\/www.nettali.com\/2025\/09\/08\/me-bamba-cisse-au-ministere-de-linterieur-lavocat-des-pretoires-face-aux-defis-de-letat\/#primaryimage"},"datePublished":"2025-09-08T23:21:47+00:00","dateModified":"2025-09-08T18:22:00+00:00","author":{"@id":"https:\/\/www.nettali.com\/#\/schema\/person\/3317e0bb3aa1da309fbf7b2780901bf4"},"breadcrumb":{"@id":"https:\/\/www.nettali.com\/2025\/09\/08\/me-bamba-cisse-au-ministere-de-linterieur-lavocat-des-pretoires-face-aux-defis-de-letat\/#breadcrumb"},"inLanguage":"fr-FR","potentialAction":[{"@type":"ReadAction","target":["https:\/\/www.nettali.com\/2025\/09\/08\/me-bamba-cisse-au-ministere-de-linterieur-lavocat-des-pretoires-face-aux-defis-de-letat\/"]}]},{"@type":"BreadcrumbList","@id":"https:\/\/www.nettali.com\/2025\/09\/08\/me-bamba-cisse-au-ministere-de-linterieur-lavocat-des-pretoires-face-aux-defis-de-letat\/#breadcrumb","itemListElement":[{"@type":"ListItem","position":1,"name":"Accueil","item":"https:\/\/www.nettali.com\/"},{"@type":"ListItem","position":2,"name":"Me BAMBA CISS\u00c9 AU MINIST\u00c8RE DE L'INT\u00c9RIEUR - L\u2019avocat des pr\u00e9toires face aux d\u00e9fis de l\u2019\u00c9tat"}]},{"@type":"Person","@id":"https:\/\/www.nettali.com\/#\/schema\/person\/3317e0bb3aa1da309fbf7b2780901bf4","name":"Daouda","image":{"@type":"ImageObject","@id":"https:\/\/www.nettali.com\/#personlogo","inLanguage":"fr-FR","url":"https:\/\/secure.gravatar.com\/avatar\/8d143b5a49345098ddcfee1c49c2f47c?s=96&d=mm&r=g","contentUrl":"https:\/\/secure.gravatar.com\/avatar\/8d143b5a49345098ddcfee1c49c2f47c?s=96&d=mm&r=g","caption":"Daouda"},"sameAs":["https:\/\/www.nettali.com"]}]}},"_links":{"self":[{"href":"https:\/\/www.nettali.com\/rest\/wp\/v2\/posts\/160876"}],"collection":[{"href":"https:\/\/www.nettali.com\/rest\/wp\/v2\/posts"}],"about":[{"href":"https:\/\/www.nettali.com\/rest\/wp\/v2\/types\/post"}],"author":[{"embeddable":true,"href":"https:\/\/www.nettali.com\/rest\/wp\/v2\/users\/4"}],"replies":[{"embeddable":true,"href":"https:\/\/www.nettali.com\/rest\/wp\/v2\/comments?post=160876"}],"version-history":[{"count":1,"href":"https:\/\/www.nettali.com\/rest\/wp\/v2\/posts\/160876\/revisions"}],"predecessor-version":[{"id":160877,"href":"https:\/\/www.nettali.com\/rest\/wp\/v2\/posts\/160876\/revisions\/160877"}],"wp:featuredmedia":[{"embeddable":true,"href":"https:\/\/www.nettali.com\/rest\/wp\/v2\/media\/145068"}],"wp:attachment":[{"href":"https:\/\/www.nettali.com\/rest\/wp\/v2\/media?parent=160876"}],"wp:term":[{"taxonomy":"category","embeddable":true,"href":"https:\/\/www.nettali.com\/rest\/wp\/v2\/categories?post=160876"},{"taxonomy":"post_tag","embeddable":true,"href":"https:\/\/www.nettali.com\/rest\/wp\/v2\/tags?post=160876"}],"curies":[{"name":"wp","href":"https:\/\/api.w.org\/{rel}","templated":true}]}}