{"id":160870,"date":"2025-09-08T10:10:45","date_gmt":"2025-09-08T10:10:45","guid":{"rendered":"https:\/\/www.nettali.com\/?p=160870"},"modified":"2025-09-08T10:10:45","modified_gmt":"2025-09-08T10:10:45","slug":"drame-sur-la-route-de-kebemer-trois-morts-dans-une-collision-entre-voiture-et-charrette","status":"publish","type":"post","link":"https:\/\/www.nettali.com\/2025\/09\/08\/drame-sur-la-route-de-kebemer-trois-morts-dans-une-collision-entre-voiture-et-charrette\/","title":{"rendered":"DRAME SUR LA ROUTE DE K\u00c9B\u00c9MER -Trois morts dans une collision entre voiture et charrette"},"content":{"rendered":"<p>\u200e<strong>NETTALI.COM-\u00a0Un accident tragique est survenu t\u00f4t ce lundi matin sur l\u2019axe Touba-K\u00e9b\u00e9mer. Le choc entre une voiture particuli\u00e8re et une charrette a co\u00fbt\u00e9 la vie \u00e0 trois hommes et fait deux bless\u00e9s graves.<\/strong><\/p>\n<p>\u200eUn accident d\u2019une extr\u00eame violence a eu lieu ce lundi, aux environs de 7 heures, sur la route Touba-K\u00e9b\u00e9mer, \u00e0 hauteur du village de Gade Fall, situ\u00e9 \u00e0 un kilom\u00e8tre de la ville de K\u00e9b\u00e9mer. Selon les premiers t\u00e9moignages recueillis sur place, une Citro\u00ebn C5 en provenance de Touba et se dirigeant vers K\u00e9b\u00e9mer est entr\u00e9e en collision avec une charrette transportant plusieurs passagers.<\/p>\n<p>\u200eLe bilan est particuli\u00e8rement lourd : trois personnes de sexe masculin ont perdu la vie sur le coup, tandis que deux autres ont \u00e9t\u00e9 gri\u00e8vement bless\u00e9es. Les victimes ont \u00e9t\u00e9 rapidement \u00e9vacu\u00e9es par les sapeurs-pompiers vers le centre de sant\u00e9 de K\u00e9b\u00e9mer pour y recevoir des soins.<\/p>\n<p>\u200eLe conducteur du v\u00e9hicule, identifi\u00e9 comme appartenant \u00e0 la compagnie \u00ab War Gaind\u00e9 \u00bb, a \u00e9t\u00e9 interpell\u00e9 par les \u00e9l\u00e9ments du commissariat de K\u00e9b\u00e9mer. Il est poursuivi pour homicide involontaire, en attendant l\u2019issue de l\u2019enqu\u00eate ouverte pour d\u00e9terminer les circonstances exactes de ce drame.<\/p>\n<div class='share-to-whatsapp-wrapper'><div class='share-on-whsp'>PARTAGER SUR : <\/div><a data-text='DRAME SUR LA ROUTE DE K\u00c9B\u00c9MER -Trois morts dans une collision entre voiture et charrette' data-link='https:\/\/www.nettali.com\/2025\/09\/08\/drame-sur-la-route-de-kebemer-trois-morts-dans-une-collision-entre-voiture-et-charrette\/' class='whatsapp-button whatsapp-share'>WhatsApp<\/a><div class='clear '><\/div><\/div>","protected":false},"excerpt":{"rendered":"<p>\u200eNETTALI.COM-\u00a0Un accident tragique est survenu t\u00f4t ce lundi matin sur l\u2019axe Touba-K\u00e9b\u00e9mer. Le choc entre une voiture particuli\u00e8re et une charrette a co\u00fbt\u00e9 la vie \u00e0 trois hommes et fait deux bless\u00e9s graves. \u200eUn accident d\u2019une extr\u00eame violence a eu lieu ce lundi, aux environs de 7 heures, sur la route Touba-K\u00e9b\u00e9mer, \u00e0 hauteur du [&hellip;]<\/p>\n","protected":false},"author":6,"featured_media":160871,"comment_status":"open","ping_status":"open","sticky":false,"template":"","format":"standard","meta":{"_et_pb_use_builder":"","_et_pb_old_content":""},"categories":[3],"tags":[],"yoast_head":"<!-- This site is optimized with the Yoast SEO Premium plugin v17.8 (Yoast SEO v17.8) - https:\/\/yoast.com\/wordpress\/plugins\/seo\/ -->\n<title>DRAME SUR LA ROUTE DE K\u00c9B\u00c9MER -Trois morts dans une collision entre voiture et charrette | Nettali.com<\/title>\n<meta name=\"robots\" content=\"index, follow, max-snippet:-1, max-image-preview:large, max-video-preview:-1\" \/>\n<link rel=\"canonical\" href=\"https:\/\/www.nettali.com\/2025\/09\/08\/drame-sur-la-route-de-kebemer-trois-morts-dans-une-collision-entre-voiture-et-charrette\/\" \/>\n<meta property=\"og:locale\" content=\"fr_FR\" \/>\n<meta property=\"og:type\" content=\"article\" \/>\n<meta property=\"og:title\" content=\"DRAME SUR LA ROUTE DE K\u00c9B\u00c9MER -Trois morts dans une collision entre voiture et charrette\" \/>\n<meta property=\"og:description\" content=\"\u200eNETTALI.COM-\u00a0Un accident tragique est survenu t\u00f4t ce lundi matin sur l\u2019axe Touba-K\u00e9b\u00e9mer. Le choc entre une voiture particuli\u00e8re et une charrette a co\u00fbt\u00e9 la vie \u00e0 trois hommes et fait deux bless\u00e9s graves. \u200eUn accident d\u2019une extr\u00eame violence a eu lieu ce lundi, aux environs de 7 heures, sur la route Touba-K\u00e9b\u00e9mer, \u00e0 hauteur du [&hellip;]\" \/>\n<meta property=\"og:url\" content=\"https:\/\/www.nettali.com\/2025\/09\/08\/drame-sur-la-route-de-kebemer-trois-morts-dans-une-collision-entre-voiture-et-charrette\/\" \/>\n<meta property=\"og:site_name\" content=\"Nettali.com\" \/>\n<meta property=\"article:publisher\" content=\"https:\/\/www.facebook.com\/nettalicom\" \/>\n<meta property=\"article:published_time\" content=\"2025-09-08T10:10:45+00:00\" \/>\n<meta property=\"og:image\" content=\"https:\/\/www.nettali.com\/wp-content\/uploads\/2025\/09\/Accident-a-Kebemer.jpg\" \/>\n\t<meta property=\"og:image:width\" content=\"1050\" \/>\n\t<meta property=\"og:image:height\" content=\"692\" \/>\n<meta name=\"twitter:card\" content=\"summary_large_image\" \/>\n<meta name=\"twitter:label1\" content=\"\u00c9crit par\" \/>\n\t<meta name=\"twitter:data1\" content=\"Fatou\" \/>\n\t<meta name=\"twitter:label2\" content=\"Dur\u00e9e de lecture estim\u00e9e\" \/>\n\t<meta name=\"twitter:data2\" content=\"1 minute\" \/>\n<script type=\"application\/ld+json\" class=\"yoast-schema-graph\">{\"@context\":\"https:\/\/schema.org\",\"@graph\":[{\"@type\":\"WebSite\",\"@id\":\"https:\/\/www.nettali.com\/#website\",\"url\":\"https:\/\/www.nettali.com\/\",\"name\":\"Nettali.com\",\"description\":\"Le rendez-vous critique du Net\",\"potentialAction\":[{\"@type\":\"SearchAction\",\"target\":{\"@type\":\"EntryPoint\",\"urlTemplate\":\"https:\/\/www.nettali.com\/?s={search_term_string}\"},\"query-input\":\"required name=search_term_string\"}],\"inLanguage\":\"fr-FR\"},{\"@type\":\"ImageObject\",\"@id\":\"https:\/\/www.nettali.com\/2025\/09\/08\/drame-sur-la-route-de-kebemer-trois-morts-dans-une-collision-entre-voiture-et-charrette\/#primaryimage\",\"inLanguage\":\"fr-FR\",\"url\":\"https:\/\/www.nettali.com\/wp-content\/uploads\/2025\/09\/Accident-a-Kebemer.jpg\",\"contentUrl\":\"https:\/\/www.nettali.com\/wp-content\/uploads\/2025\/09\/Accident-a-Kebemer.jpg\",\"width\":1050,\"height\":692},{\"@type\":\"WebPage\",\"@id\":\"https:\/\/www.nettali.com\/2025\/09\/08\/drame-sur-la-route-de-kebemer-trois-morts-dans-une-collision-entre-voiture-et-charrette\/#webpage\",\"url\":\"https:\/\/www.nettali.com\/2025\/09\/08\/drame-sur-la-route-de-kebemer-trois-morts-dans-une-collision-entre-voiture-et-charrette\/\",\"name\":\"DRAME SUR LA ROUTE DE K\\u00c9B\\u00c9MER -Trois morts dans une collision entre voiture et charrette | Nettali.com\",\"isPartOf\":{\"@id\":\"https:\/\/www.nettali.com\/#website\"},\"primaryImageOfPage\":{\"@id\":\"https:\/\/www.nettali.com\/2025\/09\/08\/drame-sur-la-route-de-kebemer-trois-morts-dans-une-collision-entre-voiture-et-charrette\/#primaryimage\"},\"datePublished\":\"2025-09-08T10:10:45+00:00\",\"dateModified\":\"2025-09-08T10:10:45+00:00\",\"author\":{\"@id\":\"https:\/\/www.nettali.com\/#\/schema\/person\/418274a86bdf87caff7a3ef476bd0bbf\"},\"breadcrumb\":{\"@id\":\"https:\/\/www.nettali.com\/2025\/09\/08\/drame-sur-la-route-de-kebemer-trois-morts-dans-une-collision-entre-voiture-et-charrette\/#breadcrumb\"},\"inLanguage\":\"fr-FR\",\"potentialAction\":[{\"@type\":\"ReadAction\",\"target\":[\"https:\/\/www.nettali.com\/2025\/09\/08\/drame-sur-la-route-de-kebemer-trois-morts-dans-une-collision-entre-voiture-et-charrette\/\"]}]},{\"@type\":\"BreadcrumbList\",\"@id\":\"https:\/\/www.nettali.com\/2025\/09\/08\/drame-sur-la-route-de-kebemer-trois-morts-dans-une-collision-entre-voiture-et-charrette\/#breadcrumb\",\"itemListElement\":[{\"@type\":\"ListItem\",\"position\":1,\"name\":\"Accueil\",\"item\":\"https:\/\/www.nettali.com\/\"},{\"@type\":\"ListItem\",\"position\":2,\"name\":\"DRAME SUR LA ROUTE DE K\\u00c9B\\u00c9MER -Trois morts dans une collision entre voiture et charrette\"}]},{\"@type\":\"Person\",\"@id\":\"https:\/\/www.nettali.com\/#\/schema\/person\/418274a86bdf87caff7a3ef476bd0bbf\",\"name\":\"Fatou\",\"image\":{\"@type\":\"ImageObject\",\"@id\":\"https:\/\/www.nettali.com\/#personlogo\",\"inLanguage\":\"fr-FR\",\"url\":\"https:\/\/secure.gravatar.com\/avatar\/5a9442a2bee7b4dcf167cab035858e9a?s=96&d=mm&r=g\",\"contentUrl\":\"https:\/\/secure.gravatar.com\/avatar\/5a9442a2bee7b4dcf167cab035858e9a?s=96&d=mm&r=g\",\"caption\":\"Fatou\"},\"sameAs\":[\"https:\/\/www.nettali.com\"]}]}<\/script>\n<!-- \/ Yoast SEO Premium plugin. -->","yoast_head_json":{"title":"DRAME SUR LA ROUTE DE K\u00c9B\u00c9MER -Trois morts dans une collision entre voiture et charrette | Nettali.com","robots":{"index":"index","follow":"follow","max-snippet":"max-snippet:-1","max-image-preview":"max-image-preview:large","max-video-preview":"max-video-preview:-1"},"canonical":"https:\/\/www.nettali.com\/2025\/09\/08\/drame-sur-la-route-de-kebemer-trois-morts-dans-une-collision-entre-voiture-et-charrette\/","og_locale":"fr_FR","og_type":"article","og_title":"DRAME SUR LA ROUTE DE K\u00c9B\u00c9MER -Trois morts dans une collision entre voiture et charrette","og_description":"\u200eNETTALI.COM-\u00a0Un accident tragique est survenu t\u00f4t ce lundi matin sur l\u2019axe Touba-K\u00e9b\u00e9mer. Le choc entre une voiture particuli\u00e8re et une charrette a co\u00fbt\u00e9 la vie \u00e0 trois hommes et fait deux bless\u00e9s graves. \u200eUn accident d\u2019une extr\u00eame violence a eu lieu ce lundi, aux environs de 7 heures, sur la route Touba-K\u00e9b\u00e9mer, \u00e0 hauteur du [&hellip;]","og_url":"https:\/\/www.nettali.com\/2025\/09\/08\/drame-sur-la-route-de-kebemer-trois-morts-dans-une-collision-entre-voiture-et-charrette\/","og_site_name":"Nettali.com","article_publisher":"https:\/\/www.facebook.com\/nettalicom","article_published_time":"2025-09-08T10:10:45+00:00","og_image":[{"width":1050,"height":692,"url":"https:\/\/www.nettali.com\/wp-content\/uploads\/2025\/09\/Accident-a-Kebemer.jpg","type":"image\/jpeg"}],"twitter_card":"summary_large_image","twitter_misc":{"\u00c9crit par":"Fatou","Dur\u00e9e de lecture estim\u00e9e":"1 minute"},"schema":{"@context":"https:\/\/schema.org","@graph":[{"@type":"WebSite","@id":"https:\/\/www.nettali.com\/#website","url":"https:\/\/www.nettali.com\/","name":"Nettali.com","description":"Le rendez-vous critique du Net","potentialAction":[{"@type":"SearchAction","target":{"@type":"EntryPoint","urlTemplate":"https:\/\/www.nettali.com\/?s={search_term_string}"},"query-input":"required name=search_term_string"}],"inLanguage":"fr-FR"},{"@type":"ImageObject","@id":"https:\/\/www.nettali.com\/2025\/09\/08\/drame-sur-la-route-de-kebemer-trois-morts-dans-une-collision-entre-voiture-et-charrette\/#primaryimage","inLanguage":"fr-FR","url":"https:\/\/www.nettali.com\/wp-content\/uploads\/2025\/09\/Accident-a-Kebemer.jpg","contentUrl":"https:\/\/www.nettali.com\/wp-content\/uploads\/2025\/09\/Accident-a-Kebemer.jpg","width":1050,"height":692},{"@type":"WebPage","@id":"https:\/\/www.nettali.com\/2025\/09\/08\/drame-sur-la-route-de-kebemer-trois-morts-dans-une-collision-entre-voiture-et-charrette\/#webpage","url":"https:\/\/www.nettali.com\/2025\/09\/08\/drame-sur-la-route-de-kebemer-trois-morts-dans-une-collision-entre-voiture-et-charrette\/","name":"DRAME SUR LA ROUTE DE K\u00c9B\u00c9MER -Trois morts dans une collision entre voiture et charrette | Nettali.com","isPartOf":{"@id":"https:\/\/www.nettali.com\/#website"},"primaryImageOfPage":{"@id":"https:\/\/www.nettali.com\/2025\/09\/08\/drame-sur-la-route-de-kebemer-trois-morts-dans-une-collision-entre-voiture-et-charrette\/#primaryimage"},"datePublished":"2025-09-08T10:10:45+00:00","dateModified":"2025-09-08T10:10:45+00:00","author":{"@id":"https:\/\/www.nettali.com\/#\/schema\/person\/418274a86bdf87caff7a3ef476bd0bbf"},"breadcrumb":{"@id":"https:\/\/www.nettali.com\/2025\/09\/08\/drame-sur-la-route-de-kebemer-trois-morts-dans-une-collision-entre-voiture-et-charrette\/#breadcrumb"},"inLanguage":"fr-FR","potentialAction":[{"@type":"ReadAction","target":["https:\/\/www.nettali.com\/2025\/09\/08\/drame-sur-la-route-de-kebemer-trois-morts-dans-une-collision-entre-voiture-et-charrette\/"]}]},{"@type":"BreadcrumbList","@id":"https:\/\/www.nettali.com\/2025\/09\/08\/drame-sur-la-route-de-kebemer-trois-morts-dans-une-collision-entre-voiture-et-charrette\/#breadcrumb","itemListElement":[{"@type":"ListItem","position":1,"name":"Accueil","item":"https:\/\/www.nettali.com\/"},{"@type":"ListItem","position":2,"name":"DRAME SUR LA ROUTE DE K\u00c9B\u00c9MER -Trois morts dans une collision entre voiture et charrette"}]},{"@type":"Person","@id":"https:\/\/www.nettali.com\/#\/schema\/person\/418274a86bdf87caff7a3ef476bd0bbf","name":"Fatou","image":{"@type":"ImageObject","@id":"https:\/\/www.nettali.com\/#personlogo","inLanguage":"fr-FR","url":"https:\/\/secure.gravatar.com\/avatar\/5a9442a2bee7b4dcf167cab035858e9a?s=96&d=mm&r=g","contentUrl":"https:\/\/secure.gravatar.com\/avatar\/5a9442a2bee7b4dcf167cab035858e9a?s=96&d=mm&r=g","caption":"Fatou"},"sameAs":["https:\/\/www.nettali.com"]}]}},"_links":{"self":[{"href":"https:\/\/www.nettali.com\/rest\/wp\/v2\/posts\/160870"}],"collection":[{"href":"https:\/\/www.nettali.com\/rest\/wp\/v2\/posts"}],"about":[{"href":"https:\/\/www.nettali.com\/rest\/wp\/v2\/types\/post"}],"author":[{"embeddable":true,"href":"https:\/\/www.nettali.com\/rest\/wp\/v2\/users\/6"}],"replies":[{"embeddable":true,"href":"https:\/\/www.nettali.com\/rest\/wp\/v2\/comments?post=160870"}],"version-history":[{"count":1,"href":"https:\/\/www.nettali.com\/rest\/wp\/v2\/posts\/160870\/revisions"}],"predecessor-version":[{"id":160872,"href":"https:\/\/www.nettali.com\/rest\/wp\/v2\/posts\/160870\/revisions\/160872"}],"wp:featuredmedia":[{"embeddable":true,"href":"https:\/\/www.nettali.com\/rest\/wp\/v2\/media\/160871"}],"wp:attachment":[{"href":"https:\/\/www.nettali.com\/rest\/wp\/v2\/media?parent=160870"}],"wp:term":[{"taxonomy":"category","embeddable":true,"href":"https:\/\/www.nettali.com\/rest\/wp\/v2\/categories?post=160870"},{"taxonomy":"post_tag","embeddable":true,"href":"https:\/\/www.nettali.com\/rest\/wp\/v2\/tags?post=160870"}],"curies":[{"name":"wp","href":"https:\/\/api.w.org\/{rel}","templated":true}]}}