{"id":160861,"date":"2025-09-08T09:01:17","date_gmt":"2025-09-08T09:01:17","guid":{"rendered":"https:\/\/www.nettali.com\/?p=160861"},"modified":"2025-09-09T05:08:11","modified_gmt":"2025-09-09T05:08:11","slug":"ousmane-diagne-et-jean-baptiste-tine-deux-hommes-deux-parcours-un-meme-sort","status":"publish","type":"post","link":"https:\/\/www.nettali.com\/2025\/09\/08\/ousmane-diagne-et-jean-baptiste-tine-deux-hommes-deux-parcours-un-meme-sort\/","title":{"rendered":"OUSMANE DIAGNE ET JEAN BAPTISTE TINE - Deux hommes, deux parcours, un m\u00eame sort"},"content":{"rendered":"<p><strong>NETTALI.COM - Le Premier ministre Ousmane Sonko a finalement eu son remaniement pour limoger les deux ministres les moins dociles de son gouvernement : le ministre de la Justice Ousmane Diagne et son homologue en charge de la S\u00e9curit\u00e9 publique, Jean-Baptiste Tine. Deux ministres, un m\u00eame sort.<\/strong><\/p>\n<p>S\u2019 il y a une chose qui frappe chez le Premier ministre Ousmane Sonko, c\u2019est qu\u2019il n\u2019avance pas masqu\u00e9 dans ses combats. Il proclame ses intentions haut et fort, puis les ex\u00e9cute sans d\u00e9tour. C\u2019\u00e9tait un secret de Polichinelle : il ne voulait plus ni du ministre de la Justice Ousmane Diagne ni de celui de l\u2019Int\u00e9rieur Jean-Baptiste Tine. Deux hommes qui s\u2019\u00e9taient pourtant illustr\u00e9s lors de la crise pr\u00e9\u00e9lectorale, en prenant des d\u00e9cisions qui leur ont valu leur limogeage. L\u2019un \u00e9tait procureur g\u00e9n\u00e9ral pr\u00e8s la Cour d\u2019appel de Dakar, l\u2019autre haut commandant de la gendarmerie nationale. Leur cohabitation avec le Premier ministre \u00e9tait devenue quasi impossible.<\/p>\n<p>Sonko se veut chef de guerre, un g\u00e9n\u00e9ral qui commande. Les autres lui doivent discipline et ob\u00e9issance. Seulement, Jean-Baptiste est un haut officier de la gendarmerie nationale, qui aura gravi tous les \u00e9chelons. Il a appris \u00e0 \u00eatre plus redevable aux lois qu\u2019aux hommes. Cette posture, il l\u2019a pay\u00e9e cher \u00e0 plusieurs reprises durant sa carri\u00e8re bien remplie. Idem pour Ousmane Diagne, haut magistrat, tr\u00e8s \u00e0 cheval sur les principes r\u00e9publicains.<\/p>\n<p><strong>Les menaces r\u00e9p\u00e9titives du PM <\/strong><\/p>\n<p>\u00c0 plusieurs reprises, le PM et non moins pr\u00e9sident de la majorit\u00e9 les a publiquement tanc\u00e9s. La premi\u00e8re fois, c\u2019\u00e9tait lors des \u00e9lections l\u00e9gislatives de d\u00e9cembre 2024. Les accusant de passivit\u00e9 face aux agressions contre ses partisans qu\u2019il imputait \u00e0 son adversaire Barth\u00e9lemy Dias, il fulminait : \u201c\u2026 S\u2019ils ne r\u00e8glent pas le probl\u00e8me dans les 24 heures, en arr\u00eatant les coupables de ces forfaitures, je vais le r\u00e9gler \u00e0 ma fa\u00e7on.\u201d En fin tacticien politique, il a voulu faire croire que ses deux ministres qu\u2019il a fait nommer et qui sont connus pour leur loyaut\u00e9 roulent contre son camp.<\/p>\n<p>Cette mise en garde en disait d\u00e9j\u00e0 long. Pour Sonko, la loyaut\u00e9 politique doit primer sur la neutralit\u00e9 institutionnelle. Dans ses diatribes, il n\u2019avait pas non plus \u00e9pargn\u00e9 le pr\u00e9sident de la R\u00e9publique, coupable de cultiver l\u2019image d\u2019un chef au-dessus de la m\u00eal\u00e9e. \u201c<em>Je n\u2019accepterai pas qu\u2019on s\u2019en prenne \u00e0 nos militants chaque jour au nom d\u2019un pays qui aurait chang\u00e9. Je ne l\u2019accepterais m\u00eame pas pour le pr\u00e9sident<\/em>\u201d, martelait- il non sans rappeler qu\u2019il est le Premier ministre, chef du gouvernement, que quand il donne des ordres, ses ministres ont l\u2019obligation de s\u2019ex\u00e9cuter.<\/p>\n<p><strong>Deux hommes limog\u00e9s par Macky Sall pour des faits quasi similaires <\/strong><\/p>\n<p>Les deux d\u00e9sormais ex-ministres ont toujours eu cette r\u00e9putation. Dans son \u00e9dition du 2 f\u00e9vrier 2023, \u201cEnQu\u00eate\u201d revenait sur les raisons du limogeage de l\u2019alors procureur Ousmane Diagne. Le journal informait que le garde des Sceaux a surtout \u00e9t\u00e9 courrouc\u00e9 par la saisine de la Division des investigations criminelles (Dic), suite \u00e0 la plainte d\u00e9pos\u00e9e par Ousmane Sonko contre Ma\u00eetres So et Elh Diouf. \u201c<em>Interpell\u00e9 par la tutelle, le d\u00e9sormais ancien chef du parquet de Dakar l\u2019a tout bonnement envoy\u00e9 balader<\/em>\u201d, r\u00e9v\u00e9lait le journal qui \u00e9voquait aussi la plainte d\u00e9pos\u00e9e par le m\u00eame plaignant contre le procureur de la R\u00e9publique Serigne Bassirou Gu\u00e8ye.<\/p>\n<p>Idem pour le g\u00e9n\u00e9ral Tine, ex-haut commandant de la gendarmerie emport\u00e9 deux ans plus t\u00f4t par l\u2019affaire Adji Sarr-Ousmane Sonko. Selon \u201cEnQu\u00eate\u201d, dans son \u00e9dition du 22 juin 2021, on lui reprochait surtout de n\u2019avoir pas eu la main tr\u00e8s lourde contre les casseurs. Il lui \u00e9tait reproch\u00e9 \u00e9galement sa gestion de l\u2019affaire capitaine Tour\u00e9. Le g\u00e9n\u00e9ral, qui avait fait ouvrir une enqu\u00eate, avait d\u00e9couvert des choses qui lui \u00e9taient jusque-l\u00e0 cach\u00e9es, ce qu\u2019il avait v\u00e9cu comme une trahison r\u00e9v\u00e9lait \u201cEnQu\u00eate\u201d. Il fut par la suite limog\u00e9 et affect\u00e9 en Russie comme ambassadeur.<\/p>\n<p><strong>Deux Thiessois et hommes de refus <\/strong><\/p>\n<p>Natif de Thi\u00e8s en 1961, form\u00e9 \u00e0 Mekn\u00e8s et \u00e0 Melun, Jean-Baptiste Tine a fait toute sa carri\u00e8re dans la gendarmerie nationale. Fervent catholique, d\u2019une rigueur presque asc\u00e9tique, il incarnait pour beaucoup \u201cle bon soldat\u201d : discret, cultiv\u00e9, loyal \u2014 mais d\u00e9vou\u00e9 avant tout \u00e0 la R\u00e9publique.<\/p>\n<p>De lui, l\u2019opposant Ousmane Sonko disait au plus fort de la crise : \u201c<em>Il faut se demander pourquoi ils ont enlev\u00e9 g\u00e9n\u00e9ral Tine. Il y a dans ce pays des gens dignes, qui n\u2019acceptent pas de faire certaines choses. Lors des \u00e9v\u00e9nements de mars, on leur avait demand\u00e9 de r\u00e9primer les manifestations, de tirer sur les populations et ils ont refus\u00e9. C\u2019est aussi valable pour celui qui dirigeait la police nationale.<\/em>\u201d<\/p>\n<p>Originaire \u00e9galement de Thi\u00e8s comme son coll\u00e8gue d\u2019infortune, Ousmane Diagne est aussi connu comme \u00e9tant un homme de refus qui aura fait face \u00e0 tous les r\u00e9gimes. D\u2019abord sous Wade face \u00e0 des ministres comme Cheikh Tidiane Sy et Ousmane Ngom, ensuite sous Macky face aux ministres comme Aminata Tour\u00e9 et Ismaila Madior Fall, il disait lui-m\u00eame en 2013, lors de sa premi\u00e8re sanction par le r\u00e9gime de Macky Sall : \u201c<em>\u00c0 chaque fois qu\u2019il m\u2019a \u00e9t\u00e9 possible de dire non, j\u2019ai dit non de la fa\u00e7on la plus ferme.<\/em>\u201d<\/p>\n<p>Plus r\u00e9cemment, accul\u00e9 par Pastef : ses ministres, directeurs g\u00e9n\u00e9raux et d\u00e9put\u00e9s, il r\u00e9pondait avec la m\u00eame fermet\u00e9 : \u201c<em>Je n\u2019ai jamais accept\u00e9 qu\u2019on fasse pression sur moi, surtout dans un sens d\u00e9termin\u00e9. Qu\u2019on ne compte pas sur moi pour exercer la moindre pression sur les magistrats du si\u00e8ge.<\/em>\u201d<\/p>\n<p>Ousmane Diagne ne s\u2019est pas limit\u00e9 \u00e0 cette affirmation. Soulignant qu\u2019il n\u2019a aucune autorit\u00e9 sur eux les juges, il leur manifestait tout son soutien aux magistrats et r\u00e9affirmait sa confiance. \u201c<em>Je sais qu\u2019ils abattent un excellent travail. Il leur arrive - et je pense que c\u2019est la plus grande innovation de notre temps - il leur arrive de rendre des d\u00e9cisions en contradiction avec les r\u00e9quisitions du parquet. Je n\u2019ai jamais eu \u00e0 \u00e9mettre la moindre critique. C\u2019est de leur responsabilit\u00e9, c\u2019est de leur pr\u00e9rogative<\/em>\u201d, r\u00e9agissait-il face aux attaques.<\/p>\n<p>EnQu\u00eate<\/p>\n<div class='share-to-whatsapp-wrapper'><div class='share-on-whsp'>PARTAGER SUR : <\/div><a data-text='OUSMANE DIAGNE ET JEAN BAPTISTE TINE - Deux hommes, deux parcours, un m\u00eame sort' data-link='https:\/\/www.nettali.com\/2025\/09\/08\/ousmane-diagne-et-jean-baptiste-tine-deux-hommes-deux-parcours-un-meme-sort\/' class='whatsapp-button whatsapp-share'>WhatsApp<\/a><div class='clear '><\/div><\/div>","protected":false},"excerpt":{"rendered":"<p>NETTALI.COM - Le Premier ministre Ousmane Sonko a finalement eu son remaniement pour limoger les deux ministres les moins dociles de son gouvernement : le ministre de la Justice Ousmane Diagne et son homologue en charge de la S\u00e9curit\u00e9 publique, Jean-Baptiste Tine. Deux ministres, un m\u00eame sort. S\u2019 il y a une chose qui frappe [&hellip;]<\/p>\n","protected":false},"author":2,"featured_media":160863,"comment_status":"open","ping_status":"open","sticky":false,"template":"","format":"standard","meta":{"_et_pb_use_builder":"","_et_pb_old_content":""},"categories":[2],"tags":[],"yoast_head":"<!-- This site is optimized with the Yoast SEO Premium plugin v17.8 (Yoast SEO v17.8) - https:\/\/yoast.com\/wordpress\/plugins\/seo\/ -->\n<title>OUSMANE DIAGNE ET JEAN BAPTISTE TINE - Deux hommes, deux parcours, un m\u00eame sort | Nettali.com<\/title>\n<meta name=\"robots\" content=\"index, follow, max-snippet:-1, max-image-preview:large, max-video-preview:-1\" \/>\n<link rel=\"canonical\" href=\"https:\/\/www.nettali.com\/2025\/09\/08\/ousmane-diagne-et-jean-baptiste-tine-deux-hommes-deux-parcours-un-meme-sort\/\" \/>\n<meta property=\"og:locale\" content=\"fr_FR\" \/>\n<meta property=\"og:type\" content=\"article\" \/>\n<meta property=\"og:title\" content=\"OUSMANE DIAGNE ET JEAN BAPTISTE TINE - Deux hommes, deux parcours, un m\u00eame sort\" \/>\n<meta property=\"og:description\" content=\"NETTALI.COM - Le Premier ministre Ousmane Sonko a finalement eu son remaniement pour limoger les deux ministres les moins dociles de son gouvernement : le ministre de la Justice Ousmane Diagne et son homologue en charge de la S\u00e9curit\u00e9 publique, Jean-Baptiste Tine. Deux ministres, un m\u00eame sort. S\u2019 il y a une chose qui frappe [&hellip;]\" \/>\n<meta property=\"og:url\" content=\"https:\/\/www.nettali.com\/2025\/09\/08\/ousmane-diagne-et-jean-baptiste-tine-deux-hommes-deux-parcours-un-meme-sort\/\" \/>\n<meta property=\"og:site_name\" content=\"Nettali.com\" \/>\n<meta property=\"article:publisher\" content=\"https:\/\/www.facebook.com\/nettalicom\" \/>\n<meta property=\"article:published_time\" content=\"2025-09-08T09:01:17+00:00\" \/>\n<meta property=\"article:modified_time\" content=\"2025-09-09T05:08:11+00:00\" \/>\n<meta property=\"og:image\" content=\"https:\/\/www.nettali.com\/wp-content\/uploads\/2025\/09\/screenshot_20250906-233729_1.jpg\" \/>\n\t<meta property=\"og:image:width\" content=\"720\" \/>\n\t<meta property=\"og:image:height\" content=\"368\" \/>\n<meta name=\"twitter:card\" content=\"summary_large_image\" \/>\n<meta name=\"twitter:label1\" content=\"\u00c9crit par\" \/>\n\t<meta name=\"twitter:data1\" content=\"CK\" \/>\n\t<meta name=\"twitter:label2\" content=\"Dur\u00e9e de lecture estim\u00e9e\" \/>\n\t<meta name=\"twitter:data2\" content=\"5 minutes\" \/>\n<script type=\"application\/ld+json\" class=\"yoast-schema-graph\">{\"@context\":\"https:\/\/schema.org\",\"@graph\":[{\"@type\":\"WebSite\",\"@id\":\"https:\/\/www.nettali.com\/#website\",\"url\":\"https:\/\/www.nettali.com\/\",\"name\":\"Nettali.com\",\"description\":\"Le rendez-vous critique du Net\",\"potentialAction\":[{\"@type\":\"SearchAction\",\"target\":{\"@type\":\"EntryPoint\",\"urlTemplate\":\"https:\/\/www.nettali.com\/?s={search_term_string}\"},\"query-input\":\"required name=search_term_string\"}],\"inLanguage\":\"fr-FR\"},{\"@type\":\"ImageObject\",\"@id\":\"https:\/\/www.nettali.com\/2025\/09\/08\/ousmane-diagne-et-jean-baptiste-tine-deux-hommes-deux-parcours-un-meme-sort\/#primaryimage\",\"inLanguage\":\"fr-FR\",\"url\":\"https:\/\/www.nettali.com\/wp-content\/uploads\/2025\/09\/screenshot_20250906-233729_1.jpg\",\"contentUrl\":\"https:\/\/www.nettali.com\/wp-content\/uploads\/2025\/09\/screenshot_20250906-233729_1.jpg\",\"width\":720,\"height\":368},{\"@type\":\"WebPage\",\"@id\":\"https:\/\/www.nettali.com\/2025\/09\/08\/ousmane-diagne-et-jean-baptiste-tine-deux-hommes-deux-parcours-un-meme-sort\/#webpage\",\"url\":\"https:\/\/www.nettali.com\/2025\/09\/08\/ousmane-diagne-et-jean-baptiste-tine-deux-hommes-deux-parcours-un-meme-sort\/\",\"name\":\"OUSMANE DIAGNE ET JEAN BAPTISTE TINE - Deux hommes, deux parcours, un m\\u00eame sort | Nettali.com\",\"isPartOf\":{\"@id\":\"https:\/\/www.nettali.com\/#website\"},\"primaryImageOfPage\":{\"@id\":\"https:\/\/www.nettali.com\/2025\/09\/08\/ousmane-diagne-et-jean-baptiste-tine-deux-hommes-deux-parcours-un-meme-sort\/#primaryimage\"},\"datePublished\":\"2025-09-08T09:01:17+00:00\",\"dateModified\":\"2025-09-09T05:08:11+00:00\",\"author\":{\"@id\":\"https:\/\/www.nettali.com\/#\/schema\/person\/d8ac7b7e27ddad43f1c0d2ef090d7f71\"},\"breadcrumb\":{\"@id\":\"https:\/\/www.nettali.com\/2025\/09\/08\/ousmane-diagne-et-jean-baptiste-tine-deux-hommes-deux-parcours-un-meme-sort\/#breadcrumb\"},\"inLanguage\":\"fr-FR\",\"potentialAction\":[{\"@type\":\"ReadAction\",\"target\":[\"https:\/\/www.nettali.com\/2025\/09\/08\/ousmane-diagne-et-jean-baptiste-tine-deux-hommes-deux-parcours-un-meme-sort\/\"]}]},{\"@type\":\"BreadcrumbList\",\"@id\":\"https:\/\/www.nettali.com\/2025\/09\/08\/ousmane-diagne-et-jean-baptiste-tine-deux-hommes-deux-parcours-un-meme-sort\/#breadcrumb\",\"itemListElement\":[{\"@type\":\"ListItem\",\"position\":1,\"name\":\"Accueil\",\"item\":\"https:\/\/www.nettali.com\/\"},{\"@type\":\"ListItem\",\"position\":2,\"name\":\"OUSMANE DIAGNE ET JEAN BAPTISTE TINE - Deux hommes, deux parcours, un m\\u00eame sort\"}]},{\"@type\":\"Person\",\"@id\":\"https:\/\/www.nettali.com\/#\/schema\/person\/d8ac7b7e27ddad43f1c0d2ef090d7f71\",\"name\":\"CK\",\"image\":{\"@type\":\"ImageObject\",\"@id\":\"https:\/\/www.nettali.com\/#personlogo\",\"inLanguage\":\"fr-FR\",\"url\":\"https:\/\/secure.gravatar.com\/avatar\/1d8d5118b9327d94da7cd4ce7f17fec2?s=96&d=mm&r=g\",\"contentUrl\":\"https:\/\/secure.gravatar.com\/avatar\/1d8d5118b9327d94da7cd4ce7f17fec2?s=96&d=mm&r=g\",\"caption\":\"CK\"},\"sameAs\":[\"https:\/\/www.nettali.com\"]}]}<\/script>\n<!-- \/ Yoast SEO Premium plugin. -->","yoast_head_json":{"title":"OUSMANE DIAGNE ET JEAN BAPTISTE TINE - Deux hommes, deux parcours, un m\u00eame sort | Nettali.com","robots":{"index":"index","follow":"follow","max-snippet":"max-snippet:-1","max-image-preview":"max-image-preview:large","max-video-preview":"max-video-preview:-1"},"canonical":"https:\/\/www.nettali.com\/2025\/09\/08\/ousmane-diagne-et-jean-baptiste-tine-deux-hommes-deux-parcours-un-meme-sort\/","og_locale":"fr_FR","og_type":"article","og_title":"OUSMANE DIAGNE ET JEAN BAPTISTE TINE - Deux hommes, deux parcours, un m\u00eame sort","og_description":"NETTALI.COM - Le Premier ministre Ousmane Sonko a finalement eu son remaniement pour limoger les deux ministres les moins dociles de son gouvernement : le ministre de la Justice Ousmane Diagne et son homologue en charge de la S\u00e9curit\u00e9 publique, Jean-Baptiste Tine. Deux ministres, un m\u00eame sort. S\u2019 il y a une chose qui frappe [&hellip;]","og_url":"https:\/\/www.nettali.com\/2025\/09\/08\/ousmane-diagne-et-jean-baptiste-tine-deux-hommes-deux-parcours-un-meme-sort\/","og_site_name":"Nettali.com","article_publisher":"https:\/\/www.facebook.com\/nettalicom","article_published_time":"2025-09-08T09:01:17+00:00","article_modified_time":"2025-09-09T05:08:11+00:00","og_image":[{"width":720,"height":368,"url":"https:\/\/www.nettali.com\/wp-content\/uploads\/2025\/09\/screenshot_20250906-233729_1.jpg","type":"image\/jpeg"}],"twitter_card":"summary_large_image","twitter_misc":{"\u00c9crit par":"CK","Dur\u00e9e de lecture estim\u00e9e":"5 minutes"},"schema":{"@context":"https:\/\/schema.org","@graph":[{"@type":"WebSite","@id":"https:\/\/www.nettali.com\/#website","url":"https:\/\/www.nettali.com\/","name":"Nettali.com","description":"Le rendez-vous critique du Net","potentialAction":[{"@type":"SearchAction","target":{"@type":"EntryPoint","urlTemplate":"https:\/\/www.nettali.com\/?s={search_term_string}"},"query-input":"required name=search_term_string"}],"inLanguage":"fr-FR"},{"@type":"ImageObject","@id":"https:\/\/www.nettali.com\/2025\/09\/08\/ousmane-diagne-et-jean-baptiste-tine-deux-hommes-deux-parcours-un-meme-sort\/#primaryimage","inLanguage":"fr-FR","url":"https:\/\/www.nettali.com\/wp-content\/uploads\/2025\/09\/screenshot_20250906-233729_1.jpg","contentUrl":"https:\/\/www.nettali.com\/wp-content\/uploads\/2025\/09\/screenshot_20250906-233729_1.jpg","width":720,"height":368},{"@type":"WebPage","@id":"https:\/\/www.nettali.com\/2025\/09\/08\/ousmane-diagne-et-jean-baptiste-tine-deux-hommes-deux-parcours-un-meme-sort\/#webpage","url":"https:\/\/www.nettali.com\/2025\/09\/08\/ousmane-diagne-et-jean-baptiste-tine-deux-hommes-deux-parcours-un-meme-sort\/","name":"OUSMANE DIAGNE ET JEAN BAPTISTE TINE - Deux hommes, deux parcours, un m\u00eame sort | Nettali.com","isPartOf":{"@id":"https:\/\/www.nettali.com\/#website"},"primaryImageOfPage":{"@id":"https:\/\/www.nettali.com\/2025\/09\/08\/ousmane-diagne-et-jean-baptiste-tine-deux-hommes-deux-parcours-un-meme-sort\/#primaryimage"},"datePublished":"2025-09-08T09:01:17+00:00","dateModified":"2025-09-09T05:08:11+00:00","author":{"@id":"https:\/\/www.nettali.com\/#\/schema\/person\/d8ac7b7e27ddad43f1c0d2ef090d7f71"},"breadcrumb":{"@id":"https:\/\/www.nettali.com\/2025\/09\/08\/ousmane-diagne-et-jean-baptiste-tine-deux-hommes-deux-parcours-un-meme-sort\/#breadcrumb"},"inLanguage":"fr-FR","potentialAction":[{"@type":"ReadAction","target":["https:\/\/www.nettali.com\/2025\/09\/08\/ousmane-diagne-et-jean-baptiste-tine-deux-hommes-deux-parcours-un-meme-sort\/"]}]},{"@type":"BreadcrumbList","@id":"https:\/\/www.nettali.com\/2025\/09\/08\/ousmane-diagne-et-jean-baptiste-tine-deux-hommes-deux-parcours-un-meme-sort\/#breadcrumb","itemListElement":[{"@type":"ListItem","position":1,"name":"Accueil","item":"https:\/\/www.nettali.com\/"},{"@type":"ListItem","position":2,"name":"OUSMANE DIAGNE ET JEAN BAPTISTE TINE - Deux hommes, deux parcours, un m\u00eame sort"}]},{"@type":"Person","@id":"https:\/\/www.nettali.com\/#\/schema\/person\/d8ac7b7e27ddad43f1c0d2ef090d7f71","name":"CK","image":{"@type":"ImageObject","@id":"https:\/\/www.nettali.com\/#personlogo","inLanguage":"fr-FR","url":"https:\/\/secure.gravatar.com\/avatar\/1d8d5118b9327d94da7cd4ce7f17fec2?s=96&d=mm&r=g","contentUrl":"https:\/\/secure.gravatar.com\/avatar\/1d8d5118b9327d94da7cd4ce7f17fec2?s=96&d=mm&r=g","caption":"CK"},"sameAs":["https:\/\/www.nettali.com"]}]}},"_links":{"self":[{"href":"https:\/\/www.nettali.com\/rest\/wp\/v2\/posts\/160861"}],"collection":[{"href":"https:\/\/www.nettali.com\/rest\/wp\/v2\/posts"}],"about":[{"href":"https:\/\/www.nettali.com\/rest\/wp\/v2\/types\/post"}],"author":[{"embeddable":true,"href":"https:\/\/www.nettali.com\/rest\/wp\/v2\/users\/2"}],"replies":[{"embeddable":true,"href":"https:\/\/www.nettali.com\/rest\/wp\/v2\/comments?post=160861"}],"version-history":[{"count":2,"href":"https:\/\/www.nettali.com\/rest\/wp\/v2\/posts\/160861\/revisions"}],"predecessor-version":[{"id":160864,"href":"https:\/\/www.nettali.com\/rest\/wp\/v2\/posts\/160861\/revisions\/160864"}],"wp:featuredmedia":[{"embeddable":true,"href":"https:\/\/www.nettali.com\/rest\/wp\/v2\/media\/160863"}],"wp:attachment":[{"href":"https:\/\/www.nettali.com\/rest\/wp\/v2\/media?parent=160861"}],"wp:term":[{"taxonomy":"category","embeddable":true,"href":"https:\/\/www.nettali.com\/rest\/wp\/v2\/categories?post=160861"},{"taxonomy":"post_tag","embeddable":true,"href":"https:\/\/www.nettali.com\/rest\/wp\/v2\/tags?post=160861"}],"curies":[{"name":"wp","href":"https:\/\/api.w.org\/{rel}","templated":true}]}}