{"id":160856,"date":"2025-09-08T10:01:40","date_gmt":"2025-09-08T10:01:40","guid":{"rendered":"https:\/\/www.nettali.com\/?p=160856"},"modified":"2025-09-08T10:06:21","modified_gmt":"2025-09-08T10:06:21","slug":"justice-pour-les-martyrs-alioune-tine-et-seydi-gassama-interpellent-yacine-fall","status":"publish","type":"post","link":"https:\/\/www.nettali.com\/2025\/09\/08\/justice-pour-les-martyrs-alioune-tine-et-seydi-gassama-interpellent-yacine-fall\/","title":{"rendered":"JUSTICE POUR LES MARTYRS - Alioune Tine et Seydi Gassama interpellent Yacine Fall"},"content":{"rendered":"<p><strong>NETTALI.COM - Ancienne ministre des Affaires \u00e9trang\u00e8res, Yacine Fall a \u00e9t\u00e9 nomm\u00e9e ministre de la Justice et Garde des Sceaux dans le nouveau gouvernement annonc\u00e9 samedi 6 septembre.<\/strong><\/p>\n<p>R\u00e9agissant \u00e0 cette nomination, Alioune Tine, fondateur d'Africajom Center, a rappel\u00e9 que Mme Fall avait elle-m\u00eame r\u00e9clam\u00e9 l'ouverture d'une enqu\u00eate sur les morts survenues lors des \u00e9v\u00e9nements entre 2021 et 2024. Il estime que sa nouvelle fonction la place d\u00e9sormais en position d'apporter une r\u00e9ponse concr\u00e8te \u00e0 cette exigence.<\/p>\n<p>\"<em>Madame la ministre de la Justice, Yacine Fall, demandait pourquoi on n'avait pas ouvert d'enqu\u00eate ind\u00e9pendante sur ces morts. Maintenant qu'elle est en fonction, elle a la r\u00e9ponse \u00e0 la question. [Elle doit] ouvrir une enqu\u00eate ind\u00e9pendante pour \u00e9tablir la v\u00e9rit\u00e9 sur qui a fait quoi, et en tirer les cons\u00e9quences qui s'imposent<\/em>\", a-t-il \u00e9crit dans un post sur X.<\/p>\n<p>Directeur ex\u00e9cutif d'Amnesty International S\u00e9n\u00e9gal, Seydi Gassama de rench\u00e9rir en appelant \u00e0 \"<em>donner \u00e0 la justice les moyens d'instruire les plaintes d\u00e9j\u00e0 d\u00e9pos\u00e9es<\/em>\".<\/p>\n<p>\"<em>Une enqu\u00eate ind\u00e9pendante recommandera toujours des poursuites judiciaires. Il faut donc donner \u00e0 la justice les moyens d'instruire les plaintes d\u00e9j\u00e0 d\u00e9pos\u00e9es par les victimes et de leur rendre justice<\/em>\", a-t-il d\u00e9clar\u00e9.<\/p>\n<div class='share-to-whatsapp-wrapper'><div class='share-on-whsp'>PARTAGER SUR : <\/div><a data-text='JUSTICE POUR LES MARTYRS - Alioune Tine et Seydi Gassama interpellent Yacine Fall' data-link='https:\/\/www.nettali.com\/2025\/09\/08\/justice-pour-les-martyrs-alioune-tine-et-seydi-gassama-interpellent-yacine-fall\/' class='whatsapp-button whatsapp-share'>WhatsApp<\/a><div class='clear '><\/div><\/div>","protected":false},"excerpt":{"rendered":"<p>NETTALI.COM - Ancienne ministre des Affaires \u00e9trang\u00e8res, Yacine Fall a \u00e9t\u00e9 nomm\u00e9e ministre de la Justice et Garde des Sceaux dans le nouveau gouvernement annonc\u00e9 samedi 6 septembre. R\u00e9agissant \u00e0 cette nomination, Alioune Tine, fondateur d'Africajom Center, a rappel\u00e9 que Mme Fall avait elle-m\u00eame r\u00e9clam\u00e9 l'ouverture d'une enqu\u00eate sur les morts survenues lors des \u00e9v\u00e9nements [&hellip;]<\/p>\n","protected":false},"author":5,"featured_media":160857,"comment_status":"open","ping_status":"open","sticky":false,"template":"","format":"standard","meta":{"_et_pb_use_builder":"","_et_pb_old_content":""},"categories":[3],"tags":[],"yoast_head":"<!-- This site is optimized with the Yoast SEO Premium plugin v17.8 (Yoast SEO v17.8) - https:\/\/yoast.com\/wordpress\/plugins\/seo\/ -->\n<title>JUSTICE POUR LES MARTYRS - Alioune Tine et Seydi Gassama interpellent Yacine Fall | Nettali.com<\/title>\n<meta name=\"robots\" content=\"index, follow, max-snippet:-1, max-image-preview:large, max-video-preview:-1\" \/>\n<link rel=\"canonical\" href=\"https:\/\/www.nettali.com\/2025\/09\/08\/justice-pour-les-martyrs-alioune-tine-et-seydi-gassama-interpellent-yacine-fall\/\" \/>\n<meta property=\"og:locale\" content=\"fr_FR\" \/>\n<meta property=\"og:type\" content=\"article\" \/>\n<meta property=\"og:title\" content=\"JUSTICE POUR LES MARTYRS - Alioune Tine et Seydi Gassama interpellent Yacine Fall\" \/>\n<meta property=\"og:description\" content=\"NETTALI.COM - Ancienne ministre des Affaires \u00e9trang\u00e8res, Yacine Fall a \u00e9t\u00e9 nomm\u00e9e ministre de la Justice et Garde des Sceaux dans le nouveau gouvernement annonc\u00e9 samedi 6 septembre. R\u00e9agissant \u00e0 cette nomination, Alioune Tine, fondateur d&#039;Africajom Center, a rappel\u00e9 que Mme Fall avait elle-m\u00eame r\u00e9clam\u00e9 l&#039;ouverture d&#039;une enqu\u00eate sur les morts survenues lors des \u00e9v\u00e9nements [&hellip;]\" \/>\n<meta property=\"og:url\" content=\"https:\/\/www.nettali.com\/2025\/09\/08\/justice-pour-les-martyrs-alioune-tine-et-seydi-gassama-interpellent-yacine-fall\/\" \/>\n<meta property=\"og:site_name\" content=\"Nettali.com\" \/>\n<meta property=\"article:publisher\" content=\"https:\/\/www.facebook.com\/nettalicom\" \/>\n<meta property=\"article:published_time\" content=\"2025-09-08T10:01:40+00:00\" \/>\n<meta property=\"article:modified_time\" content=\"2025-09-08T10:06:21+00:00\" \/>\n<meta property=\"og:image\" content=\"https:\/\/www.nettali.com\/wp-content\/uploads\/2025\/09\/Screenshot_20250908_082741_Chrome.jpg\" \/>\n\t<meta property=\"og:image:width\" content=\"1080\" \/>\n\t<meta property=\"og:image:height\" content=\"783\" \/>\n<meta name=\"twitter:card\" content=\"summary_large_image\" \/>\n<meta name=\"twitter:label1\" content=\"\u00c9crit par\" \/>\n\t<meta name=\"twitter:data1\" content=\"Ibrahima\" \/>\n\t<meta name=\"twitter:label2\" content=\"Dur\u00e9e de lecture estim\u00e9e\" \/>\n\t<meta name=\"twitter:data2\" content=\"1 minute\" \/>\n<script type=\"application\/ld+json\" class=\"yoast-schema-graph\">{\"@context\":\"https:\/\/schema.org\",\"@graph\":[{\"@type\":\"WebSite\",\"@id\":\"https:\/\/www.nettali.com\/#website\",\"url\":\"https:\/\/www.nettali.com\/\",\"name\":\"Nettali.com\",\"description\":\"Le rendez-vous critique du Net\",\"potentialAction\":[{\"@type\":\"SearchAction\",\"target\":{\"@type\":\"EntryPoint\",\"urlTemplate\":\"https:\/\/www.nettali.com\/?s={search_term_string}\"},\"query-input\":\"required name=search_term_string\"}],\"inLanguage\":\"fr-FR\"},{\"@type\":\"ImageObject\",\"@id\":\"https:\/\/www.nettali.com\/2025\/09\/08\/justice-pour-les-martyrs-alioune-tine-et-seydi-gassama-interpellent-yacine-fall\/#primaryimage\",\"inLanguage\":\"fr-FR\",\"url\":\"https:\/\/www.nettali.com\/wp-content\/uploads\/2025\/09\/Screenshot_20250908_082741_Chrome.jpg\",\"contentUrl\":\"https:\/\/www.nettali.com\/wp-content\/uploads\/2025\/09\/Screenshot_20250908_082741_Chrome.jpg\",\"width\":1080,\"height\":783},{\"@type\":\"WebPage\",\"@id\":\"https:\/\/www.nettali.com\/2025\/09\/08\/justice-pour-les-martyrs-alioune-tine-et-seydi-gassama-interpellent-yacine-fall\/#webpage\",\"url\":\"https:\/\/www.nettali.com\/2025\/09\/08\/justice-pour-les-martyrs-alioune-tine-et-seydi-gassama-interpellent-yacine-fall\/\",\"name\":\"JUSTICE POUR LES MARTYRS - Alioune Tine et Seydi Gassama interpellent Yacine Fall | Nettali.com\",\"isPartOf\":{\"@id\":\"https:\/\/www.nettali.com\/#website\"},\"primaryImageOfPage\":{\"@id\":\"https:\/\/www.nettali.com\/2025\/09\/08\/justice-pour-les-martyrs-alioune-tine-et-seydi-gassama-interpellent-yacine-fall\/#primaryimage\"},\"datePublished\":\"2025-09-08T10:01:40+00:00\",\"dateModified\":\"2025-09-08T10:06:21+00:00\",\"author\":{\"@id\":\"https:\/\/www.nettali.com\/#\/schema\/person\/bb147657c2986240405a608162b9bb23\"},\"breadcrumb\":{\"@id\":\"https:\/\/www.nettali.com\/2025\/09\/08\/justice-pour-les-martyrs-alioune-tine-et-seydi-gassama-interpellent-yacine-fall\/#breadcrumb\"},\"inLanguage\":\"fr-FR\",\"potentialAction\":[{\"@type\":\"ReadAction\",\"target\":[\"https:\/\/www.nettali.com\/2025\/09\/08\/justice-pour-les-martyrs-alioune-tine-et-seydi-gassama-interpellent-yacine-fall\/\"]}]},{\"@type\":\"BreadcrumbList\",\"@id\":\"https:\/\/www.nettali.com\/2025\/09\/08\/justice-pour-les-martyrs-alioune-tine-et-seydi-gassama-interpellent-yacine-fall\/#breadcrumb\",\"itemListElement\":[{\"@type\":\"ListItem\",\"position\":1,\"name\":\"Accueil\",\"item\":\"https:\/\/www.nettali.com\/\"},{\"@type\":\"ListItem\",\"position\":2,\"name\":\"JUSTICE POUR LES MARTYRS - Alioune Tine et Seydi Gassama interpellent Yacine Fall\"}]},{\"@type\":\"Person\",\"@id\":\"https:\/\/www.nettali.com\/#\/schema\/person\/bb147657c2986240405a608162b9bb23\",\"name\":\"Ibrahima\",\"image\":{\"@type\":\"ImageObject\",\"@id\":\"https:\/\/www.nettali.com\/#personlogo\",\"inLanguage\":\"fr-FR\",\"url\":\"https:\/\/secure.gravatar.com\/avatar\/26a8a81f09f0dd7624c9d5c36c9ba3a2?s=96&d=mm&r=g\",\"contentUrl\":\"https:\/\/secure.gravatar.com\/avatar\/26a8a81f09f0dd7624c9d5c36c9ba3a2?s=96&d=mm&r=g\",\"caption\":\"Ibrahima\"},\"sameAs\":[\"https:\/\/www.nettali.com\"]}]}<\/script>\n<!-- \/ Yoast SEO Premium plugin. -->","yoast_head_json":{"title":"JUSTICE POUR LES MARTYRS - Alioune Tine et Seydi Gassama interpellent Yacine Fall | Nettali.com","robots":{"index":"index","follow":"follow","max-snippet":"max-snippet:-1","max-image-preview":"max-image-preview:large","max-video-preview":"max-video-preview:-1"},"canonical":"https:\/\/www.nettali.com\/2025\/09\/08\/justice-pour-les-martyrs-alioune-tine-et-seydi-gassama-interpellent-yacine-fall\/","og_locale":"fr_FR","og_type":"article","og_title":"JUSTICE POUR LES MARTYRS - Alioune Tine et Seydi Gassama interpellent Yacine Fall","og_description":"NETTALI.COM - Ancienne ministre des Affaires \u00e9trang\u00e8res, Yacine Fall a \u00e9t\u00e9 nomm\u00e9e ministre de la Justice et Garde des Sceaux dans le nouveau gouvernement annonc\u00e9 samedi 6 septembre. R\u00e9agissant \u00e0 cette nomination, Alioune Tine, fondateur d'Africajom Center, a rappel\u00e9 que Mme Fall avait elle-m\u00eame r\u00e9clam\u00e9 l'ouverture d'une enqu\u00eate sur les morts survenues lors des \u00e9v\u00e9nements [&hellip;]","og_url":"https:\/\/www.nettali.com\/2025\/09\/08\/justice-pour-les-martyrs-alioune-tine-et-seydi-gassama-interpellent-yacine-fall\/","og_site_name":"Nettali.com","article_publisher":"https:\/\/www.facebook.com\/nettalicom","article_published_time":"2025-09-08T10:01:40+00:00","article_modified_time":"2025-09-08T10:06:21+00:00","og_image":[{"width":1080,"height":783,"url":"https:\/\/www.nettali.com\/wp-content\/uploads\/2025\/09\/Screenshot_20250908_082741_Chrome.jpg","type":"image\/jpeg"}],"twitter_card":"summary_large_image","twitter_misc":{"\u00c9crit par":"Ibrahima","Dur\u00e9e de lecture estim\u00e9e":"1 minute"},"schema":{"@context":"https:\/\/schema.org","@graph":[{"@type":"WebSite","@id":"https:\/\/www.nettali.com\/#website","url":"https:\/\/www.nettali.com\/","name":"Nettali.com","description":"Le rendez-vous critique du Net","potentialAction":[{"@type":"SearchAction","target":{"@type":"EntryPoint","urlTemplate":"https:\/\/www.nettali.com\/?s={search_term_string}"},"query-input":"required name=search_term_string"}],"inLanguage":"fr-FR"},{"@type":"ImageObject","@id":"https:\/\/www.nettali.com\/2025\/09\/08\/justice-pour-les-martyrs-alioune-tine-et-seydi-gassama-interpellent-yacine-fall\/#primaryimage","inLanguage":"fr-FR","url":"https:\/\/www.nettali.com\/wp-content\/uploads\/2025\/09\/Screenshot_20250908_082741_Chrome.jpg","contentUrl":"https:\/\/www.nettali.com\/wp-content\/uploads\/2025\/09\/Screenshot_20250908_082741_Chrome.jpg","width":1080,"height":783},{"@type":"WebPage","@id":"https:\/\/www.nettali.com\/2025\/09\/08\/justice-pour-les-martyrs-alioune-tine-et-seydi-gassama-interpellent-yacine-fall\/#webpage","url":"https:\/\/www.nettali.com\/2025\/09\/08\/justice-pour-les-martyrs-alioune-tine-et-seydi-gassama-interpellent-yacine-fall\/","name":"JUSTICE POUR LES MARTYRS - Alioune Tine et Seydi Gassama interpellent Yacine Fall | Nettali.com","isPartOf":{"@id":"https:\/\/www.nettali.com\/#website"},"primaryImageOfPage":{"@id":"https:\/\/www.nettali.com\/2025\/09\/08\/justice-pour-les-martyrs-alioune-tine-et-seydi-gassama-interpellent-yacine-fall\/#primaryimage"},"datePublished":"2025-09-08T10:01:40+00:00","dateModified":"2025-09-08T10:06:21+00:00","author":{"@id":"https:\/\/www.nettali.com\/#\/schema\/person\/bb147657c2986240405a608162b9bb23"},"breadcrumb":{"@id":"https:\/\/www.nettali.com\/2025\/09\/08\/justice-pour-les-martyrs-alioune-tine-et-seydi-gassama-interpellent-yacine-fall\/#breadcrumb"},"inLanguage":"fr-FR","potentialAction":[{"@type":"ReadAction","target":["https:\/\/www.nettali.com\/2025\/09\/08\/justice-pour-les-martyrs-alioune-tine-et-seydi-gassama-interpellent-yacine-fall\/"]}]},{"@type":"BreadcrumbList","@id":"https:\/\/www.nettali.com\/2025\/09\/08\/justice-pour-les-martyrs-alioune-tine-et-seydi-gassama-interpellent-yacine-fall\/#breadcrumb","itemListElement":[{"@type":"ListItem","position":1,"name":"Accueil","item":"https:\/\/www.nettali.com\/"},{"@type":"ListItem","position":2,"name":"JUSTICE POUR LES MARTYRS - Alioune Tine et Seydi Gassama interpellent Yacine Fall"}]},{"@type":"Person","@id":"https:\/\/www.nettali.com\/#\/schema\/person\/bb147657c2986240405a608162b9bb23","name":"Ibrahima","image":{"@type":"ImageObject","@id":"https:\/\/www.nettali.com\/#personlogo","inLanguage":"fr-FR","url":"https:\/\/secure.gravatar.com\/avatar\/26a8a81f09f0dd7624c9d5c36c9ba3a2?s=96&d=mm&r=g","contentUrl":"https:\/\/secure.gravatar.com\/avatar\/26a8a81f09f0dd7624c9d5c36c9ba3a2?s=96&d=mm&r=g","caption":"Ibrahima"},"sameAs":["https:\/\/www.nettali.com"]}]}},"_links":{"self":[{"href":"https:\/\/www.nettali.com\/rest\/wp\/v2\/posts\/160856"}],"collection":[{"href":"https:\/\/www.nettali.com\/rest\/wp\/v2\/posts"}],"about":[{"href":"https:\/\/www.nettali.com\/rest\/wp\/v2\/types\/post"}],"author":[{"embeddable":true,"href":"https:\/\/www.nettali.com\/rest\/wp\/v2\/users\/5"}],"replies":[{"embeddable":true,"href":"https:\/\/www.nettali.com\/rest\/wp\/v2\/comments?post=160856"}],"version-history":[{"count":1,"href":"https:\/\/www.nettali.com\/rest\/wp\/v2\/posts\/160856\/revisions"}],"predecessor-version":[{"id":160858,"href":"https:\/\/www.nettali.com\/rest\/wp\/v2\/posts\/160856\/revisions\/160858"}],"wp:featuredmedia":[{"embeddable":true,"href":"https:\/\/www.nettali.com\/rest\/wp\/v2\/media\/160857"}],"wp:attachment":[{"href":"https:\/\/www.nettali.com\/rest\/wp\/v2\/media?parent=160856"}],"wp:term":[{"taxonomy":"category","embeddable":true,"href":"https:\/\/www.nettali.com\/rest\/wp\/v2\/categories?post=160856"},{"taxonomy":"post_tag","embeddable":true,"href":"https:\/\/www.nettali.com\/rest\/wp\/v2\/tags?post=160856"}],"curies":[{"name":"wp","href":"https:\/\/api.w.org\/{rel}","templated":true}]}}