{"id":160855,"date":"2025-09-08T08:45:10","date_gmt":"2025-09-08T08:45:10","guid":{"rendered":"https:\/\/www.nettali.com\/?p=160855"},"modified":"2025-09-09T05:07:36","modified_gmt":"2025-09-09T05:07:36","slug":"cheikh-niang-nouveau-ministre-des-affaires-etrangeres-un-diplomate-chevronne-un-multilateraliste-convaincu","status":"publish","type":"post","link":"https:\/\/www.nettali.com\/2025\/09\/08\/cheikh-niang-nouveau-ministre-des-affaires-etrangeres-un-diplomate-chevronne-un-multilateraliste-convaincu\/","title":{"rendered":"CHEIKH NIANG, NOUVEAU MINISTRE DES AFFAIRES \u00c9TRANG\u00c8RES - Un diplomate chevronn\u00e9, un multilat\u00e9raliste convaincu"},"content":{"rendered":"<p><strong>NETTALI.COM -<\/strong> L\u2019 ambassadeur Cheikh Niang appartient \u00e0 cette race rare de diplomates de carri\u00e8re qui ont port\u00e9, avec constance et discr\u00e9tion, la voix du S\u00e9n\u00e9gal sur la sc\u00e8ne internationale. De 2018 \u00e0 2025, il \u00e9tait install\u00e9 \u00e0 New York comme repr\u00e9sentant permanent du S\u00e9n\u00e9gal aupr\u00e8s des Nations Unies.<\/p>\n<p>Sept ans pass\u00e9s \u00e0 manoeuvrer dans les couloirs feutr\u00e9s de l\u2019ONU, o\u00f9 il a pr\u00e9sid\u00e9 pas mal de commissions strat\u00e9giques : pr\u00e9sident du Comit\u00e9 des Nations Unies pour l\u2019exercice des droits inali\u00e9nables du peuple palestinien, pr\u00e9sident de la Commission de l\u2019Assembl\u00e9e g\u00e9n\u00e9rale charg\u00e9e des questions \u00e9conomiques et financi\u00e8res, pr\u00e9sident de la Commission du d\u00e9veloppement social, co-facilitateur du processus de r\u00e9forme du Conseil \u00e9conomique et social et du Forum politique de haut niveau, expert des Nations Unies sur le tra\u00e7age et le marquage des armes l\u00e9g\u00e8res et de petits calibres.<\/p>\n<p>Avant New York, Cheikh Niang avait repr\u00e9sent\u00e9 la diplomatie s\u00e9n\u00e9galaise dans de nombreuses grandes capitales. D\u2019abord, Tokyo (2014-2018), avec de lourdes accr\u00e9ditations r\u00e9gionales, de l\u2019Australie au Vietnam, en passant par Singapour ; ensuite Washington (2012-2014), avec une juridiction \u00e9largie couvrant jusqu\u2019au Costa Rica, au Mexique et \u00e0 l\u2019Uruguay. Auparavant Pretoria (2010-2012), o\u00f9 il repr\u00e9sentait Dakar aupr\u00e8s de l\u2019Afrique du Sud et de sept pays de la SADC.<\/p>\n<p>Natif de Thiaroye dans la banlieue dakaroise, Cheikh Niang avait commenc\u00e9 sa carri\u00e8re bien plus t\u00f4t dans des fonctions o\u00f9 se m\u00ealent proximit\u00e9 politique et travail de l\u2019ombre. Il a occup\u00e9 les postes de consul g\u00e9n\u00e9ral du S\u00e9n\u00e9gal \u00e0 New York, conseiller diplomatique du pr\u00e9sident de la R\u00e9publique et chef de la Division Afrique au minist\u00e8re des Affaires \u00e9trang\u00e8res du S\u00e9n\u00e9gal.<\/p>\n<p>Autant de postes qui font de lui un fin connaisseur des arcanes de l\u2019\u00c9tat et de la diplomatie. Une r\u00e9f\u00e9rence non seulement pour les jeunes diplomates, mais aussi pour les jeunes de son terroir.<\/p>\n<p>Natif de la m\u00eame localit\u00e9, l\u2019ancien ministre Dr Yoro Dia faisait ce t\u00e9moignage : \u201c<em>La carri\u00e8re du diplomate Cheikh Niang a \u00e9t\u00e9 aussi une \u2018odyss\u00e9e lib\u00e9ratrice\u2019 pour beaucoup de jeunes Thiaroyois de ma g\u00e9n\u00e9ration, car le fait de le voir \u00e0 l\u2019\u00e9poque au JT, \u00e0 c\u00f4t\u00e9 du pr\u00e9sident Abdou Diouf, nous avait convaincus que si Grand Cheikh, issu de Thiaroye comme nous, avait r\u00e9ussi \u00e0 se hisser au sommet, malgr\u00e9 les \u2018contraintes initiales\u2019, nous devrions suivre son exemple au lieu de rester fig\u00e9 devant le mur des lamentations, pleurnichant le fait de ne pas avoir de bras longs.<\/em>\u201d<\/p>\n<p>L\u2019ancien ministre avait fait ce t\u00e9moignage dans sa note de lecture portant sur l\u2019ouvrage du diplomate \u201c<em>R\u00e9flexions d\u2019un diplomate sur les d\u00e9fis du continent. La qu\u00eate des cimes<\/em>\u201d. Nouvellement ministre des Affaires \u00e9trang\u00e8res, l\u2019ambassadeur a une belle occasion de mettre en oeuvre cette vision tr\u00e8s ambitieuse qu\u2019il a pour le continent.<\/p>\n<p>La conviction de l\u2019ambassadeur Niang, selon Dr Yoro Dia, c\u2019est que \u201cl\u2019<em>Afrique ne doit plus \u00eatre per\u00e7ue comme une terre d\u2019opportunit\u00e9s, mais comme une force motrice de l\u2019ordre mondial \u00e9mergent<\/em>\u201d. Pour atteindre cet objectif, l\u2019auteur qui plaide pour un repositionnement du continent estime que l\u2019Afrique ne doit plus \u00eatre \u201cun r\u00e9ceptacle passif, mais acteur autonome et proactif de la sc\u00e8ne mondiale\u201d, rapporte Dr Yoro Dia dans sa note de lecture.<\/p>\n<p>Dans cette perspective, l\u2019ambassadeur \u201c<em>invite le continent \u00e0 quitter le mur des lamentations et assumer son destin qui n\u2019appartient qu\u2019\u00e0 ellem\u00eame et non compter sur la bienveillance des partenaires ext\u00e9rieurs<\/em>\u201d.<\/p>\n<p>C\u2019est donc un homme r\u00e9solument tourn\u00e9 vers l\u2019avenir, qui invite \u00e0 tourner la page des lamentations.<\/p>\n<div class='share-to-whatsapp-wrapper'><div class='share-on-whsp'>PARTAGER SUR : <\/div><a data-text='CHEIKH NIANG, NOUVEAU MINISTRE DES AFFAIRES \u00c9TRANG\u00c8RES - Un diplomate chevronn\u00e9, un multilat\u00e9raliste convaincu' data-link='https:\/\/www.nettali.com\/2025\/09\/08\/cheikh-niang-nouveau-ministre-des-affaires-etrangeres-un-diplomate-chevronne-un-multilateraliste-convaincu\/' class='whatsapp-button whatsapp-share'>WhatsApp<\/a><div class='clear '><\/div><\/div>","protected":false},"excerpt":{"rendered":"<p>NETTALI.COM - L\u2019 ambassadeur Cheikh Niang appartient \u00e0 cette race rare de diplomates de carri\u00e8re qui ont port\u00e9, avec constance et discr\u00e9tion, la voix du S\u00e9n\u00e9gal sur la sc\u00e8ne internationale. De 2018 \u00e0 2025, il \u00e9tait install\u00e9 \u00e0 New York comme repr\u00e9sentant permanent du S\u00e9n\u00e9gal aupr\u00e8s des Nations Unies. Sept ans pass\u00e9s \u00e0 manoeuvrer dans [&hellip;]<\/p>\n","protected":false},"author":2,"featured_media":160859,"comment_status":"open","ping_status":"open","sticky":false,"template":"","format":"standard","meta":{"_et_pb_use_builder":"","_et_pb_old_content":""},"categories":[2],"tags":[],"yoast_head":"<!-- This site is optimized with the Yoast SEO Premium plugin v17.8 (Yoast SEO v17.8) - https:\/\/yoast.com\/wordpress\/plugins\/seo\/ -->\n<title>CHEIKH NIANG, NOUVEAU MINISTRE DES AFFAIRES \u00c9TRANG\u00c8RES - Un diplomate chevronn\u00e9, un multilat\u00e9raliste convaincu | Nettali.com<\/title>\n<meta name=\"robots\" content=\"index, follow, max-snippet:-1, max-image-preview:large, max-video-preview:-1\" \/>\n<link rel=\"canonical\" href=\"https:\/\/www.nettali.com\/2025\/09\/08\/cheikh-niang-nouveau-ministre-des-affaires-etrangeres-un-diplomate-chevronne-un-multilateraliste-convaincu\/\" \/>\n<meta property=\"og:locale\" content=\"fr_FR\" \/>\n<meta property=\"og:type\" content=\"article\" \/>\n<meta property=\"og:title\" content=\"CHEIKH NIANG, NOUVEAU MINISTRE DES AFFAIRES \u00c9TRANG\u00c8RES - Un diplomate chevronn\u00e9, un multilat\u00e9raliste convaincu\" \/>\n<meta property=\"og:description\" content=\"NETTALI.COM - L\u2019 ambassadeur Cheikh Niang appartient \u00e0 cette race rare de diplomates de carri\u00e8re qui ont port\u00e9, avec constance et discr\u00e9tion, la voix du S\u00e9n\u00e9gal sur la sc\u00e8ne internationale. De 2018 \u00e0 2025, il \u00e9tait install\u00e9 \u00e0 New York comme repr\u00e9sentant permanent du S\u00e9n\u00e9gal aupr\u00e8s des Nations Unies. Sept ans pass\u00e9s \u00e0 manoeuvrer dans [&hellip;]\" \/>\n<meta property=\"og:url\" content=\"https:\/\/www.nettali.com\/2025\/09\/08\/cheikh-niang-nouveau-ministre-des-affaires-etrangeres-un-diplomate-chevronne-un-multilateraliste-convaincu\/\" \/>\n<meta property=\"og:site_name\" content=\"Nettali.com\" \/>\n<meta property=\"article:publisher\" content=\"https:\/\/www.facebook.com\/nettalicom\" \/>\n<meta property=\"article:published_time\" content=\"2025-09-08T08:45:10+00:00\" \/>\n<meta property=\"article:modified_time\" content=\"2025-09-09T05:07:36+00:00\" \/>\n<meta property=\"og:image\" content=\"https:\/\/www.nettali.com\/wp-content\/uploads\/2025\/09\/68075a10-a7c0-4bd5-bdfa-e8dd94d85963-1200x675-1.jpg\" \/>\n\t<meta property=\"og:image:width\" content=\"1200\" \/>\n\t<meta property=\"og:image:height\" content=\"675\" \/>\n<meta name=\"twitter:card\" content=\"summary_large_image\" \/>\n<meta name=\"twitter:label1\" content=\"\u00c9crit par\" \/>\n\t<meta name=\"twitter:data1\" content=\"CK\" \/>\n\t<meta name=\"twitter:label2\" content=\"Dur\u00e9e de lecture estim\u00e9e\" \/>\n\t<meta name=\"twitter:data2\" content=\"3 minutes\" \/>\n<script type=\"application\/ld+json\" class=\"yoast-schema-graph\">{\"@context\":\"https:\/\/schema.org\",\"@graph\":[{\"@type\":\"WebSite\",\"@id\":\"https:\/\/www.nettali.com\/#website\",\"url\":\"https:\/\/www.nettali.com\/\",\"name\":\"Nettali.com\",\"description\":\"Le rendez-vous critique du Net\",\"potentialAction\":[{\"@type\":\"SearchAction\",\"target\":{\"@type\":\"EntryPoint\",\"urlTemplate\":\"https:\/\/www.nettali.com\/?s={search_term_string}\"},\"query-input\":\"required name=search_term_string\"}],\"inLanguage\":\"fr-FR\"},{\"@type\":\"ImageObject\",\"@id\":\"https:\/\/www.nettali.com\/2025\/09\/08\/cheikh-niang-nouveau-ministre-des-affaires-etrangeres-un-diplomate-chevronne-un-multilateraliste-convaincu\/#primaryimage\",\"inLanguage\":\"fr-FR\",\"url\":\"https:\/\/www.nettali.com\/wp-content\/uploads\/2025\/09\/68075a10-a7c0-4bd5-bdfa-e8dd94d85963-1200x675-1.jpg\",\"contentUrl\":\"https:\/\/www.nettali.com\/wp-content\/uploads\/2025\/09\/68075a10-a7c0-4bd5-bdfa-e8dd94d85963-1200x675-1.jpg\",\"width\":1200,\"height\":675},{\"@type\":\"WebPage\",\"@id\":\"https:\/\/www.nettali.com\/2025\/09\/08\/cheikh-niang-nouveau-ministre-des-affaires-etrangeres-un-diplomate-chevronne-un-multilateraliste-convaincu\/#webpage\",\"url\":\"https:\/\/www.nettali.com\/2025\/09\/08\/cheikh-niang-nouveau-ministre-des-affaires-etrangeres-un-diplomate-chevronne-un-multilateraliste-convaincu\/\",\"name\":\"CHEIKH NIANG, NOUVEAU MINISTRE DES AFFAIRES \\u00c9TRANG\\u00c8RES - Un diplomate chevronn\\u00e9, un multilat\\u00e9raliste convaincu | Nettali.com\",\"isPartOf\":{\"@id\":\"https:\/\/www.nettali.com\/#website\"},\"primaryImageOfPage\":{\"@id\":\"https:\/\/www.nettali.com\/2025\/09\/08\/cheikh-niang-nouveau-ministre-des-affaires-etrangeres-un-diplomate-chevronne-un-multilateraliste-convaincu\/#primaryimage\"},\"datePublished\":\"2025-09-08T08:45:10+00:00\",\"dateModified\":\"2025-09-09T05:07:36+00:00\",\"author\":{\"@id\":\"https:\/\/www.nettali.com\/#\/schema\/person\/d8ac7b7e27ddad43f1c0d2ef090d7f71\"},\"breadcrumb\":{\"@id\":\"https:\/\/www.nettali.com\/2025\/09\/08\/cheikh-niang-nouveau-ministre-des-affaires-etrangeres-un-diplomate-chevronne-un-multilateraliste-convaincu\/#breadcrumb\"},\"inLanguage\":\"fr-FR\",\"potentialAction\":[{\"@type\":\"ReadAction\",\"target\":[\"https:\/\/www.nettali.com\/2025\/09\/08\/cheikh-niang-nouveau-ministre-des-affaires-etrangeres-un-diplomate-chevronne-un-multilateraliste-convaincu\/\"]}]},{\"@type\":\"BreadcrumbList\",\"@id\":\"https:\/\/www.nettali.com\/2025\/09\/08\/cheikh-niang-nouveau-ministre-des-affaires-etrangeres-un-diplomate-chevronne-un-multilateraliste-convaincu\/#breadcrumb\",\"itemListElement\":[{\"@type\":\"ListItem\",\"position\":1,\"name\":\"Accueil\",\"item\":\"https:\/\/www.nettali.com\/\"},{\"@type\":\"ListItem\",\"position\":2,\"name\":\"CHEIKH NIANG, NOUVEAU MINISTRE DES AFFAIRES \\u00c9TRANG\\u00c8RES - Un diplomate chevronn\\u00e9, un multilat\\u00e9raliste convaincu\"}]},{\"@type\":\"Person\",\"@id\":\"https:\/\/www.nettali.com\/#\/schema\/person\/d8ac7b7e27ddad43f1c0d2ef090d7f71\",\"name\":\"CK\",\"image\":{\"@type\":\"ImageObject\",\"@id\":\"https:\/\/www.nettali.com\/#personlogo\",\"inLanguage\":\"fr-FR\",\"url\":\"https:\/\/secure.gravatar.com\/avatar\/1d8d5118b9327d94da7cd4ce7f17fec2?s=96&d=mm&r=g\",\"contentUrl\":\"https:\/\/secure.gravatar.com\/avatar\/1d8d5118b9327d94da7cd4ce7f17fec2?s=96&d=mm&r=g\",\"caption\":\"CK\"},\"sameAs\":[\"https:\/\/www.nettali.com\"]}]}<\/script>\n<!-- \/ Yoast SEO Premium plugin. -->","yoast_head_json":{"title":"CHEIKH NIANG, NOUVEAU MINISTRE DES AFFAIRES \u00c9TRANG\u00c8RES - Un diplomate chevronn\u00e9, un multilat\u00e9raliste convaincu | Nettali.com","robots":{"index":"index","follow":"follow","max-snippet":"max-snippet:-1","max-image-preview":"max-image-preview:large","max-video-preview":"max-video-preview:-1"},"canonical":"https:\/\/www.nettali.com\/2025\/09\/08\/cheikh-niang-nouveau-ministre-des-affaires-etrangeres-un-diplomate-chevronne-un-multilateraliste-convaincu\/","og_locale":"fr_FR","og_type":"article","og_title":"CHEIKH NIANG, NOUVEAU MINISTRE DES AFFAIRES \u00c9TRANG\u00c8RES - Un diplomate chevronn\u00e9, un multilat\u00e9raliste convaincu","og_description":"NETTALI.COM - L\u2019 ambassadeur Cheikh Niang appartient \u00e0 cette race rare de diplomates de carri\u00e8re qui ont port\u00e9, avec constance et discr\u00e9tion, la voix du S\u00e9n\u00e9gal sur la sc\u00e8ne internationale. De 2018 \u00e0 2025, il \u00e9tait install\u00e9 \u00e0 New York comme repr\u00e9sentant permanent du S\u00e9n\u00e9gal aupr\u00e8s des Nations Unies. Sept ans pass\u00e9s \u00e0 manoeuvrer dans [&hellip;]","og_url":"https:\/\/www.nettali.com\/2025\/09\/08\/cheikh-niang-nouveau-ministre-des-affaires-etrangeres-un-diplomate-chevronne-un-multilateraliste-convaincu\/","og_site_name":"Nettali.com","article_publisher":"https:\/\/www.facebook.com\/nettalicom","article_published_time":"2025-09-08T08:45:10+00:00","article_modified_time":"2025-09-09T05:07:36+00:00","og_image":[{"width":1200,"height":675,"url":"https:\/\/www.nettali.com\/wp-content\/uploads\/2025\/09\/68075a10-a7c0-4bd5-bdfa-e8dd94d85963-1200x675-1.jpg","type":"image\/jpeg"}],"twitter_card":"summary_large_image","twitter_misc":{"\u00c9crit par":"CK","Dur\u00e9e de lecture estim\u00e9e":"3 minutes"},"schema":{"@context":"https:\/\/schema.org","@graph":[{"@type":"WebSite","@id":"https:\/\/www.nettali.com\/#website","url":"https:\/\/www.nettali.com\/","name":"Nettali.com","description":"Le rendez-vous critique du Net","potentialAction":[{"@type":"SearchAction","target":{"@type":"EntryPoint","urlTemplate":"https:\/\/www.nettali.com\/?s={search_term_string}"},"query-input":"required name=search_term_string"}],"inLanguage":"fr-FR"},{"@type":"ImageObject","@id":"https:\/\/www.nettali.com\/2025\/09\/08\/cheikh-niang-nouveau-ministre-des-affaires-etrangeres-un-diplomate-chevronne-un-multilateraliste-convaincu\/#primaryimage","inLanguage":"fr-FR","url":"https:\/\/www.nettali.com\/wp-content\/uploads\/2025\/09\/68075a10-a7c0-4bd5-bdfa-e8dd94d85963-1200x675-1.jpg","contentUrl":"https:\/\/www.nettali.com\/wp-content\/uploads\/2025\/09\/68075a10-a7c0-4bd5-bdfa-e8dd94d85963-1200x675-1.jpg","width":1200,"height":675},{"@type":"WebPage","@id":"https:\/\/www.nettali.com\/2025\/09\/08\/cheikh-niang-nouveau-ministre-des-affaires-etrangeres-un-diplomate-chevronne-un-multilateraliste-convaincu\/#webpage","url":"https:\/\/www.nettali.com\/2025\/09\/08\/cheikh-niang-nouveau-ministre-des-affaires-etrangeres-un-diplomate-chevronne-un-multilateraliste-convaincu\/","name":"CHEIKH NIANG, NOUVEAU MINISTRE DES AFFAIRES \u00c9TRANG\u00c8RES - Un diplomate chevronn\u00e9, un multilat\u00e9raliste convaincu | Nettali.com","isPartOf":{"@id":"https:\/\/www.nettali.com\/#website"},"primaryImageOfPage":{"@id":"https:\/\/www.nettali.com\/2025\/09\/08\/cheikh-niang-nouveau-ministre-des-affaires-etrangeres-un-diplomate-chevronne-un-multilateraliste-convaincu\/#primaryimage"},"datePublished":"2025-09-08T08:45:10+00:00","dateModified":"2025-09-09T05:07:36+00:00","author":{"@id":"https:\/\/www.nettali.com\/#\/schema\/person\/d8ac7b7e27ddad43f1c0d2ef090d7f71"},"breadcrumb":{"@id":"https:\/\/www.nettali.com\/2025\/09\/08\/cheikh-niang-nouveau-ministre-des-affaires-etrangeres-un-diplomate-chevronne-un-multilateraliste-convaincu\/#breadcrumb"},"inLanguage":"fr-FR","potentialAction":[{"@type":"ReadAction","target":["https:\/\/www.nettali.com\/2025\/09\/08\/cheikh-niang-nouveau-ministre-des-affaires-etrangeres-un-diplomate-chevronne-un-multilateraliste-convaincu\/"]}]},{"@type":"BreadcrumbList","@id":"https:\/\/www.nettali.com\/2025\/09\/08\/cheikh-niang-nouveau-ministre-des-affaires-etrangeres-un-diplomate-chevronne-un-multilateraliste-convaincu\/#breadcrumb","itemListElement":[{"@type":"ListItem","position":1,"name":"Accueil","item":"https:\/\/www.nettali.com\/"},{"@type":"ListItem","position":2,"name":"CHEIKH NIANG, NOUVEAU MINISTRE DES AFFAIRES \u00c9TRANG\u00c8RES - Un diplomate chevronn\u00e9, un multilat\u00e9raliste convaincu"}]},{"@type":"Person","@id":"https:\/\/www.nettali.com\/#\/schema\/person\/d8ac7b7e27ddad43f1c0d2ef090d7f71","name":"CK","image":{"@type":"ImageObject","@id":"https:\/\/www.nettali.com\/#personlogo","inLanguage":"fr-FR","url":"https:\/\/secure.gravatar.com\/avatar\/1d8d5118b9327d94da7cd4ce7f17fec2?s=96&d=mm&r=g","contentUrl":"https:\/\/secure.gravatar.com\/avatar\/1d8d5118b9327d94da7cd4ce7f17fec2?s=96&d=mm&r=g","caption":"CK"},"sameAs":["https:\/\/www.nettali.com"]}]}},"_links":{"self":[{"href":"https:\/\/www.nettali.com\/rest\/wp\/v2\/posts\/160855"}],"collection":[{"href":"https:\/\/www.nettali.com\/rest\/wp\/v2\/posts"}],"about":[{"href":"https:\/\/www.nettali.com\/rest\/wp\/v2\/types\/post"}],"author":[{"embeddable":true,"href":"https:\/\/www.nettali.com\/rest\/wp\/v2\/users\/2"}],"replies":[{"embeddable":true,"href":"https:\/\/www.nettali.com\/rest\/wp\/v2\/comments?post=160855"}],"version-history":[{"count":1,"href":"https:\/\/www.nettali.com\/rest\/wp\/v2\/posts\/160855\/revisions"}],"predecessor-version":[{"id":160860,"href":"https:\/\/www.nettali.com\/rest\/wp\/v2\/posts\/160855\/revisions\/160860"}],"wp:featuredmedia":[{"embeddable":true,"href":"https:\/\/www.nettali.com\/rest\/wp\/v2\/media\/160859"}],"wp:attachment":[{"href":"https:\/\/www.nettali.com\/rest\/wp\/v2\/media?parent=160855"}],"wp:term":[{"taxonomy":"category","embeddable":true,"href":"https:\/\/www.nettali.com\/rest\/wp\/v2\/categories?post=160855"},{"taxonomy":"post_tag","embeddable":true,"href":"https:\/\/www.nettali.com\/rest\/wp\/v2\/tags?post=160855"}],"curies":[{"name":"wp","href":"https:\/\/api.w.org\/{rel}","templated":true}]}}