{"id":160847,"date":"2025-09-08T12:00:53","date_gmt":"2025-09-08T12:00:53","guid":{"rendered":"https:\/\/www.nettali.com\/?p=160847"},"modified":"2025-09-08T09:03:09","modified_gmt":"2025-09-08T09:03:09","slug":"manchester-united-onana-va-bien-signer-a-trabzonspor","status":"publish","type":"post","link":"https:\/\/www.nettali.com\/2025\/09\/08\/manchester-united-onana-va-bien-signer-a-trabzonspor\/","title":{"rendered":"MANCHESTER UNITED - Onana va bien signer \u00e0 Trabzonspor"},"content":{"rendered":"<p><strong>NETTALI.COM - Andr\u00e9 Onana va quitter Manchester United dans les heures qui viennent. Les Red Devils ont un accord avec le joueur pour son d\u00e9part cet \u00e9t\u00e9 \u00e0 Trabzonspor, en Turquie.\u00a0<\/strong><\/p>\n<p>Andr\u00e9 Onana est en train de vivre ses derniers moment \u00e0 Old Trafford. Actuellement en regroupement avec le Cameroun pour les \u00e9liminatoires de la Coupe du Monde 2026, le gardien de but de 29 ans pourrait ne plus fouler le sol anglais \u00e0 son retour.<\/p>\n<p>Bless\u00e9 au moment de la reprise de la Premier League, l\u2019ancien portier de l\u2019Inter Milan est revenu timidement. Ses prestations notamment lors de la surprenante \u00e9limination de Manchester United lors de la Carabao Cup n\u2019ont pas rassur\u00e9 les dirigeants du club. Ces derniers ont r\u00e9agi en recrutant dans les derni\u00e8res heures du mercato Senne Lammens en provenance du Royal Antwerp.<\/p>\n<p>Quelques jours apr\u00e8s la cl\u00f4ture du mercato en Angleterre, une offre venue de Turquie est arriv\u00e9e pour Andr\u00e9 Onana. Le club de Trabzonspor souhaiterait s\u2019attacher les services de l\u2019international camerounais, d\u00e9sormais promis \u00e0 un r\u00f4le rempla\u00e7ant \u00e0 Old Trafford. Un accord a \u00e9t\u00e9 trouv\u00e9 entre les deux clubs et Andr\u00e9 Onana a \u00e9t\u00e9 mis au courant depuis Yaound\u00e9.<\/p>\n<p>Au terme du match entre le Cameroun et l\u2019Eswatini, des repr\u00e9sentants de Trabzonspor ont tenu des discussions avec le natif de Nkol Ngok. Selon Fabrizio Romano, Andr\u00e9 Onana a accept\u00e9 de rejoindre le club turc de Trabzonspor. L\u2019op\u00e9ration propos\u00e9e au gardien camerounais est un pr\u00eat d\u2019une ann\u00e9e sans option d\u2019achat.<\/p>\n<p>Soucieux de participer \u00e0 la Coupe du Monde pour laquelle son pays est en voie de qualification, l\u2019option d\u2019un pr\u00eat en Turquie semblait \u00eatre la seule issue pour Onana. Le rempart des Lions indomptables est attendu en Turquie apr\u00e8s la tr\u00eave internationale pour sa visite m\u00e9dicale et l\u2019officialisation de son pr\u00eat.<\/p>\n<div class='share-to-whatsapp-wrapper'><div class='share-on-whsp'>PARTAGER SUR : <\/div><a data-text='MANCHESTER UNITED - Onana va bien signer \u00e0 Trabzonspor' data-link='https:\/\/www.nettali.com\/2025\/09\/08\/manchester-united-onana-va-bien-signer-a-trabzonspor\/' class='whatsapp-button whatsapp-share'>WhatsApp<\/a><div class='clear '><\/div><\/div>","protected":false},"excerpt":{"rendered":"<p>NETTALI.COM - Andr\u00e9 Onana va quitter Manchester United dans les heures qui viennent. Les Red Devils ont un accord avec le joueur pour son d\u00e9part cet \u00e9t\u00e9 \u00e0 Trabzonspor, en Turquie.\u00a0 Andr\u00e9 Onana est en train de vivre ses derniers moment \u00e0 Old Trafford. Actuellement en regroupement avec le Cameroun pour les \u00e9liminatoires de la [&hellip;]<\/p>\n","protected":false},"author":5,"featured_media":160843,"comment_status":"open","ping_status":"open","sticky":false,"template":"","format":"standard","meta":{"_et_pb_use_builder":"","_et_pb_old_content":""},"categories":[6],"tags":[],"yoast_head":"<!-- This site is optimized with the Yoast SEO Premium plugin v17.8 (Yoast SEO v17.8) - https:\/\/yoast.com\/wordpress\/plugins\/seo\/ -->\n<title>MANCHESTER UNITED - Onana va bien signer \u00e0 Trabzonspor | Nettali.com<\/title>\n<meta name=\"robots\" content=\"index, follow, max-snippet:-1, max-image-preview:large, max-video-preview:-1\" \/>\n<link rel=\"canonical\" href=\"https:\/\/www.nettali.com\/2025\/09\/08\/manchester-united-onana-va-bien-signer-a-trabzonspor\/\" \/>\n<meta property=\"og:locale\" content=\"fr_FR\" \/>\n<meta property=\"og:type\" content=\"article\" \/>\n<meta property=\"og:title\" content=\"MANCHESTER UNITED - Onana va bien signer \u00e0 Trabzonspor\" \/>\n<meta property=\"og:description\" content=\"NETTALI.COM - Andr\u00e9 Onana va quitter Manchester United dans les heures qui viennent. Les Red Devils ont un accord avec le joueur pour son d\u00e9part cet \u00e9t\u00e9 \u00e0 Trabzonspor, en Turquie.\u00a0 Andr\u00e9 Onana est en train de vivre ses derniers moment \u00e0 Old Trafford. Actuellement en regroupement avec le Cameroun pour les \u00e9liminatoires de la [&hellip;]\" \/>\n<meta property=\"og:url\" content=\"https:\/\/www.nettali.com\/2025\/09\/08\/manchester-united-onana-va-bien-signer-a-trabzonspor\/\" \/>\n<meta property=\"og:site_name\" content=\"Nettali.com\" \/>\n<meta property=\"article:publisher\" content=\"https:\/\/www.facebook.com\/nettalicom\" \/>\n<meta property=\"article:published_time\" content=\"2025-09-08T12:00:53+00:00\" \/>\n<meta property=\"article:modified_time\" content=\"2025-09-08T09:03:09+00:00\" \/>\n<meta property=\"og:image\" content=\"https:\/\/www.nettali.com\/wp-content\/uploads\/2025\/09\/41ef48d5270cdee24e7b4cef94fa47c2c46623bddaabb88b53cf6fdc90a3a4c4.jpg\" \/>\n\t<meta property=\"og:image:width\" content=\"2560\" \/>\n\t<meta property=\"og:image:height\" content=\"1440\" \/>\n<meta name=\"twitter:card\" content=\"summary_large_image\" \/>\n<meta name=\"twitter:label1\" content=\"\u00c9crit par\" \/>\n\t<meta name=\"twitter:data1\" content=\"Ibrahima\" \/>\n\t<meta name=\"twitter:label2\" content=\"Dur\u00e9e de lecture estim\u00e9e\" \/>\n\t<meta name=\"twitter:data2\" content=\"2 minutes\" \/>\n<script type=\"application\/ld+json\" class=\"yoast-schema-graph\">{\"@context\":\"https:\/\/schema.org\",\"@graph\":[{\"@type\":\"WebSite\",\"@id\":\"https:\/\/www.nettali.com\/#website\",\"url\":\"https:\/\/www.nettali.com\/\",\"name\":\"Nettali.com\",\"description\":\"Le rendez-vous critique du Net\",\"potentialAction\":[{\"@type\":\"SearchAction\",\"target\":{\"@type\":\"EntryPoint\",\"urlTemplate\":\"https:\/\/www.nettali.com\/?s={search_term_string}\"},\"query-input\":\"required name=search_term_string\"}],\"inLanguage\":\"fr-FR\"},{\"@type\":\"ImageObject\",\"@id\":\"https:\/\/www.nettali.com\/2025\/09\/08\/manchester-united-onana-va-bien-signer-a-trabzonspor\/#primaryimage\",\"inLanguage\":\"fr-FR\",\"url\":\"https:\/\/www.nettali.com\/wp-content\/uploads\/2025\/09\/41ef48d5270cdee24e7b4cef94fa47c2c46623bddaabb88b53cf6fdc90a3a4c4.jpg\",\"contentUrl\":\"https:\/\/www.nettali.com\/wp-content\/uploads\/2025\/09\/41ef48d5270cdee24e7b4cef94fa47c2c46623bddaabb88b53cf6fdc90a3a4c4.jpg\",\"width\":2560,\"height\":1440},{\"@type\":\"WebPage\",\"@id\":\"https:\/\/www.nettali.com\/2025\/09\/08\/manchester-united-onana-va-bien-signer-a-trabzonspor\/#webpage\",\"url\":\"https:\/\/www.nettali.com\/2025\/09\/08\/manchester-united-onana-va-bien-signer-a-trabzonspor\/\",\"name\":\"MANCHESTER UNITED - Onana va bien signer \\u00e0 Trabzonspor | Nettali.com\",\"isPartOf\":{\"@id\":\"https:\/\/www.nettali.com\/#website\"},\"primaryImageOfPage\":{\"@id\":\"https:\/\/www.nettali.com\/2025\/09\/08\/manchester-united-onana-va-bien-signer-a-trabzonspor\/#primaryimage\"},\"datePublished\":\"2025-09-08T12:00:53+00:00\",\"dateModified\":\"2025-09-08T09:03:09+00:00\",\"author\":{\"@id\":\"https:\/\/www.nettali.com\/#\/schema\/person\/bb147657c2986240405a608162b9bb23\"},\"breadcrumb\":{\"@id\":\"https:\/\/www.nettali.com\/2025\/09\/08\/manchester-united-onana-va-bien-signer-a-trabzonspor\/#breadcrumb\"},\"inLanguage\":\"fr-FR\",\"potentialAction\":[{\"@type\":\"ReadAction\",\"target\":[\"https:\/\/www.nettali.com\/2025\/09\/08\/manchester-united-onana-va-bien-signer-a-trabzonspor\/\"]}]},{\"@type\":\"BreadcrumbList\",\"@id\":\"https:\/\/www.nettali.com\/2025\/09\/08\/manchester-united-onana-va-bien-signer-a-trabzonspor\/#breadcrumb\",\"itemListElement\":[{\"@type\":\"ListItem\",\"position\":1,\"name\":\"Accueil\",\"item\":\"https:\/\/www.nettali.com\/\"},{\"@type\":\"ListItem\",\"position\":2,\"name\":\"MANCHESTER UNITED - Onana va bien signer \\u00e0 Trabzonspor\"}]},{\"@type\":\"Person\",\"@id\":\"https:\/\/www.nettali.com\/#\/schema\/person\/bb147657c2986240405a608162b9bb23\",\"name\":\"Ibrahima\",\"image\":{\"@type\":\"ImageObject\",\"@id\":\"https:\/\/www.nettali.com\/#personlogo\",\"inLanguage\":\"fr-FR\",\"url\":\"https:\/\/secure.gravatar.com\/avatar\/26a8a81f09f0dd7624c9d5c36c9ba3a2?s=96&d=mm&r=g\",\"contentUrl\":\"https:\/\/secure.gravatar.com\/avatar\/26a8a81f09f0dd7624c9d5c36c9ba3a2?s=96&d=mm&r=g\",\"caption\":\"Ibrahima\"},\"sameAs\":[\"https:\/\/www.nettali.com\"]}]}<\/script>\n<!-- \/ Yoast SEO Premium plugin. -->","yoast_head_json":{"title":"MANCHESTER UNITED - Onana va bien signer \u00e0 Trabzonspor | Nettali.com","robots":{"index":"index","follow":"follow","max-snippet":"max-snippet:-1","max-image-preview":"max-image-preview:large","max-video-preview":"max-video-preview:-1"},"canonical":"https:\/\/www.nettali.com\/2025\/09\/08\/manchester-united-onana-va-bien-signer-a-trabzonspor\/","og_locale":"fr_FR","og_type":"article","og_title":"MANCHESTER UNITED - Onana va bien signer \u00e0 Trabzonspor","og_description":"NETTALI.COM - Andr\u00e9 Onana va quitter Manchester United dans les heures qui viennent. Les Red Devils ont un accord avec le joueur pour son d\u00e9part cet \u00e9t\u00e9 \u00e0 Trabzonspor, en Turquie.\u00a0 Andr\u00e9 Onana est en train de vivre ses derniers moment \u00e0 Old Trafford. Actuellement en regroupement avec le Cameroun pour les \u00e9liminatoires de la [&hellip;]","og_url":"https:\/\/www.nettali.com\/2025\/09\/08\/manchester-united-onana-va-bien-signer-a-trabzonspor\/","og_site_name":"Nettali.com","article_publisher":"https:\/\/www.facebook.com\/nettalicom","article_published_time":"2025-09-08T12:00:53+00:00","article_modified_time":"2025-09-08T09:03:09+00:00","og_image":[{"width":2560,"height":1440,"url":"https:\/\/www.nettali.com\/wp-content\/uploads\/2025\/09\/41ef48d5270cdee24e7b4cef94fa47c2c46623bddaabb88b53cf6fdc90a3a4c4.jpg","type":"image\/jpeg"}],"twitter_card":"summary_large_image","twitter_misc":{"\u00c9crit par":"Ibrahima","Dur\u00e9e de lecture estim\u00e9e":"2 minutes"},"schema":{"@context":"https:\/\/schema.org","@graph":[{"@type":"WebSite","@id":"https:\/\/www.nettali.com\/#website","url":"https:\/\/www.nettali.com\/","name":"Nettali.com","description":"Le rendez-vous critique du Net","potentialAction":[{"@type":"SearchAction","target":{"@type":"EntryPoint","urlTemplate":"https:\/\/www.nettali.com\/?s={search_term_string}"},"query-input":"required name=search_term_string"}],"inLanguage":"fr-FR"},{"@type":"ImageObject","@id":"https:\/\/www.nettali.com\/2025\/09\/08\/manchester-united-onana-va-bien-signer-a-trabzonspor\/#primaryimage","inLanguage":"fr-FR","url":"https:\/\/www.nettali.com\/wp-content\/uploads\/2025\/09\/41ef48d5270cdee24e7b4cef94fa47c2c46623bddaabb88b53cf6fdc90a3a4c4.jpg","contentUrl":"https:\/\/www.nettali.com\/wp-content\/uploads\/2025\/09\/41ef48d5270cdee24e7b4cef94fa47c2c46623bddaabb88b53cf6fdc90a3a4c4.jpg","width":2560,"height":1440},{"@type":"WebPage","@id":"https:\/\/www.nettali.com\/2025\/09\/08\/manchester-united-onana-va-bien-signer-a-trabzonspor\/#webpage","url":"https:\/\/www.nettali.com\/2025\/09\/08\/manchester-united-onana-va-bien-signer-a-trabzonspor\/","name":"MANCHESTER UNITED - Onana va bien signer \u00e0 Trabzonspor | Nettali.com","isPartOf":{"@id":"https:\/\/www.nettali.com\/#website"},"primaryImageOfPage":{"@id":"https:\/\/www.nettali.com\/2025\/09\/08\/manchester-united-onana-va-bien-signer-a-trabzonspor\/#primaryimage"},"datePublished":"2025-09-08T12:00:53+00:00","dateModified":"2025-09-08T09:03:09+00:00","author":{"@id":"https:\/\/www.nettali.com\/#\/schema\/person\/bb147657c2986240405a608162b9bb23"},"breadcrumb":{"@id":"https:\/\/www.nettali.com\/2025\/09\/08\/manchester-united-onana-va-bien-signer-a-trabzonspor\/#breadcrumb"},"inLanguage":"fr-FR","potentialAction":[{"@type":"ReadAction","target":["https:\/\/www.nettali.com\/2025\/09\/08\/manchester-united-onana-va-bien-signer-a-trabzonspor\/"]}]},{"@type":"BreadcrumbList","@id":"https:\/\/www.nettali.com\/2025\/09\/08\/manchester-united-onana-va-bien-signer-a-trabzonspor\/#breadcrumb","itemListElement":[{"@type":"ListItem","position":1,"name":"Accueil","item":"https:\/\/www.nettali.com\/"},{"@type":"ListItem","position":2,"name":"MANCHESTER UNITED - Onana va bien signer \u00e0 Trabzonspor"}]},{"@type":"Person","@id":"https:\/\/www.nettali.com\/#\/schema\/person\/bb147657c2986240405a608162b9bb23","name":"Ibrahima","image":{"@type":"ImageObject","@id":"https:\/\/www.nettali.com\/#personlogo","inLanguage":"fr-FR","url":"https:\/\/secure.gravatar.com\/avatar\/26a8a81f09f0dd7624c9d5c36c9ba3a2?s=96&d=mm&r=g","contentUrl":"https:\/\/secure.gravatar.com\/avatar\/26a8a81f09f0dd7624c9d5c36c9ba3a2?s=96&d=mm&r=g","caption":"Ibrahima"},"sameAs":["https:\/\/www.nettali.com"]}]}},"_links":{"self":[{"href":"https:\/\/www.nettali.com\/rest\/wp\/v2\/posts\/160847"}],"collection":[{"href":"https:\/\/www.nettali.com\/rest\/wp\/v2\/posts"}],"about":[{"href":"https:\/\/www.nettali.com\/rest\/wp\/v2\/types\/post"}],"author":[{"embeddable":true,"href":"https:\/\/www.nettali.com\/rest\/wp\/v2\/users\/5"}],"replies":[{"embeddable":true,"href":"https:\/\/www.nettali.com\/rest\/wp\/v2\/comments?post=160847"}],"version-history":[{"count":1,"href":"https:\/\/www.nettali.com\/rest\/wp\/v2\/posts\/160847\/revisions"}],"predecessor-version":[{"id":160849,"href":"https:\/\/www.nettali.com\/rest\/wp\/v2\/posts\/160847\/revisions\/160849"}],"wp:featuredmedia":[{"embeddable":true,"href":"https:\/\/www.nettali.com\/rest\/wp\/v2\/media\/160843"}],"wp:attachment":[{"href":"https:\/\/www.nettali.com\/rest\/wp\/v2\/media?parent=160847"}],"wp:term":[{"taxonomy":"category","embeddable":true,"href":"https:\/\/www.nettali.com\/rest\/wp\/v2\/categories?post=160847"},{"taxonomy":"post_tag","embeddable":true,"href":"https:\/\/www.nettali.com\/rest\/wp\/v2\/tags?post=160847"}],"curies":[{"name":"wp","href":"https:\/\/api.w.org\/{rel}","templated":true}]}}